{"id":4217,"date":"2025-04-22T22:31:52","date_gmt":"2025-04-23T04:31:52","guid":{"rendered":"https:\/\/elcardinal.com\/?p=4217"},"modified":"2025-04-23T17:17:02","modified_gmt":"2025-04-23T23:17:02","slug":"crueldad-al-volante-piden-castigo-por-arrastrar-a-perrito-en-atitalaquia","status":"publish","type":"post","link":"https:\/\/elcardinal.com\/?p=4217","title":{"rendered":"Crueldad al volante: piden castigo por arrastrar a perrito en Atitalaquia"},"content":{"rendered":"<div class=\"xdj266r x11i5rnm xat24cr x1mh8g0r x1vvkbs x126k92a\">\n<div dir=\"auto\"><\/div>\n<div dir=\"auto\" style=\"text-align: right;\"><strong>By El Cardinalito<\/strong><\/div>\n<div dir=\"auto\"><\/div>\n<div dir=\"auto\">Un nuevo caso de maltrato animal ha estremecido a la comunidad, luego de que se difundiera un video en redes sociales donde se observa a un perrito siendo arrastrado por un veh\u00edculo rojo, al que estaba amarrado por la parte trasera.<\/div>\n<\/div>\n<div class=\"x11i5rnm xat24cr x1mh8g0r x1vvkbs xtlvy1s x126k92a\">\n<div dir=\"auto\">Los hechos ocurrieron el 21 de abril, alrededor de las 18:30 horas, sobre la avenida Acapulco, en la colonia El Tabl\u00f3n.<\/div>\n<div dir=\"auto\">Las im\u00e1genes han generado repudio y enojo entre usuarias y usuarios que exigen justicia y castigo ejemplar para los responsables.<\/div>\n<\/div>\n<div class=\"x11i5rnm xat24cr x1mh8g0r x1vvkbs xtlvy1s x126k92a\">\n<div dir=\"auto\">Autoridades responden:<\/div>\n<div dir=\"auto\">El Gobierno Municipal de Atitalaquia emiti\u00f3 un comunicado oficial, en el que inform\u00f3 que ya se colabora en la investigaci\u00f3n del caso, en coordinaci\u00f3n con la Unidad Especializada en la Investigaci\u00f3n de Delitos Contra los Animales de la Procuradur\u00eda General de Justicia del Estado de Hidalgo.<\/div>\n<\/div>\n<div class=\"x11i5rnm xat24cr x1mh8g0r x1vvkbs xtlvy1s x126k92a\">\n<div dir=\"auto\">Esta acci\u00f3n se realiza dentro de las facultades del Ayuntamiento y se comprometen a que estos actos no quedar\u00e1n impunes.<\/div>\n<\/div>\n<div class=\"x11i5rnm xat24cr x1mh8g0r x1vvkbs xtlvy1s x126k92a\">\n<div dir=\"auto\">\u00a1No m\u00e1s maltrato!<\/div>\n<div dir=\"auto\">La ciudadan\u00eda y organizaciones protectoras de animales levantan la voz por quienes no pueden hacerlo. La exigencia es clara: \u00a1Justicia para el lomito! <span class=\"html-span xexx8yu x4uap5 x18d9i69 xkhd6sd x1hl2dhg x16tdsg8 x1vvkbs x3nfvp2 x1j61x8r x1fcty0u xdj266r xat24cr xgzva0m xhhsvwb xxymvpz xlup9mm x1kky2od\"><img decoding=\"async\" class=\"xz74otr x168nmei x13lgxp2 x5pf9jr xo71vjh\" src=\"https:\/\/static.xx.fbcdn.net\/images\/emoji.php\/v9\/ta\/1\/16\/2696.png\" alt=\"\u2696\ufe0f\" width=\"16\" height=\"16\" \/><\/span><span class=\"html-span xexx8yu x4uap5 x18d9i69 xkhd6sd x1hl2dhg x16tdsg8 x1vvkbs x3nfvp2 x1j61x8r x1fcty0u xdj266r xat24cr xgzva0m xhhsvwb xxymvpz xlup9mm x1kky2od\"><img decoding=\"async\" class=\"xz74otr x168nmei x13lgxp2 x5pf9jr xo71vjh\" src=\"https:\/\/static.xx.fbcdn.net\/images\/emoji.php\/v9\/tde\/1\/16\/1f43e.png\" alt=\"\ud83d\udc3e\" width=\"16\" height=\"16\" \/><\/span><\/div>\n<\/div>\n","protected":false},"excerpt":{"rendered":"<p>By El Cardinalito Un nuevo caso de maltrato animal ha estremecido a la comunidad, luego de que se difundiera un video en redes sociales donde se observa a un perrito siendo arrastrado por un veh\u00edculo rojo, al que estaba amarrado por la parte trasera. Los hechos ocurrieron el 21 de abril, alrededor de las 18:30<\/p>\n","protected":false},"author":3,"featured_media":4218,"comment_status":"open","ping_status":"open","sticky":false,"template":"","format":"standard","meta":{"footnotes":""},"categories":[31,44],"tags":[42,41,43],"class_list":{"0":"post-4217","1":"post","2":"type-post","3":"status-publish","4":"format-standard","5":"has-post-thumbnail","7":"category-hidalgo","8":"category-minuto-a-minuto","9":"tag-atitalaquia","10":"tag-maltrato-animal","11":"tag-perros"},"yoast_head":"<!-- This site is optimized with the Yoast SEO plugin v26.1.1 - https:\/\/yoast.com\/wordpress\/plugins\/seo\/ -->\n<title>Crueldad al volante: piden castigo por arrastrar a perrito en Atitalaquia - El Cardinal<\/title>\n<meta name=\"robots\" content=\"index, follow, max-snippet:-1, max-image-preview:large, max-video-preview:-1\" \/>\n<link rel=\"canonical\" href=\"https:\/\/elcardinal.com\/?p=4217\" \/>\n<meta property=\"og:locale\" content=\"es_MX\" \/>\n<meta property=\"og:type\" content=\"article\" \/>\n<meta property=\"og:title\" content=\"Crueldad al volante: piden castigo por arrastrar a perrito en Atitalaquia - El Cardinal\" \/>\n<meta property=\"og:description\" content=\"By El Cardinalito Un nuevo caso de maltrato animal ha estremecido a la comunidad, luego de que se difundiera un video en redes sociales donde se observa a un perrito siendo arrastrado por un veh\u00edculo rojo, al que estaba amarrado por la parte trasera. Los hechos ocurrieron el 21 de abril, alrededor de las 18:30\" \/>\n<meta property=\"og:url\" content=\"https:\/\/elcardinal.com\/?p=4217\" \/>\n<meta property=\"og:site_name\" content=\"El Cardinal\" \/>\n<meta property=\"article:publisher\" content=\"https:\/\/www.facebook.com\/profile.php?id=100063093107011\" \/>\n<meta property=\"article:published_time\" content=\"2025-04-23T04:31:52+00:00\" \/>\n<meta property=\"article:modified_time\" content=\"2025-04-23T23:17:02+00:00\" \/>\n<meta property=\"og:image\" content=\"https:\/\/elcardinal.com\/wp-content\/uploads\/2025\/04\/Screenshot_2.jpg\" \/>\n\t<meta property=\"og:image:width\" content=\"813\" \/>\n\t<meta property=\"og:image:height\" content=\"477\" \/>\n\t<meta property=\"og:image:type\" content=\"image\/jpeg\" \/>\n<meta name=\"author\" content=\"El Cardinalito\" \/>\n<meta name=\"twitter:card\" content=\"summary_large_image\" \/>\n<meta name=\"twitter:creator\" content=\"@ElCardinal_Mx\" \/>\n<meta name=\"twitter:site\" content=\"@ElCardinal_Mx\" \/>\n<meta name=\"twitter:label1\" content=\"Escrito por\" \/>\n\t<meta name=\"twitter:data1\" content=\"El Cardinalito\" \/>\n\t<meta name=\"twitter:label2\" content=\"Tiempo de lectura\" \/>\n\t<meta name=\"twitter:data2\" content=\"1 minuto\" \/>\n<script type=\"application\/ld+json\" class=\"yoast-schema-graph\">{\"@context\":\"https:\/\/schema.org\",\"@graph\":[{\"@type\":\"Article\",\"@id\":\"https:\/\/elcardinal.com\/?p=4217#article\",\"isPartOf\":{\"@id\":\"https:\/\/elcardinal.com\/?p=4217\"},\"author\":{\"name\":\"El Cardinalito\",\"@id\":\"https:\/\/elcardinal.com\/#\/schema\/person\/6436f93546e5b85ff767c03a962fddeb\"},\"headline\":\"Crueldad al volante: piden castigo por arrastrar a perrito en Atitalaquia\",\"datePublished\":\"2025-04-23T04:31:52+00:00\",\"dateModified\":\"2025-04-23T23:17:02+00:00\",\"mainEntityOfPage\":{\"@id\":\"https:\/\/elcardinal.com\/?p=4217\"},\"wordCount\":199,\"commentCount\":0,\"publisher\":{\"@id\":\"https:\/\/elcardinal.com\/#organization\"},\"image\":{\"@id\":\"https:\/\/elcardinal.com\/?p=4217#primaryimage\"},\"thumbnailUrl\":\"https:\/\/elcardinal.com\/wp-content\/uploads\/2025\/04\/Screenshot_2.jpg\",\"keywords\":[\"Atitalaquia\",\"Maltrato Animal\",\"Perros\"],\"articleSection\":[\"Hidalgo\",\"Minuto a Minuto\"],\"inLanguage\":\"es\",\"potentialAction\":[{\"@type\":\"CommentAction\",\"name\":\"Comment\",\"target\":[\"https:\/\/elcardinal.com\/?p=4217#respond\"]}]},{\"@type\":\"WebPage\",\"@id\":\"https:\/\/elcardinal.com\/?p=4217\",\"url\":\"https:\/\/elcardinal.com\/?p=4217\",\"name\":\"Crueldad al volante: piden castigo por arrastrar a perrito en Atitalaquia - El Cardinal\",\"isPartOf\":{\"@id\":\"https:\/\/elcardinal.com\/#website\"},\"primaryImageOfPage\":{\"@id\":\"https:\/\/elcardinal.com\/?p=4217#primaryimage\"},\"image\":{\"@id\":\"https:\/\/elcardinal.com\/?p=4217#primaryimage\"},\"thumbnailUrl\":\"https:\/\/elcardinal.com\/wp-content\/uploads\/2025\/04\/Screenshot_2.jpg\",\"datePublished\":\"2025-04-23T04:31:52+00:00\",\"dateModified\":\"2025-04-23T23:17:02+00:00\",\"breadcrumb\":{\"@id\":\"https:\/\/elcardinal.com\/?p=4217#breadcrumb\"},\"inLanguage\":\"es\",\"potentialAction\":[{\"@type\":\"ReadAction\",\"target\":[\"https:\/\/elcardinal.com\/?p=4217\"]}]},{\"@type\":\"ImageObject\",\"inLanguage\":\"es\",\"@id\":\"https:\/\/elcardinal.com\/?p=4217#primaryimage\",\"url\":\"https:\/\/elcardinal.com\/wp-content\/uploads\/2025\/04\/Screenshot_2.jpg\",\"contentUrl\":\"https:\/\/elcardinal.com\/wp-content\/uploads\/2025\/04\/Screenshot_2.jpg\",\"width\":813,\"height\":477},{\"@type\":\"BreadcrumbList\",\"@id\":\"https:\/\/elcardinal.com\/?p=4217#breadcrumb\",\"itemListElement\":[{\"@type\":\"ListItem\",\"position\":1,\"name\":\"Inicio\",\"item\":\"https:\/\/elcardinal.com\/\"},{\"@type\":\"ListItem\",\"position\":2,\"name\":\"Crueldad al volante: piden castigo por arrastrar a perrito en Atitalaquia\"}]},{\"@type\":\"WebSite\",\"@id\":\"https:\/\/elcardinal.com\/#website\",\"url\":\"https:\/\/elcardinal.com\/\",\"name\":\"El Cardinal\",\"description\":\"Periodismo honesto, con valor, sentido humano, a veces sarc\u00e1stico y divertido.\",\"publisher\":{\"@id\":\"https:\/\/elcardinal.com\/#organization\"},\"alternateName\":\"El Cardinal Noticias\",\"potentialAction\":[{\"@type\":\"SearchAction\",\"target\":{\"@type\":\"EntryPoint\",\"urlTemplate\":\"https:\/\/elcardinal.com\/?s={search_term_string}\"},\"query-input\":{\"@type\":\"PropertyValueSpecification\",\"valueRequired\":true,\"valueName\":\"search_term_string\"}}],\"inLanguage\":\"es\"},{\"@type\":\"Organization\",\"@id\":\"https:\/\/elcardinal.com\/#organization\",\"name\":\"El Cardinal\",\"url\":\"https:\/\/elcardinal.com\/\",\"logo\":{\"@type\":\"ImageObject\",\"inLanguage\":\"es\",\"@id\":\"https:\/\/elcardinal.com\/#\/schema\/logo\/image\/\",\"url\":\"https:\/\/elcardinal.com\/wp-content\/uploads\/2025\/04\/LOGO-EL-CARDINAL-Periodismo-con-valor.png\",\"contentUrl\":\"https:\/\/elcardinal.com\/wp-content\/uploads\/2025\/04\/LOGO-EL-CARDINAL-Periodismo-con-valor.png\",\"width\":755,\"height\":636,\"caption\":\"El Cardinal\"},\"image\":{\"@id\":\"https:\/\/elcardinal.com\/#\/schema\/logo\/image\/\"},\"sameAs\":[\"https:\/\/www.facebook.com\/profile.php?id=100063093107011\",\"https:\/\/x.com\/ElCardinal_Mx\"]},{\"@type\":\"Person\",\"@id\":\"https:\/\/elcardinal.com\/#\/schema\/person\/6436f93546e5b85ff767c03a962fddeb\",\"name\":\"El Cardinalito\",\"image\":{\"@type\":\"ImageObject\",\"inLanguage\":\"es\",\"@id\":\"https:\/\/elcardinal.com\/#\/schema\/person\/image\/\",\"url\":\"https:\/\/elcardinal.com\/wp-content\/uploads\/2025\/04\/cropped-CARDINALITO-96x96.png\",\"contentUrl\":\"https:\/\/elcardinal.com\/wp-content\/uploads\/2025\/04\/cropped-CARDINALITO-96x96.png\",\"caption\":\"El Cardinalito\"},\"url\":\"https:\/\/elcardinal.com\/?author=3\"}]}<\/script>\n<!-- \/ Yoast SEO plugin. -->","yoast_head_json":{"title":"Crueldad al volante: piden castigo por arrastrar a perrito en Atitalaquia - El Cardinal","robots":{"index":"index","follow":"follow","max-snippet":"max-snippet:-1","max-image-preview":"max-image-preview:large","max-video-preview":"max-video-preview:-1"},"canonical":"https:\/\/elcardinal.com\/?p=4217","og_locale":"es_MX","og_type":"article","og_title":"Crueldad al volante: piden castigo por arrastrar a perrito en Atitalaquia - El Cardinal","og_description":"By El Cardinalito Un nuevo caso de maltrato animal ha estremecido a la comunidad, luego de que se difundiera un video en redes sociales donde se observa a un perrito siendo arrastrado por un veh\u00edculo rojo, al que estaba amarrado por la parte trasera. Los hechos ocurrieron el 21 de abril, alrededor de las 18:30","og_url":"https:\/\/elcardinal.com\/?p=4217","og_site_name":"El Cardinal","article_publisher":"https:\/\/www.facebook.com\/profile.php?id=100063093107011","article_published_time":"2025-04-23T04:31:52+00:00","article_modified_time":"2025-04-23T23:17:02+00:00","og_image":[{"width":813,"height":477,"url":"https:\/\/elcardinal.com\/wp-content\/uploads\/2025\/04\/Screenshot_2.jpg","type":"image\/jpeg"}],"author":"El Cardinalito","twitter_card":"summary_large_image","twitter_creator":"@ElCardinal_Mx","twitter_site":"@ElCardinal_Mx","twitter_misc":{"Escrito por":"El Cardinalito","Tiempo de lectura":"1 minuto"},"schema":{"@context":"https:\/\/schema.org","@graph":[{"@type":"Article","@id":"https:\/\/elcardinal.com\/?p=4217#article","isPartOf":{"@id":"https:\/\/elcardinal.com\/?p=4217"},"author":{"name":"El Cardinalito","@id":"https:\/\/elcardinal.com\/#\/schema\/person\/6436f93546e5b85ff767c03a962fddeb"},"headline":"Crueldad al volante: piden castigo por arrastrar a perrito en Atitalaquia","datePublished":"2025-04-23T04:31:52+00:00","dateModified":"2025-04-23T23:17:02+00:00","mainEntityOfPage":{"@id":"https:\/\/elcardinal.com\/?p=4217"},"wordCount":199,"commentCount":0,"publisher":{"@id":"https:\/\/elcardinal.com\/#organization"},"image":{"@id":"https:\/\/elcardinal.com\/?p=4217#primaryimage"},"thumbnailUrl":"https:\/\/elcardinal.com\/wp-content\/uploads\/2025\/04\/Screenshot_2.jpg","keywords":["Atitalaquia","Maltrato Animal","Perros"],"articleSection":["Hidalgo","Minuto a Minuto"],"inLanguage":"es","potentialAction":[{"@type":"CommentAction","name":"Comment","target":["https:\/\/elcardinal.com\/?p=4217#respond"]}]},{"@type":"WebPage","@id":"https:\/\/elcardinal.com\/?p=4217","url":"https:\/\/elcardinal.com\/?p=4217","name":"Crueldad al volante: piden castigo por arrastrar a perrito en Atitalaquia - El Cardinal","isPartOf":{"@id":"https:\/\/elcardinal.com\/#website"},"primaryImageOfPage":{"@id":"https:\/\/elcardinal.com\/?p=4217#primaryimage"},"image":{"@id":"https:\/\/elcardinal.com\/?p=4217#primaryimage"},"thumbnailUrl":"https:\/\/elcardinal.com\/wp-content\/uploads\/2025\/04\/Screenshot_2.jpg","datePublished":"2025-04-23T04:31:52+00:00","dateModified":"2025-04-23T23:17:02+00:00","breadcrumb":{"@id":"https:\/\/elcardinal.com\/?p=4217#breadcrumb"},"inLanguage":"es","potentialAction":[{"@type":"ReadAction","target":["https:\/\/elcardinal.com\/?p=4217"]}]},{"@type":"ImageObject","inLanguage":"es","@id":"https:\/\/elcardinal.com\/?p=4217#primaryimage","url":"https:\/\/elcardinal.com\/wp-content\/uploads\/2025\/04\/Screenshot_2.jpg","contentUrl":"https:\/\/elcardinal.com\/wp-content\/uploads\/2025\/04\/Screenshot_2.jpg","width":813,"height":477},{"@type":"BreadcrumbList","@id":"https:\/\/elcardinal.com\/?p=4217#breadcrumb","itemListElement":[{"@type":"ListItem","position":1,"name":"Inicio","item":"https:\/\/elcardinal.com\/"},{"@type":"ListItem","position":2,"name":"Crueldad al volante: piden castigo por arrastrar a perrito en Atitalaquia"}]},{"@type":"WebSite","@id":"https:\/\/elcardinal.com\/#website","url":"https:\/\/elcardinal.com\/","name":"El Cardinal","description":"Periodismo honesto, con valor, sentido humano, a veces sarc\u00e1stico y divertido.","publisher":{"@id":"https:\/\/elcardinal.com\/#organization"},"alternateName":"El Cardinal Noticias","potentialAction":[{"@type":"SearchAction","target":{"@type":"EntryPoint","urlTemplate":"https:\/\/elcardinal.com\/?s={search_term_string}"},"query-input":{"@type":"PropertyValueSpecification","valueRequired":true,"valueName":"search_term_string"}}],"inLanguage":"es"},{"@type":"Organization","@id":"https:\/\/elcardinal.com\/#organization","name":"El Cardinal","url":"https:\/\/elcardinal.com\/","logo":{"@type":"ImageObject","inLanguage":"es","@id":"https:\/\/elcardinal.com\/#\/schema\/logo\/image\/","url":"https:\/\/elcardinal.com\/wp-content\/uploads\/2025\/04\/LOGO-EL-CARDINAL-Periodismo-con-valor.png","contentUrl":"https:\/\/elcardinal.com\/wp-content\/uploads\/2025\/04\/LOGO-EL-CARDINAL-Periodismo-con-valor.png","width":755,"height":636,"caption":"El Cardinal"},"image":{"@id":"https:\/\/elcardinal.com\/#\/schema\/logo\/image\/"},"sameAs":["https:\/\/www.facebook.com\/profile.php?id=100063093107011","https:\/\/x.com\/ElCardinal_Mx"]},{"@type":"Person","@id":"https:\/\/elcardinal.com\/#\/schema\/person\/6436f93546e5b85ff767c03a962fddeb","name":"El Cardinalito","image":{"@type":"ImageObject","inLanguage":"es","@id":"https:\/\/elcardinal.com\/#\/schema\/person\/image\/","url":"https:\/\/elcardinal.com\/wp-content\/uploads\/2025\/04\/cropped-CARDINALITO-96x96.png","contentUrl":"https:\/\/elcardinal.com\/wp-content\/uploads\/2025\/04\/cropped-CARDINALITO-96x96.png","caption":"El Cardinalito"},"url":"https:\/\/elcardinal.com\/?author=3"}]}},"_links":{"self":[{"href":"https:\/\/elcardinal.com\/index.php?rest_route=\/wp\/v2\/posts\/4217","targetHints":{"allow":["GET"]}}],"collection":[{"href":"https:\/\/elcardinal.com\/index.php?rest_route=\/wp\/v2\/posts"}],"about":[{"href":"https:\/\/elcardinal.com\/index.php?rest_route=\/wp\/v2\/types\/post"}],"author":[{"embeddable":true,"href":"https:\/\/elcardinal.com\/index.php?rest_route=\/wp\/v2\/users\/3"}],"replies":[{"embeddable":true,"href":"https:\/\/elcardinal.com\/index.php?rest_route=%2Fwp%2Fv2%2Fcomments&post=4217"}],"version-history":[{"count":3,"href":"https:\/\/elcardinal.com\/index.php?rest_route=\/wp\/v2\/posts\/4217\/revisions"}],"predecessor-version":[{"id":4221,"href":"https:\/\/elcardinal.com\/index.php?rest_route=\/wp\/v2\/posts\/4217\/revisions\/4221"}],"wp:featuredmedia":[{"embeddable":true,"href":"https:\/\/elcardinal.com\/index.php?rest_route=\/wp\/v2\/media\/4218"}],"wp:attachment":[{"href":"https:\/\/elcardinal.com\/index.php?rest_route=%2Fwp%2Fv2%2Fmedia&parent=4217"}],"wp:term":[{"taxonomy":"category","embeddable":true,"href":"https:\/\/elcardinal.com\/index.php?rest_route=%2Fwp%2Fv2%2Fcategories&post=4217"},{"taxonomy":"post_tag","embeddable":true,"href":"https:\/\/elcardinal.com\/index.php?rest_route=%2Fwp%2Fv2%2Ftags&post=4217"}],"curies":[{"name":"wp","href":"https:\/\/api.w.org\/{rel}","templated":true}]}}