{"id":4223,"date":"2025-04-23T21:35:23","date_gmt":"2025-04-24T03:35:23","guid":{"rendered":"https:\/\/elcardinal.com\/?p=4223"},"modified":"2025-04-23T21:35:23","modified_gmt":"2025-04-24T03:35:23","slug":"tizayuca-primer-municipio-de-hidalgo-que-tendra-un-centro-de-educacion-y-cuidado-infantil","status":"publish","type":"post","link":"https:\/\/elcardinal.com\/?p=4223","title":{"rendered":"Tizayuca primer municipio de Hidalgo que tendr\u00e1 un Centro de Educaci\u00f3n y Cuidado Infantil"},"content":{"rendered":"<p>&nbsp;<\/p>\n<p style=\"text-align: left;\"><strong>By El Cardinalito<\/strong><\/p>\n<p>&nbsp;<\/p>\n<p>Tizayuca se coloca como primer municipio hidalguense que contar\u00e1 con un centro del programa federal CECI, luego que, durante la conferencia matutina del mi\u00e9rcoles 23 de abril, la presidenta de la Rep\u00fablica, Claudia Sheinbaum, junto al director del IMSS, Zo\u00e9 Robledo, anunciaron la instalaci\u00f3n de un Centro de Educaci\u00f3n y Cuidado Infantil (CECI) en Tizayuca. Este centro ser\u00e1 operado por el Instituto Mexicano del Seguro Social (IMSS) y tiene como objetivo brindar apoyo a las madres trabajadoras.<\/p>\n<p>Este nuevo modelo se enmarca dentro de los compromisos de campa\u00f1a que asumi\u00f3 la presidenta Sheinbaum en marzo del a\u00f1o pasado en Ciudad Ju\u00e1rez, donde se comprometi\u00f3 a crear espacios seguros para el cuidado de los ni\u00f1os mientras sus madres trabajan. Gracias a la gesti\u00f3n de la alcaldesa Gretchen Atilano, Tizayuca se convierte en el primer municipio de Hidalgo en contar con un CECI, lo que permitir\u00e1 que las trabajadoras tengan la tranquilidad de saber que sus hijos est\u00e1n bien cuidados.<\/p>\n<p>La presidenta municipal destac\u00f3: \u201cEstas acciones complementan el trabajo que hemos realizado en los Centros de Atenci\u00f3n Infantil del municipio, donde buscamos ofrecer un lugar seguro para que las familias puedan dejar a sus hijos mientras laboran\u201d.<\/p>\n<p>El CECI de Tizayuca est\u00e1 entre los municipios que ya han validado su ubicaci\u00f3n, junto a Canc\u00fan, Chalco, Cozumel, Playa del Carmen y San Pedro Escobedo. Este nuevo centro no solo se enfocar\u00e1 en el cuidado infantil, sino que tambi\u00e9n implementar\u00e1 un modelo pedag\u00f3gico que promueve la salud, una alimentaci\u00f3n equilibrada, el autocuidado, la salud mental y la expresi\u00f3n art\u00edstica.<\/p>\n<p>La seguridad de los menores ser\u00e1 una prioridad. Se llevar\u00e1n a cabo supervisiones bimestrales y las instalaciones contar\u00e1n con medidas de seguridad como sistemas contra incendios, circuito cerrado de televisi\u00f3n y un sistema biom\u00e9trico facial. Adem\u00e1s, se aplicar\u00e1 el programa \u201cCero tolerancia al maltrato infantil\u201d.<\/p>\n<p>A nivel nacional, el programa CECI se implementar\u00e1 en 22 municipios de 13 estados, comenzando con la construcci\u00f3n del primer centro en Ciudad Ju\u00e1rez el pr\u00f3ximo 30 de abril.<\/p>\n<p>Este esfuerzo es un paso importante hacia el fortalecimiento del apoyo a las familias trabajadoras en M\u00e9xico.<\/p>\n<p>&nbsp;<\/p>\n","protected":false},"excerpt":{"rendered":"<p>&nbsp; By El Cardinalito &nbsp; Tizayuca se coloca como primer municipio hidalguense que contar\u00e1 con un centro del programa federal CECI, luego que, durante la conferencia matutina del mi\u00e9rcoles 23 de abril, la presidenta de la Rep\u00fablica, Claudia Sheinbaum, junto al director del IMSS, Zo\u00e9 Robledo, anunciaron la instalaci\u00f3n de un Centro de Educaci\u00f3n y<\/p>\n","protected":false},"author":2,"featured_media":4224,"comment_status":"open","ping_status":"open","sticky":false,"template":"","format":"standard","meta":{"footnotes":""},"categories":[31,44],"tags":[47,46,45],"class_list":{"0":"post-4223","1":"post","2":"type-post","3":"status-publish","4":"format-standard","5":"has-post-thumbnail","7":"category-hidalgo","8":"category-minuto-a-minuto","9":"tag-gretchen-atilano","10":"tag-guarderia","11":"tag-tizayuca"},"yoast_head":"<!-- This site is optimized with the Yoast SEO plugin v26.1.1 - https:\/\/yoast.com\/wordpress\/plugins\/seo\/ -->\n<title>Tizayuca primer municipio de Hidalgo que tendr\u00e1 un Centro de Educaci\u00f3n y Cuidado Infantil - El Cardinal<\/title>\n<meta name=\"robots\" content=\"index, follow, max-snippet:-1, max-image-preview:large, max-video-preview:-1\" \/>\n<link rel=\"canonical\" href=\"https:\/\/elcardinal.com\/?p=4223\" \/>\n<meta property=\"og:locale\" content=\"es_MX\" \/>\n<meta property=\"og:type\" content=\"article\" \/>\n<meta property=\"og:title\" content=\"Tizayuca primer municipio de Hidalgo que tendr\u00e1 un Centro de Educaci\u00f3n y Cuidado Infantil - El Cardinal\" \/>\n<meta property=\"og:description\" content=\"&nbsp; By El Cardinalito &nbsp; Tizayuca se coloca como primer municipio hidalguense que contar\u00e1 con un centro del programa federal CECI, luego que, durante la conferencia matutina del mi\u00e9rcoles 23 de abril, la presidenta de la Rep\u00fablica, Claudia Sheinbaum, junto al director del IMSS, Zo\u00e9 Robledo, anunciaron la instalaci\u00f3n de un Centro de Educaci\u00f3n y\" \/>\n<meta property=\"og:url\" content=\"https:\/\/elcardinal.com\/?p=4223\" \/>\n<meta property=\"og:site_name\" content=\"El Cardinal\" \/>\n<meta property=\"article:publisher\" content=\"https:\/\/www.facebook.com\/profile.php?id=100063093107011\" \/>\n<meta property=\"article:published_time\" content=\"2025-04-24T03:35:23+00:00\" \/>\n<meta property=\"og:image\" content=\"https:\/\/elcardinal.com\/wp-content\/uploads\/2025\/04\/484065867_122160412274343645_1011169293387200375_n.jpg\" \/>\n\t<meta property=\"og:image:width\" content=\"2048\" \/>\n\t<meta property=\"og:image:height\" content=\"1280\" \/>\n\t<meta property=\"og:image:type\" content=\"image\/jpeg\" \/>\n<meta name=\"author\" content=\"Antonio Alcaraz\" \/>\n<meta name=\"twitter:card\" content=\"summary_large_image\" \/>\n<meta name=\"twitter:creator\" content=\"@ElCardinal_Mx\" \/>\n<meta name=\"twitter:site\" content=\"@ElCardinal_Mx\" \/>\n<meta name=\"twitter:label1\" content=\"Escrito por\" \/>\n\t<meta name=\"twitter:data1\" content=\"Antonio Alcaraz\" \/>\n\t<meta name=\"twitter:label2\" content=\"Tiempo de lectura\" \/>\n\t<meta name=\"twitter:data2\" content=\"2 minutos\" \/>\n<script type=\"application\/ld+json\" class=\"yoast-schema-graph\">{\"@context\":\"https:\/\/schema.org\",\"@graph\":[{\"@type\":\"Article\",\"@id\":\"https:\/\/elcardinal.com\/?p=4223#article\",\"isPartOf\":{\"@id\":\"https:\/\/elcardinal.com\/?p=4223\"},\"author\":{\"name\":\"Antonio Alcaraz\",\"@id\":\"https:\/\/elcardinal.com\/#\/schema\/person\/3c352ec0a33987fe275c0e8a2ea69f8b\"},\"headline\":\"Tizayuca primer municipio de Hidalgo que tendr\u00e1 un Centro de Educaci\u00f3n y Cuidado Infantil\",\"datePublished\":\"2025-04-24T03:35:23+00:00\",\"mainEntityOfPage\":{\"@id\":\"https:\/\/elcardinal.com\/?p=4223\"},\"wordCount\":390,\"commentCount\":0,\"publisher\":{\"@id\":\"https:\/\/elcardinal.com\/#organization\"},\"image\":{\"@id\":\"https:\/\/elcardinal.com\/?p=4223#primaryimage\"},\"thumbnailUrl\":\"https:\/\/elcardinal.com\/wp-content\/uploads\/2025\/04\/484065867_122160412274343645_1011169293387200375_n.jpg\",\"keywords\":[\"Gretchen Atilano\",\"Guarder\u00eda\",\"Tizayuca\"],\"articleSection\":[\"Hidalgo\",\"Minuto a Minuto\"],\"inLanguage\":\"es\",\"potentialAction\":[{\"@type\":\"CommentAction\",\"name\":\"Comment\",\"target\":[\"https:\/\/elcardinal.com\/?p=4223#respond\"]}]},{\"@type\":\"WebPage\",\"@id\":\"https:\/\/elcardinal.com\/?p=4223\",\"url\":\"https:\/\/elcardinal.com\/?p=4223\",\"name\":\"Tizayuca primer municipio de Hidalgo que tendr\u00e1 un Centro de Educaci\u00f3n y Cuidado Infantil - El Cardinal\",\"isPartOf\":{\"@id\":\"https:\/\/elcardinal.com\/#website\"},\"primaryImageOfPage\":{\"@id\":\"https:\/\/elcardinal.com\/?p=4223#primaryimage\"},\"image\":{\"@id\":\"https:\/\/elcardinal.com\/?p=4223#primaryimage\"},\"thumbnailUrl\":\"https:\/\/elcardinal.com\/wp-content\/uploads\/2025\/04\/484065867_122160412274343645_1011169293387200375_n.jpg\",\"datePublished\":\"2025-04-24T03:35:23+00:00\",\"breadcrumb\":{\"@id\":\"https:\/\/elcardinal.com\/?p=4223#breadcrumb\"},\"inLanguage\":\"es\",\"potentialAction\":[{\"@type\":\"ReadAction\",\"target\":[\"https:\/\/elcardinal.com\/?p=4223\"]}]},{\"@type\":\"ImageObject\",\"inLanguage\":\"es\",\"@id\":\"https:\/\/elcardinal.com\/?p=4223#primaryimage\",\"url\":\"https:\/\/elcardinal.com\/wp-content\/uploads\/2025\/04\/484065867_122160412274343645_1011169293387200375_n.jpg\",\"contentUrl\":\"https:\/\/elcardinal.com\/wp-content\/uploads\/2025\/04\/484065867_122160412274343645_1011169293387200375_n.jpg\",\"width\":2048,\"height\":1280},{\"@type\":\"BreadcrumbList\",\"@id\":\"https:\/\/elcardinal.com\/?p=4223#breadcrumb\",\"itemListElement\":[{\"@type\":\"ListItem\",\"position\":1,\"name\":\"Inicio\",\"item\":\"https:\/\/elcardinal.com\/\"},{\"@type\":\"ListItem\",\"position\":2,\"name\":\"Tizayuca primer municipio de Hidalgo que tendr\u00e1 un Centro de Educaci\u00f3n y Cuidado Infantil\"}]},{\"@type\":\"WebSite\",\"@id\":\"https:\/\/elcardinal.com\/#website\",\"url\":\"https:\/\/elcardinal.com\/\",\"name\":\"El Cardinal\",\"description\":\"Periodismo honesto, con valor, sentido humano, a veces sarc\u00e1stico y divertido.\",\"publisher\":{\"@id\":\"https:\/\/elcardinal.com\/#organization\"},\"alternateName\":\"El Cardinal Noticias\",\"potentialAction\":[{\"@type\":\"SearchAction\",\"target\":{\"@type\":\"EntryPoint\",\"urlTemplate\":\"https:\/\/elcardinal.com\/?s={search_term_string}\"},\"query-input\":{\"@type\":\"PropertyValueSpecification\",\"valueRequired\":true,\"valueName\":\"search_term_string\"}}],\"inLanguage\":\"es\"},{\"@type\":\"Organization\",\"@id\":\"https:\/\/elcardinal.com\/#organization\",\"name\":\"El Cardinal\",\"url\":\"https:\/\/elcardinal.com\/\",\"logo\":{\"@type\":\"ImageObject\",\"inLanguage\":\"es\",\"@id\":\"https:\/\/elcardinal.com\/#\/schema\/logo\/image\/\",\"url\":\"https:\/\/elcardinal.com\/wp-content\/uploads\/2025\/04\/LOGO-EL-CARDINAL-Periodismo-con-valor.png\",\"contentUrl\":\"https:\/\/elcardinal.com\/wp-content\/uploads\/2025\/04\/LOGO-EL-CARDINAL-Periodismo-con-valor.png\",\"width\":755,\"height\":636,\"caption\":\"El Cardinal\"},\"image\":{\"@id\":\"https:\/\/elcardinal.com\/#\/schema\/logo\/image\/\"},\"sameAs\":[\"https:\/\/www.facebook.com\/profile.php?id=100063093107011\",\"https:\/\/x.com\/ElCardinal_Mx\"]},{\"@type\":\"Person\",\"@id\":\"https:\/\/elcardinal.com\/#\/schema\/person\/3c352ec0a33987fe275c0e8a2ea69f8b\",\"name\":\"Antonio Alcaraz\",\"image\":{\"@type\":\"ImageObject\",\"inLanguage\":\"es\",\"@id\":\"https:\/\/elcardinal.com\/#\/schema\/person\/image\/\",\"url\":\"https:\/\/elcardinal.com\/wp-content\/uploads\/2025\/05\/cropped-TONO-96x96.jpg\",\"contentUrl\":\"https:\/\/elcardinal.com\/wp-content\/uploads\/2025\/05\/cropped-TONO-96x96.jpg\",\"caption\":\"Antonio Alcaraz\"},\"url\":\"https:\/\/elcardinal.com\/?author=2\"}]}<\/script>\n<!-- \/ Yoast SEO plugin. -->","yoast_head_json":{"title":"Tizayuca primer municipio de Hidalgo que tendr\u00e1 un Centro de Educaci\u00f3n y Cuidado Infantil - El Cardinal","robots":{"index":"index","follow":"follow","max-snippet":"max-snippet:-1","max-image-preview":"max-image-preview:large","max-video-preview":"max-video-preview:-1"},"canonical":"https:\/\/elcardinal.com\/?p=4223","og_locale":"es_MX","og_type":"article","og_title":"Tizayuca primer municipio de Hidalgo que tendr\u00e1 un Centro de Educaci\u00f3n y Cuidado Infantil - El Cardinal","og_description":"&nbsp; By El Cardinalito &nbsp; Tizayuca se coloca como primer municipio hidalguense que contar\u00e1 con un centro del programa federal CECI, luego que, durante la conferencia matutina del mi\u00e9rcoles 23 de abril, la presidenta de la Rep\u00fablica, Claudia Sheinbaum, junto al director del IMSS, Zo\u00e9 Robledo, anunciaron la instalaci\u00f3n de un Centro de Educaci\u00f3n y","og_url":"https:\/\/elcardinal.com\/?p=4223","og_site_name":"El Cardinal","article_publisher":"https:\/\/www.facebook.com\/profile.php?id=100063093107011","article_published_time":"2025-04-24T03:35:23+00:00","og_image":[{"width":2048,"height":1280,"url":"https:\/\/elcardinal.com\/wp-content\/uploads\/2025\/04\/484065867_122160412274343645_1011169293387200375_n.jpg","type":"image\/jpeg"}],"author":"Antonio Alcaraz","twitter_card":"summary_large_image","twitter_creator":"@ElCardinal_Mx","twitter_site":"@ElCardinal_Mx","twitter_misc":{"Escrito por":"Antonio Alcaraz","Tiempo de lectura":"2 minutos"},"schema":{"@context":"https:\/\/schema.org","@graph":[{"@type":"Article","@id":"https:\/\/elcardinal.com\/?p=4223#article","isPartOf":{"@id":"https:\/\/elcardinal.com\/?p=4223"},"author":{"name":"Antonio Alcaraz","@id":"https:\/\/elcardinal.com\/#\/schema\/person\/3c352ec0a33987fe275c0e8a2ea69f8b"},"headline":"Tizayuca primer municipio de Hidalgo que tendr\u00e1 un Centro de Educaci\u00f3n y Cuidado Infantil","datePublished":"2025-04-24T03:35:23+00:00","mainEntityOfPage":{"@id":"https:\/\/elcardinal.com\/?p=4223"},"wordCount":390,"commentCount":0,"publisher":{"@id":"https:\/\/elcardinal.com\/#organization"},"image":{"@id":"https:\/\/elcardinal.com\/?p=4223#primaryimage"},"thumbnailUrl":"https:\/\/elcardinal.com\/wp-content\/uploads\/2025\/04\/484065867_122160412274343645_1011169293387200375_n.jpg","keywords":["Gretchen Atilano","Guarder\u00eda","Tizayuca"],"articleSection":["Hidalgo","Minuto a Minuto"],"inLanguage":"es","potentialAction":[{"@type":"CommentAction","name":"Comment","target":["https:\/\/elcardinal.com\/?p=4223#respond"]}]},{"@type":"WebPage","@id":"https:\/\/elcardinal.com\/?p=4223","url":"https:\/\/elcardinal.com\/?p=4223","name":"Tizayuca primer municipio de Hidalgo que tendr\u00e1 un Centro de Educaci\u00f3n y Cuidado Infantil - El Cardinal","isPartOf":{"@id":"https:\/\/elcardinal.com\/#website"},"primaryImageOfPage":{"@id":"https:\/\/elcardinal.com\/?p=4223#primaryimage"},"image":{"@id":"https:\/\/elcardinal.com\/?p=4223#primaryimage"},"thumbnailUrl":"https:\/\/elcardinal.com\/wp-content\/uploads\/2025\/04\/484065867_122160412274343645_1011169293387200375_n.jpg","datePublished":"2025-04-24T03:35:23+00:00","breadcrumb":{"@id":"https:\/\/elcardinal.com\/?p=4223#breadcrumb"},"inLanguage":"es","potentialAction":[{"@type":"ReadAction","target":["https:\/\/elcardinal.com\/?p=4223"]}]},{"@type":"ImageObject","inLanguage":"es","@id":"https:\/\/elcardinal.com\/?p=4223#primaryimage","url":"https:\/\/elcardinal.com\/wp-content\/uploads\/2025\/04\/484065867_122160412274343645_1011169293387200375_n.jpg","contentUrl":"https:\/\/elcardinal.com\/wp-content\/uploads\/2025\/04\/484065867_122160412274343645_1011169293387200375_n.jpg","width":2048,"height":1280},{"@type":"BreadcrumbList","@id":"https:\/\/elcardinal.com\/?p=4223#breadcrumb","itemListElement":[{"@type":"ListItem","position":1,"name":"Inicio","item":"https:\/\/elcardinal.com\/"},{"@type":"ListItem","position":2,"name":"Tizayuca primer municipio de Hidalgo que tendr\u00e1 un Centro de Educaci\u00f3n y Cuidado Infantil"}]},{"@type":"WebSite","@id":"https:\/\/elcardinal.com\/#website","url":"https:\/\/elcardinal.com\/","name":"El Cardinal","description":"Periodismo honesto, con valor, sentido humano, a veces sarc\u00e1stico y divertido.","publisher":{"@id":"https:\/\/elcardinal.com\/#organization"},"alternateName":"El Cardinal Noticias","potentialAction":[{"@type":"SearchAction","target":{"@type":"EntryPoint","urlTemplate":"https:\/\/elcardinal.com\/?s={search_term_string}"},"query-input":{"@type":"PropertyValueSpecification","valueRequired":true,"valueName":"search_term_string"}}],"inLanguage":"es"},{"@type":"Organization","@id":"https:\/\/elcardinal.com\/#organization","name":"El Cardinal","url":"https:\/\/elcardinal.com\/","logo":{"@type":"ImageObject","inLanguage":"es","@id":"https:\/\/elcardinal.com\/#\/schema\/logo\/image\/","url":"https:\/\/elcardinal.com\/wp-content\/uploads\/2025\/04\/LOGO-EL-CARDINAL-Periodismo-con-valor.png","contentUrl":"https:\/\/elcardinal.com\/wp-content\/uploads\/2025\/04\/LOGO-EL-CARDINAL-Periodismo-con-valor.png","width":755,"height":636,"caption":"El Cardinal"},"image":{"@id":"https:\/\/elcardinal.com\/#\/schema\/logo\/image\/"},"sameAs":["https:\/\/www.facebook.com\/profile.php?id=100063093107011","https:\/\/x.com\/ElCardinal_Mx"]},{"@type":"Person","@id":"https:\/\/elcardinal.com\/#\/schema\/person\/3c352ec0a33987fe275c0e8a2ea69f8b","name":"Antonio Alcaraz","image":{"@type":"ImageObject","inLanguage":"es","@id":"https:\/\/elcardinal.com\/#\/schema\/person\/image\/","url":"https:\/\/elcardinal.com\/wp-content\/uploads\/2025\/05\/cropped-TONO-96x96.jpg","contentUrl":"https:\/\/elcardinal.com\/wp-content\/uploads\/2025\/05\/cropped-TONO-96x96.jpg","caption":"Antonio Alcaraz"},"url":"https:\/\/elcardinal.com\/?author=2"}]}},"_links":{"self":[{"href":"https:\/\/elcardinal.com\/index.php?rest_route=\/wp\/v2\/posts\/4223","targetHints":{"allow":["GET"]}}],"collection":[{"href":"https:\/\/elcardinal.com\/index.php?rest_route=\/wp\/v2\/posts"}],"about":[{"href":"https:\/\/elcardinal.com\/index.php?rest_route=\/wp\/v2\/types\/post"}],"author":[{"embeddable":true,"href":"https:\/\/elcardinal.com\/index.php?rest_route=\/wp\/v2\/users\/2"}],"replies":[{"embeddable":true,"href":"https:\/\/elcardinal.com\/index.php?rest_route=%2Fwp%2Fv2%2Fcomments&post=4223"}],"version-history":[{"count":1,"href":"https:\/\/elcardinal.com\/index.php?rest_route=\/wp\/v2\/posts\/4223\/revisions"}],"predecessor-version":[{"id":4225,"href":"https:\/\/elcardinal.com\/index.php?rest_route=\/wp\/v2\/posts\/4223\/revisions\/4225"}],"wp:featuredmedia":[{"embeddable":true,"href":"https:\/\/elcardinal.com\/index.php?rest_route=\/wp\/v2\/media\/4224"}],"wp:attachment":[{"href":"https:\/\/elcardinal.com\/index.php?rest_route=%2Fwp%2Fv2%2Fmedia&parent=4223"}],"wp:term":[{"taxonomy":"category","embeddable":true,"href":"https:\/\/elcardinal.com\/index.php?rest_route=%2Fwp%2Fv2%2Fcategories&post=4223"},{"taxonomy":"post_tag","embeddable":true,"href":"https:\/\/elcardinal.com\/index.php?rest_route=%2Fwp%2Fv2%2Ftags&post=4223"}],"curies":[{"name":"wp","href":"https:\/\/api.w.org\/{rel}","templated":true}]}}