{"id":4226,"date":"2025-04-23T21:57:54","date_gmt":"2025-04-24T03:57:54","guid":{"rendered":"https:\/\/elcardinal.com\/?p=4226"},"modified":"2025-04-23T22:02:27","modified_gmt":"2025-04-24T04:02:27","slug":"concluyen-obras-de-pavimentacion-con-concreto-hidraulico-en-san-miguel-la-hig","status":"publish","type":"post","link":"https:\/\/elcardinal.com\/?p=4226","title":{"rendered":"Concluyen obras de pavimentaci\u00f3n con concreto hidr\u00e1ulico en San Miguel La Higa"},"content":{"rendered":"<blockquote>\n<p style=\"text-align: left;\">By El Cardinalito<\/p>\n<\/blockquote>\n<p>Gracias a la gesti\u00f3n del presidente municipal Eduardo Med\u00e9cigo Rubio y al trabajo coordinado con el gobierno estatal, se concluy\u00f3 con \u00e9xito la pavimentaci\u00f3n de las calles El Roble y avenida de Los Sabinos, en la comunidad de San Miguel La Higa, en Mineral de la Reforma.<\/p>\n<p>&nbsp;<\/p>\n<p>La obra abarc\u00f3 5,008.74 m\u00b2 de pavimento con concreto hidr\u00e1ulico, con una inversi\u00f3n de 5 millones 952 mil 795.44 pesos, en beneficio directo de 571 habitantes, a trav\u00e9s del Fondo de Aportaciones para el Fortalecimiento de las Entidades Federativas (FAFEF).<\/p>\n<p>&nbsp;<\/p>\n<p>Durante su visita de supervisi\u00f3n, el alcalde destac\u00f3 la importancia de entregar infraestructura de calidad, subrayando el papel activo de la ciudadan\u00eda a trav\u00e9s de los comit\u00e9s de obra y contralor\u00eda social, lo que fortalece la transparencia y garantiza que los beneficios lleguen a quienes realmente los necesitan.<\/p>\n<p>&nbsp;<\/p>\n<p>&gt; \u201cLa \u00fanica manera de corresponder a la confianza de la ciudadan\u00eda es trabajando y cumpliendo\u201d, expres\u00f3 el edil.<\/p>\n<p>&nbsp;<\/p>\n<p>&nbsp;<\/p>\n<p>&nbsp;<\/p>\n<p>El secretario de Obras P\u00fablicas, Juan Carlos Zarco Cruz, detall\u00f3 que los trabajos consistieron en pavimento de concreto hidr\u00e1ulico de 15 cm de espesor y resistencia de 200 kg\/cm\u00b2, con malla electrosoldada, sobre 132 metros lineales de calle El Roble y 563 metros en Los Sabinos, con un ancho promedio de 7 metros, banquetas y guarniciones.<\/p>\n<p>&nbsp;<\/p>\n<p>Adem\u00e1s, se realiz\u00f3 la sustituci\u00f3n de 95 metros lineales de drenaje sanitario de 8 pulgadas y la construcci\u00f3n de tres pozos de visita.<\/p>\n<p>&nbsp;<\/p>\n<p>El gobierno municipal reafirma su compromiso con la mejora de la infraestructura urbana, destinando para este 2025 un presupuesto de 23.8 millones de pesos para continuar elevando la calidad de vida en Mineral de la Reforma.<\/p>\n<p>&nbsp;<\/p>\n","protected":false},"excerpt":{"rendered":"<p>By El Cardinalito Gracias a la gesti\u00f3n del presidente municipal Eduardo Med\u00e9cigo Rubio y al trabajo coordinado con el gobierno estatal, se concluy\u00f3 con \u00e9xito la pavimentaci\u00f3n de las calles El Roble y avenida de Los Sabinos, en la comunidad de San Miguel La Higa, en Mineral de la Reforma. &nbsp; La obra abarc\u00f3 5,008.74<\/p>\n","protected":false},"author":2,"featured_media":4227,"comment_status":"open","ping_status":"open","sticky":false,"template":"","format":"standard","meta":{"footnotes":""},"categories":[32,44],"tags":[48,49],"class_list":{"0":"post-4226","1":"post","2":"type-post","3":"status-publish","4":"format-standard","5":"has-post-thumbnail","7":"category-metropoli","8":"category-minuto-a-minuto","9":"tag-lalo-medecigo","10":"tag-mineral-de-la-reforma"},"yoast_head":"<!-- This site is optimized with the Yoast SEO plugin v26.1.1 - https:\/\/yoast.com\/wordpress\/plugins\/seo\/ -->\n<title>Concluyen obras de pavimentaci\u00f3n con concreto hidr\u00e1ulico en San Miguel La Higa - El Cardinal<\/title>\n<meta name=\"robots\" content=\"index, follow, max-snippet:-1, max-image-preview:large, max-video-preview:-1\" \/>\n<link rel=\"canonical\" href=\"https:\/\/elcardinal.com\/?p=4226\" \/>\n<meta property=\"og:locale\" content=\"es_MX\" \/>\n<meta property=\"og:type\" content=\"article\" \/>\n<meta property=\"og:title\" content=\"Concluyen obras de pavimentaci\u00f3n con concreto hidr\u00e1ulico en San Miguel La Higa - El Cardinal\" \/>\n<meta property=\"og:description\" content=\"By El Cardinalito Gracias a la gesti\u00f3n del presidente municipal Eduardo Med\u00e9cigo Rubio y al trabajo coordinado con el gobierno estatal, se concluy\u00f3 con \u00e9xito la pavimentaci\u00f3n de las calles El Roble y avenida de Los Sabinos, en la comunidad de San Miguel La Higa, en Mineral de la Reforma. &nbsp; La obra abarc\u00f3 5,008.74\" \/>\n<meta property=\"og:url\" content=\"https:\/\/elcardinal.com\/?p=4226\" \/>\n<meta property=\"og:site_name\" content=\"El Cardinal\" \/>\n<meta property=\"article:publisher\" content=\"https:\/\/www.facebook.com\/profile.php?id=100063093107011\" \/>\n<meta property=\"article:published_time\" content=\"2025-04-24T03:57:54+00:00\" \/>\n<meta property=\"article:modified_time\" content=\"2025-04-24T04:02:27+00:00\" \/>\n<meta property=\"og:image\" content=\"https:\/\/elcardinal.com\/wp-content\/uploads\/2025\/04\/IMG-20250423-WA0125.jpg\" \/>\n\t<meta property=\"og:image:width\" content=\"1280\" \/>\n\t<meta property=\"og:image:height\" content=\"853\" \/>\n\t<meta property=\"og:image:type\" content=\"image\/jpeg\" \/>\n<meta name=\"author\" content=\"Antonio Alcaraz\" \/>\n<meta name=\"twitter:card\" content=\"summary_large_image\" \/>\n<meta name=\"twitter:creator\" content=\"@ElCardinal_Mx\" \/>\n<meta name=\"twitter:site\" content=\"@ElCardinal_Mx\" \/>\n<meta name=\"twitter:label1\" content=\"Escrito por\" \/>\n\t<meta name=\"twitter:data1\" content=\"Antonio Alcaraz\" \/>\n\t<meta name=\"twitter:label2\" content=\"Tiempo de lectura\" \/>\n\t<meta name=\"twitter:data2\" content=\"1 minuto\" \/>\n<script type=\"application\/ld+json\" class=\"yoast-schema-graph\">{\"@context\":\"https:\/\/schema.org\",\"@graph\":[{\"@type\":\"Article\",\"@id\":\"https:\/\/elcardinal.com\/?p=4226#article\",\"isPartOf\":{\"@id\":\"https:\/\/elcardinal.com\/?p=4226\"},\"author\":{\"name\":\"Antonio Alcaraz\",\"@id\":\"https:\/\/elcardinal.com\/#\/schema\/person\/3c352ec0a33987fe275c0e8a2ea69f8b\"},\"headline\":\"Concluyen obras de pavimentaci\u00f3n con concreto hidr\u00e1ulico en San Miguel La Higa\",\"datePublished\":\"2025-04-24T03:57:54+00:00\",\"dateModified\":\"2025-04-24T04:02:27+00:00\",\"mainEntityOfPage\":{\"@id\":\"https:\/\/elcardinal.com\/?p=4226\"},\"wordCount\":299,\"commentCount\":0,\"publisher\":{\"@id\":\"https:\/\/elcardinal.com\/#organization\"},\"image\":{\"@id\":\"https:\/\/elcardinal.com\/?p=4226#primaryimage\"},\"thumbnailUrl\":\"https:\/\/elcardinal.com\/wp-content\/uploads\/2025\/04\/IMG-20250423-WA0125.jpg\",\"keywords\":[\"Lalo Med\u00e9cigo\",\"Mineral de la Reforma\"],\"articleSection\":[\"Metr\u00f3poli\",\"Minuto a Minuto\"],\"inLanguage\":\"es\",\"potentialAction\":[{\"@type\":\"CommentAction\",\"name\":\"Comment\",\"target\":[\"https:\/\/elcardinal.com\/?p=4226#respond\"]}]},{\"@type\":\"WebPage\",\"@id\":\"https:\/\/elcardinal.com\/?p=4226\",\"url\":\"https:\/\/elcardinal.com\/?p=4226\",\"name\":\"Concluyen obras de pavimentaci\u00f3n con concreto hidr\u00e1ulico en San Miguel La Higa - El Cardinal\",\"isPartOf\":{\"@id\":\"https:\/\/elcardinal.com\/#website\"},\"primaryImageOfPage\":{\"@id\":\"https:\/\/elcardinal.com\/?p=4226#primaryimage\"},\"image\":{\"@id\":\"https:\/\/elcardinal.com\/?p=4226#primaryimage\"},\"thumbnailUrl\":\"https:\/\/elcardinal.com\/wp-content\/uploads\/2025\/04\/IMG-20250423-WA0125.jpg\",\"datePublished\":\"2025-04-24T03:57:54+00:00\",\"dateModified\":\"2025-04-24T04:02:27+00:00\",\"breadcrumb\":{\"@id\":\"https:\/\/elcardinal.com\/?p=4226#breadcrumb\"},\"inLanguage\":\"es\",\"potentialAction\":[{\"@type\":\"ReadAction\",\"target\":[\"https:\/\/elcardinal.com\/?p=4226\"]}]},{\"@type\":\"ImageObject\",\"inLanguage\":\"es\",\"@id\":\"https:\/\/elcardinal.com\/?p=4226#primaryimage\",\"url\":\"https:\/\/elcardinal.com\/wp-content\/uploads\/2025\/04\/IMG-20250423-WA0125.jpg\",\"contentUrl\":\"https:\/\/elcardinal.com\/wp-content\/uploads\/2025\/04\/IMG-20250423-WA0125.jpg\",\"width\":1280,\"height\":853},{\"@type\":\"BreadcrumbList\",\"@id\":\"https:\/\/elcardinal.com\/?p=4226#breadcrumb\",\"itemListElement\":[{\"@type\":\"ListItem\",\"position\":1,\"name\":\"Inicio\",\"item\":\"https:\/\/elcardinal.com\/\"},{\"@type\":\"ListItem\",\"position\":2,\"name\":\"Concluyen obras de pavimentaci\u00f3n con concreto hidr\u00e1ulico en San Miguel La Higa\"}]},{\"@type\":\"WebSite\",\"@id\":\"https:\/\/elcardinal.com\/#website\",\"url\":\"https:\/\/elcardinal.com\/\",\"name\":\"El Cardinal\",\"description\":\"Periodismo honesto, con valor, sentido humano, a veces sarc\u00e1stico y divertido.\",\"publisher\":{\"@id\":\"https:\/\/elcardinal.com\/#organization\"},\"alternateName\":\"El Cardinal Noticias\",\"potentialAction\":[{\"@type\":\"SearchAction\",\"target\":{\"@type\":\"EntryPoint\",\"urlTemplate\":\"https:\/\/elcardinal.com\/?s={search_term_string}\"},\"query-input\":{\"@type\":\"PropertyValueSpecification\",\"valueRequired\":true,\"valueName\":\"search_term_string\"}}],\"inLanguage\":\"es\"},{\"@type\":\"Organization\",\"@id\":\"https:\/\/elcardinal.com\/#organization\",\"name\":\"El Cardinal\",\"url\":\"https:\/\/elcardinal.com\/\",\"logo\":{\"@type\":\"ImageObject\",\"inLanguage\":\"es\",\"@id\":\"https:\/\/elcardinal.com\/#\/schema\/logo\/image\/\",\"url\":\"https:\/\/elcardinal.com\/wp-content\/uploads\/2025\/04\/LOGO-EL-CARDINAL-Periodismo-con-valor.png\",\"contentUrl\":\"https:\/\/elcardinal.com\/wp-content\/uploads\/2025\/04\/LOGO-EL-CARDINAL-Periodismo-con-valor.png\",\"width\":755,\"height\":636,\"caption\":\"El Cardinal\"},\"image\":{\"@id\":\"https:\/\/elcardinal.com\/#\/schema\/logo\/image\/\"},\"sameAs\":[\"https:\/\/www.facebook.com\/profile.php?id=100063093107011\",\"https:\/\/x.com\/ElCardinal_Mx\"]},{\"@type\":\"Person\",\"@id\":\"https:\/\/elcardinal.com\/#\/schema\/person\/3c352ec0a33987fe275c0e8a2ea69f8b\",\"name\":\"Antonio Alcaraz\",\"image\":{\"@type\":\"ImageObject\",\"inLanguage\":\"es\",\"@id\":\"https:\/\/elcardinal.com\/#\/schema\/person\/image\/\",\"url\":\"https:\/\/elcardinal.com\/wp-content\/uploads\/2025\/05\/cropped-TONO-96x96.jpg\",\"contentUrl\":\"https:\/\/elcardinal.com\/wp-content\/uploads\/2025\/05\/cropped-TONO-96x96.jpg\",\"caption\":\"Antonio Alcaraz\"},\"url\":\"https:\/\/elcardinal.com\/?author=2\"}]}<\/script>\n<!-- \/ Yoast SEO plugin. -->","yoast_head_json":{"title":"Concluyen obras de pavimentaci\u00f3n con concreto hidr\u00e1ulico en San Miguel La Higa - El Cardinal","robots":{"index":"index","follow":"follow","max-snippet":"max-snippet:-1","max-image-preview":"max-image-preview:large","max-video-preview":"max-video-preview:-1"},"canonical":"https:\/\/elcardinal.com\/?p=4226","og_locale":"es_MX","og_type":"article","og_title":"Concluyen obras de pavimentaci\u00f3n con concreto hidr\u00e1ulico en San Miguel La Higa - El Cardinal","og_description":"By El Cardinalito Gracias a la gesti\u00f3n del presidente municipal Eduardo Med\u00e9cigo Rubio y al trabajo coordinado con el gobierno estatal, se concluy\u00f3 con \u00e9xito la pavimentaci\u00f3n de las calles El Roble y avenida de Los Sabinos, en la comunidad de San Miguel La Higa, en Mineral de la Reforma. &nbsp; La obra abarc\u00f3 5,008.74","og_url":"https:\/\/elcardinal.com\/?p=4226","og_site_name":"El Cardinal","article_publisher":"https:\/\/www.facebook.com\/profile.php?id=100063093107011","article_published_time":"2025-04-24T03:57:54+00:00","article_modified_time":"2025-04-24T04:02:27+00:00","og_image":[{"width":1280,"height":853,"url":"https:\/\/elcardinal.com\/wp-content\/uploads\/2025\/04\/IMG-20250423-WA0125.jpg","type":"image\/jpeg"}],"author":"Antonio Alcaraz","twitter_card":"summary_large_image","twitter_creator":"@ElCardinal_Mx","twitter_site":"@ElCardinal_Mx","twitter_misc":{"Escrito por":"Antonio Alcaraz","Tiempo de lectura":"1 minuto"},"schema":{"@context":"https:\/\/schema.org","@graph":[{"@type":"Article","@id":"https:\/\/elcardinal.com\/?p=4226#article","isPartOf":{"@id":"https:\/\/elcardinal.com\/?p=4226"},"author":{"name":"Antonio Alcaraz","@id":"https:\/\/elcardinal.com\/#\/schema\/person\/3c352ec0a33987fe275c0e8a2ea69f8b"},"headline":"Concluyen obras de pavimentaci\u00f3n con concreto hidr\u00e1ulico en San Miguel La Higa","datePublished":"2025-04-24T03:57:54+00:00","dateModified":"2025-04-24T04:02:27+00:00","mainEntityOfPage":{"@id":"https:\/\/elcardinal.com\/?p=4226"},"wordCount":299,"commentCount":0,"publisher":{"@id":"https:\/\/elcardinal.com\/#organization"},"image":{"@id":"https:\/\/elcardinal.com\/?p=4226#primaryimage"},"thumbnailUrl":"https:\/\/elcardinal.com\/wp-content\/uploads\/2025\/04\/IMG-20250423-WA0125.jpg","keywords":["Lalo Med\u00e9cigo","Mineral de la Reforma"],"articleSection":["Metr\u00f3poli","Minuto a Minuto"],"inLanguage":"es","potentialAction":[{"@type":"CommentAction","name":"Comment","target":["https:\/\/elcardinal.com\/?p=4226#respond"]}]},{"@type":"WebPage","@id":"https:\/\/elcardinal.com\/?p=4226","url":"https:\/\/elcardinal.com\/?p=4226","name":"Concluyen obras de pavimentaci\u00f3n con concreto hidr\u00e1ulico en San Miguel La Higa - El Cardinal","isPartOf":{"@id":"https:\/\/elcardinal.com\/#website"},"primaryImageOfPage":{"@id":"https:\/\/elcardinal.com\/?p=4226#primaryimage"},"image":{"@id":"https:\/\/elcardinal.com\/?p=4226#primaryimage"},"thumbnailUrl":"https:\/\/elcardinal.com\/wp-content\/uploads\/2025\/04\/IMG-20250423-WA0125.jpg","datePublished":"2025-04-24T03:57:54+00:00","dateModified":"2025-04-24T04:02:27+00:00","breadcrumb":{"@id":"https:\/\/elcardinal.com\/?p=4226#breadcrumb"},"inLanguage":"es","potentialAction":[{"@type":"ReadAction","target":["https:\/\/elcardinal.com\/?p=4226"]}]},{"@type":"ImageObject","inLanguage":"es","@id":"https:\/\/elcardinal.com\/?p=4226#primaryimage","url":"https:\/\/elcardinal.com\/wp-content\/uploads\/2025\/04\/IMG-20250423-WA0125.jpg","contentUrl":"https:\/\/elcardinal.com\/wp-content\/uploads\/2025\/04\/IMG-20250423-WA0125.jpg","width":1280,"height":853},{"@type":"BreadcrumbList","@id":"https:\/\/elcardinal.com\/?p=4226#breadcrumb","itemListElement":[{"@type":"ListItem","position":1,"name":"Inicio","item":"https:\/\/elcardinal.com\/"},{"@type":"ListItem","position":2,"name":"Concluyen obras de pavimentaci\u00f3n con concreto hidr\u00e1ulico en San Miguel La Higa"}]},{"@type":"WebSite","@id":"https:\/\/elcardinal.com\/#website","url":"https:\/\/elcardinal.com\/","name":"El Cardinal","description":"Periodismo honesto, con valor, sentido humano, a veces sarc\u00e1stico y divertido.","publisher":{"@id":"https:\/\/elcardinal.com\/#organization"},"alternateName":"El Cardinal Noticias","potentialAction":[{"@type":"SearchAction","target":{"@type":"EntryPoint","urlTemplate":"https:\/\/elcardinal.com\/?s={search_term_string}"},"query-input":{"@type":"PropertyValueSpecification","valueRequired":true,"valueName":"search_term_string"}}],"inLanguage":"es"},{"@type":"Organization","@id":"https:\/\/elcardinal.com\/#organization","name":"El Cardinal","url":"https:\/\/elcardinal.com\/","logo":{"@type":"ImageObject","inLanguage":"es","@id":"https:\/\/elcardinal.com\/#\/schema\/logo\/image\/","url":"https:\/\/elcardinal.com\/wp-content\/uploads\/2025\/04\/LOGO-EL-CARDINAL-Periodismo-con-valor.png","contentUrl":"https:\/\/elcardinal.com\/wp-content\/uploads\/2025\/04\/LOGO-EL-CARDINAL-Periodismo-con-valor.png","width":755,"height":636,"caption":"El Cardinal"},"image":{"@id":"https:\/\/elcardinal.com\/#\/schema\/logo\/image\/"},"sameAs":["https:\/\/www.facebook.com\/profile.php?id=100063093107011","https:\/\/x.com\/ElCardinal_Mx"]},{"@type":"Person","@id":"https:\/\/elcardinal.com\/#\/schema\/person\/3c352ec0a33987fe275c0e8a2ea69f8b","name":"Antonio Alcaraz","image":{"@type":"ImageObject","inLanguage":"es","@id":"https:\/\/elcardinal.com\/#\/schema\/person\/image\/","url":"https:\/\/elcardinal.com\/wp-content\/uploads\/2025\/05\/cropped-TONO-96x96.jpg","contentUrl":"https:\/\/elcardinal.com\/wp-content\/uploads\/2025\/05\/cropped-TONO-96x96.jpg","caption":"Antonio Alcaraz"},"url":"https:\/\/elcardinal.com\/?author=2"}]}},"_links":{"self":[{"href":"https:\/\/elcardinal.com\/index.php?rest_route=\/wp\/v2\/posts\/4226","targetHints":{"allow":["GET"]}}],"collection":[{"href":"https:\/\/elcardinal.com\/index.php?rest_route=\/wp\/v2\/posts"}],"about":[{"href":"https:\/\/elcardinal.com\/index.php?rest_route=\/wp\/v2\/types\/post"}],"author":[{"embeddable":true,"href":"https:\/\/elcardinal.com\/index.php?rest_route=\/wp\/v2\/users\/2"}],"replies":[{"embeddable":true,"href":"https:\/\/elcardinal.com\/index.php?rest_route=%2Fwp%2Fv2%2Fcomments&post=4226"}],"version-history":[{"count":2,"href":"https:\/\/elcardinal.com\/index.php?rest_route=\/wp\/v2\/posts\/4226\/revisions"}],"predecessor-version":[{"id":4229,"href":"https:\/\/elcardinal.com\/index.php?rest_route=\/wp\/v2\/posts\/4226\/revisions\/4229"}],"wp:featuredmedia":[{"embeddable":true,"href":"https:\/\/elcardinal.com\/index.php?rest_route=\/wp\/v2\/media\/4227"}],"wp:attachment":[{"href":"https:\/\/elcardinal.com\/index.php?rest_route=%2Fwp%2Fv2%2Fmedia&parent=4226"}],"wp:term":[{"taxonomy":"category","embeddable":true,"href":"https:\/\/elcardinal.com\/index.php?rest_route=%2Fwp%2Fv2%2Fcategories&post=4226"},{"taxonomy":"post_tag","embeddable":true,"href":"https:\/\/elcardinal.com\/index.php?rest_route=%2Fwp%2Fv2%2Ftags&post=4226"}],"curies":[{"name":"wp","href":"https:\/\/api.w.org\/{rel}","templated":true}]}}