{"id":4233,"date":"2025-04-24T11:11:51","date_gmt":"2025-04-24T17:11:51","guid":{"rendered":"https:\/\/elcardinal.com\/?p=4233"},"modified":"2025-04-24T11:16:37","modified_gmt":"2025-04-24T17:16:37","slug":"el-libro-es-una-extension-de-la-memoria-y-de-la-imaginacion","status":"publish","type":"post","link":"https:\/\/elcardinal.com\/?p=4233","title":{"rendered":"El libro es una extensi\u00f3n de la memoria y de la imaginaci\u00f3n"},"content":{"rendered":"<p>Por: <strong>Tania Mart\u00ednez Su\u00e1rez<\/strong><\/p>\n<p>&nbsp;<\/p>\n<p>Ese olor es inconfundible, <em>as\u00ed como un aroma que se escurre, escapa de los guisos y da cuenta de su sabrosura<\/em>, el olor que se desprende de los libros apenas se toma acordeaonicamente entre las manos es irrepetible, inescrutable, \u00fanico\u2026 y es el llamado para los amantes de estas obras de arte.<\/p>\n<p>Los libros son objetos preciosos que contienen el pensamiento de un momento espec\u00edfico en la historia, son el medio y son el mensaje que alguien esbozo<strong> a trav\u00e9s de su muy limitada visi\u00f3n del mundo<\/strong>, limitada s\u00ed, porque no podemos abarcar desde nuestra ef\u00edmera humanidad la totalidad del conocimiento, las sensaciones, las letras o los lenguajes. Ah\u00ed van,<strong> navegan como c\u00e1psulas de tiempo aguardando a ser desencriptadas, son arrojados a la vastedad del universo\u2026<\/strong> quiz\u00e1 como un llamado esperanzador a que alguien m\u00e1s, en otro momento de la vida pueda mirar su reflejo en las letras que escribi\u00f3.<\/p>\n<p>Mientras escribo, puedo escuchar a mi esposo leyendo en voz alta para mi hija, est\u00e1n en su primera vuelta a Momo, porque suelen leer los libros 2 o 3 veces, Vida dice que la primera lectura es para conocer a los personajes, para imaginar c\u00f3mo son, c\u00f3mo ser\u00edan los lugares, etc, y la segunda es para disfrutar, para re\u00edrse con las situaciones y so\u00f1arlas. <strong>Pienso que es muy afortunada<\/strong>, tiene un gran lector como pap\u00e1, y el disfrute es para ella una cuesti\u00f3n natural, inherente a la actividad de la lectura. Yo no tuve esa suerte, ahora que lo pienso, a m\u00ed me le\u00edan el mundo a trav\u00e9s del mundo mismo, como mi abuela que sab\u00eda leer la naturaleza o mi pap\u00e1 que decodifica mejor que nadie la<strong> Ciudad de M\u00e9xico<\/strong>, tambi\u00e9n el entorno se lee, pero leer un libro es un regalo para el alma.<\/p>\n<p>Yo aprend\u00eda a amar a los libros ya cuando estaba en secundaria, me asumo como alguien que gusta de ir a contracorriente, y me gustaba m\u00e1s entablar estos di\u00e1logos con los libros que con los compa\u00f1eros de clase. Disfrut\u00e9 mucho los libros de la corriente del Boom Latinoamericano que estaban en la biblioteca de mi T\u00edo Manuel, esa fue la primera biblioteca que sent\u00ed m\u00eda, no porque lo fuera en s\u00ed, sino porque pod\u00eda brevar estos fragmentos de pensamiento. Recuerdo que rele\u00ed muchas veces <em>\u201cCien a\u00f1os de Soledad\u201d<\/em>, y otros de Garc\u00eda M\u00e1rquez, <em>\u201cLa hojarasca\u201d \u201cLos funerales de Mam\u00e1 grande\u201d \u201cDoce cuentos peregrinos\u201d<\/em>, para m\u00ed era hablar no solo con la historia, tambi\u00e9n con quien la escrib\u00eda. Las bibliotecas son tan importantes porque en ellas se contiene los ejemplares al alcance de las personas, pocos actos tan democr\u00e1ticos como el acceso a las bibliotecas p\u00fablicas, la del <strong>ICSHu<\/strong> estar\u00e1 siempre en mi coraz\u00f3n, como la Ricardo Garibay, la hermosa Vasconcelos y la hist\u00f3rica biblioteca de la UNAM.<\/p>\n<p>La narrativa me gusta, pero la poes\u00eda es mi remanso, todo lo que no se ha creado en el mundo cabe en la poes\u00eda, es inabarcable, y s\u00ed la escribimos acrecentamos ese magma lo inunda todo. La poes\u00eda canta, tiene ritmo, es el corpus onomatop\u00e9yico de la palabra, un coro de todas las voces que se acuerpa en los lectores. Leo porque reverbera en m\u00ed lo contenido en los libros, porque me siento menos sola, porque en el caos del mundo, en el v\u00e9rtigo, los libros son un lugar seguro, nos salvan del hast\u00edo, de la penumbra y con suerte tambi\u00e9n de la estupidez.<\/p>\n<p>El <strong>23 de abril de cada a\u00f1o se conmemora El d\u00eda internacional del libro<\/strong> y los derechos de autor, estoy convencida que hay por lo menos un libro que puede transformar la vida de cada persona, ojal\u00e1 tengamos la fortuna de que las letras nos arropen. El gran acto revolucionario que podemos practicar es la lectura, el pensamiento cr\u00edtico, la inconformidad ante lo que se establece como una verdad \u00fanica, la palabra se multiplica y con ella se germina.<\/p>\n","protected":false},"excerpt":{"rendered":"<p>Por: Tania Mart\u00ednez Su\u00e1rez &nbsp; Ese olor es inconfundible, as\u00ed como un aroma que se escurre, escapa de los guisos y da cuenta de su sabrosura, el olor que se desprende de los libros apenas se toma acordeaonicamente entre las manos es irrepetible, inescrutable, \u00fanico\u2026 y es el llamado para los amantes de estas obras<\/p>\n","protected":false},"author":2,"featured_media":4234,"comment_status":"open","ping_status":"open","sticky":false,"template":"","format":"standard","meta":{"footnotes":""},"categories":[44,35],"tags":[57,56,54,55],"class_list":{"0":"post-4233","1":"post","2":"type-post","3":"status-publish","4":"format-standard","5":"has-post-thumbnail","7":"category-minuto-a-minuto","8":"category-opinion","9":"tag-dia-internacional-del-libro","10":"tag-libro","11":"tag-proscrita","12":"tag-tania-martinez-suarez"},"yoast_head":"<!-- This site is optimized with the Yoast SEO plugin v26.1.1 - https:\/\/yoast.com\/wordpress\/plugins\/seo\/ -->\n<title>El libro es una extensi\u00f3n de la memoria y de la imaginaci\u00f3n - El Cardinal<\/title>\n<meta name=\"robots\" content=\"index, follow, max-snippet:-1, max-image-preview:large, max-video-preview:-1\" \/>\n<link rel=\"canonical\" href=\"https:\/\/elcardinal.com\/?p=4233\" \/>\n<meta property=\"og:locale\" content=\"es_MX\" \/>\n<meta property=\"og:type\" content=\"article\" \/>\n<meta property=\"og:title\" content=\"El libro es una extensi\u00f3n de la memoria y de la imaginaci\u00f3n - El Cardinal\" \/>\n<meta property=\"og:description\" content=\"Por: Tania Mart\u00ednez Su\u00e1rez &nbsp; Ese olor es inconfundible, as\u00ed como un aroma que se escurre, escapa de los guisos y da cuenta de su sabrosura, el olor que se desprende de los libros apenas se toma acordeaonicamente entre las manos es irrepetible, inescrutable, \u00fanico\u2026 y es el llamado para los amantes de estas obras\" \/>\n<meta property=\"og:url\" content=\"https:\/\/elcardinal.com\/?p=4233\" \/>\n<meta property=\"og:site_name\" content=\"El Cardinal\" \/>\n<meta property=\"article:publisher\" content=\"https:\/\/www.facebook.com\/profile.php?id=100063093107011\" \/>\n<meta property=\"article:published_time\" content=\"2025-04-24T17:11:51+00:00\" \/>\n<meta property=\"article:modified_time\" content=\"2025-04-24T17:16:37+00:00\" \/>\n<meta property=\"og:image\" content=\"https:\/\/elcardinal.com\/wp-content\/uploads\/2025\/04\/Semillas-Esterales.png\" \/>\n\t<meta property=\"og:image:width\" content=\"940\" \/>\n\t<meta property=\"og:image:height\" content=\"788\" \/>\n\t<meta property=\"og:image:type\" content=\"image\/png\" \/>\n<meta name=\"author\" content=\"Antonio Alcaraz\" \/>\n<meta name=\"twitter:card\" content=\"summary_large_image\" \/>\n<meta name=\"twitter:creator\" content=\"@ElCardinal_Mx\" \/>\n<meta name=\"twitter:site\" content=\"@ElCardinal_Mx\" \/>\n<meta name=\"twitter:label1\" content=\"Escrito por\" \/>\n\t<meta name=\"twitter:data1\" content=\"Antonio Alcaraz\" \/>\n\t<meta name=\"twitter:label2\" content=\"Tiempo de lectura\" \/>\n\t<meta name=\"twitter:data2\" content=\"3 minutos\" \/>\n<script type=\"application\/ld+json\" class=\"yoast-schema-graph\">{\"@context\":\"https:\/\/schema.org\",\"@graph\":[{\"@type\":\"Article\",\"@id\":\"https:\/\/elcardinal.com\/?p=4233#article\",\"isPartOf\":{\"@id\":\"https:\/\/elcardinal.com\/?p=4233\"},\"author\":{\"name\":\"Antonio Alcaraz\",\"@id\":\"https:\/\/elcardinal.com\/#\/schema\/person\/3c352ec0a33987fe275c0e8a2ea69f8b\"},\"headline\":\"El libro es una extensi\u00f3n de la memoria y de la imaginaci\u00f3n\",\"datePublished\":\"2025-04-24T17:11:51+00:00\",\"dateModified\":\"2025-04-24T17:16:37+00:00\",\"mainEntityOfPage\":{\"@id\":\"https:\/\/elcardinal.com\/?p=4233\"},\"wordCount\":708,\"commentCount\":0,\"publisher\":{\"@id\":\"https:\/\/elcardinal.com\/#organization\"},\"image\":{\"@id\":\"https:\/\/elcardinal.com\/?p=4233#primaryimage\"},\"thumbnailUrl\":\"https:\/\/elcardinal.com\/wp-content\/uploads\/2025\/04\/Semillas-Esterales.png\",\"keywords\":[\"D\u00eda Internacional del Libro\",\"Libro\",\"Proscrita\",\"Tania Mart\u00ednez Su\u00e1rez\"],\"articleSection\":[\"Minuto a Minuto\",\"Opini\u00f3n\"],\"inLanguage\":\"es\",\"potentialAction\":[{\"@type\":\"CommentAction\",\"name\":\"Comment\",\"target\":[\"https:\/\/elcardinal.com\/?p=4233#respond\"]}]},{\"@type\":\"WebPage\",\"@id\":\"https:\/\/elcardinal.com\/?p=4233\",\"url\":\"https:\/\/elcardinal.com\/?p=4233\",\"name\":\"El libro es una extensi\u00f3n de la memoria y de la imaginaci\u00f3n - El Cardinal\",\"isPartOf\":{\"@id\":\"https:\/\/elcardinal.com\/#website\"},\"primaryImageOfPage\":{\"@id\":\"https:\/\/elcardinal.com\/?p=4233#primaryimage\"},\"image\":{\"@id\":\"https:\/\/elcardinal.com\/?p=4233#primaryimage\"},\"thumbnailUrl\":\"https:\/\/elcardinal.com\/wp-content\/uploads\/2025\/04\/Semillas-Esterales.png\",\"datePublished\":\"2025-04-24T17:11:51+00:00\",\"dateModified\":\"2025-04-24T17:16:37+00:00\",\"breadcrumb\":{\"@id\":\"https:\/\/elcardinal.com\/?p=4233#breadcrumb\"},\"inLanguage\":\"es\",\"potentialAction\":[{\"@type\":\"ReadAction\",\"target\":[\"https:\/\/elcardinal.com\/?p=4233\"]}]},{\"@type\":\"ImageObject\",\"inLanguage\":\"es\",\"@id\":\"https:\/\/elcardinal.com\/?p=4233#primaryimage\",\"url\":\"https:\/\/elcardinal.com\/wp-content\/uploads\/2025\/04\/Semillas-Esterales.png\",\"contentUrl\":\"https:\/\/elcardinal.com\/wp-content\/uploads\/2025\/04\/Semillas-Esterales.png\",\"width\":940,\"height\":788},{\"@type\":\"BreadcrumbList\",\"@id\":\"https:\/\/elcardinal.com\/?p=4233#breadcrumb\",\"itemListElement\":[{\"@type\":\"ListItem\",\"position\":1,\"name\":\"Inicio\",\"item\":\"https:\/\/elcardinal.com\/\"},{\"@type\":\"ListItem\",\"position\":2,\"name\":\"El libro es una extensi\u00f3n de la memoria y de la imaginaci\u00f3n\"}]},{\"@type\":\"WebSite\",\"@id\":\"https:\/\/elcardinal.com\/#website\",\"url\":\"https:\/\/elcardinal.com\/\",\"name\":\"El Cardinal\",\"description\":\"Periodismo honesto, con valor, sentido humano, a veces sarc\u00e1stico y divertido.\",\"publisher\":{\"@id\":\"https:\/\/elcardinal.com\/#organization\"},\"alternateName\":\"El Cardinal Noticias\",\"potentialAction\":[{\"@type\":\"SearchAction\",\"target\":{\"@type\":\"EntryPoint\",\"urlTemplate\":\"https:\/\/elcardinal.com\/?s={search_term_string}\"},\"query-input\":{\"@type\":\"PropertyValueSpecification\",\"valueRequired\":true,\"valueName\":\"search_term_string\"}}],\"inLanguage\":\"es\"},{\"@type\":\"Organization\",\"@id\":\"https:\/\/elcardinal.com\/#organization\",\"name\":\"El Cardinal\",\"url\":\"https:\/\/elcardinal.com\/\",\"logo\":{\"@type\":\"ImageObject\",\"inLanguage\":\"es\",\"@id\":\"https:\/\/elcardinal.com\/#\/schema\/logo\/image\/\",\"url\":\"https:\/\/elcardinal.com\/wp-content\/uploads\/2025\/04\/LOGO-EL-CARDINAL-Periodismo-con-valor.png\",\"contentUrl\":\"https:\/\/elcardinal.com\/wp-content\/uploads\/2025\/04\/LOGO-EL-CARDINAL-Periodismo-con-valor.png\",\"width\":755,\"height\":636,\"caption\":\"El Cardinal\"},\"image\":{\"@id\":\"https:\/\/elcardinal.com\/#\/schema\/logo\/image\/\"},\"sameAs\":[\"https:\/\/www.facebook.com\/profile.php?id=100063093107011\",\"https:\/\/x.com\/ElCardinal_Mx\"]},{\"@type\":\"Person\",\"@id\":\"https:\/\/elcardinal.com\/#\/schema\/person\/3c352ec0a33987fe275c0e8a2ea69f8b\",\"name\":\"Antonio Alcaraz\",\"image\":{\"@type\":\"ImageObject\",\"inLanguage\":\"es\",\"@id\":\"https:\/\/elcardinal.com\/#\/schema\/person\/image\/\",\"url\":\"https:\/\/elcardinal.com\/wp-content\/uploads\/2025\/05\/cropped-TONO-96x96.jpg\",\"contentUrl\":\"https:\/\/elcardinal.com\/wp-content\/uploads\/2025\/05\/cropped-TONO-96x96.jpg\",\"caption\":\"Antonio Alcaraz\"},\"url\":\"https:\/\/elcardinal.com\/?author=2\"}]}<\/script>\n<!-- \/ Yoast SEO plugin. -->","yoast_head_json":{"title":"El libro es una extensi\u00f3n de la memoria y de la imaginaci\u00f3n - El Cardinal","robots":{"index":"index","follow":"follow","max-snippet":"max-snippet:-1","max-image-preview":"max-image-preview:large","max-video-preview":"max-video-preview:-1"},"canonical":"https:\/\/elcardinal.com\/?p=4233","og_locale":"es_MX","og_type":"article","og_title":"El libro es una extensi\u00f3n de la memoria y de la imaginaci\u00f3n - El Cardinal","og_description":"Por: Tania Mart\u00ednez Su\u00e1rez &nbsp; Ese olor es inconfundible, as\u00ed como un aroma que se escurre, escapa de los guisos y da cuenta de su sabrosura, el olor que se desprende de los libros apenas se toma acordeaonicamente entre las manos es irrepetible, inescrutable, \u00fanico\u2026 y es el llamado para los amantes de estas obras","og_url":"https:\/\/elcardinal.com\/?p=4233","og_site_name":"El Cardinal","article_publisher":"https:\/\/www.facebook.com\/profile.php?id=100063093107011","article_published_time":"2025-04-24T17:11:51+00:00","article_modified_time":"2025-04-24T17:16:37+00:00","og_image":[{"width":940,"height":788,"url":"https:\/\/elcardinal.com\/wp-content\/uploads\/2025\/04\/Semillas-Esterales.png","type":"image\/png"}],"author":"Antonio Alcaraz","twitter_card":"summary_large_image","twitter_creator":"@ElCardinal_Mx","twitter_site":"@ElCardinal_Mx","twitter_misc":{"Escrito por":"Antonio Alcaraz","Tiempo de lectura":"3 minutos"},"schema":{"@context":"https:\/\/schema.org","@graph":[{"@type":"Article","@id":"https:\/\/elcardinal.com\/?p=4233#article","isPartOf":{"@id":"https:\/\/elcardinal.com\/?p=4233"},"author":{"name":"Antonio Alcaraz","@id":"https:\/\/elcardinal.com\/#\/schema\/person\/3c352ec0a33987fe275c0e8a2ea69f8b"},"headline":"El libro es una extensi\u00f3n de la memoria y de la imaginaci\u00f3n","datePublished":"2025-04-24T17:11:51+00:00","dateModified":"2025-04-24T17:16:37+00:00","mainEntityOfPage":{"@id":"https:\/\/elcardinal.com\/?p=4233"},"wordCount":708,"commentCount":0,"publisher":{"@id":"https:\/\/elcardinal.com\/#organization"},"image":{"@id":"https:\/\/elcardinal.com\/?p=4233#primaryimage"},"thumbnailUrl":"https:\/\/elcardinal.com\/wp-content\/uploads\/2025\/04\/Semillas-Esterales.png","keywords":["D\u00eda Internacional del Libro","Libro","Proscrita","Tania Mart\u00ednez Su\u00e1rez"],"articleSection":["Minuto a Minuto","Opini\u00f3n"],"inLanguage":"es","potentialAction":[{"@type":"CommentAction","name":"Comment","target":["https:\/\/elcardinal.com\/?p=4233#respond"]}]},{"@type":"WebPage","@id":"https:\/\/elcardinal.com\/?p=4233","url":"https:\/\/elcardinal.com\/?p=4233","name":"El libro es una extensi\u00f3n de la memoria y de la imaginaci\u00f3n - El Cardinal","isPartOf":{"@id":"https:\/\/elcardinal.com\/#website"},"primaryImageOfPage":{"@id":"https:\/\/elcardinal.com\/?p=4233#primaryimage"},"image":{"@id":"https:\/\/elcardinal.com\/?p=4233#primaryimage"},"thumbnailUrl":"https:\/\/elcardinal.com\/wp-content\/uploads\/2025\/04\/Semillas-Esterales.png","datePublished":"2025-04-24T17:11:51+00:00","dateModified":"2025-04-24T17:16:37+00:00","breadcrumb":{"@id":"https:\/\/elcardinal.com\/?p=4233#breadcrumb"},"inLanguage":"es","potentialAction":[{"@type":"ReadAction","target":["https:\/\/elcardinal.com\/?p=4233"]}]},{"@type":"ImageObject","inLanguage":"es","@id":"https:\/\/elcardinal.com\/?p=4233#primaryimage","url":"https:\/\/elcardinal.com\/wp-content\/uploads\/2025\/04\/Semillas-Esterales.png","contentUrl":"https:\/\/elcardinal.com\/wp-content\/uploads\/2025\/04\/Semillas-Esterales.png","width":940,"height":788},{"@type":"BreadcrumbList","@id":"https:\/\/elcardinal.com\/?p=4233#breadcrumb","itemListElement":[{"@type":"ListItem","position":1,"name":"Inicio","item":"https:\/\/elcardinal.com\/"},{"@type":"ListItem","position":2,"name":"El libro es una extensi\u00f3n de la memoria y de la imaginaci\u00f3n"}]},{"@type":"WebSite","@id":"https:\/\/elcardinal.com\/#website","url":"https:\/\/elcardinal.com\/","name":"El Cardinal","description":"Periodismo honesto, con valor, sentido humano, a veces sarc\u00e1stico y divertido.","publisher":{"@id":"https:\/\/elcardinal.com\/#organization"},"alternateName":"El Cardinal Noticias","potentialAction":[{"@type":"SearchAction","target":{"@type":"EntryPoint","urlTemplate":"https:\/\/elcardinal.com\/?s={search_term_string}"},"query-input":{"@type":"PropertyValueSpecification","valueRequired":true,"valueName":"search_term_string"}}],"inLanguage":"es"},{"@type":"Organization","@id":"https:\/\/elcardinal.com\/#organization","name":"El Cardinal","url":"https:\/\/elcardinal.com\/","logo":{"@type":"ImageObject","inLanguage":"es","@id":"https:\/\/elcardinal.com\/#\/schema\/logo\/image\/","url":"https:\/\/elcardinal.com\/wp-content\/uploads\/2025\/04\/LOGO-EL-CARDINAL-Periodismo-con-valor.png","contentUrl":"https:\/\/elcardinal.com\/wp-content\/uploads\/2025\/04\/LOGO-EL-CARDINAL-Periodismo-con-valor.png","width":755,"height":636,"caption":"El Cardinal"},"image":{"@id":"https:\/\/elcardinal.com\/#\/schema\/logo\/image\/"},"sameAs":["https:\/\/www.facebook.com\/profile.php?id=100063093107011","https:\/\/x.com\/ElCardinal_Mx"]},{"@type":"Person","@id":"https:\/\/elcardinal.com\/#\/schema\/person\/3c352ec0a33987fe275c0e8a2ea69f8b","name":"Antonio Alcaraz","image":{"@type":"ImageObject","inLanguage":"es","@id":"https:\/\/elcardinal.com\/#\/schema\/person\/image\/","url":"https:\/\/elcardinal.com\/wp-content\/uploads\/2025\/05\/cropped-TONO-96x96.jpg","contentUrl":"https:\/\/elcardinal.com\/wp-content\/uploads\/2025\/05\/cropped-TONO-96x96.jpg","caption":"Antonio Alcaraz"},"url":"https:\/\/elcardinal.com\/?author=2"}]}},"_links":{"self":[{"href":"https:\/\/elcardinal.com\/index.php?rest_route=\/wp\/v2\/posts\/4233","targetHints":{"allow":["GET"]}}],"collection":[{"href":"https:\/\/elcardinal.com\/index.php?rest_route=\/wp\/v2\/posts"}],"about":[{"href":"https:\/\/elcardinal.com\/index.php?rest_route=\/wp\/v2\/types\/post"}],"author":[{"embeddable":true,"href":"https:\/\/elcardinal.com\/index.php?rest_route=\/wp\/v2\/users\/2"}],"replies":[{"embeddable":true,"href":"https:\/\/elcardinal.com\/index.php?rest_route=%2Fwp%2Fv2%2Fcomments&post=4233"}],"version-history":[{"count":1,"href":"https:\/\/elcardinal.com\/index.php?rest_route=\/wp\/v2\/posts\/4233\/revisions"}],"predecessor-version":[{"id":4235,"href":"https:\/\/elcardinal.com\/index.php?rest_route=\/wp\/v2\/posts\/4233\/revisions\/4235"}],"wp:featuredmedia":[{"embeddable":true,"href":"https:\/\/elcardinal.com\/index.php?rest_route=\/wp\/v2\/media\/4234"}],"wp:attachment":[{"href":"https:\/\/elcardinal.com\/index.php?rest_route=%2Fwp%2Fv2%2Fmedia&parent=4233"}],"wp:term":[{"taxonomy":"category","embeddable":true,"href":"https:\/\/elcardinal.com\/index.php?rest_route=%2Fwp%2Fv2%2Fcategories&post=4233"},{"taxonomy":"post_tag","embeddable":true,"href":"https:\/\/elcardinal.com\/index.php?rest_route=%2Fwp%2Fv2%2Ftags&post=4233"}],"curies":[{"name":"wp","href":"https:\/\/api.w.org\/{rel}","templated":true}]}}