{"id":4236,"date":"2025-04-24T11:29:17","date_gmt":"2025-04-24T17:29:17","guid":{"rendered":"https:\/\/elcardinal.com\/?p=4236"},"modified":"2025-04-24T11:29:17","modified_gmt":"2025-04-24T17:29:17","slug":"huejutla-vibra-en-san-lazaro-con-cultura-sabor-y-corazon","status":"publish","type":"post","link":"https:\/\/elcardinal.com\/?p=4236","title":{"rendered":"Huejutla vibra en San L\u00e1zaro con cultura, sabor y coraz\u00f3n"},"content":{"rendered":"<p>By El Cardinalito<\/p>\n<p>El municipio de <strong>Huejutla de Reyes<\/strong> se hizo presente con orgullo en el Congreso de la Uni\u00f3n, dentro del marco de la exposici\u00f3n <strong>\u201cHidalgo en San L\u00e1zaro\u201d<\/strong>, un espacio dedicado a mostrar la riqueza cultural, gastron\u00f3mica y artesanal del estado. En esta significativa jornada, el municipio llev\u00f3 una muestra representativa de su identidad, destacando la preparaci\u00f3n tradicional del zacahuil, as\u00ed como una colorida exposici\u00f3n de artesan\u00edas de bordado, tallado en madera, alfarer\u00eda y tejidos aplicados en muebles, todos ellos elaborados por manos huejutlenses.<\/p>\n<p>&nbsp;<\/p>\n<p>Uno de los momentos m\u00e1s significativos fue la participaci\u00f3n de artesanos originarios de las comunidades ind\u00edgenas de Huejutla, quienes con orgullo presentaron sus creaciones ante representantes de todo el pa\u00eds, enalteciendo y poniendo en alto el nombre de Huejutla de Reyes a trav\u00e9s del arte, la tradici\u00f3n y el trabajo comunitario.<\/p>\n<p>&nbsp;<\/p>\n<p>En representaci\u00f3n del Presidente Municipal, Lic. Jos\u00e9 Alfredo San Rom\u00e1n Duval, asisti\u00f3 el maestro Andr\u00e9s Arenas Mej\u00eda, quien refrend\u00f3 el compromiso de seguir promoviendo y difundiendo las expresiones culturales de Huejutla a nivel estatal y nacional.<\/p>\n<p>&nbsp;<\/p>\n<p>La inauguraci\u00f3n de esta muestra cont\u00f3 con la presencia del gobernador del estado, Julio Menchaca Salazar, quien reconoci\u00f3 la importancia de dar proyecci\u00f3n nacional a las culturas vivas que fortalecen el esp\u00edritu hidalguense. Tambi\u00e9n se cont\u00f3 con la participaci\u00f3n de la secretaria de Cultura, Neyda Naranjo Baltazar, as\u00ed como del Diputado Federal Daniel Andrade Zurutuza, impulsor de esta exposici\u00f3n, y la Senadora Simey Olvera, entre otros funcionarios y representantes de la regi\u00f3n Huasteca.<\/p>\n<p>&nbsp;<\/p>\n<p>Este evento no solo sirvi\u00f3 para enaltecer la riqueza de Hidalgo, sino tambi\u00e9n para posicionar a Huejutla como un referente cultural de la Huasteca, mostrando al pa\u00eds sus tradiciones, su talento artesanal y su gastronom\u00eda.<\/p>\n","protected":false},"excerpt":{"rendered":"<p>By El Cardinalito El municipio de Huejutla de Reyes se hizo presente con orgullo en el Congreso de la Uni\u00f3n, dentro del marco de la exposici\u00f3n \u201cHidalgo en San L\u00e1zaro\u201d, un espacio dedicado a mostrar la riqueza cultural, gastron\u00f3mica y artesanal del estado. En esta significativa jornada, el municipio llev\u00f3 una muestra representativa de su<\/p>\n","protected":false},"author":2,"featured_media":4237,"comment_status":"open","ping_status":"open","sticky":false,"template":"","format":"standard","meta":{"footnotes":""},"categories":[44,33],"tags":[60,58,59],"class_list":{"0":"post-4236","1":"post","2":"type-post","3":"status-publish","4":"format-standard","5":"has-post-thumbnail","7":"category-minuto-a-minuto","8":"category-regiones","9":"tag-alfredo-san-roman","10":"tag-hidalgo-en-san-lazaro","11":"tag-huejutla"},"yoast_head":"<!-- This site is optimized with the Yoast SEO plugin v26.1.1 - https:\/\/yoast.com\/wordpress\/plugins\/seo\/ -->\n<title>Huejutla vibra en San L\u00e1zaro con cultura, sabor y coraz\u00f3n - El Cardinal<\/title>\n<meta name=\"robots\" content=\"index, follow, max-snippet:-1, max-image-preview:large, max-video-preview:-1\" \/>\n<link rel=\"canonical\" href=\"https:\/\/elcardinal.com\/?p=4236\" \/>\n<meta property=\"og:locale\" content=\"es_MX\" \/>\n<meta property=\"og:type\" content=\"article\" \/>\n<meta property=\"og:title\" content=\"Huejutla vibra en San L\u00e1zaro con cultura, sabor y coraz\u00f3n - El Cardinal\" \/>\n<meta property=\"og:description\" content=\"By El Cardinalito El municipio de Huejutla de Reyes se hizo presente con orgullo en el Congreso de la Uni\u00f3n, dentro del marco de la exposici\u00f3n \u201cHidalgo en San L\u00e1zaro\u201d, un espacio dedicado a mostrar la riqueza cultural, gastron\u00f3mica y artesanal del estado. En esta significativa jornada, el municipio llev\u00f3 una muestra representativa de su\" \/>\n<meta property=\"og:url\" content=\"https:\/\/elcardinal.com\/?p=4236\" \/>\n<meta property=\"og:site_name\" content=\"El Cardinal\" \/>\n<meta property=\"article:publisher\" content=\"https:\/\/www.facebook.com\/profile.php?id=100063093107011\" \/>\n<meta property=\"article:published_time\" content=\"2025-04-24T17:29:17+00:00\" \/>\n<meta property=\"og:image\" content=\"https:\/\/elcardinal.com\/wp-content\/uploads\/2025\/04\/WhatsApp-Image-2025-04-23-at-12.39.14-PM-1.jpeg\" \/>\n\t<meta property=\"og:image:width\" content=\"1600\" \/>\n\t<meta property=\"og:image:height\" content=\"1066\" \/>\n\t<meta property=\"og:image:type\" content=\"image\/jpeg\" \/>\n<meta name=\"author\" content=\"Antonio Alcaraz\" \/>\n<meta name=\"twitter:card\" content=\"summary_large_image\" \/>\n<meta name=\"twitter:creator\" content=\"@ElCardinal_Mx\" \/>\n<meta name=\"twitter:site\" content=\"@ElCardinal_Mx\" \/>\n<meta name=\"twitter:label1\" content=\"Escrito por\" \/>\n\t<meta name=\"twitter:data1\" content=\"Antonio Alcaraz\" \/>\n\t<meta name=\"twitter:label2\" content=\"Tiempo de lectura\" \/>\n\t<meta name=\"twitter:data2\" content=\"2 minutos\" \/>\n<script type=\"application\/ld+json\" class=\"yoast-schema-graph\">{\"@context\":\"https:\/\/schema.org\",\"@graph\":[{\"@type\":\"Article\",\"@id\":\"https:\/\/elcardinal.com\/?p=4236#article\",\"isPartOf\":{\"@id\":\"https:\/\/elcardinal.com\/?p=4236\"},\"author\":{\"name\":\"Antonio Alcaraz\",\"@id\":\"https:\/\/elcardinal.com\/#\/schema\/person\/3c352ec0a33987fe275c0e8a2ea69f8b\"},\"headline\":\"Huejutla vibra en San L\u00e1zaro con cultura, sabor y coraz\u00f3n\",\"datePublished\":\"2025-04-24T17:29:17+00:00\",\"mainEntityOfPage\":{\"@id\":\"https:\/\/elcardinal.com\/?p=4236\"},\"wordCount\":325,\"commentCount\":0,\"publisher\":{\"@id\":\"https:\/\/elcardinal.com\/#organization\"},\"image\":{\"@id\":\"https:\/\/elcardinal.com\/?p=4236#primaryimage\"},\"thumbnailUrl\":\"https:\/\/elcardinal.com\/wp-content\/uploads\/2025\/04\/WhatsApp-Image-2025-04-23-at-12.39.14-PM-1.jpeg\",\"keywords\":[\"Alfredo San Rom\u00e1n\",\"Hidalgo en San L\u00e1zaro\",\"Huejutla\"],\"articleSection\":[\"Minuto a Minuto\",\"Regiones\"],\"inLanguage\":\"es\",\"potentialAction\":[{\"@type\":\"CommentAction\",\"name\":\"Comment\",\"target\":[\"https:\/\/elcardinal.com\/?p=4236#respond\"]}]},{\"@type\":\"WebPage\",\"@id\":\"https:\/\/elcardinal.com\/?p=4236\",\"url\":\"https:\/\/elcardinal.com\/?p=4236\",\"name\":\"Huejutla vibra en San L\u00e1zaro con cultura, sabor y coraz\u00f3n - El Cardinal\",\"isPartOf\":{\"@id\":\"https:\/\/elcardinal.com\/#website\"},\"primaryImageOfPage\":{\"@id\":\"https:\/\/elcardinal.com\/?p=4236#primaryimage\"},\"image\":{\"@id\":\"https:\/\/elcardinal.com\/?p=4236#primaryimage\"},\"thumbnailUrl\":\"https:\/\/elcardinal.com\/wp-content\/uploads\/2025\/04\/WhatsApp-Image-2025-04-23-at-12.39.14-PM-1.jpeg\",\"datePublished\":\"2025-04-24T17:29:17+00:00\",\"breadcrumb\":{\"@id\":\"https:\/\/elcardinal.com\/?p=4236#breadcrumb\"},\"inLanguage\":\"es\",\"potentialAction\":[{\"@type\":\"ReadAction\",\"target\":[\"https:\/\/elcardinal.com\/?p=4236\"]}]},{\"@type\":\"ImageObject\",\"inLanguage\":\"es\",\"@id\":\"https:\/\/elcardinal.com\/?p=4236#primaryimage\",\"url\":\"https:\/\/elcardinal.com\/wp-content\/uploads\/2025\/04\/WhatsApp-Image-2025-04-23-at-12.39.14-PM-1.jpeg\",\"contentUrl\":\"https:\/\/elcardinal.com\/wp-content\/uploads\/2025\/04\/WhatsApp-Image-2025-04-23-at-12.39.14-PM-1.jpeg\",\"width\":1600,\"height\":1066},{\"@type\":\"BreadcrumbList\",\"@id\":\"https:\/\/elcardinal.com\/?p=4236#breadcrumb\",\"itemListElement\":[{\"@type\":\"ListItem\",\"position\":1,\"name\":\"Inicio\",\"item\":\"https:\/\/elcardinal.com\/\"},{\"@type\":\"ListItem\",\"position\":2,\"name\":\"Huejutla vibra en San L\u00e1zaro con cultura, sabor y coraz\u00f3n\"}]},{\"@type\":\"WebSite\",\"@id\":\"https:\/\/elcardinal.com\/#website\",\"url\":\"https:\/\/elcardinal.com\/\",\"name\":\"El Cardinal\",\"description\":\"Periodismo honesto, con valor, sentido humano, a veces sarc\u00e1stico y divertido.\",\"publisher\":{\"@id\":\"https:\/\/elcardinal.com\/#organization\"},\"alternateName\":\"El Cardinal Noticias\",\"potentialAction\":[{\"@type\":\"SearchAction\",\"target\":{\"@type\":\"EntryPoint\",\"urlTemplate\":\"https:\/\/elcardinal.com\/?s={search_term_string}\"},\"query-input\":{\"@type\":\"PropertyValueSpecification\",\"valueRequired\":true,\"valueName\":\"search_term_string\"}}],\"inLanguage\":\"es\"},{\"@type\":\"Organization\",\"@id\":\"https:\/\/elcardinal.com\/#organization\",\"name\":\"El Cardinal\",\"url\":\"https:\/\/elcardinal.com\/\",\"logo\":{\"@type\":\"ImageObject\",\"inLanguage\":\"es\",\"@id\":\"https:\/\/elcardinal.com\/#\/schema\/logo\/image\/\",\"url\":\"https:\/\/elcardinal.com\/wp-content\/uploads\/2025\/04\/LOGO-EL-CARDINAL-Periodismo-con-valor.png\",\"contentUrl\":\"https:\/\/elcardinal.com\/wp-content\/uploads\/2025\/04\/LOGO-EL-CARDINAL-Periodismo-con-valor.png\",\"width\":755,\"height\":636,\"caption\":\"El Cardinal\"},\"image\":{\"@id\":\"https:\/\/elcardinal.com\/#\/schema\/logo\/image\/\"},\"sameAs\":[\"https:\/\/www.facebook.com\/profile.php?id=100063093107011\",\"https:\/\/x.com\/ElCardinal_Mx\"]},{\"@type\":\"Person\",\"@id\":\"https:\/\/elcardinal.com\/#\/schema\/person\/3c352ec0a33987fe275c0e8a2ea69f8b\",\"name\":\"Antonio Alcaraz\",\"image\":{\"@type\":\"ImageObject\",\"inLanguage\":\"es\",\"@id\":\"https:\/\/elcardinal.com\/#\/schema\/person\/image\/\",\"url\":\"https:\/\/elcardinal.com\/wp-content\/uploads\/2025\/05\/cropped-TONO-96x96.jpg\",\"contentUrl\":\"https:\/\/elcardinal.com\/wp-content\/uploads\/2025\/05\/cropped-TONO-96x96.jpg\",\"caption\":\"Antonio Alcaraz\"},\"url\":\"https:\/\/elcardinal.com\/?author=2\"}]}<\/script>\n<!-- \/ Yoast SEO plugin. -->","yoast_head_json":{"title":"Huejutla vibra en San L\u00e1zaro con cultura, sabor y coraz\u00f3n - El Cardinal","robots":{"index":"index","follow":"follow","max-snippet":"max-snippet:-1","max-image-preview":"max-image-preview:large","max-video-preview":"max-video-preview:-1"},"canonical":"https:\/\/elcardinal.com\/?p=4236","og_locale":"es_MX","og_type":"article","og_title":"Huejutla vibra en San L\u00e1zaro con cultura, sabor y coraz\u00f3n - El Cardinal","og_description":"By El Cardinalito El municipio de Huejutla de Reyes se hizo presente con orgullo en el Congreso de la Uni\u00f3n, dentro del marco de la exposici\u00f3n \u201cHidalgo en San L\u00e1zaro\u201d, un espacio dedicado a mostrar la riqueza cultural, gastron\u00f3mica y artesanal del estado. En esta significativa jornada, el municipio llev\u00f3 una muestra representativa de su","og_url":"https:\/\/elcardinal.com\/?p=4236","og_site_name":"El Cardinal","article_publisher":"https:\/\/www.facebook.com\/profile.php?id=100063093107011","article_published_time":"2025-04-24T17:29:17+00:00","og_image":[{"width":1600,"height":1066,"url":"https:\/\/elcardinal.com\/wp-content\/uploads\/2025\/04\/WhatsApp-Image-2025-04-23-at-12.39.14-PM-1.jpeg","type":"image\/jpeg"}],"author":"Antonio Alcaraz","twitter_card":"summary_large_image","twitter_creator":"@ElCardinal_Mx","twitter_site":"@ElCardinal_Mx","twitter_misc":{"Escrito por":"Antonio Alcaraz","Tiempo de lectura":"2 minutos"},"schema":{"@context":"https:\/\/schema.org","@graph":[{"@type":"Article","@id":"https:\/\/elcardinal.com\/?p=4236#article","isPartOf":{"@id":"https:\/\/elcardinal.com\/?p=4236"},"author":{"name":"Antonio Alcaraz","@id":"https:\/\/elcardinal.com\/#\/schema\/person\/3c352ec0a33987fe275c0e8a2ea69f8b"},"headline":"Huejutla vibra en San L\u00e1zaro con cultura, sabor y coraz\u00f3n","datePublished":"2025-04-24T17:29:17+00:00","mainEntityOfPage":{"@id":"https:\/\/elcardinal.com\/?p=4236"},"wordCount":325,"commentCount":0,"publisher":{"@id":"https:\/\/elcardinal.com\/#organization"},"image":{"@id":"https:\/\/elcardinal.com\/?p=4236#primaryimage"},"thumbnailUrl":"https:\/\/elcardinal.com\/wp-content\/uploads\/2025\/04\/WhatsApp-Image-2025-04-23-at-12.39.14-PM-1.jpeg","keywords":["Alfredo San Rom\u00e1n","Hidalgo en San L\u00e1zaro","Huejutla"],"articleSection":["Minuto a Minuto","Regiones"],"inLanguage":"es","potentialAction":[{"@type":"CommentAction","name":"Comment","target":["https:\/\/elcardinal.com\/?p=4236#respond"]}]},{"@type":"WebPage","@id":"https:\/\/elcardinal.com\/?p=4236","url":"https:\/\/elcardinal.com\/?p=4236","name":"Huejutla vibra en San L\u00e1zaro con cultura, sabor y coraz\u00f3n - El Cardinal","isPartOf":{"@id":"https:\/\/elcardinal.com\/#website"},"primaryImageOfPage":{"@id":"https:\/\/elcardinal.com\/?p=4236#primaryimage"},"image":{"@id":"https:\/\/elcardinal.com\/?p=4236#primaryimage"},"thumbnailUrl":"https:\/\/elcardinal.com\/wp-content\/uploads\/2025\/04\/WhatsApp-Image-2025-04-23-at-12.39.14-PM-1.jpeg","datePublished":"2025-04-24T17:29:17+00:00","breadcrumb":{"@id":"https:\/\/elcardinal.com\/?p=4236#breadcrumb"},"inLanguage":"es","potentialAction":[{"@type":"ReadAction","target":["https:\/\/elcardinal.com\/?p=4236"]}]},{"@type":"ImageObject","inLanguage":"es","@id":"https:\/\/elcardinal.com\/?p=4236#primaryimage","url":"https:\/\/elcardinal.com\/wp-content\/uploads\/2025\/04\/WhatsApp-Image-2025-04-23-at-12.39.14-PM-1.jpeg","contentUrl":"https:\/\/elcardinal.com\/wp-content\/uploads\/2025\/04\/WhatsApp-Image-2025-04-23-at-12.39.14-PM-1.jpeg","width":1600,"height":1066},{"@type":"BreadcrumbList","@id":"https:\/\/elcardinal.com\/?p=4236#breadcrumb","itemListElement":[{"@type":"ListItem","position":1,"name":"Inicio","item":"https:\/\/elcardinal.com\/"},{"@type":"ListItem","position":2,"name":"Huejutla vibra en San L\u00e1zaro con cultura, sabor y coraz\u00f3n"}]},{"@type":"WebSite","@id":"https:\/\/elcardinal.com\/#website","url":"https:\/\/elcardinal.com\/","name":"El Cardinal","description":"Periodismo honesto, con valor, sentido humano, a veces sarc\u00e1stico y divertido.","publisher":{"@id":"https:\/\/elcardinal.com\/#organization"},"alternateName":"El Cardinal Noticias","potentialAction":[{"@type":"SearchAction","target":{"@type":"EntryPoint","urlTemplate":"https:\/\/elcardinal.com\/?s={search_term_string}"},"query-input":{"@type":"PropertyValueSpecification","valueRequired":true,"valueName":"search_term_string"}}],"inLanguage":"es"},{"@type":"Organization","@id":"https:\/\/elcardinal.com\/#organization","name":"El Cardinal","url":"https:\/\/elcardinal.com\/","logo":{"@type":"ImageObject","inLanguage":"es","@id":"https:\/\/elcardinal.com\/#\/schema\/logo\/image\/","url":"https:\/\/elcardinal.com\/wp-content\/uploads\/2025\/04\/LOGO-EL-CARDINAL-Periodismo-con-valor.png","contentUrl":"https:\/\/elcardinal.com\/wp-content\/uploads\/2025\/04\/LOGO-EL-CARDINAL-Periodismo-con-valor.png","width":755,"height":636,"caption":"El Cardinal"},"image":{"@id":"https:\/\/elcardinal.com\/#\/schema\/logo\/image\/"},"sameAs":["https:\/\/www.facebook.com\/profile.php?id=100063093107011","https:\/\/x.com\/ElCardinal_Mx"]},{"@type":"Person","@id":"https:\/\/elcardinal.com\/#\/schema\/person\/3c352ec0a33987fe275c0e8a2ea69f8b","name":"Antonio Alcaraz","image":{"@type":"ImageObject","inLanguage":"es","@id":"https:\/\/elcardinal.com\/#\/schema\/person\/image\/","url":"https:\/\/elcardinal.com\/wp-content\/uploads\/2025\/05\/cropped-TONO-96x96.jpg","contentUrl":"https:\/\/elcardinal.com\/wp-content\/uploads\/2025\/05\/cropped-TONO-96x96.jpg","caption":"Antonio Alcaraz"},"url":"https:\/\/elcardinal.com\/?author=2"}]}},"_links":{"self":[{"href":"https:\/\/elcardinal.com\/index.php?rest_route=\/wp\/v2\/posts\/4236","targetHints":{"allow":["GET"]}}],"collection":[{"href":"https:\/\/elcardinal.com\/index.php?rest_route=\/wp\/v2\/posts"}],"about":[{"href":"https:\/\/elcardinal.com\/index.php?rest_route=\/wp\/v2\/types\/post"}],"author":[{"embeddable":true,"href":"https:\/\/elcardinal.com\/index.php?rest_route=\/wp\/v2\/users\/2"}],"replies":[{"embeddable":true,"href":"https:\/\/elcardinal.com\/index.php?rest_route=%2Fwp%2Fv2%2Fcomments&post=4236"}],"version-history":[{"count":1,"href":"https:\/\/elcardinal.com\/index.php?rest_route=\/wp\/v2\/posts\/4236\/revisions"}],"predecessor-version":[{"id":4238,"href":"https:\/\/elcardinal.com\/index.php?rest_route=\/wp\/v2\/posts\/4236\/revisions\/4238"}],"wp:featuredmedia":[{"embeddable":true,"href":"https:\/\/elcardinal.com\/index.php?rest_route=\/wp\/v2\/media\/4237"}],"wp:attachment":[{"href":"https:\/\/elcardinal.com\/index.php?rest_route=%2Fwp%2Fv2%2Fmedia&parent=4236"}],"wp:term":[{"taxonomy":"category","embeddable":true,"href":"https:\/\/elcardinal.com\/index.php?rest_route=%2Fwp%2Fv2%2Fcategories&post=4236"},{"taxonomy":"post_tag","embeddable":true,"href":"https:\/\/elcardinal.com\/index.php?rest_route=%2Fwp%2Fv2%2Ftags&post=4236"}],"curies":[{"name":"wp","href":"https:\/\/api.w.org\/{rel}","templated":true}]}}