{"id":4239,"date":"2025-04-24T12:26:15","date_gmt":"2025-04-24T18:26:15","guid":{"rendered":"https:\/\/elcardinal.com\/?p=4239"},"modified":"2025-04-24T12:26:15","modified_gmt":"2025-04-24T18:26:15","slug":"proponen-reducir-jornada-laboral-de-48-a-40-horas-en-hidalgo-no-es-trabajar-menos-es-vivir-mejor","status":"publish","type":"post","link":"https:\/\/elcardinal.com\/?p=4239","title":{"rendered":"Proponen reducir jornada laboral de 48 a 40 horas en Hidalgo: &#8216;No es trabajar menos, es vivir mejor&#8217;"},"content":{"rendered":"<p class=\"\" data-start=\"0\" data-end=\"118\"><b>Por: Jos\u00e9 Antonio Alcaraz Su\u00e1rez\u00a0<\/b><\/p>\n<p class=\"\" data-start=\"120\" data-end=\"476\"><strong data-start=\"120\" data-end=\"138\">Pachuca, Hgo.\u2014<\/strong> En un llamado a la dignidad laboral y la justicia social, el diputado <strong>Avelino Tovar Iglesias<\/strong>, del <strong>Partido Verde Ecologista de M\u00e9xico (PVEM),<\/strong> present\u00f3 ante el Congreso de Hidalgo una iniciativa que busca reducir la jornada laboral de <em>48 a 40 horas semanales para trabajadores del gobierno estatal, municipal y organismos descentralizados<\/em>.<\/p>\n<p class=\"\" data-start=\"478\" data-end=\"772\">Durante su intervenci\u00f3n en tribuna,<strong> Tovar Iglesias<\/strong> subray\u00f3 que se trata de una propuesta con fondo humano, no solo legal, y enfatiz\u00f3 que el bienestar debe ser el eje de cualquier pol\u00edtica p\u00fablica moderna. <em data-start=\"683\" data-end=\"763\">\u201cEsta iniciativa no trata \u00fanicamente de trabajar menos, trata de vivir mejor\u201d,<\/em> declar\u00f3.<\/p>\n<p class=\"\" data-start=\"774\" data-end=\"1083\">El legislador se\u00f1al\u00f3 que actualmente miles de trabajadores hidalguenses laboran jornadas extensas, incluso durante fines de semana, lo que afecta su salud f\u00edsica y mental, su vida familiar y su productividad. <em data-start=\"983\" data-end=\"1075\">\u201cEso no solo es injusto, es insostenible y contrario al esp\u00edritu de nuestra Constituci\u00f3n\u201d,<\/em> afirm\u00f3.<\/p>\n<p class=\"\" data-start=\"1085\" data-end=\"1414\">La propuesta del PVEM se basa en recomendaciones de organismos internacionales como la<strong> Organizaci\u00f3n Internacional del Trabajo (OIT)<\/strong> y en experiencias exitosas de pa\u00edses como Francia, Alemania, Ecuador y Colombia, donde se ha demostrado que una jornada m\u00e1s corta puede mejorar la productividad sin frenar el crecimiento econ\u00f3mico.<\/p>\n<p class=\"\" data-start=\"1416\" data-end=\"1608\"><em data-start=\"1416\" data-end=\"1594\">\u201cMenos estr\u00e9s, menos tr\u00e1fico, menos contaminaci\u00f3n y sobre todo menos desigualdad, especialmente para las mujeres, quienes enfrentan dobles o triples jornadas al llegar a casa\u201d,<\/em> a\u00f1adi\u00f3 Tovar.<\/p>\n<p class=\"\" data-start=\"1610\" data-end=\"1816\">El diputado hizo un llamado a todas las fuerzas pol\u00edticas del <strong>Congreso local<\/strong> para sumar voluntades m\u00e1s all\u00e1 de ideolog\u00edas. <em data-start=\"1733\" data-end=\"1807\">\u201cNo tenemos que administrar inercias, venimos a transformar realidades\u201d,<\/em> expres\u00f3.<\/p>\n<p class=\"\" data-start=\"1818\" data-end=\"2132\">Finalmente, la iniciativa fue turnada a la primera comisi\u00f3n permanente de Legislaci\u00f3n y Puntos Constitucionales para su an\u00e1lisis. Tovar concluy\u00f3 con un mensaje contundente: <em data-start=\"1991\" data-end=\"2132\">\u201cHagamos historia, compa\u00f1eras y compa\u00f1eros, porque cuando la causa es justa, la \u00fanica bandera que va a ondear es la del pueblo de Hidalgo\u201d.<\/em><\/p>\n<p class=\"\" data-start=\"2134\" data-end=\"2211\">#JornadaLaboral40Horas #HidalgoAvanza #DignidadLaboral #PVEM #CongresoHidalgo<\/p>\n","protected":false},"excerpt":{"rendered":"<p>Por: Jos\u00e9 Antonio Alcaraz Su\u00e1rez\u00a0 Pachuca, Hgo.\u2014 En un llamado a la dignidad laboral y la justicia social, el diputado Avelino Tovar Iglesias, del Partido Verde Ecologista de M\u00e9xico (PVEM), present\u00f3 ante el Congreso de Hidalgo una iniciativa que busca reducir la jornada laboral de 48 a 40 horas semanales para trabajadores del gobierno estatal,<\/p>\n","protected":false},"author":2,"featured_media":4240,"comment_status":"open","ping_status":"open","sticky":false,"template":"","format":"standard","meta":{"footnotes":""},"categories":[31,44,39],"tags":[61,62,63],"class_list":{"0":"post-4239","1":"post","2":"type-post","3":"status-publish","4":"format-standard","5":"has-post-thumbnail","7":"category-hidalgo","8":"category-minuto-a-minuto","9":"category-politica","10":"tag-avelino-tovar","11":"tag-congreso-de-hidalgo","12":"tag-jornada-laboral"},"yoast_head":"<!-- This site is optimized with the Yoast SEO plugin v26.1.1 - https:\/\/yoast.com\/wordpress\/plugins\/seo\/ -->\n<title>Proponen reducir jornada laboral de 48 a 40 horas en Hidalgo: &#039;No es trabajar menos, es vivir mejor&#039; - El Cardinal<\/title>\n<meta name=\"robots\" content=\"index, follow, max-snippet:-1, max-image-preview:large, max-video-preview:-1\" \/>\n<link rel=\"canonical\" href=\"https:\/\/elcardinal.com\/?p=4239\" \/>\n<meta property=\"og:locale\" content=\"es_MX\" \/>\n<meta property=\"og:type\" content=\"article\" \/>\n<meta property=\"og:title\" content=\"Proponen reducir jornada laboral de 48 a 40 horas en Hidalgo: &#039;No es trabajar menos, es vivir mejor&#039; - El Cardinal\" \/>\n<meta property=\"og:description\" content=\"Por: Jos\u00e9 Antonio Alcaraz Su\u00e1rez\u00a0 Pachuca, Hgo.\u2014 En un llamado a la dignidad laboral y la justicia social, el diputado Avelino Tovar Iglesias, del Partido Verde Ecologista de M\u00e9xico (PVEM), present\u00f3 ante el Congreso de Hidalgo una iniciativa que busca reducir la jornada laboral de 48 a 40 horas semanales para trabajadores del gobierno estatal,\" \/>\n<meta property=\"og:url\" content=\"https:\/\/elcardinal.com\/?p=4239\" \/>\n<meta property=\"og:site_name\" content=\"El Cardinal\" \/>\n<meta property=\"article:publisher\" content=\"https:\/\/www.facebook.com\/profile.php?id=100063093107011\" \/>\n<meta property=\"article:published_time\" content=\"2025-04-24T18:26:15+00:00\" \/>\n<meta property=\"og:image\" content=\"https:\/\/elcardinal.com\/wp-content\/uploads\/2025\/04\/WhatsApp-Image-2025-04-24-at-12.25.03-PM.jpeg\" \/>\n\t<meta property=\"og:image:width\" content=\"1280\" \/>\n\t<meta property=\"og:image:height\" content=\"1280\" \/>\n\t<meta property=\"og:image:type\" content=\"image\/jpeg\" \/>\n<meta name=\"author\" content=\"Antonio Alcaraz\" \/>\n<meta name=\"twitter:card\" content=\"summary_large_image\" \/>\n<meta name=\"twitter:creator\" content=\"@ElCardinal_Mx\" \/>\n<meta name=\"twitter:site\" content=\"@ElCardinal_Mx\" \/>\n<meta name=\"twitter:label1\" content=\"Escrito por\" \/>\n\t<meta name=\"twitter:data1\" content=\"Antonio Alcaraz\" \/>\n\t<meta name=\"twitter:label2\" content=\"Tiempo de lectura\" \/>\n\t<meta name=\"twitter:data2\" content=\"2 minutos\" \/>\n<script type=\"application\/ld+json\" class=\"yoast-schema-graph\">{\"@context\":\"https:\/\/schema.org\",\"@graph\":[{\"@type\":\"Article\",\"@id\":\"https:\/\/elcardinal.com\/?p=4239#article\",\"isPartOf\":{\"@id\":\"https:\/\/elcardinal.com\/?p=4239\"},\"author\":{\"name\":\"Antonio Alcaraz\",\"@id\":\"https:\/\/elcardinal.com\/#\/schema\/person\/3c352ec0a33987fe275c0e8a2ea69f8b\"},\"headline\":\"Proponen reducir jornada laboral de 48 a 40 horas en Hidalgo: &#8216;No es trabajar menos, es vivir mejor&#8217;\",\"datePublished\":\"2025-04-24T18:26:15+00:00\",\"mainEntityOfPage\":{\"@id\":\"https:\/\/elcardinal.com\/?p=4239\"},\"wordCount\":350,\"commentCount\":0,\"publisher\":{\"@id\":\"https:\/\/elcardinal.com\/#organization\"},\"image\":{\"@id\":\"https:\/\/elcardinal.com\/?p=4239#primaryimage\"},\"thumbnailUrl\":\"https:\/\/elcardinal.com\/wp-content\/uploads\/2025\/04\/WhatsApp-Image-2025-04-24-at-12.25.03-PM.jpeg\",\"keywords\":[\"Avelino Tovar\",\"Congreso de Hidalgo\",\"Jornada Laboral\"],\"articleSection\":[\"Hidalgo\",\"Minuto a Minuto\",\"Pol\u00edtica\"],\"inLanguage\":\"es\",\"potentialAction\":[{\"@type\":\"CommentAction\",\"name\":\"Comment\",\"target\":[\"https:\/\/elcardinal.com\/?p=4239#respond\"]}]},{\"@type\":\"WebPage\",\"@id\":\"https:\/\/elcardinal.com\/?p=4239\",\"url\":\"https:\/\/elcardinal.com\/?p=4239\",\"name\":\"Proponen reducir jornada laboral de 48 a 40 horas en Hidalgo: 'No es trabajar menos, es vivir mejor' - El Cardinal\",\"isPartOf\":{\"@id\":\"https:\/\/elcardinal.com\/#website\"},\"primaryImageOfPage\":{\"@id\":\"https:\/\/elcardinal.com\/?p=4239#primaryimage\"},\"image\":{\"@id\":\"https:\/\/elcardinal.com\/?p=4239#primaryimage\"},\"thumbnailUrl\":\"https:\/\/elcardinal.com\/wp-content\/uploads\/2025\/04\/WhatsApp-Image-2025-04-24-at-12.25.03-PM.jpeg\",\"datePublished\":\"2025-04-24T18:26:15+00:00\",\"breadcrumb\":{\"@id\":\"https:\/\/elcardinal.com\/?p=4239#breadcrumb\"},\"inLanguage\":\"es\",\"potentialAction\":[{\"@type\":\"ReadAction\",\"target\":[\"https:\/\/elcardinal.com\/?p=4239\"]}]},{\"@type\":\"ImageObject\",\"inLanguage\":\"es\",\"@id\":\"https:\/\/elcardinal.com\/?p=4239#primaryimage\",\"url\":\"https:\/\/elcardinal.com\/wp-content\/uploads\/2025\/04\/WhatsApp-Image-2025-04-24-at-12.25.03-PM.jpeg\",\"contentUrl\":\"https:\/\/elcardinal.com\/wp-content\/uploads\/2025\/04\/WhatsApp-Image-2025-04-24-at-12.25.03-PM.jpeg\",\"width\":1280,\"height\":1280},{\"@type\":\"BreadcrumbList\",\"@id\":\"https:\/\/elcardinal.com\/?p=4239#breadcrumb\",\"itemListElement\":[{\"@type\":\"ListItem\",\"position\":1,\"name\":\"Inicio\",\"item\":\"https:\/\/elcardinal.com\/\"},{\"@type\":\"ListItem\",\"position\":2,\"name\":\"Proponen reducir jornada laboral de 48 a 40 horas en Hidalgo: &#8216;No es trabajar menos, es vivir mejor&#8217;\"}]},{\"@type\":\"WebSite\",\"@id\":\"https:\/\/elcardinal.com\/#website\",\"url\":\"https:\/\/elcardinal.com\/\",\"name\":\"El Cardinal\",\"description\":\"Periodismo honesto, con valor, sentido humano, a veces sarc\u00e1stico y divertido.\",\"publisher\":{\"@id\":\"https:\/\/elcardinal.com\/#organization\"},\"alternateName\":\"El Cardinal Noticias\",\"potentialAction\":[{\"@type\":\"SearchAction\",\"target\":{\"@type\":\"EntryPoint\",\"urlTemplate\":\"https:\/\/elcardinal.com\/?s={search_term_string}\"},\"query-input\":{\"@type\":\"PropertyValueSpecification\",\"valueRequired\":true,\"valueName\":\"search_term_string\"}}],\"inLanguage\":\"es\"},{\"@type\":\"Organization\",\"@id\":\"https:\/\/elcardinal.com\/#organization\",\"name\":\"El Cardinal\",\"url\":\"https:\/\/elcardinal.com\/\",\"logo\":{\"@type\":\"ImageObject\",\"inLanguage\":\"es\",\"@id\":\"https:\/\/elcardinal.com\/#\/schema\/logo\/image\/\",\"url\":\"https:\/\/elcardinal.com\/wp-content\/uploads\/2025\/04\/LOGO-EL-CARDINAL-Periodismo-con-valor.png\",\"contentUrl\":\"https:\/\/elcardinal.com\/wp-content\/uploads\/2025\/04\/LOGO-EL-CARDINAL-Periodismo-con-valor.png\",\"width\":755,\"height\":636,\"caption\":\"El Cardinal\"},\"image\":{\"@id\":\"https:\/\/elcardinal.com\/#\/schema\/logo\/image\/\"},\"sameAs\":[\"https:\/\/www.facebook.com\/profile.php?id=100063093107011\",\"https:\/\/x.com\/ElCardinal_Mx\"]},{\"@type\":\"Person\",\"@id\":\"https:\/\/elcardinal.com\/#\/schema\/person\/3c352ec0a33987fe275c0e8a2ea69f8b\",\"name\":\"Antonio Alcaraz\",\"image\":{\"@type\":\"ImageObject\",\"inLanguage\":\"es\",\"@id\":\"https:\/\/elcardinal.com\/#\/schema\/person\/image\/\",\"url\":\"https:\/\/elcardinal.com\/wp-content\/uploads\/2025\/05\/cropped-TONO-96x96.jpg\",\"contentUrl\":\"https:\/\/elcardinal.com\/wp-content\/uploads\/2025\/05\/cropped-TONO-96x96.jpg\",\"caption\":\"Antonio Alcaraz\"},\"url\":\"https:\/\/elcardinal.com\/?author=2\"}]}<\/script>\n<!-- \/ Yoast SEO plugin. -->","yoast_head_json":{"title":"Proponen reducir jornada laboral de 48 a 40 horas en Hidalgo: 'No es trabajar menos, es vivir mejor' - El Cardinal","robots":{"index":"index","follow":"follow","max-snippet":"max-snippet:-1","max-image-preview":"max-image-preview:large","max-video-preview":"max-video-preview:-1"},"canonical":"https:\/\/elcardinal.com\/?p=4239","og_locale":"es_MX","og_type":"article","og_title":"Proponen reducir jornada laboral de 48 a 40 horas en Hidalgo: 'No es trabajar menos, es vivir mejor' - El Cardinal","og_description":"Por: Jos\u00e9 Antonio Alcaraz Su\u00e1rez\u00a0 Pachuca, Hgo.\u2014 En un llamado a la dignidad laboral y la justicia social, el diputado Avelino Tovar Iglesias, del Partido Verde Ecologista de M\u00e9xico (PVEM), present\u00f3 ante el Congreso de Hidalgo una iniciativa que busca reducir la jornada laboral de 48 a 40 horas semanales para trabajadores del gobierno estatal,","og_url":"https:\/\/elcardinal.com\/?p=4239","og_site_name":"El Cardinal","article_publisher":"https:\/\/www.facebook.com\/profile.php?id=100063093107011","article_published_time":"2025-04-24T18:26:15+00:00","og_image":[{"width":1280,"height":1280,"url":"https:\/\/elcardinal.com\/wp-content\/uploads\/2025\/04\/WhatsApp-Image-2025-04-24-at-12.25.03-PM.jpeg","type":"image\/jpeg"}],"author":"Antonio Alcaraz","twitter_card":"summary_large_image","twitter_creator":"@ElCardinal_Mx","twitter_site":"@ElCardinal_Mx","twitter_misc":{"Escrito por":"Antonio Alcaraz","Tiempo de lectura":"2 minutos"},"schema":{"@context":"https:\/\/schema.org","@graph":[{"@type":"Article","@id":"https:\/\/elcardinal.com\/?p=4239#article","isPartOf":{"@id":"https:\/\/elcardinal.com\/?p=4239"},"author":{"name":"Antonio Alcaraz","@id":"https:\/\/elcardinal.com\/#\/schema\/person\/3c352ec0a33987fe275c0e8a2ea69f8b"},"headline":"Proponen reducir jornada laboral de 48 a 40 horas en Hidalgo: &#8216;No es trabajar menos, es vivir mejor&#8217;","datePublished":"2025-04-24T18:26:15+00:00","mainEntityOfPage":{"@id":"https:\/\/elcardinal.com\/?p=4239"},"wordCount":350,"commentCount":0,"publisher":{"@id":"https:\/\/elcardinal.com\/#organization"},"image":{"@id":"https:\/\/elcardinal.com\/?p=4239#primaryimage"},"thumbnailUrl":"https:\/\/elcardinal.com\/wp-content\/uploads\/2025\/04\/WhatsApp-Image-2025-04-24-at-12.25.03-PM.jpeg","keywords":["Avelino Tovar","Congreso de Hidalgo","Jornada Laboral"],"articleSection":["Hidalgo","Minuto a Minuto","Pol\u00edtica"],"inLanguage":"es","potentialAction":[{"@type":"CommentAction","name":"Comment","target":["https:\/\/elcardinal.com\/?p=4239#respond"]}]},{"@type":"WebPage","@id":"https:\/\/elcardinal.com\/?p=4239","url":"https:\/\/elcardinal.com\/?p=4239","name":"Proponen reducir jornada laboral de 48 a 40 horas en Hidalgo: 'No es trabajar menos, es vivir mejor' - El Cardinal","isPartOf":{"@id":"https:\/\/elcardinal.com\/#website"},"primaryImageOfPage":{"@id":"https:\/\/elcardinal.com\/?p=4239#primaryimage"},"image":{"@id":"https:\/\/elcardinal.com\/?p=4239#primaryimage"},"thumbnailUrl":"https:\/\/elcardinal.com\/wp-content\/uploads\/2025\/04\/WhatsApp-Image-2025-04-24-at-12.25.03-PM.jpeg","datePublished":"2025-04-24T18:26:15+00:00","breadcrumb":{"@id":"https:\/\/elcardinal.com\/?p=4239#breadcrumb"},"inLanguage":"es","potentialAction":[{"@type":"ReadAction","target":["https:\/\/elcardinal.com\/?p=4239"]}]},{"@type":"ImageObject","inLanguage":"es","@id":"https:\/\/elcardinal.com\/?p=4239#primaryimage","url":"https:\/\/elcardinal.com\/wp-content\/uploads\/2025\/04\/WhatsApp-Image-2025-04-24-at-12.25.03-PM.jpeg","contentUrl":"https:\/\/elcardinal.com\/wp-content\/uploads\/2025\/04\/WhatsApp-Image-2025-04-24-at-12.25.03-PM.jpeg","width":1280,"height":1280},{"@type":"BreadcrumbList","@id":"https:\/\/elcardinal.com\/?p=4239#breadcrumb","itemListElement":[{"@type":"ListItem","position":1,"name":"Inicio","item":"https:\/\/elcardinal.com\/"},{"@type":"ListItem","position":2,"name":"Proponen reducir jornada laboral de 48 a 40 horas en Hidalgo: &#8216;No es trabajar menos, es vivir mejor&#8217;"}]},{"@type":"WebSite","@id":"https:\/\/elcardinal.com\/#website","url":"https:\/\/elcardinal.com\/","name":"El Cardinal","description":"Periodismo honesto, con valor, sentido humano, a veces sarc\u00e1stico y divertido.","publisher":{"@id":"https:\/\/elcardinal.com\/#organization"},"alternateName":"El Cardinal Noticias","potentialAction":[{"@type":"SearchAction","target":{"@type":"EntryPoint","urlTemplate":"https:\/\/elcardinal.com\/?s={search_term_string}"},"query-input":{"@type":"PropertyValueSpecification","valueRequired":true,"valueName":"search_term_string"}}],"inLanguage":"es"},{"@type":"Organization","@id":"https:\/\/elcardinal.com\/#organization","name":"El Cardinal","url":"https:\/\/elcardinal.com\/","logo":{"@type":"ImageObject","inLanguage":"es","@id":"https:\/\/elcardinal.com\/#\/schema\/logo\/image\/","url":"https:\/\/elcardinal.com\/wp-content\/uploads\/2025\/04\/LOGO-EL-CARDINAL-Periodismo-con-valor.png","contentUrl":"https:\/\/elcardinal.com\/wp-content\/uploads\/2025\/04\/LOGO-EL-CARDINAL-Periodismo-con-valor.png","width":755,"height":636,"caption":"El Cardinal"},"image":{"@id":"https:\/\/elcardinal.com\/#\/schema\/logo\/image\/"},"sameAs":["https:\/\/www.facebook.com\/profile.php?id=100063093107011","https:\/\/x.com\/ElCardinal_Mx"]},{"@type":"Person","@id":"https:\/\/elcardinal.com\/#\/schema\/person\/3c352ec0a33987fe275c0e8a2ea69f8b","name":"Antonio Alcaraz","image":{"@type":"ImageObject","inLanguage":"es","@id":"https:\/\/elcardinal.com\/#\/schema\/person\/image\/","url":"https:\/\/elcardinal.com\/wp-content\/uploads\/2025\/05\/cropped-TONO-96x96.jpg","contentUrl":"https:\/\/elcardinal.com\/wp-content\/uploads\/2025\/05\/cropped-TONO-96x96.jpg","caption":"Antonio Alcaraz"},"url":"https:\/\/elcardinal.com\/?author=2"}]}},"_links":{"self":[{"href":"https:\/\/elcardinal.com\/index.php?rest_route=\/wp\/v2\/posts\/4239","targetHints":{"allow":["GET"]}}],"collection":[{"href":"https:\/\/elcardinal.com\/index.php?rest_route=\/wp\/v2\/posts"}],"about":[{"href":"https:\/\/elcardinal.com\/index.php?rest_route=\/wp\/v2\/types\/post"}],"author":[{"embeddable":true,"href":"https:\/\/elcardinal.com\/index.php?rest_route=\/wp\/v2\/users\/2"}],"replies":[{"embeddable":true,"href":"https:\/\/elcardinal.com\/index.php?rest_route=%2Fwp%2Fv2%2Fcomments&post=4239"}],"version-history":[{"count":1,"href":"https:\/\/elcardinal.com\/index.php?rest_route=\/wp\/v2\/posts\/4239\/revisions"}],"predecessor-version":[{"id":4241,"href":"https:\/\/elcardinal.com\/index.php?rest_route=\/wp\/v2\/posts\/4239\/revisions\/4241"}],"wp:featuredmedia":[{"embeddable":true,"href":"https:\/\/elcardinal.com\/index.php?rest_route=\/wp\/v2\/media\/4240"}],"wp:attachment":[{"href":"https:\/\/elcardinal.com\/index.php?rest_route=%2Fwp%2Fv2%2Fmedia&parent=4239"}],"wp:term":[{"taxonomy":"category","embeddable":true,"href":"https:\/\/elcardinal.com\/index.php?rest_route=%2Fwp%2Fv2%2Fcategories&post=4239"},{"taxonomy":"post_tag","embeddable":true,"href":"https:\/\/elcardinal.com\/index.php?rest_route=%2Fwp%2Fv2%2Ftags&post=4239"}],"curies":[{"name":"wp","href":"https:\/\/api.w.org\/{rel}","templated":true}]}}