{"id":4242,"date":"2025-04-24T12:45:05","date_gmt":"2025-04-24T18:45:05","guid":{"rendered":"https:\/\/elcardinal.com\/?p=4242"},"modified":"2025-04-24T12:45:05","modified_gmt":"2025-04-24T18:45:05","slug":"exigen-investigar-gasto-millonario-en-cena-de-fin-de-ano-de-la-administracion-de-sergio-banos","status":"publish","type":"post","link":"https:\/\/elcardinal.com\/?p=4242","title":{"rendered":"Exigen investigar gasto millonario en cena de fin de a\u00f1o de la administraci\u00f3n de Sergio Ba\u00f1os"},"content":{"rendered":"<p>&nbsp;<\/p>\n<p><strong>By El Cardinalito<\/strong><\/p>\n<p>Durante la d\u00e9cima sexta sesi\u00f3n del Ayuntamiento de Pachuca, la regidora Nadia Reyna Camacho lanz\u00f3 una fuerte solicitud: que la Secretar\u00eda de Contralor\u00eda investigue posibles irregularidades en la administraci\u00f3n pasada que encabez\u00f3 Sergio Ba\u00f1os Rubio.<\/p>\n<p>El foco de atenci\u00f3n: un contrato por 3.3 millones de pesos adjudicado de forma directa en diciembre de 2023 para una cena navide\u00f1a para trabajadores municipales.\u00a0 Un gasto que, seg\u00fan la regidora, no solo es excesivo, sino que despierta serias dudas sobre su legalidad y pertinencia, especialmente viniendo de un gobierno que dej\u00f3 las finanzas vac\u00edas y m\u00faltiples inconsistencias con proveedores.<\/p>\n<p>\u201cEste gasto es c\u00ednico\u201d, se\u00f1al\u00f3 Reyna Camacho, quien coordina las comisiones de Transparencia y Anticorrupci\u00f3n, y subray\u00f3 que es obligaci\u00f3n de las autoridades garantizar el buen uso del dinero p\u00fablico.<\/p>\n<p>Propuso un punto de acuerdo para que se inicie una investigaci\u00f3n seria y profunda, con el objetivo de esclarecer lo ocurrido, identificar posibles responsables y, si aplica, aplicar sanciones.<\/p>\n<p>&#8220;En esta administraci\u00f3n no se tolerar\u00e1 la corrupci\u00f3n ni la opacidad&#8221;, advirti\u00f3, y remat\u00f3 con un llamado firme: &#8220;Es momento de recuperar la confianza de la ciudadan\u00eda con un gobierno digno, honesto y a la altura de lo que Pachuca merece&#8221;.<\/p>\n<p>&nbsp;<\/p>\n","protected":false},"excerpt":{"rendered":"<p>&nbsp; By El Cardinalito Durante la d\u00e9cima sexta sesi\u00f3n del Ayuntamiento de Pachuca, la regidora Nadia Reyna Camacho lanz\u00f3 una fuerte solicitud: que la Secretar\u00eda de Contralor\u00eda investigue posibles irregularidades en la administraci\u00f3n pasada que encabez\u00f3 Sergio Ba\u00f1os Rubio. El foco de atenci\u00f3n: un contrato por 3.3 millones de pesos adjudicado de forma directa en<\/p>\n","protected":false},"author":2,"featured_media":4243,"comment_status":"open","ping_status":"open","sticky":false,"template":"","format":"standard","meta":{"footnotes":""},"categories":[32,44],"tags":[66,65,64],"class_list":{"0":"post-4242","1":"post","2":"type-post","3":"status-publish","4":"format-standard","5":"has-post-thumbnail","7":"category-metropoli","8":"category-minuto-a-minuto","9":"tag-cena-navidena","10":"tag-pachuca","11":"tag-sergio-banos"},"yoast_head":"<!-- This site is optimized with the Yoast SEO plugin v26.1.1 - https:\/\/yoast.com\/wordpress\/plugins\/seo\/ -->\n<title>Exigen investigar gasto millonario en cena de fin de a\u00f1o de la administraci\u00f3n de Sergio Ba\u00f1os - El Cardinal<\/title>\n<meta name=\"robots\" content=\"index, follow, max-snippet:-1, max-image-preview:large, max-video-preview:-1\" \/>\n<link rel=\"canonical\" href=\"https:\/\/elcardinal.com\/?p=4242\" \/>\n<meta property=\"og:locale\" content=\"es_MX\" \/>\n<meta property=\"og:type\" content=\"article\" \/>\n<meta property=\"og:title\" content=\"Exigen investigar gasto millonario en cena de fin de a\u00f1o de la administraci\u00f3n de Sergio Ba\u00f1os - El Cardinal\" \/>\n<meta property=\"og:description\" content=\"&nbsp; By El Cardinalito Durante la d\u00e9cima sexta sesi\u00f3n del Ayuntamiento de Pachuca, la regidora Nadia Reyna Camacho lanz\u00f3 una fuerte solicitud: que la Secretar\u00eda de Contralor\u00eda investigue posibles irregularidades en la administraci\u00f3n pasada que encabez\u00f3 Sergio Ba\u00f1os Rubio. El foco de atenci\u00f3n: un contrato por 3.3 millones de pesos adjudicado de forma directa en\" \/>\n<meta property=\"og:url\" content=\"https:\/\/elcardinal.com\/?p=4242\" \/>\n<meta property=\"og:site_name\" content=\"El Cardinal\" \/>\n<meta property=\"article:publisher\" content=\"https:\/\/www.facebook.com\/profile.php?id=100063093107011\" \/>\n<meta property=\"article:published_time\" content=\"2025-04-24T18:45:05+00:00\" \/>\n<meta property=\"og:image\" content=\"https:\/\/elcardinal.com\/wp-content\/uploads\/2025\/04\/485696788_1191311172783115_729617505198789993_n.jpg\" \/>\n\t<meta property=\"og:image:width\" content=\"2048\" \/>\n\t<meta property=\"og:image:height\" content=\"1366\" \/>\n\t<meta property=\"og:image:type\" content=\"image\/jpeg\" \/>\n<meta name=\"author\" content=\"Antonio Alcaraz\" \/>\n<meta name=\"twitter:card\" content=\"summary_large_image\" \/>\n<meta name=\"twitter:creator\" content=\"@ElCardinal_Mx\" \/>\n<meta name=\"twitter:site\" content=\"@ElCardinal_Mx\" \/>\n<meta name=\"twitter:label1\" content=\"Escrito por\" \/>\n\t<meta name=\"twitter:data1\" content=\"Antonio Alcaraz\" \/>\n\t<meta name=\"twitter:label2\" content=\"Tiempo de lectura\" \/>\n\t<meta name=\"twitter:data2\" content=\"1 minuto\" \/>\n<script type=\"application\/ld+json\" class=\"yoast-schema-graph\">{\"@context\":\"https:\/\/schema.org\",\"@graph\":[{\"@type\":\"Article\",\"@id\":\"https:\/\/elcardinal.com\/?p=4242#article\",\"isPartOf\":{\"@id\":\"https:\/\/elcardinal.com\/?p=4242\"},\"author\":{\"name\":\"Antonio Alcaraz\",\"@id\":\"https:\/\/elcardinal.com\/#\/schema\/person\/3c352ec0a33987fe275c0e8a2ea69f8b\"},\"headline\":\"Exigen investigar gasto millonario en cena de fin de a\u00f1o de la administraci\u00f3n de Sergio Ba\u00f1os\",\"datePublished\":\"2025-04-24T18:45:05+00:00\",\"mainEntityOfPage\":{\"@id\":\"https:\/\/elcardinal.com\/?p=4242\"},\"wordCount\":238,\"commentCount\":0,\"publisher\":{\"@id\":\"https:\/\/elcardinal.com\/#organization\"},\"image\":{\"@id\":\"https:\/\/elcardinal.com\/?p=4242#primaryimage\"},\"thumbnailUrl\":\"https:\/\/elcardinal.com\/wp-content\/uploads\/2025\/04\/485696788_1191311172783115_729617505198789993_n.jpg\",\"keywords\":[\"Cena Navide\u00f1a\",\"Pachuca\",\"Sergio Ba\u00f1os\"],\"articleSection\":[\"Metr\u00f3poli\",\"Minuto a Minuto\"],\"inLanguage\":\"es\",\"potentialAction\":[{\"@type\":\"CommentAction\",\"name\":\"Comment\",\"target\":[\"https:\/\/elcardinal.com\/?p=4242#respond\"]}]},{\"@type\":\"WebPage\",\"@id\":\"https:\/\/elcardinal.com\/?p=4242\",\"url\":\"https:\/\/elcardinal.com\/?p=4242\",\"name\":\"Exigen investigar gasto millonario en cena de fin de a\u00f1o de la administraci\u00f3n de Sergio Ba\u00f1os - El Cardinal\",\"isPartOf\":{\"@id\":\"https:\/\/elcardinal.com\/#website\"},\"primaryImageOfPage\":{\"@id\":\"https:\/\/elcardinal.com\/?p=4242#primaryimage\"},\"image\":{\"@id\":\"https:\/\/elcardinal.com\/?p=4242#primaryimage\"},\"thumbnailUrl\":\"https:\/\/elcardinal.com\/wp-content\/uploads\/2025\/04\/485696788_1191311172783115_729617505198789993_n.jpg\",\"datePublished\":\"2025-04-24T18:45:05+00:00\",\"breadcrumb\":{\"@id\":\"https:\/\/elcardinal.com\/?p=4242#breadcrumb\"},\"inLanguage\":\"es\",\"potentialAction\":[{\"@type\":\"ReadAction\",\"target\":[\"https:\/\/elcardinal.com\/?p=4242\"]}]},{\"@type\":\"ImageObject\",\"inLanguage\":\"es\",\"@id\":\"https:\/\/elcardinal.com\/?p=4242#primaryimage\",\"url\":\"https:\/\/elcardinal.com\/wp-content\/uploads\/2025\/04\/485696788_1191311172783115_729617505198789993_n.jpg\",\"contentUrl\":\"https:\/\/elcardinal.com\/wp-content\/uploads\/2025\/04\/485696788_1191311172783115_729617505198789993_n.jpg\",\"width\":2048,\"height\":1366},{\"@type\":\"BreadcrumbList\",\"@id\":\"https:\/\/elcardinal.com\/?p=4242#breadcrumb\",\"itemListElement\":[{\"@type\":\"ListItem\",\"position\":1,\"name\":\"Inicio\",\"item\":\"https:\/\/elcardinal.com\/\"},{\"@type\":\"ListItem\",\"position\":2,\"name\":\"Exigen investigar gasto millonario en cena de fin de a\u00f1o de la administraci\u00f3n de Sergio Ba\u00f1os\"}]},{\"@type\":\"WebSite\",\"@id\":\"https:\/\/elcardinal.com\/#website\",\"url\":\"https:\/\/elcardinal.com\/\",\"name\":\"El Cardinal\",\"description\":\"Periodismo honesto, con valor, sentido humano, a veces sarc\u00e1stico y divertido.\",\"publisher\":{\"@id\":\"https:\/\/elcardinal.com\/#organization\"},\"alternateName\":\"El Cardinal Noticias\",\"potentialAction\":[{\"@type\":\"SearchAction\",\"target\":{\"@type\":\"EntryPoint\",\"urlTemplate\":\"https:\/\/elcardinal.com\/?s={search_term_string}\"},\"query-input\":{\"@type\":\"PropertyValueSpecification\",\"valueRequired\":true,\"valueName\":\"search_term_string\"}}],\"inLanguage\":\"es\"},{\"@type\":\"Organization\",\"@id\":\"https:\/\/elcardinal.com\/#organization\",\"name\":\"El Cardinal\",\"url\":\"https:\/\/elcardinal.com\/\",\"logo\":{\"@type\":\"ImageObject\",\"inLanguage\":\"es\",\"@id\":\"https:\/\/elcardinal.com\/#\/schema\/logo\/image\/\",\"url\":\"https:\/\/elcardinal.com\/wp-content\/uploads\/2025\/04\/LOGO-EL-CARDINAL-Periodismo-con-valor.png\",\"contentUrl\":\"https:\/\/elcardinal.com\/wp-content\/uploads\/2025\/04\/LOGO-EL-CARDINAL-Periodismo-con-valor.png\",\"width\":755,\"height\":636,\"caption\":\"El Cardinal\"},\"image\":{\"@id\":\"https:\/\/elcardinal.com\/#\/schema\/logo\/image\/\"},\"sameAs\":[\"https:\/\/www.facebook.com\/profile.php?id=100063093107011\",\"https:\/\/x.com\/ElCardinal_Mx\"]},{\"@type\":\"Person\",\"@id\":\"https:\/\/elcardinal.com\/#\/schema\/person\/3c352ec0a33987fe275c0e8a2ea69f8b\",\"name\":\"Antonio Alcaraz\",\"image\":{\"@type\":\"ImageObject\",\"inLanguage\":\"es\",\"@id\":\"https:\/\/elcardinal.com\/#\/schema\/person\/image\/\",\"url\":\"https:\/\/elcardinal.com\/wp-content\/uploads\/2025\/05\/cropped-TONO-96x96.jpg\",\"contentUrl\":\"https:\/\/elcardinal.com\/wp-content\/uploads\/2025\/05\/cropped-TONO-96x96.jpg\",\"caption\":\"Antonio Alcaraz\"},\"url\":\"https:\/\/elcardinal.com\/?author=2\"}]}<\/script>\n<!-- \/ Yoast SEO plugin. -->","yoast_head_json":{"title":"Exigen investigar gasto millonario en cena de fin de a\u00f1o de la administraci\u00f3n de Sergio Ba\u00f1os - El Cardinal","robots":{"index":"index","follow":"follow","max-snippet":"max-snippet:-1","max-image-preview":"max-image-preview:large","max-video-preview":"max-video-preview:-1"},"canonical":"https:\/\/elcardinal.com\/?p=4242","og_locale":"es_MX","og_type":"article","og_title":"Exigen investigar gasto millonario en cena de fin de a\u00f1o de la administraci\u00f3n de Sergio Ba\u00f1os - El Cardinal","og_description":"&nbsp; By El Cardinalito Durante la d\u00e9cima sexta sesi\u00f3n del Ayuntamiento de Pachuca, la regidora Nadia Reyna Camacho lanz\u00f3 una fuerte solicitud: que la Secretar\u00eda de Contralor\u00eda investigue posibles irregularidades en la administraci\u00f3n pasada que encabez\u00f3 Sergio Ba\u00f1os Rubio. El foco de atenci\u00f3n: un contrato por 3.3 millones de pesos adjudicado de forma directa en","og_url":"https:\/\/elcardinal.com\/?p=4242","og_site_name":"El Cardinal","article_publisher":"https:\/\/www.facebook.com\/profile.php?id=100063093107011","article_published_time":"2025-04-24T18:45:05+00:00","og_image":[{"width":2048,"height":1366,"url":"https:\/\/elcardinal.com\/wp-content\/uploads\/2025\/04\/485696788_1191311172783115_729617505198789993_n.jpg","type":"image\/jpeg"}],"author":"Antonio Alcaraz","twitter_card":"summary_large_image","twitter_creator":"@ElCardinal_Mx","twitter_site":"@ElCardinal_Mx","twitter_misc":{"Escrito por":"Antonio Alcaraz","Tiempo de lectura":"1 minuto"},"schema":{"@context":"https:\/\/schema.org","@graph":[{"@type":"Article","@id":"https:\/\/elcardinal.com\/?p=4242#article","isPartOf":{"@id":"https:\/\/elcardinal.com\/?p=4242"},"author":{"name":"Antonio Alcaraz","@id":"https:\/\/elcardinal.com\/#\/schema\/person\/3c352ec0a33987fe275c0e8a2ea69f8b"},"headline":"Exigen investigar gasto millonario en cena de fin de a\u00f1o de la administraci\u00f3n de Sergio Ba\u00f1os","datePublished":"2025-04-24T18:45:05+00:00","mainEntityOfPage":{"@id":"https:\/\/elcardinal.com\/?p=4242"},"wordCount":238,"commentCount":0,"publisher":{"@id":"https:\/\/elcardinal.com\/#organization"},"image":{"@id":"https:\/\/elcardinal.com\/?p=4242#primaryimage"},"thumbnailUrl":"https:\/\/elcardinal.com\/wp-content\/uploads\/2025\/04\/485696788_1191311172783115_729617505198789993_n.jpg","keywords":["Cena Navide\u00f1a","Pachuca","Sergio Ba\u00f1os"],"articleSection":["Metr\u00f3poli","Minuto a Minuto"],"inLanguage":"es","potentialAction":[{"@type":"CommentAction","name":"Comment","target":["https:\/\/elcardinal.com\/?p=4242#respond"]}]},{"@type":"WebPage","@id":"https:\/\/elcardinal.com\/?p=4242","url":"https:\/\/elcardinal.com\/?p=4242","name":"Exigen investigar gasto millonario en cena de fin de a\u00f1o de la administraci\u00f3n de Sergio Ba\u00f1os - El Cardinal","isPartOf":{"@id":"https:\/\/elcardinal.com\/#website"},"primaryImageOfPage":{"@id":"https:\/\/elcardinal.com\/?p=4242#primaryimage"},"image":{"@id":"https:\/\/elcardinal.com\/?p=4242#primaryimage"},"thumbnailUrl":"https:\/\/elcardinal.com\/wp-content\/uploads\/2025\/04\/485696788_1191311172783115_729617505198789993_n.jpg","datePublished":"2025-04-24T18:45:05+00:00","breadcrumb":{"@id":"https:\/\/elcardinal.com\/?p=4242#breadcrumb"},"inLanguage":"es","potentialAction":[{"@type":"ReadAction","target":["https:\/\/elcardinal.com\/?p=4242"]}]},{"@type":"ImageObject","inLanguage":"es","@id":"https:\/\/elcardinal.com\/?p=4242#primaryimage","url":"https:\/\/elcardinal.com\/wp-content\/uploads\/2025\/04\/485696788_1191311172783115_729617505198789993_n.jpg","contentUrl":"https:\/\/elcardinal.com\/wp-content\/uploads\/2025\/04\/485696788_1191311172783115_729617505198789993_n.jpg","width":2048,"height":1366},{"@type":"BreadcrumbList","@id":"https:\/\/elcardinal.com\/?p=4242#breadcrumb","itemListElement":[{"@type":"ListItem","position":1,"name":"Inicio","item":"https:\/\/elcardinal.com\/"},{"@type":"ListItem","position":2,"name":"Exigen investigar gasto millonario en cena de fin de a\u00f1o de la administraci\u00f3n de Sergio Ba\u00f1os"}]},{"@type":"WebSite","@id":"https:\/\/elcardinal.com\/#website","url":"https:\/\/elcardinal.com\/","name":"El Cardinal","description":"Periodismo honesto, con valor, sentido humano, a veces sarc\u00e1stico y divertido.","publisher":{"@id":"https:\/\/elcardinal.com\/#organization"},"alternateName":"El Cardinal Noticias","potentialAction":[{"@type":"SearchAction","target":{"@type":"EntryPoint","urlTemplate":"https:\/\/elcardinal.com\/?s={search_term_string}"},"query-input":{"@type":"PropertyValueSpecification","valueRequired":true,"valueName":"search_term_string"}}],"inLanguage":"es"},{"@type":"Organization","@id":"https:\/\/elcardinal.com\/#organization","name":"El Cardinal","url":"https:\/\/elcardinal.com\/","logo":{"@type":"ImageObject","inLanguage":"es","@id":"https:\/\/elcardinal.com\/#\/schema\/logo\/image\/","url":"https:\/\/elcardinal.com\/wp-content\/uploads\/2025\/04\/LOGO-EL-CARDINAL-Periodismo-con-valor.png","contentUrl":"https:\/\/elcardinal.com\/wp-content\/uploads\/2025\/04\/LOGO-EL-CARDINAL-Periodismo-con-valor.png","width":755,"height":636,"caption":"El Cardinal"},"image":{"@id":"https:\/\/elcardinal.com\/#\/schema\/logo\/image\/"},"sameAs":["https:\/\/www.facebook.com\/profile.php?id=100063093107011","https:\/\/x.com\/ElCardinal_Mx"]},{"@type":"Person","@id":"https:\/\/elcardinal.com\/#\/schema\/person\/3c352ec0a33987fe275c0e8a2ea69f8b","name":"Antonio Alcaraz","image":{"@type":"ImageObject","inLanguage":"es","@id":"https:\/\/elcardinal.com\/#\/schema\/person\/image\/","url":"https:\/\/elcardinal.com\/wp-content\/uploads\/2025\/05\/cropped-TONO-96x96.jpg","contentUrl":"https:\/\/elcardinal.com\/wp-content\/uploads\/2025\/05\/cropped-TONO-96x96.jpg","caption":"Antonio Alcaraz"},"url":"https:\/\/elcardinal.com\/?author=2"}]}},"_links":{"self":[{"href":"https:\/\/elcardinal.com\/index.php?rest_route=\/wp\/v2\/posts\/4242","targetHints":{"allow":["GET"]}}],"collection":[{"href":"https:\/\/elcardinal.com\/index.php?rest_route=\/wp\/v2\/posts"}],"about":[{"href":"https:\/\/elcardinal.com\/index.php?rest_route=\/wp\/v2\/types\/post"}],"author":[{"embeddable":true,"href":"https:\/\/elcardinal.com\/index.php?rest_route=\/wp\/v2\/users\/2"}],"replies":[{"embeddable":true,"href":"https:\/\/elcardinal.com\/index.php?rest_route=%2Fwp%2Fv2%2Fcomments&post=4242"}],"version-history":[{"count":1,"href":"https:\/\/elcardinal.com\/index.php?rest_route=\/wp\/v2\/posts\/4242\/revisions"}],"predecessor-version":[{"id":4246,"href":"https:\/\/elcardinal.com\/index.php?rest_route=\/wp\/v2\/posts\/4242\/revisions\/4246"}],"wp:featuredmedia":[{"embeddable":true,"href":"https:\/\/elcardinal.com\/index.php?rest_route=\/wp\/v2\/media\/4243"}],"wp:attachment":[{"href":"https:\/\/elcardinal.com\/index.php?rest_route=%2Fwp%2Fv2%2Fmedia&parent=4242"}],"wp:term":[{"taxonomy":"category","embeddable":true,"href":"https:\/\/elcardinal.com\/index.php?rest_route=%2Fwp%2Fv2%2Fcategories&post=4242"},{"taxonomy":"post_tag","embeddable":true,"href":"https:\/\/elcardinal.com\/index.php?rest_route=%2Fwp%2Fv2%2Ftags&post=4242"}],"curies":[{"name":"wp","href":"https:\/\/api.w.org\/{rel}","templated":true}]}}