{"id":4247,"date":"2025-04-24T13:51:54","date_gmt":"2025-04-24T19:51:54","guid":{"rendered":"https:\/\/elcardinal.com\/?p=4247"},"modified":"2025-04-24T13:51:54","modified_gmt":"2025-04-24T19:51:54","slug":"el-pan-propone-regular-el-uso-de-celulares-en-escuelas-de-hidalgo","status":"publish","type":"post","link":"https:\/\/elcardinal.com\/?p=4247","title":{"rendered":"El PAN propone regular el uso de celulares en escuelas de Hidalgo\u00a0"},"content":{"rendered":"<p>&nbsp;<\/p>\n<p>Por: \u00a0<strong>Jos\u00e9 Antonio Alcaraz Su\u00e1rez<\/strong><\/p>\n<p>&nbsp;<\/p>\n<p>Pachuca, Hgo.\u2014 Con el objetivo de crear espacios escolares m\u00e1s seguros, humanos y centrados en el aprendizaje, la diputada<strong> Claudia Lilia Luna Islas<\/strong>, del Partido Acci\u00f3n Nacional (PAN), present\u00f3 una iniciativa para regular el uso de dispositivos tecnol\u00f3gicos personales en planteles educativos p\u00fablicos y privados de nivel b\u00e1sico y medio superior en Hidalgo.<\/p>\n<p>&nbsp;<\/p>\n<p>Durante su intervenci\u00f3n, la legisladora se\u00f1al\u00f3 que el uso excesivo de celulares, tabletas, relojes inteligentes y dispositivos similares afecta negativamente el rendimiento acad\u00e9mico, la salud emocional y la convivencia escolar. Por ello, propuso reformar y adicionar diversos art\u00edculos a la Ley de Educaci\u00f3n del Estado de Hidalgo, espec\u00edficamente el art\u00edculo 44 (p\u00e1rrafo segundo), el art\u00edculo 69, y la creaci\u00f3n del art\u00edculo 69 Bis.<\/p>\n<p>&nbsp;<\/p>\n<p>&#8220;Esta medida no busca limitar el acceso a la tecnolog\u00eda, sino asegurar que el entorno escolar sea verdaderamente formativo y libre de distracciones&#8221;, declar\u00f3 Luna Islas. Agreg\u00f3 que recuperar la interacci\u00f3n humana en el aula y fortalecer habilidades como la empat\u00eda, la escucha activa y la colaboraci\u00f3n son prioridades urgentes en un mundo cada vez m\u00e1s digitalizado.<\/p>\n<p>&nbsp;<\/p>\n<p>De acuerdo con la iniciativa, el uso de dispositivos tecnol\u00f3gicos estar\u00e1 restringido durante la jornada escolar, permiti\u00e9ndose solo en situaciones educativas planificadas con el personal docente o en emergencias debidamente justificadas.<\/p>\n<p>&nbsp;<\/p>\n<p>La propuesta tambi\u00e9n contempla que las autoridades educativas:<\/p>\n<p>&nbsp;<\/p>\n<ol>\n<li>Sensibilicen a padres, madres y tutores sobre el uso responsable de la tecnolog\u00eda.<\/li>\n<\/ol>\n<p>&nbsp;<\/p>\n<ol start=\"2\">\n<li>Implementen acciones para proteger la salud mental y la integridad f\u00edsica y emocional de ni\u00f1as, ni\u00f1os y adolescentes.<\/li>\n<\/ol>\n<p>&nbsp;<\/p>\n<ol start=\"3\">\n<li>Promuevan actividades presenciales y recreativas que fortalezcan la convivencia y las relaciones interpersonales positivas.<\/li>\n<\/ol>\n<p>&nbsp;<\/p>\n<p>Luna Islas subray\u00f3 que esta iniciativa sigue el ejemplo de pa\u00edses como Francia, Italia y Chile, as\u00ed como del estado de Quer\u00e9taro, que ya han avanzado en normativas similares.<\/p>\n<p>&nbsp;<\/p>\n<p>&#8220;Legislar en favor de la infancia y adolescencia es una obligaci\u00f3n \u00e9tica y constitucional. Hoy m\u00e1s que nunca, debemos colocar el inter\u00e9s superior de la ni\u00f1ez en el centro de nuestras decisiones&#8221;, concluy\u00f3.<\/p>\n<p>&nbsp;<\/p>\n<p>La propuesta fue turnada a comisi\u00f3n para su an\u00e1lisis y discusi\u00f3n.<\/p>\n","protected":false},"excerpt":{"rendered":"<p>&nbsp; Por: \u00a0Jos\u00e9 Antonio Alcaraz Su\u00e1rez &nbsp; Pachuca, Hgo.\u2014 Con el objetivo de crear espacios escolares m\u00e1s seguros, humanos y centrados en el aprendizaje, la diputada Claudia Lilia Luna Islas, del Partido Acci\u00f3n Nacional (PAN), present\u00f3 una iniciativa para regular el uso de dispositivos tecnol\u00f3gicos personales en planteles educativos p\u00fablicos y privados de nivel b\u00e1sico<\/p>\n","protected":false},"author":2,"featured_media":4248,"comment_status":"open","ping_status":"open","sticky":false,"template":"","format":"standard","meta":{"footnotes":""},"categories":[31,44],"tags":[68,67,62,69],"class_list":{"0":"post-4247","1":"post","2":"type-post","3":"status-publish","4":"format-standard","5":"has-post-thumbnail","7":"category-hidalgo","8":"category-minuto-a-minuto","9":"tag-celulares","10":"tag-claudia-lilia-luna-islas","11":"tag-congreso-de-hidalgo","12":"tag-tabletas"},"yoast_head":"<!-- This site is optimized with the Yoast SEO plugin v26.1.1 - https:\/\/yoast.com\/wordpress\/plugins\/seo\/ -->\n<title>El PAN propone regular el uso de celulares en escuelas de Hidalgo\u00a0 - El Cardinal<\/title>\n<meta name=\"robots\" content=\"index, follow, max-snippet:-1, max-image-preview:large, max-video-preview:-1\" \/>\n<link rel=\"canonical\" href=\"https:\/\/elcardinal.com\/?p=4247\" \/>\n<meta property=\"og:locale\" content=\"es_MX\" \/>\n<meta property=\"og:type\" content=\"article\" \/>\n<meta property=\"og:title\" content=\"El PAN propone regular el uso de celulares en escuelas de Hidalgo\u00a0 - El Cardinal\" \/>\n<meta property=\"og:description\" content=\"&nbsp; Por: \u00a0Jos\u00e9 Antonio Alcaraz Su\u00e1rez &nbsp; Pachuca, Hgo.\u2014 Con el objetivo de crear espacios escolares m\u00e1s seguros, humanos y centrados en el aprendizaje, la diputada Claudia Lilia Luna Islas, del Partido Acci\u00f3n Nacional (PAN), present\u00f3 una iniciativa para regular el uso de dispositivos tecnol\u00f3gicos personales en planteles educativos p\u00fablicos y privados de nivel b\u00e1sico\" \/>\n<meta property=\"og:url\" content=\"https:\/\/elcardinal.com\/?p=4247\" \/>\n<meta property=\"og:site_name\" content=\"El Cardinal\" \/>\n<meta property=\"article:publisher\" content=\"https:\/\/www.facebook.com\/profile.php?id=100063093107011\" \/>\n<meta property=\"article:published_time\" content=\"2025-04-24T19:51:54+00:00\" \/>\n<meta property=\"og:image\" content=\"https:\/\/elcardinal.com\/wp-content\/uploads\/2025\/04\/Sesion-24.04.2025-Ordinaria-135.jpg\" \/>\n\t<meta property=\"og:image:width\" content=\"2400\" \/>\n\t<meta property=\"og:image:height\" content=\"1600\" \/>\n\t<meta property=\"og:image:type\" content=\"image\/jpeg\" \/>\n<meta name=\"author\" content=\"Antonio Alcaraz\" \/>\n<meta name=\"twitter:card\" content=\"summary_large_image\" \/>\n<meta name=\"twitter:creator\" content=\"@ElCardinal_Mx\" \/>\n<meta name=\"twitter:site\" content=\"@ElCardinal_Mx\" \/>\n<meta name=\"twitter:label1\" content=\"Escrito por\" \/>\n\t<meta name=\"twitter:data1\" content=\"Antonio Alcaraz\" \/>\n\t<meta name=\"twitter:label2\" content=\"Tiempo de lectura\" \/>\n\t<meta name=\"twitter:data2\" content=\"2 minutos\" \/>\n<script type=\"application\/ld+json\" class=\"yoast-schema-graph\">{\"@context\":\"https:\/\/schema.org\",\"@graph\":[{\"@type\":\"Article\",\"@id\":\"https:\/\/elcardinal.com\/?p=4247#article\",\"isPartOf\":{\"@id\":\"https:\/\/elcardinal.com\/?p=4247\"},\"author\":{\"name\":\"Antonio Alcaraz\",\"@id\":\"https:\/\/elcardinal.com\/#\/schema\/person\/3c352ec0a33987fe275c0e8a2ea69f8b\"},\"headline\":\"El PAN propone regular el uso de celulares en escuelas de Hidalgo\u00a0\",\"datePublished\":\"2025-04-24T19:51:54+00:00\",\"mainEntityOfPage\":{\"@id\":\"https:\/\/elcardinal.com\/?p=4247\"},\"wordCount\":394,\"commentCount\":0,\"publisher\":{\"@id\":\"https:\/\/elcardinal.com\/#organization\"},\"image\":{\"@id\":\"https:\/\/elcardinal.com\/?p=4247#primaryimage\"},\"thumbnailUrl\":\"https:\/\/elcardinal.com\/wp-content\/uploads\/2025\/04\/Sesion-24.04.2025-Ordinaria-135.jpg\",\"keywords\":[\"Celulares\",\"Claudia Lilia Luna Islas\",\"Congreso de Hidalgo\",\"Tabletas\"],\"articleSection\":[\"Hidalgo\",\"Minuto a Minuto\"],\"inLanguage\":\"es\",\"potentialAction\":[{\"@type\":\"CommentAction\",\"name\":\"Comment\",\"target\":[\"https:\/\/elcardinal.com\/?p=4247#respond\"]}]},{\"@type\":\"WebPage\",\"@id\":\"https:\/\/elcardinal.com\/?p=4247\",\"url\":\"https:\/\/elcardinal.com\/?p=4247\",\"name\":\"El PAN propone regular el uso de celulares en escuelas de Hidalgo\u00a0 - El Cardinal\",\"isPartOf\":{\"@id\":\"https:\/\/elcardinal.com\/#website\"},\"primaryImageOfPage\":{\"@id\":\"https:\/\/elcardinal.com\/?p=4247#primaryimage\"},\"image\":{\"@id\":\"https:\/\/elcardinal.com\/?p=4247#primaryimage\"},\"thumbnailUrl\":\"https:\/\/elcardinal.com\/wp-content\/uploads\/2025\/04\/Sesion-24.04.2025-Ordinaria-135.jpg\",\"datePublished\":\"2025-04-24T19:51:54+00:00\",\"breadcrumb\":{\"@id\":\"https:\/\/elcardinal.com\/?p=4247#breadcrumb\"},\"inLanguage\":\"es\",\"potentialAction\":[{\"@type\":\"ReadAction\",\"target\":[\"https:\/\/elcardinal.com\/?p=4247\"]}]},{\"@type\":\"ImageObject\",\"inLanguage\":\"es\",\"@id\":\"https:\/\/elcardinal.com\/?p=4247#primaryimage\",\"url\":\"https:\/\/elcardinal.com\/wp-content\/uploads\/2025\/04\/Sesion-24.04.2025-Ordinaria-135.jpg\",\"contentUrl\":\"https:\/\/elcardinal.com\/wp-content\/uploads\/2025\/04\/Sesion-24.04.2025-Ordinaria-135.jpg\",\"width\":2400,\"height\":1600,\"caption\":\"CONGRESO_HIDALGO\"},{\"@type\":\"BreadcrumbList\",\"@id\":\"https:\/\/elcardinal.com\/?p=4247#breadcrumb\",\"itemListElement\":[{\"@type\":\"ListItem\",\"position\":1,\"name\":\"Inicio\",\"item\":\"https:\/\/elcardinal.com\/\"},{\"@type\":\"ListItem\",\"position\":2,\"name\":\"El PAN propone regular el uso de celulares en escuelas de Hidalgo\u00a0\"}]},{\"@type\":\"WebSite\",\"@id\":\"https:\/\/elcardinal.com\/#website\",\"url\":\"https:\/\/elcardinal.com\/\",\"name\":\"El Cardinal\",\"description\":\"Periodismo honesto, con valor, sentido humano, a veces sarc\u00e1stico y divertido.\",\"publisher\":{\"@id\":\"https:\/\/elcardinal.com\/#organization\"},\"alternateName\":\"El Cardinal Noticias\",\"potentialAction\":[{\"@type\":\"SearchAction\",\"target\":{\"@type\":\"EntryPoint\",\"urlTemplate\":\"https:\/\/elcardinal.com\/?s={search_term_string}\"},\"query-input\":{\"@type\":\"PropertyValueSpecification\",\"valueRequired\":true,\"valueName\":\"search_term_string\"}}],\"inLanguage\":\"es\"},{\"@type\":\"Organization\",\"@id\":\"https:\/\/elcardinal.com\/#organization\",\"name\":\"El Cardinal\",\"url\":\"https:\/\/elcardinal.com\/\",\"logo\":{\"@type\":\"ImageObject\",\"inLanguage\":\"es\",\"@id\":\"https:\/\/elcardinal.com\/#\/schema\/logo\/image\/\",\"url\":\"https:\/\/elcardinal.com\/wp-content\/uploads\/2025\/04\/LOGO-EL-CARDINAL-Periodismo-con-valor.png\",\"contentUrl\":\"https:\/\/elcardinal.com\/wp-content\/uploads\/2025\/04\/LOGO-EL-CARDINAL-Periodismo-con-valor.png\",\"width\":755,\"height\":636,\"caption\":\"El Cardinal\"},\"image\":{\"@id\":\"https:\/\/elcardinal.com\/#\/schema\/logo\/image\/\"},\"sameAs\":[\"https:\/\/www.facebook.com\/profile.php?id=100063093107011\",\"https:\/\/x.com\/ElCardinal_Mx\"]},{\"@type\":\"Person\",\"@id\":\"https:\/\/elcardinal.com\/#\/schema\/person\/3c352ec0a33987fe275c0e8a2ea69f8b\",\"name\":\"Antonio Alcaraz\",\"image\":{\"@type\":\"ImageObject\",\"inLanguage\":\"es\",\"@id\":\"https:\/\/elcardinal.com\/#\/schema\/person\/image\/\",\"url\":\"https:\/\/elcardinal.com\/wp-content\/uploads\/2025\/05\/cropped-TONO-96x96.jpg\",\"contentUrl\":\"https:\/\/elcardinal.com\/wp-content\/uploads\/2025\/05\/cropped-TONO-96x96.jpg\",\"caption\":\"Antonio Alcaraz\"},\"url\":\"https:\/\/elcardinal.com\/?author=2\"}]}<\/script>\n<!-- \/ Yoast SEO plugin. -->","yoast_head_json":{"title":"El PAN propone regular el uso de celulares en escuelas de Hidalgo\u00a0 - El Cardinal","robots":{"index":"index","follow":"follow","max-snippet":"max-snippet:-1","max-image-preview":"max-image-preview:large","max-video-preview":"max-video-preview:-1"},"canonical":"https:\/\/elcardinal.com\/?p=4247","og_locale":"es_MX","og_type":"article","og_title":"El PAN propone regular el uso de celulares en escuelas de Hidalgo\u00a0 - El Cardinal","og_description":"&nbsp; Por: \u00a0Jos\u00e9 Antonio Alcaraz Su\u00e1rez &nbsp; Pachuca, Hgo.\u2014 Con el objetivo de crear espacios escolares m\u00e1s seguros, humanos y centrados en el aprendizaje, la diputada Claudia Lilia Luna Islas, del Partido Acci\u00f3n Nacional (PAN), present\u00f3 una iniciativa para regular el uso de dispositivos tecnol\u00f3gicos personales en planteles educativos p\u00fablicos y privados de nivel b\u00e1sico","og_url":"https:\/\/elcardinal.com\/?p=4247","og_site_name":"El Cardinal","article_publisher":"https:\/\/www.facebook.com\/profile.php?id=100063093107011","article_published_time":"2025-04-24T19:51:54+00:00","og_image":[{"width":2400,"height":1600,"url":"https:\/\/elcardinal.com\/wp-content\/uploads\/2025\/04\/Sesion-24.04.2025-Ordinaria-135.jpg","type":"image\/jpeg"}],"author":"Antonio Alcaraz","twitter_card":"summary_large_image","twitter_creator":"@ElCardinal_Mx","twitter_site":"@ElCardinal_Mx","twitter_misc":{"Escrito por":"Antonio Alcaraz","Tiempo de lectura":"2 minutos"},"schema":{"@context":"https:\/\/schema.org","@graph":[{"@type":"Article","@id":"https:\/\/elcardinal.com\/?p=4247#article","isPartOf":{"@id":"https:\/\/elcardinal.com\/?p=4247"},"author":{"name":"Antonio Alcaraz","@id":"https:\/\/elcardinal.com\/#\/schema\/person\/3c352ec0a33987fe275c0e8a2ea69f8b"},"headline":"El PAN propone regular el uso de celulares en escuelas de Hidalgo\u00a0","datePublished":"2025-04-24T19:51:54+00:00","mainEntityOfPage":{"@id":"https:\/\/elcardinal.com\/?p=4247"},"wordCount":394,"commentCount":0,"publisher":{"@id":"https:\/\/elcardinal.com\/#organization"},"image":{"@id":"https:\/\/elcardinal.com\/?p=4247#primaryimage"},"thumbnailUrl":"https:\/\/elcardinal.com\/wp-content\/uploads\/2025\/04\/Sesion-24.04.2025-Ordinaria-135.jpg","keywords":["Celulares","Claudia Lilia Luna Islas","Congreso de Hidalgo","Tabletas"],"articleSection":["Hidalgo","Minuto a Minuto"],"inLanguage":"es","potentialAction":[{"@type":"CommentAction","name":"Comment","target":["https:\/\/elcardinal.com\/?p=4247#respond"]}]},{"@type":"WebPage","@id":"https:\/\/elcardinal.com\/?p=4247","url":"https:\/\/elcardinal.com\/?p=4247","name":"El PAN propone regular el uso de celulares en escuelas de Hidalgo\u00a0 - El Cardinal","isPartOf":{"@id":"https:\/\/elcardinal.com\/#website"},"primaryImageOfPage":{"@id":"https:\/\/elcardinal.com\/?p=4247#primaryimage"},"image":{"@id":"https:\/\/elcardinal.com\/?p=4247#primaryimage"},"thumbnailUrl":"https:\/\/elcardinal.com\/wp-content\/uploads\/2025\/04\/Sesion-24.04.2025-Ordinaria-135.jpg","datePublished":"2025-04-24T19:51:54+00:00","breadcrumb":{"@id":"https:\/\/elcardinal.com\/?p=4247#breadcrumb"},"inLanguage":"es","potentialAction":[{"@type":"ReadAction","target":["https:\/\/elcardinal.com\/?p=4247"]}]},{"@type":"ImageObject","inLanguage":"es","@id":"https:\/\/elcardinal.com\/?p=4247#primaryimage","url":"https:\/\/elcardinal.com\/wp-content\/uploads\/2025\/04\/Sesion-24.04.2025-Ordinaria-135.jpg","contentUrl":"https:\/\/elcardinal.com\/wp-content\/uploads\/2025\/04\/Sesion-24.04.2025-Ordinaria-135.jpg","width":2400,"height":1600,"caption":"CONGRESO_HIDALGO"},{"@type":"BreadcrumbList","@id":"https:\/\/elcardinal.com\/?p=4247#breadcrumb","itemListElement":[{"@type":"ListItem","position":1,"name":"Inicio","item":"https:\/\/elcardinal.com\/"},{"@type":"ListItem","position":2,"name":"El PAN propone regular el uso de celulares en escuelas de Hidalgo\u00a0"}]},{"@type":"WebSite","@id":"https:\/\/elcardinal.com\/#website","url":"https:\/\/elcardinal.com\/","name":"El Cardinal","description":"Periodismo honesto, con valor, sentido humano, a veces sarc\u00e1stico y divertido.","publisher":{"@id":"https:\/\/elcardinal.com\/#organization"},"alternateName":"El Cardinal Noticias","potentialAction":[{"@type":"SearchAction","target":{"@type":"EntryPoint","urlTemplate":"https:\/\/elcardinal.com\/?s={search_term_string}"},"query-input":{"@type":"PropertyValueSpecification","valueRequired":true,"valueName":"search_term_string"}}],"inLanguage":"es"},{"@type":"Organization","@id":"https:\/\/elcardinal.com\/#organization","name":"El Cardinal","url":"https:\/\/elcardinal.com\/","logo":{"@type":"ImageObject","inLanguage":"es","@id":"https:\/\/elcardinal.com\/#\/schema\/logo\/image\/","url":"https:\/\/elcardinal.com\/wp-content\/uploads\/2025\/04\/LOGO-EL-CARDINAL-Periodismo-con-valor.png","contentUrl":"https:\/\/elcardinal.com\/wp-content\/uploads\/2025\/04\/LOGO-EL-CARDINAL-Periodismo-con-valor.png","width":755,"height":636,"caption":"El Cardinal"},"image":{"@id":"https:\/\/elcardinal.com\/#\/schema\/logo\/image\/"},"sameAs":["https:\/\/www.facebook.com\/profile.php?id=100063093107011","https:\/\/x.com\/ElCardinal_Mx"]},{"@type":"Person","@id":"https:\/\/elcardinal.com\/#\/schema\/person\/3c352ec0a33987fe275c0e8a2ea69f8b","name":"Antonio Alcaraz","image":{"@type":"ImageObject","inLanguage":"es","@id":"https:\/\/elcardinal.com\/#\/schema\/person\/image\/","url":"https:\/\/elcardinal.com\/wp-content\/uploads\/2025\/05\/cropped-TONO-96x96.jpg","contentUrl":"https:\/\/elcardinal.com\/wp-content\/uploads\/2025\/05\/cropped-TONO-96x96.jpg","caption":"Antonio Alcaraz"},"url":"https:\/\/elcardinal.com\/?author=2"}]}},"_links":{"self":[{"href":"https:\/\/elcardinal.com\/index.php?rest_route=\/wp\/v2\/posts\/4247","targetHints":{"allow":["GET"]}}],"collection":[{"href":"https:\/\/elcardinal.com\/index.php?rest_route=\/wp\/v2\/posts"}],"about":[{"href":"https:\/\/elcardinal.com\/index.php?rest_route=\/wp\/v2\/types\/post"}],"author":[{"embeddable":true,"href":"https:\/\/elcardinal.com\/index.php?rest_route=\/wp\/v2\/users\/2"}],"replies":[{"embeddable":true,"href":"https:\/\/elcardinal.com\/index.php?rest_route=%2Fwp%2Fv2%2Fcomments&post=4247"}],"version-history":[{"count":1,"href":"https:\/\/elcardinal.com\/index.php?rest_route=\/wp\/v2\/posts\/4247\/revisions"}],"predecessor-version":[{"id":4249,"href":"https:\/\/elcardinal.com\/index.php?rest_route=\/wp\/v2\/posts\/4247\/revisions\/4249"}],"wp:featuredmedia":[{"embeddable":true,"href":"https:\/\/elcardinal.com\/index.php?rest_route=\/wp\/v2\/media\/4248"}],"wp:attachment":[{"href":"https:\/\/elcardinal.com\/index.php?rest_route=%2Fwp%2Fv2%2Fmedia&parent=4247"}],"wp:term":[{"taxonomy":"category","embeddable":true,"href":"https:\/\/elcardinal.com\/index.php?rest_route=%2Fwp%2Fv2%2Fcategories&post=4247"},{"taxonomy":"post_tag","embeddable":true,"href":"https:\/\/elcardinal.com\/index.php?rest_route=%2Fwp%2Fv2%2Ftags&post=4247"}],"curies":[{"name":"wp","href":"https:\/\/api.w.org\/{rel}","templated":true}]}}