{"id":4267,"date":"2025-04-24T23:27:05","date_gmt":"2025-04-25T05:27:05","guid":{"rendered":"https:\/\/elcardinal.com\/?p=4267"},"modified":"2025-04-24T23:32:05","modified_gmt":"2025-04-25T05:32:05","slug":"propone-declaratoria-de-los-arcos-de-tecozautla-como-patrimonio-cultural-de-hidalgo","status":"publish","type":"post","link":"https:\/\/elcardinal.com\/?p=4267","title":{"rendered":"Propone declaratoria de los Arcos de Tecozautla como patrimonio cultural de Hidalgo"},"content":{"rendered":"<p>By El Cardinalito<\/p>\n<p>&#8211; El legislador priista present\u00f3 una iniciativa en el Congreso local para proteger este acueducto del siglo XVII y potenciar el turismo y la identidad cultural en la regi\u00f3n<\/p>\n<p><img fetchpriority=\"high\" decoding=\"async\" class=\"alignnone size-medium wp-image-4269\" src=\"https:\/\/elcardinal.com\/wp-content\/uploads\/2025\/04\/WhatsApp-Image-2025-04-24-at-2.49.48-PM-1-300x200.jpeg\" alt=\"\" width=\"300\" height=\"200\" srcset=\"https:\/\/elcardinal.com\/wp-content\/uploads\/2025\/04\/WhatsApp-Image-2025-04-24-at-2.49.48-PM-1-300x200.jpeg 300w, https:\/\/elcardinal.com\/wp-content\/uploads\/2025\/04\/WhatsApp-Image-2025-04-24-at-2.49.48-PM-1-1024x682.jpeg 1024w, https:\/\/elcardinal.com\/wp-content\/uploads\/2025\/04\/WhatsApp-Image-2025-04-24-at-2.49.48-PM-1-768x512.jpeg 768w, https:\/\/elcardinal.com\/wp-content\/uploads\/2025\/04\/WhatsApp-Image-2025-04-24-at-2.49.48-PM-1-1536x1023.jpeg 1536w, https:\/\/elcardinal.com\/wp-content\/uploads\/2025\/04\/WhatsApp-Image-2025-04-24-at-2.49.48-PM-1-150x100.jpeg 150w, https:\/\/elcardinal.com\/wp-content\/uploads\/2025\/04\/WhatsApp-Image-2025-04-24-at-2.49.48-PM-1-450x300.jpeg 450w, https:\/\/elcardinal.com\/wp-content\/uploads\/2025\/04\/WhatsApp-Image-2025-04-24-at-2.49.48-PM-1-1200x800.jpeg 1200w, https:\/\/elcardinal.com\/wp-content\/uploads\/2025\/04\/WhatsApp-Image-2025-04-24-at-2.49.48-PM-1.jpeg 1600w\" sizes=\"(max-width: 300px) 100vw, 300px\" \/>Con el objetivo de preservar un legado hist\u00f3rico invaluable y fomentar el desarrollo regional, el diputado Marco Antonio Mendoza Bustamante propuso declarar los Arcos de Tecozautla como patrimonio material del Estado de Hidalgo. Esta obra hidr\u00e1ulica del siglo XVII sigue en funcionamiento y ha sido clave para la vida agr\u00edcola, cultural y tur\u00edstica de la regi\u00f3n.<\/p>\n<p>&nbsp;<\/p>\n<p>Durante su intervenci\u00f3n en tribuna, el legislador destac\u00f3 que esta declaratoria permitir\u00e1 establecer un marco legal de protecci\u00f3n que impida su destrucci\u00f3n, modificaci\u00f3n o uso inadecuado. Tambi\u00e9n abrir\u00e1 la puerta a pol\u00edticas de conservaci\u00f3n y restauraci\u00f3n que aseguren su permanencia para las futuras generaciones.<\/p>\n<p>&nbsp;<\/p>\n<p>Mendoza Bustamante subray\u00f3 que proteger este acueducto significa tambi\u00e9n salvaguardar la memoria hist\u00f3rica, la identidad cultural y el sentido de pertenencia de las y los hidalguenses. \u201cEl patrimonio cultural tangible conecta a las personas con su historia, y es una v\u00eda para generar orgullo, respeto y desarrollo\u201d, afirm\u00f3.<\/p>\n<p><img decoding=\"async\" class=\"size-medium wp-image-4270 aligncenter\" src=\"https:\/\/elcardinal.com\/wp-content\/uploads\/2025\/04\/WhatsApp-Image-2025-04-24-at-2.49.48-PM-300x200.jpeg\" alt=\"\" width=\"300\" height=\"200\" srcset=\"https:\/\/elcardinal.com\/wp-content\/uploads\/2025\/04\/WhatsApp-Image-2025-04-24-at-2.49.48-PM-300x200.jpeg 300w, https:\/\/elcardinal.com\/wp-content\/uploads\/2025\/04\/WhatsApp-Image-2025-04-24-at-2.49.48-PM-1024x682.jpeg 1024w, https:\/\/elcardinal.com\/wp-content\/uploads\/2025\/04\/WhatsApp-Image-2025-04-24-at-2.49.48-PM-768x512.jpeg 768w, https:\/\/elcardinal.com\/wp-content\/uploads\/2025\/04\/WhatsApp-Image-2025-04-24-at-2.49.48-PM-1536x1023.jpeg 1536w, https:\/\/elcardinal.com\/wp-content\/uploads\/2025\/04\/WhatsApp-Image-2025-04-24-at-2.49.48-PM-150x100.jpeg 150w, https:\/\/elcardinal.com\/wp-content\/uploads\/2025\/04\/WhatsApp-Image-2025-04-24-at-2.49.48-PM-450x300.jpeg 450w, https:\/\/elcardinal.com\/wp-content\/uploads\/2025\/04\/WhatsApp-Image-2025-04-24-at-2.49.48-PM-1200x800.jpeg 1200w, https:\/\/elcardinal.com\/wp-content\/uploads\/2025\/04\/WhatsApp-Image-2025-04-24-at-2.49.48-PM.jpeg 1600w\" sizes=\"(max-width: 300px) 100vw, 300px\" \/><\/p>\n<p>La iniciativa tambi\u00e9n busca potenciar el turismo cultural en Tecozautla, promoviendo su valor hist\u00f3rico mediante la educaci\u00f3n, la difusi\u00f3n y el uso de tecnolog\u00edas de informaci\u00f3n. \u201cEsta obra es testimonio de nuestra riqueza cultural y puede convertirse en motor econ\u00f3mico y social para la regi\u00f3n\u201d, se\u00f1al\u00f3 el diputado priista.<\/p>\n<p>Finalmente, reconoci\u00f3 a las y los ciudadanos de Tecozautla que impulsaron esta propuesta, destacando su amor por la tierra y el compromiso por conservarla. \u201cProteger nuestro patrimonio no es solo mirar al pasado, es sembrar futuro. Este acueducto es una joya viva que merece toda nuestra atenci\u00f3n y respeto\u201d, concluy\u00f3.<\/p>\n","protected":false},"excerpt":{"rendered":"<p>By El Cardinalito &#8211; El legislador priista present\u00f3 una iniciativa en el Congreso local para proteger este acueducto del siglo XVII y potenciar el turismo y la identidad cultural en la regi\u00f3n Con el objetivo de preservar un legado hist\u00f3rico invaluable y fomentar el desarrollo regional, el diputado Marco Antonio Mendoza Bustamante propuso declarar los<\/p>\n","protected":false},"author":2,"featured_media":4268,"comment_status":"open","ping_status":"open","sticky":false,"template":"","format":"standard","meta":{"footnotes":""},"categories":[31,44,39],"tags":[78,76,77],"class_list":{"0":"post-4267","1":"post","2":"type-post","3":"status-publish","4":"format-standard","5":"has-post-thumbnail","7":"category-hidalgo","8":"category-minuto-a-minuto","9":"category-politica","10":"tag-arcos-de-tecozautla","11":"tag-marco-antonio-mendoza-bustamante","12":"tag-tecozautla"},"yoast_head":"<!-- This site is optimized with the Yoast SEO plugin v26.1.1 - https:\/\/yoast.com\/wordpress\/plugins\/seo\/ -->\n<title>Propone declaratoria de los Arcos de Tecozautla como patrimonio cultural de Hidalgo - El Cardinal<\/title>\n<meta name=\"robots\" content=\"index, follow, max-snippet:-1, max-image-preview:large, max-video-preview:-1\" \/>\n<link rel=\"canonical\" href=\"https:\/\/elcardinal.com\/?p=4267\" \/>\n<meta property=\"og:locale\" content=\"es_MX\" \/>\n<meta property=\"og:type\" content=\"article\" \/>\n<meta property=\"og:title\" content=\"Propone declaratoria de los Arcos de Tecozautla como patrimonio cultural de Hidalgo - El Cardinal\" \/>\n<meta property=\"og:description\" content=\"By El Cardinalito &#8211; El legislador priista present\u00f3 una iniciativa en el Congreso local para proteger este acueducto del siglo XVII y potenciar el turismo y la identidad cultural en la regi\u00f3n Con el objetivo de preservar un legado hist\u00f3rico invaluable y fomentar el desarrollo regional, el diputado Marco Antonio Mendoza Bustamante propuso declarar los\" \/>\n<meta property=\"og:url\" content=\"https:\/\/elcardinal.com\/?p=4267\" \/>\n<meta property=\"og:site_name\" content=\"El Cardinal\" \/>\n<meta property=\"article:publisher\" content=\"https:\/\/www.facebook.com\/profile.php?id=100063093107011\" \/>\n<meta property=\"article:published_time\" content=\"2025-04-25T05:27:05+00:00\" \/>\n<meta property=\"article:modified_time\" content=\"2025-04-25T05:32:05+00:00\" \/>\n<meta property=\"og:image\" content=\"https:\/\/elcardinal.com\/wp-content\/uploads\/2025\/04\/WhatsApp-Image-2025-04-24-at-11.24.44-PM.jpeg\" \/>\n\t<meta property=\"og:image:width\" content=\"916\" \/>\n\t<meta property=\"og:image:height\" content=\"534\" \/>\n\t<meta property=\"og:image:type\" content=\"image\/jpeg\" \/>\n<meta name=\"author\" content=\"Antonio Alcaraz\" \/>\n<meta name=\"twitter:card\" content=\"summary_large_image\" \/>\n<meta name=\"twitter:creator\" content=\"@ElCardinal_Mx\" \/>\n<meta name=\"twitter:site\" content=\"@ElCardinal_Mx\" \/>\n<meta name=\"twitter:label1\" content=\"Escrito por\" \/>\n\t<meta name=\"twitter:data1\" content=\"Antonio Alcaraz\" \/>\n\t<meta name=\"twitter:label2\" content=\"Tiempo de lectura\" \/>\n\t<meta name=\"twitter:data2\" content=\"2 minutos\" \/>\n<script type=\"application\/ld+json\" class=\"yoast-schema-graph\">{\"@context\":\"https:\/\/schema.org\",\"@graph\":[{\"@type\":\"Article\",\"@id\":\"https:\/\/elcardinal.com\/?p=4267#article\",\"isPartOf\":{\"@id\":\"https:\/\/elcardinal.com\/?p=4267\"},\"author\":{\"name\":\"Antonio Alcaraz\",\"@id\":\"https:\/\/elcardinal.com\/#\/schema\/person\/3c352ec0a33987fe275c0e8a2ea69f8b\"},\"headline\":\"Propone declaratoria de los Arcos de Tecozautla como patrimonio cultural de Hidalgo\",\"datePublished\":\"2025-04-25T05:27:05+00:00\",\"dateModified\":\"2025-04-25T05:32:05+00:00\",\"mainEntityOfPage\":{\"@id\":\"https:\/\/elcardinal.com\/?p=4267\"},\"wordCount\":320,\"commentCount\":0,\"publisher\":{\"@id\":\"https:\/\/elcardinal.com\/#organization\"},\"image\":{\"@id\":\"https:\/\/elcardinal.com\/?p=4267#primaryimage\"},\"thumbnailUrl\":\"https:\/\/elcardinal.com\/wp-content\/uploads\/2025\/04\/WhatsApp-Image-2025-04-24-at-11.24.44-PM.jpeg\",\"keywords\":[\"Arcos de Tecozautla\",\"Marco Antonio Mendoza Bustamante\",\"Tecozautla\"],\"articleSection\":[\"Hidalgo\",\"Minuto a Minuto\",\"Pol\u00edtica\"],\"inLanguage\":\"es\",\"potentialAction\":[{\"@type\":\"CommentAction\",\"name\":\"Comment\",\"target\":[\"https:\/\/elcardinal.com\/?p=4267#respond\"]}]},{\"@type\":\"WebPage\",\"@id\":\"https:\/\/elcardinal.com\/?p=4267\",\"url\":\"https:\/\/elcardinal.com\/?p=4267\",\"name\":\"Propone declaratoria de los Arcos de Tecozautla como patrimonio cultural de Hidalgo - El Cardinal\",\"isPartOf\":{\"@id\":\"https:\/\/elcardinal.com\/#website\"},\"primaryImageOfPage\":{\"@id\":\"https:\/\/elcardinal.com\/?p=4267#primaryimage\"},\"image\":{\"@id\":\"https:\/\/elcardinal.com\/?p=4267#primaryimage\"},\"thumbnailUrl\":\"https:\/\/elcardinal.com\/wp-content\/uploads\/2025\/04\/WhatsApp-Image-2025-04-24-at-11.24.44-PM.jpeg\",\"datePublished\":\"2025-04-25T05:27:05+00:00\",\"dateModified\":\"2025-04-25T05:32:05+00:00\",\"breadcrumb\":{\"@id\":\"https:\/\/elcardinal.com\/?p=4267#breadcrumb\"},\"inLanguage\":\"es\",\"potentialAction\":[{\"@type\":\"ReadAction\",\"target\":[\"https:\/\/elcardinal.com\/?p=4267\"]}]},{\"@type\":\"ImageObject\",\"inLanguage\":\"es\",\"@id\":\"https:\/\/elcardinal.com\/?p=4267#primaryimage\",\"url\":\"https:\/\/elcardinal.com\/wp-content\/uploads\/2025\/04\/WhatsApp-Image-2025-04-24-at-11.24.44-PM.jpeg\",\"contentUrl\":\"https:\/\/elcardinal.com\/wp-content\/uploads\/2025\/04\/WhatsApp-Image-2025-04-24-at-11.24.44-PM.jpeg\",\"width\":916,\"height\":534},{\"@type\":\"BreadcrumbList\",\"@id\":\"https:\/\/elcardinal.com\/?p=4267#breadcrumb\",\"itemListElement\":[{\"@type\":\"ListItem\",\"position\":1,\"name\":\"Inicio\",\"item\":\"https:\/\/elcardinal.com\/\"},{\"@type\":\"ListItem\",\"position\":2,\"name\":\"Propone declaratoria de los Arcos de Tecozautla como patrimonio cultural de Hidalgo\"}]},{\"@type\":\"WebSite\",\"@id\":\"https:\/\/elcardinal.com\/#website\",\"url\":\"https:\/\/elcardinal.com\/\",\"name\":\"El Cardinal\",\"description\":\"Periodismo honesto, con valor, sentido humano, a veces sarc\u00e1stico y divertido.\",\"publisher\":{\"@id\":\"https:\/\/elcardinal.com\/#organization\"},\"alternateName\":\"El Cardinal Noticias\",\"potentialAction\":[{\"@type\":\"SearchAction\",\"target\":{\"@type\":\"EntryPoint\",\"urlTemplate\":\"https:\/\/elcardinal.com\/?s={search_term_string}\"},\"query-input\":{\"@type\":\"PropertyValueSpecification\",\"valueRequired\":true,\"valueName\":\"search_term_string\"}}],\"inLanguage\":\"es\"},{\"@type\":\"Organization\",\"@id\":\"https:\/\/elcardinal.com\/#organization\",\"name\":\"El Cardinal\",\"url\":\"https:\/\/elcardinal.com\/\",\"logo\":{\"@type\":\"ImageObject\",\"inLanguage\":\"es\",\"@id\":\"https:\/\/elcardinal.com\/#\/schema\/logo\/image\/\",\"url\":\"https:\/\/elcardinal.com\/wp-content\/uploads\/2025\/04\/LOGO-EL-CARDINAL-Periodismo-con-valor.png\",\"contentUrl\":\"https:\/\/elcardinal.com\/wp-content\/uploads\/2025\/04\/LOGO-EL-CARDINAL-Periodismo-con-valor.png\",\"width\":755,\"height\":636,\"caption\":\"El Cardinal\"},\"image\":{\"@id\":\"https:\/\/elcardinal.com\/#\/schema\/logo\/image\/\"},\"sameAs\":[\"https:\/\/www.facebook.com\/profile.php?id=100063093107011\",\"https:\/\/x.com\/ElCardinal_Mx\"]},{\"@type\":\"Person\",\"@id\":\"https:\/\/elcardinal.com\/#\/schema\/person\/3c352ec0a33987fe275c0e8a2ea69f8b\",\"name\":\"Antonio Alcaraz\",\"image\":{\"@type\":\"ImageObject\",\"inLanguage\":\"es\",\"@id\":\"https:\/\/elcardinal.com\/#\/schema\/person\/image\/\",\"url\":\"https:\/\/elcardinal.com\/wp-content\/uploads\/2025\/05\/cropped-TONO-96x96.jpg\",\"contentUrl\":\"https:\/\/elcardinal.com\/wp-content\/uploads\/2025\/05\/cropped-TONO-96x96.jpg\",\"caption\":\"Antonio Alcaraz\"},\"url\":\"https:\/\/elcardinal.com\/?author=2\"}]}<\/script>\n<!-- \/ Yoast SEO plugin. -->","yoast_head_json":{"title":"Propone declaratoria de los Arcos de Tecozautla como patrimonio cultural de Hidalgo - El Cardinal","robots":{"index":"index","follow":"follow","max-snippet":"max-snippet:-1","max-image-preview":"max-image-preview:large","max-video-preview":"max-video-preview:-1"},"canonical":"https:\/\/elcardinal.com\/?p=4267","og_locale":"es_MX","og_type":"article","og_title":"Propone declaratoria de los Arcos de Tecozautla como patrimonio cultural de Hidalgo - El Cardinal","og_description":"By El Cardinalito &#8211; El legislador priista present\u00f3 una iniciativa en el Congreso local para proteger este acueducto del siglo XVII y potenciar el turismo y la identidad cultural en la regi\u00f3n Con el objetivo de preservar un legado hist\u00f3rico invaluable y fomentar el desarrollo regional, el diputado Marco Antonio Mendoza Bustamante propuso declarar los","og_url":"https:\/\/elcardinal.com\/?p=4267","og_site_name":"El Cardinal","article_publisher":"https:\/\/www.facebook.com\/profile.php?id=100063093107011","article_published_time":"2025-04-25T05:27:05+00:00","article_modified_time":"2025-04-25T05:32:05+00:00","og_image":[{"width":916,"height":534,"url":"https:\/\/elcardinal.com\/wp-content\/uploads\/2025\/04\/WhatsApp-Image-2025-04-24-at-11.24.44-PM.jpeg","type":"image\/jpeg"}],"author":"Antonio Alcaraz","twitter_card":"summary_large_image","twitter_creator":"@ElCardinal_Mx","twitter_site":"@ElCardinal_Mx","twitter_misc":{"Escrito por":"Antonio Alcaraz","Tiempo de lectura":"2 minutos"},"schema":{"@context":"https:\/\/schema.org","@graph":[{"@type":"Article","@id":"https:\/\/elcardinal.com\/?p=4267#article","isPartOf":{"@id":"https:\/\/elcardinal.com\/?p=4267"},"author":{"name":"Antonio Alcaraz","@id":"https:\/\/elcardinal.com\/#\/schema\/person\/3c352ec0a33987fe275c0e8a2ea69f8b"},"headline":"Propone declaratoria de los Arcos de Tecozautla como patrimonio cultural de Hidalgo","datePublished":"2025-04-25T05:27:05+00:00","dateModified":"2025-04-25T05:32:05+00:00","mainEntityOfPage":{"@id":"https:\/\/elcardinal.com\/?p=4267"},"wordCount":320,"commentCount":0,"publisher":{"@id":"https:\/\/elcardinal.com\/#organization"},"image":{"@id":"https:\/\/elcardinal.com\/?p=4267#primaryimage"},"thumbnailUrl":"https:\/\/elcardinal.com\/wp-content\/uploads\/2025\/04\/WhatsApp-Image-2025-04-24-at-11.24.44-PM.jpeg","keywords":["Arcos de Tecozautla","Marco Antonio Mendoza Bustamante","Tecozautla"],"articleSection":["Hidalgo","Minuto a Minuto","Pol\u00edtica"],"inLanguage":"es","potentialAction":[{"@type":"CommentAction","name":"Comment","target":["https:\/\/elcardinal.com\/?p=4267#respond"]}]},{"@type":"WebPage","@id":"https:\/\/elcardinal.com\/?p=4267","url":"https:\/\/elcardinal.com\/?p=4267","name":"Propone declaratoria de los Arcos de Tecozautla como patrimonio cultural de Hidalgo - El Cardinal","isPartOf":{"@id":"https:\/\/elcardinal.com\/#website"},"primaryImageOfPage":{"@id":"https:\/\/elcardinal.com\/?p=4267#primaryimage"},"image":{"@id":"https:\/\/elcardinal.com\/?p=4267#primaryimage"},"thumbnailUrl":"https:\/\/elcardinal.com\/wp-content\/uploads\/2025\/04\/WhatsApp-Image-2025-04-24-at-11.24.44-PM.jpeg","datePublished":"2025-04-25T05:27:05+00:00","dateModified":"2025-04-25T05:32:05+00:00","breadcrumb":{"@id":"https:\/\/elcardinal.com\/?p=4267#breadcrumb"},"inLanguage":"es","potentialAction":[{"@type":"ReadAction","target":["https:\/\/elcardinal.com\/?p=4267"]}]},{"@type":"ImageObject","inLanguage":"es","@id":"https:\/\/elcardinal.com\/?p=4267#primaryimage","url":"https:\/\/elcardinal.com\/wp-content\/uploads\/2025\/04\/WhatsApp-Image-2025-04-24-at-11.24.44-PM.jpeg","contentUrl":"https:\/\/elcardinal.com\/wp-content\/uploads\/2025\/04\/WhatsApp-Image-2025-04-24-at-11.24.44-PM.jpeg","width":916,"height":534},{"@type":"BreadcrumbList","@id":"https:\/\/elcardinal.com\/?p=4267#breadcrumb","itemListElement":[{"@type":"ListItem","position":1,"name":"Inicio","item":"https:\/\/elcardinal.com\/"},{"@type":"ListItem","position":2,"name":"Propone declaratoria de los Arcos de Tecozautla como patrimonio cultural de Hidalgo"}]},{"@type":"WebSite","@id":"https:\/\/elcardinal.com\/#website","url":"https:\/\/elcardinal.com\/","name":"El Cardinal","description":"Periodismo honesto, con valor, sentido humano, a veces sarc\u00e1stico y divertido.","publisher":{"@id":"https:\/\/elcardinal.com\/#organization"},"alternateName":"El Cardinal Noticias","potentialAction":[{"@type":"SearchAction","target":{"@type":"EntryPoint","urlTemplate":"https:\/\/elcardinal.com\/?s={search_term_string}"},"query-input":{"@type":"PropertyValueSpecification","valueRequired":true,"valueName":"search_term_string"}}],"inLanguage":"es"},{"@type":"Organization","@id":"https:\/\/elcardinal.com\/#organization","name":"El Cardinal","url":"https:\/\/elcardinal.com\/","logo":{"@type":"ImageObject","inLanguage":"es","@id":"https:\/\/elcardinal.com\/#\/schema\/logo\/image\/","url":"https:\/\/elcardinal.com\/wp-content\/uploads\/2025\/04\/LOGO-EL-CARDINAL-Periodismo-con-valor.png","contentUrl":"https:\/\/elcardinal.com\/wp-content\/uploads\/2025\/04\/LOGO-EL-CARDINAL-Periodismo-con-valor.png","width":755,"height":636,"caption":"El Cardinal"},"image":{"@id":"https:\/\/elcardinal.com\/#\/schema\/logo\/image\/"},"sameAs":["https:\/\/www.facebook.com\/profile.php?id=100063093107011","https:\/\/x.com\/ElCardinal_Mx"]},{"@type":"Person","@id":"https:\/\/elcardinal.com\/#\/schema\/person\/3c352ec0a33987fe275c0e8a2ea69f8b","name":"Antonio Alcaraz","image":{"@type":"ImageObject","inLanguage":"es","@id":"https:\/\/elcardinal.com\/#\/schema\/person\/image\/","url":"https:\/\/elcardinal.com\/wp-content\/uploads\/2025\/05\/cropped-TONO-96x96.jpg","contentUrl":"https:\/\/elcardinal.com\/wp-content\/uploads\/2025\/05\/cropped-TONO-96x96.jpg","caption":"Antonio Alcaraz"},"url":"https:\/\/elcardinal.com\/?author=2"}]}},"_links":{"self":[{"href":"https:\/\/elcardinal.com\/index.php?rest_route=\/wp\/v2\/posts\/4267","targetHints":{"allow":["GET"]}}],"collection":[{"href":"https:\/\/elcardinal.com\/index.php?rest_route=\/wp\/v2\/posts"}],"about":[{"href":"https:\/\/elcardinal.com\/index.php?rest_route=\/wp\/v2\/types\/post"}],"author":[{"embeddable":true,"href":"https:\/\/elcardinal.com\/index.php?rest_route=\/wp\/v2\/users\/2"}],"replies":[{"embeddable":true,"href":"https:\/\/elcardinal.com\/index.php?rest_route=%2Fwp%2Fv2%2Fcomments&post=4267"}],"version-history":[{"count":2,"href":"https:\/\/elcardinal.com\/index.php?rest_route=\/wp\/v2\/posts\/4267\/revisions"}],"predecessor-version":[{"id":4272,"href":"https:\/\/elcardinal.com\/index.php?rest_route=\/wp\/v2\/posts\/4267\/revisions\/4272"}],"wp:featuredmedia":[{"embeddable":true,"href":"https:\/\/elcardinal.com\/index.php?rest_route=\/wp\/v2\/media\/4268"}],"wp:attachment":[{"href":"https:\/\/elcardinal.com\/index.php?rest_route=%2Fwp%2Fv2%2Fmedia&parent=4267"}],"wp:term":[{"taxonomy":"category","embeddable":true,"href":"https:\/\/elcardinal.com\/index.php?rest_route=%2Fwp%2Fv2%2Fcategories&post=4267"},{"taxonomy":"post_tag","embeddable":true,"href":"https:\/\/elcardinal.com\/index.php?rest_route=%2Fwp%2Fv2%2Ftags&post=4267"}],"curies":[{"name":"wp","href":"https:\/\/api.w.org\/{rel}","templated":true}]}}