{"id":4273,"date":"2025-04-25T00:08:17","date_gmt":"2025-04-25T06:08:17","guid":{"rendered":"https:\/\/elcardinal.com\/?p=4273"},"modified":"2025-04-25T00:08:31","modified_gmt":"2025-04-25T06:08:31","slug":"pachuca-tendra-su-primer-hospital-veterinario","status":"publish","type":"post","link":"https:\/\/elcardinal.com\/?p=4273","title":{"rendered":"\u00a1Pachuca tendr\u00e1 su primer hospital veterinario!"},"content":{"rendered":"<p>&nbsp;<\/p>\n<p>By El Cardinalito<\/p>\n<p><em>Buenas noticias para los lomitos y michis de la Bella Airosa:<\/em> el presidente municipal de Pachuca, Jorge Alberto Reyes Hern\u00e1ndez, anunci\u00f3 la creaci\u00f3n del primer <em>Hospital Veterinario Municipal<\/em> en la capital hidalguense.<\/p>\n<p>Aunque a\u00fan no hay una fecha exacta para su inauguraci\u00f3n, el alcalde asegur\u00f3 que <em>la obra se concretar\u00e1 este mismo a\u00f1o<\/em>. Ya se trabaja en la ruta de necesidades para habilitar caniles, quir\u00f3fanos, \u00e1reas de recuperaci\u00f3n, farmacia y m\u00e1s.<\/p>\n<p>\u201cQueremos ofrecer un hospital como los que existen, pero con una gran diferencia: <em>con costo de recuperaci\u00f3n accesible<\/em>, para apoyar a quienes m\u00e1s lo necesitan\u201d, declar\u00f3 Reyes Hern\u00e1ndez.<\/p>\n<p>El proyecto busca transformar lo que antes era un simple centro veterinario en un espacio integral, donde <em>no falte alimento, medicamentos, colchonetas, juguetes ni atenci\u00f3n m\u00e9dica para los animales rescatados<\/em>.<\/p>\n<p><em>M\u00e1s de 2,000 esterilizaciones y 1,000 vacunas<\/em> se han aplicado desde el inicio de la administraci\u00f3n, y el compromiso es seguir sin parar durante todo el trienio.<\/p>\n<p>Adem\u00e1s, el alcalde destac\u00f3 el apoyo de <em>colectivos, ciudadanos y donadores<\/em>, incluso desde el extranjero, para echar a andar este hospital con equipo moderno y espacios dignos, incluyendo un \u00e1rea especial para gatos.<\/p>\n<p>\u201cHay gente que se quita el pan de la boca para rescatar a una mascota. <em>Ellos merecen un espacio digno y accesible<\/em> para cuidar de sus compa\u00f1eros de vida\u201d, afirm\u00f3.<\/p>\n<p><em>Pachuca avanza hacia una cultura de bienestar animal<\/em>, y este hospital es un paso firme para lograrlo. \u00a1Un aplauso para los peluditos y quienes luchan por su salud y bienestar!<\/p>\n<p>#HospitalVeterinarioPachuca #BienestarAnimal #LomitosFelices #MichiPower #PachucaAvanza<\/p>\n","protected":false},"excerpt":{"rendered":"<p>&nbsp; By El Cardinalito Buenas noticias para los lomitos y michis de la Bella Airosa: el presidente municipal de Pachuca, Jorge Alberto Reyes Hern\u00e1ndez, anunci\u00f3 la creaci\u00f3n del primer Hospital Veterinario Municipal en la capital hidalguense. Aunque a\u00fan no hay una fecha exacta para su inauguraci\u00f3n, el alcalde asegur\u00f3 que la obra se concretar\u00e1 este<\/p>\n","protected":false},"author":2,"featured_media":4274,"comment_status":"open","ping_status":"open","sticky":false,"template":"","format":"standard","meta":{"footnotes":""},"categories":[32,44],"tags":[79,80,65],"class_list":{"0":"post-4273","1":"post","2":"type-post","3":"status-publish","4":"format-standard","5":"has-post-thumbnail","7":"category-metropoli","8":"category-minuto-a-minuto","9":"tag-hospital-veterinario","10":"tag-jorge-reyes","11":"tag-pachuca"},"yoast_head":"<!-- This site is optimized with the Yoast SEO plugin v26.1.1 - https:\/\/yoast.com\/wordpress\/plugins\/seo\/ -->\n<title>\u00a1Pachuca tendr\u00e1 su primer hospital veterinario! - El Cardinal<\/title>\n<meta name=\"robots\" content=\"index, follow, max-snippet:-1, max-image-preview:large, max-video-preview:-1\" \/>\n<link rel=\"canonical\" href=\"https:\/\/elcardinal.com\/?p=4273\" \/>\n<meta property=\"og:locale\" content=\"es_MX\" \/>\n<meta property=\"og:type\" content=\"article\" \/>\n<meta property=\"og:title\" content=\"\u00a1Pachuca tendr\u00e1 su primer hospital veterinario! - El Cardinal\" \/>\n<meta property=\"og:description\" content=\"&nbsp; By El Cardinalito Buenas noticias para los lomitos y michis de la Bella Airosa: el presidente municipal de Pachuca, Jorge Alberto Reyes Hern\u00e1ndez, anunci\u00f3 la creaci\u00f3n del primer Hospital Veterinario Municipal en la capital hidalguense. Aunque a\u00fan no hay una fecha exacta para su inauguraci\u00f3n, el alcalde asegur\u00f3 que la obra se concretar\u00e1 este\" \/>\n<meta property=\"og:url\" content=\"https:\/\/elcardinal.com\/?p=4273\" \/>\n<meta property=\"og:site_name\" content=\"El Cardinal\" \/>\n<meta property=\"article:publisher\" content=\"https:\/\/www.facebook.com\/profile.php?id=100063093107011\" \/>\n<meta property=\"article:published_time\" content=\"2025-04-25T06:08:17+00:00\" \/>\n<meta property=\"article:modified_time\" content=\"2025-04-25T06:08:31+00:00\" \/>\n<meta property=\"og:image\" content=\"https:\/\/elcardinal.com\/wp-content\/uploads\/2025\/04\/491203316_1004494104997017_653717463170085067_n.jpg\" \/>\n\t<meta property=\"og:image:width\" content=\"1280\" \/>\n\t<meta property=\"og:image:height\" content=\"720\" \/>\n\t<meta property=\"og:image:type\" content=\"image\/jpeg\" \/>\n<meta name=\"author\" content=\"Antonio Alcaraz\" \/>\n<meta name=\"twitter:card\" content=\"summary_large_image\" \/>\n<meta name=\"twitter:creator\" content=\"@ElCardinal_Mx\" \/>\n<meta name=\"twitter:site\" content=\"@ElCardinal_Mx\" \/>\n<meta name=\"twitter:label1\" content=\"Escrito por\" \/>\n\t<meta name=\"twitter:data1\" content=\"Antonio Alcaraz\" \/>\n\t<meta name=\"twitter:label2\" content=\"Tiempo de lectura\" \/>\n\t<meta name=\"twitter:data2\" content=\"1 minuto\" \/>\n<script type=\"application\/ld+json\" class=\"yoast-schema-graph\">{\"@context\":\"https:\/\/schema.org\",\"@graph\":[{\"@type\":\"Article\",\"@id\":\"https:\/\/elcardinal.com\/?p=4273#article\",\"isPartOf\":{\"@id\":\"https:\/\/elcardinal.com\/?p=4273\"},\"author\":{\"name\":\"Antonio Alcaraz\",\"@id\":\"https:\/\/elcardinal.com\/#\/schema\/person\/3c352ec0a33987fe275c0e8a2ea69f8b\"},\"headline\":\"\u00a1Pachuca tendr\u00e1 su primer hospital veterinario!\",\"datePublished\":\"2025-04-25T06:08:17+00:00\",\"dateModified\":\"2025-04-25T06:08:31+00:00\",\"mainEntityOfPage\":{\"@id\":\"https:\/\/elcardinal.com\/?p=4273\"},\"wordCount\":279,\"commentCount\":0,\"publisher\":{\"@id\":\"https:\/\/elcardinal.com\/#organization\"},\"image\":{\"@id\":\"https:\/\/elcardinal.com\/?p=4273#primaryimage\"},\"thumbnailUrl\":\"https:\/\/elcardinal.com\/wp-content\/uploads\/2025\/04\/491203316_1004494104997017_653717463170085067_n.jpg\",\"keywords\":[\"Hospital Veterinario\",\"Jorge Reyes\",\"Pachuca\"],\"articleSection\":[\"Metr\u00f3poli\",\"Minuto a Minuto\"],\"inLanguage\":\"es\",\"potentialAction\":[{\"@type\":\"CommentAction\",\"name\":\"Comment\",\"target\":[\"https:\/\/elcardinal.com\/?p=4273#respond\"]}]},{\"@type\":\"WebPage\",\"@id\":\"https:\/\/elcardinal.com\/?p=4273\",\"url\":\"https:\/\/elcardinal.com\/?p=4273\",\"name\":\"\u00a1Pachuca tendr\u00e1 su primer hospital veterinario! - El Cardinal\",\"isPartOf\":{\"@id\":\"https:\/\/elcardinal.com\/#website\"},\"primaryImageOfPage\":{\"@id\":\"https:\/\/elcardinal.com\/?p=4273#primaryimage\"},\"image\":{\"@id\":\"https:\/\/elcardinal.com\/?p=4273#primaryimage\"},\"thumbnailUrl\":\"https:\/\/elcardinal.com\/wp-content\/uploads\/2025\/04\/491203316_1004494104997017_653717463170085067_n.jpg\",\"datePublished\":\"2025-04-25T06:08:17+00:00\",\"dateModified\":\"2025-04-25T06:08:31+00:00\",\"breadcrumb\":{\"@id\":\"https:\/\/elcardinal.com\/?p=4273#breadcrumb\"},\"inLanguage\":\"es\",\"potentialAction\":[{\"@type\":\"ReadAction\",\"target\":[\"https:\/\/elcardinal.com\/?p=4273\"]}]},{\"@type\":\"ImageObject\",\"inLanguage\":\"es\",\"@id\":\"https:\/\/elcardinal.com\/?p=4273#primaryimage\",\"url\":\"https:\/\/elcardinal.com\/wp-content\/uploads\/2025\/04\/491203316_1004494104997017_653717463170085067_n.jpg\",\"contentUrl\":\"https:\/\/elcardinal.com\/wp-content\/uploads\/2025\/04\/491203316_1004494104997017_653717463170085067_n.jpg\",\"width\":1280,\"height\":720},{\"@type\":\"BreadcrumbList\",\"@id\":\"https:\/\/elcardinal.com\/?p=4273#breadcrumb\",\"itemListElement\":[{\"@type\":\"ListItem\",\"position\":1,\"name\":\"Inicio\",\"item\":\"https:\/\/elcardinal.com\/\"},{\"@type\":\"ListItem\",\"position\":2,\"name\":\"\u00a1Pachuca tendr\u00e1 su primer hospital veterinario!\"}]},{\"@type\":\"WebSite\",\"@id\":\"https:\/\/elcardinal.com\/#website\",\"url\":\"https:\/\/elcardinal.com\/\",\"name\":\"El Cardinal\",\"description\":\"Periodismo honesto, con valor, sentido humano, a veces sarc\u00e1stico y divertido.\",\"publisher\":{\"@id\":\"https:\/\/elcardinal.com\/#organization\"},\"alternateName\":\"El Cardinal Noticias\",\"potentialAction\":[{\"@type\":\"SearchAction\",\"target\":{\"@type\":\"EntryPoint\",\"urlTemplate\":\"https:\/\/elcardinal.com\/?s={search_term_string}\"},\"query-input\":{\"@type\":\"PropertyValueSpecification\",\"valueRequired\":true,\"valueName\":\"search_term_string\"}}],\"inLanguage\":\"es\"},{\"@type\":\"Organization\",\"@id\":\"https:\/\/elcardinal.com\/#organization\",\"name\":\"El Cardinal\",\"url\":\"https:\/\/elcardinal.com\/\",\"logo\":{\"@type\":\"ImageObject\",\"inLanguage\":\"es\",\"@id\":\"https:\/\/elcardinal.com\/#\/schema\/logo\/image\/\",\"url\":\"https:\/\/elcardinal.com\/wp-content\/uploads\/2025\/04\/LOGO-EL-CARDINAL-Periodismo-con-valor.png\",\"contentUrl\":\"https:\/\/elcardinal.com\/wp-content\/uploads\/2025\/04\/LOGO-EL-CARDINAL-Periodismo-con-valor.png\",\"width\":755,\"height\":636,\"caption\":\"El Cardinal\"},\"image\":{\"@id\":\"https:\/\/elcardinal.com\/#\/schema\/logo\/image\/\"},\"sameAs\":[\"https:\/\/www.facebook.com\/profile.php?id=100063093107011\",\"https:\/\/x.com\/ElCardinal_Mx\"]},{\"@type\":\"Person\",\"@id\":\"https:\/\/elcardinal.com\/#\/schema\/person\/3c352ec0a33987fe275c0e8a2ea69f8b\",\"name\":\"Antonio Alcaraz\",\"image\":{\"@type\":\"ImageObject\",\"inLanguage\":\"es\",\"@id\":\"https:\/\/elcardinal.com\/#\/schema\/person\/image\/\",\"url\":\"https:\/\/elcardinal.com\/wp-content\/uploads\/2025\/05\/cropped-TONO-96x96.jpg\",\"contentUrl\":\"https:\/\/elcardinal.com\/wp-content\/uploads\/2025\/05\/cropped-TONO-96x96.jpg\",\"caption\":\"Antonio Alcaraz\"},\"url\":\"https:\/\/elcardinal.com\/?author=2\"}]}<\/script>\n<!-- \/ Yoast SEO plugin. -->","yoast_head_json":{"title":"\u00a1Pachuca tendr\u00e1 su primer hospital veterinario! - El Cardinal","robots":{"index":"index","follow":"follow","max-snippet":"max-snippet:-1","max-image-preview":"max-image-preview:large","max-video-preview":"max-video-preview:-1"},"canonical":"https:\/\/elcardinal.com\/?p=4273","og_locale":"es_MX","og_type":"article","og_title":"\u00a1Pachuca tendr\u00e1 su primer hospital veterinario! - El Cardinal","og_description":"&nbsp; By El Cardinalito Buenas noticias para los lomitos y michis de la Bella Airosa: el presidente municipal de Pachuca, Jorge Alberto Reyes Hern\u00e1ndez, anunci\u00f3 la creaci\u00f3n del primer Hospital Veterinario Municipal en la capital hidalguense. Aunque a\u00fan no hay una fecha exacta para su inauguraci\u00f3n, el alcalde asegur\u00f3 que la obra se concretar\u00e1 este","og_url":"https:\/\/elcardinal.com\/?p=4273","og_site_name":"El Cardinal","article_publisher":"https:\/\/www.facebook.com\/profile.php?id=100063093107011","article_published_time":"2025-04-25T06:08:17+00:00","article_modified_time":"2025-04-25T06:08:31+00:00","og_image":[{"width":1280,"height":720,"url":"https:\/\/elcardinal.com\/wp-content\/uploads\/2025\/04\/491203316_1004494104997017_653717463170085067_n.jpg","type":"image\/jpeg"}],"author":"Antonio Alcaraz","twitter_card":"summary_large_image","twitter_creator":"@ElCardinal_Mx","twitter_site":"@ElCardinal_Mx","twitter_misc":{"Escrito por":"Antonio Alcaraz","Tiempo de lectura":"1 minuto"},"schema":{"@context":"https:\/\/schema.org","@graph":[{"@type":"Article","@id":"https:\/\/elcardinal.com\/?p=4273#article","isPartOf":{"@id":"https:\/\/elcardinal.com\/?p=4273"},"author":{"name":"Antonio Alcaraz","@id":"https:\/\/elcardinal.com\/#\/schema\/person\/3c352ec0a33987fe275c0e8a2ea69f8b"},"headline":"\u00a1Pachuca tendr\u00e1 su primer hospital veterinario!","datePublished":"2025-04-25T06:08:17+00:00","dateModified":"2025-04-25T06:08:31+00:00","mainEntityOfPage":{"@id":"https:\/\/elcardinal.com\/?p=4273"},"wordCount":279,"commentCount":0,"publisher":{"@id":"https:\/\/elcardinal.com\/#organization"},"image":{"@id":"https:\/\/elcardinal.com\/?p=4273#primaryimage"},"thumbnailUrl":"https:\/\/elcardinal.com\/wp-content\/uploads\/2025\/04\/491203316_1004494104997017_653717463170085067_n.jpg","keywords":["Hospital Veterinario","Jorge Reyes","Pachuca"],"articleSection":["Metr\u00f3poli","Minuto a Minuto"],"inLanguage":"es","potentialAction":[{"@type":"CommentAction","name":"Comment","target":["https:\/\/elcardinal.com\/?p=4273#respond"]}]},{"@type":"WebPage","@id":"https:\/\/elcardinal.com\/?p=4273","url":"https:\/\/elcardinal.com\/?p=4273","name":"\u00a1Pachuca tendr\u00e1 su primer hospital veterinario! - El Cardinal","isPartOf":{"@id":"https:\/\/elcardinal.com\/#website"},"primaryImageOfPage":{"@id":"https:\/\/elcardinal.com\/?p=4273#primaryimage"},"image":{"@id":"https:\/\/elcardinal.com\/?p=4273#primaryimage"},"thumbnailUrl":"https:\/\/elcardinal.com\/wp-content\/uploads\/2025\/04\/491203316_1004494104997017_653717463170085067_n.jpg","datePublished":"2025-04-25T06:08:17+00:00","dateModified":"2025-04-25T06:08:31+00:00","breadcrumb":{"@id":"https:\/\/elcardinal.com\/?p=4273#breadcrumb"},"inLanguage":"es","potentialAction":[{"@type":"ReadAction","target":["https:\/\/elcardinal.com\/?p=4273"]}]},{"@type":"ImageObject","inLanguage":"es","@id":"https:\/\/elcardinal.com\/?p=4273#primaryimage","url":"https:\/\/elcardinal.com\/wp-content\/uploads\/2025\/04\/491203316_1004494104997017_653717463170085067_n.jpg","contentUrl":"https:\/\/elcardinal.com\/wp-content\/uploads\/2025\/04\/491203316_1004494104997017_653717463170085067_n.jpg","width":1280,"height":720},{"@type":"BreadcrumbList","@id":"https:\/\/elcardinal.com\/?p=4273#breadcrumb","itemListElement":[{"@type":"ListItem","position":1,"name":"Inicio","item":"https:\/\/elcardinal.com\/"},{"@type":"ListItem","position":2,"name":"\u00a1Pachuca tendr\u00e1 su primer hospital veterinario!"}]},{"@type":"WebSite","@id":"https:\/\/elcardinal.com\/#website","url":"https:\/\/elcardinal.com\/","name":"El Cardinal","description":"Periodismo honesto, con valor, sentido humano, a veces sarc\u00e1stico y divertido.","publisher":{"@id":"https:\/\/elcardinal.com\/#organization"},"alternateName":"El Cardinal Noticias","potentialAction":[{"@type":"SearchAction","target":{"@type":"EntryPoint","urlTemplate":"https:\/\/elcardinal.com\/?s={search_term_string}"},"query-input":{"@type":"PropertyValueSpecification","valueRequired":true,"valueName":"search_term_string"}}],"inLanguage":"es"},{"@type":"Organization","@id":"https:\/\/elcardinal.com\/#organization","name":"El Cardinal","url":"https:\/\/elcardinal.com\/","logo":{"@type":"ImageObject","inLanguage":"es","@id":"https:\/\/elcardinal.com\/#\/schema\/logo\/image\/","url":"https:\/\/elcardinal.com\/wp-content\/uploads\/2025\/04\/LOGO-EL-CARDINAL-Periodismo-con-valor.png","contentUrl":"https:\/\/elcardinal.com\/wp-content\/uploads\/2025\/04\/LOGO-EL-CARDINAL-Periodismo-con-valor.png","width":755,"height":636,"caption":"El Cardinal"},"image":{"@id":"https:\/\/elcardinal.com\/#\/schema\/logo\/image\/"},"sameAs":["https:\/\/www.facebook.com\/profile.php?id=100063093107011","https:\/\/x.com\/ElCardinal_Mx"]},{"@type":"Person","@id":"https:\/\/elcardinal.com\/#\/schema\/person\/3c352ec0a33987fe275c0e8a2ea69f8b","name":"Antonio Alcaraz","image":{"@type":"ImageObject","inLanguage":"es","@id":"https:\/\/elcardinal.com\/#\/schema\/person\/image\/","url":"https:\/\/elcardinal.com\/wp-content\/uploads\/2025\/05\/cropped-TONO-96x96.jpg","contentUrl":"https:\/\/elcardinal.com\/wp-content\/uploads\/2025\/05\/cropped-TONO-96x96.jpg","caption":"Antonio Alcaraz"},"url":"https:\/\/elcardinal.com\/?author=2"}]}},"_links":{"self":[{"href":"https:\/\/elcardinal.com\/index.php?rest_route=\/wp\/v2\/posts\/4273","targetHints":{"allow":["GET"]}}],"collection":[{"href":"https:\/\/elcardinal.com\/index.php?rest_route=\/wp\/v2\/posts"}],"about":[{"href":"https:\/\/elcardinal.com\/index.php?rest_route=\/wp\/v2\/types\/post"}],"author":[{"embeddable":true,"href":"https:\/\/elcardinal.com\/index.php?rest_route=\/wp\/v2\/users\/2"}],"replies":[{"embeddable":true,"href":"https:\/\/elcardinal.com\/index.php?rest_route=%2Fwp%2Fv2%2Fcomments&post=4273"}],"version-history":[{"count":1,"href":"https:\/\/elcardinal.com\/index.php?rest_route=\/wp\/v2\/posts\/4273\/revisions"}],"predecessor-version":[{"id":4275,"href":"https:\/\/elcardinal.com\/index.php?rest_route=\/wp\/v2\/posts\/4273\/revisions\/4275"}],"wp:featuredmedia":[{"embeddable":true,"href":"https:\/\/elcardinal.com\/index.php?rest_route=\/wp\/v2\/media\/4274"}],"wp:attachment":[{"href":"https:\/\/elcardinal.com\/index.php?rest_route=%2Fwp%2Fv2%2Fmedia&parent=4273"}],"wp:term":[{"taxonomy":"category","embeddable":true,"href":"https:\/\/elcardinal.com\/index.php?rest_route=%2Fwp%2Fv2%2Fcategories&post=4273"},{"taxonomy":"post_tag","embeddable":true,"href":"https:\/\/elcardinal.com\/index.php?rest_route=%2Fwp%2Fv2%2Ftags&post=4273"}],"curies":[{"name":"wp","href":"https:\/\/api.w.org\/{rel}","templated":true}]}}