{"id":4310,"date":"2025-04-28T19:57:28","date_gmt":"2025-04-29T01:57:28","guid":{"rendered":"https:\/\/elcardinal.com\/?p=4310"},"modified":"2025-04-28T19:57:28","modified_gmt":"2025-04-29T01:57:28","slug":"posponen-inauguracion-del-ben-gurion-parque-cultural-hidalguense-julio-menchaca","status":"publish","type":"post","link":"https:\/\/elcardinal.com\/?p=4310","title":{"rendered":"Posponen inauguraci\u00f3n del Ben Guri\u00f3n \u201cParque Cultural Hidalguense\u201d: Julio Menchaca"},"content":{"rendered":"<p>&nbsp;<\/p>\n<p><strong>Por: Jos\u00e9 Antonio Alcaraz Su\u00e1rez <\/strong><\/p>\n<p>Pachuca, Hgo.\u2013 El gobernador Julio Menchaca Salazar anunci\u00f3 que la inauguraci\u00f3n de las remodelaciones en el parque David Ben Guri\u00f3n cambiar\u00e1 de fecha para realizarse el pr\u00f3ximo <strong>domingo 11 de mayo<\/strong>, en lugar del 30 de abril como se hab\u00eda anunciado inicialmente.<\/p>\n<p>En respuesta a medios de comunicaci\u00f3n, el mandatario explic\u00f3 que la decisi\u00f3n se tom\u00f3 para aprovechar la coincidencia de varias celebraciones y organizar un evento m\u00e1s completo y familiar: \u201c<strong>Vamos a celebrar a las ni\u00f1as, a los ni\u00f1os, a las mam\u00e1s y a los maestros<\/strong>\u201d, dijo, subrayando que se busca convertir el d\u00eda en un \u201cdomingo espectacular\u201d con actividades desde la ma\u00f1ana hasta la noche.<\/p>\n<p>Entre las novedades que se presentar\u00e1n en el renovado parque est\u00e1n \u00e1reas especiales para mascotas, pistas para patinaje y nuevas canchas deportivas. Menchaca destac\u00f3 que la remodelaci\u00f3n forma parte de un esfuerzo m\u00e1s amplio por dignificar los espacios p\u00fablicos en Pachuca, junto con la rehabilitaci\u00f3n del Jard\u00edn de las y los Hidalguenses Ilustres y el proyecto de la Maestranza.<\/p>\n<p>Finalmente, el gobernador invit\u00f3 a toda la ciudadan\u00eda a participar en la celebraci\u00f3n: \u201c<strong>Ser\u00e1 un espect\u00e1culo y un lugar que le hac\u00eda falta a Pachuca, digno para disfrutar en familia y que tambi\u00e9n impulse la econom\u00eda local<\/strong>\u201d, concluy\u00f3.<\/p>\n<p>&nbsp;<\/p>\n","protected":false},"excerpt":{"rendered":"<p>&nbsp; Por: Jos\u00e9 Antonio Alcaraz Su\u00e1rez Pachuca, Hgo.\u2013 El gobernador Julio Menchaca Salazar anunci\u00f3 que la inauguraci\u00f3n de las remodelaciones en el parque David Ben Guri\u00f3n cambiar\u00e1 de fecha para realizarse el pr\u00f3ximo domingo 11 de mayo, en lugar del 30 de abril como se hab\u00eda anunciado inicialmente. En respuesta a medios de comunicaci\u00f3n, el<\/p>\n","protected":false},"author":2,"featured_media":4311,"comment_status":"open","ping_status":"open","sticky":false,"template":"","format":"standard","meta":{"footnotes":""},"categories":[31,44],"tags":[91,85,92],"class_list":{"0":"post-4310","1":"post","2":"type-post","3":"status-publish","4":"format-standard","5":"has-post-thumbnail","7":"category-hidalgo","8":"category-minuto-a-minuto","9":"tag-david-ben-gurion","10":"tag-julio-menchaca","11":"tag-parque-cultural-hidalguense"},"yoast_head":"<!-- This site is optimized with the Yoast SEO plugin v26.1.1 - https:\/\/yoast.com\/wordpress\/plugins\/seo\/ -->\n<title>Posponen inauguraci\u00f3n del Ben Guri\u00f3n \u201cParque Cultural Hidalguense\u201d: Julio Menchaca - El Cardinal<\/title>\n<meta name=\"robots\" content=\"index, follow, max-snippet:-1, max-image-preview:large, max-video-preview:-1\" \/>\n<link rel=\"canonical\" href=\"https:\/\/elcardinal.com\/?p=4310\" \/>\n<meta property=\"og:locale\" content=\"es_MX\" \/>\n<meta property=\"og:type\" content=\"article\" \/>\n<meta property=\"og:title\" content=\"Posponen inauguraci\u00f3n del Ben Guri\u00f3n \u201cParque Cultural Hidalguense\u201d: Julio Menchaca - El Cardinal\" \/>\n<meta property=\"og:description\" content=\"&nbsp; Por: Jos\u00e9 Antonio Alcaraz Su\u00e1rez Pachuca, Hgo.\u2013 El gobernador Julio Menchaca Salazar anunci\u00f3 que la inauguraci\u00f3n de las remodelaciones en el parque David Ben Guri\u00f3n cambiar\u00e1 de fecha para realizarse el pr\u00f3ximo domingo 11 de mayo, en lugar del 30 de abril como se hab\u00eda anunciado inicialmente. En respuesta a medios de comunicaci\u00f3n, el\" \/>\n<meta property=\"og:url\" content=\"https:\/\/elcardinal.com\/?p=4310\" \/>\n<meta property=\"og:site_name\" content=\"El Cardinal\" \/>\n<meta property=\"article:publisher\" content=\"https:\/\/www.facebook.com\/profile.php?id=100063093107011\" \/>\n<meta property=\"article:published_time\" content=\"2025-04-29T01:57:28+00:00\" \/>\n<meta property=\"og:image\" content=\"https:\/\/elcardinal.com\/wp-content\/uploads\/2025\/04\/492995284_1215401173288460_4346067308794965897_n.jpg\" \/>\n\t<meta property=\"og:image:width\" content=\"1170\" \/>\n\t<meta property=\"og:image:height\" content=\"639\" \/>\n\t<meta property=\"og:image:type\" content=\"image\/jpeg\" \/>\n<meta name=\"author\" content=\"Antonio Alcaraz\" \/>\n<meta name=\"twitter:card\" content=\"summary_large_image\" \/>\n<meta name=\"twitter:creator\" content=\"@ElCardinal_Mx\" \/>\n<meta name=\"twitter:site\" content=\"@ElCardinal_Mx\" \/>\n<meta name=\"twitter:label1\" content=\"Escrito por\" \/>\n\t<meta name=\"twitter:data1\" content=\"Antonio Alcaraz\" \/>\n\t<meta name=\"twitter:label2\" content=\"Tiempo de lectura\" \/>\n\t<meta name=\"twitter:data2\" content=\"2 minutos\" \/>\n<script type=\"application\/ld+json\" class=\"yoast-schema-graph\">{\"@context\":\"https:\/\/schema.org\",\"@graph\":[{\"@type\":\"Article\",\"@id\":\"https:\/\/elcardinal.com\/?p=4310#article\",\"isPartOf\":{\"@id\":\"https:\/\/elcardinal.com\/?p=4310\"},\"author\":{\"name\":\"Antonio Alcaraz\",\"@id\":\"https:\/\/elcardinal.com\/#\/schema\/person\/3c352ec0a33987fe275c0e8a2ea69f8b\"},\"headline\":\"Posponen inauguraci\u00f3n del Ben Guri\u00f3n \u201cParque Cultural Hidalguense\u201d: Julio Menchaca\",\"datePublished\":\"2025-04-29T01:57:28+00:00\",\"mainEntityOfPage\":{\"@id\":\"https:\/\/elcardinal.com\/?p=4310\"},\"wordCount\":247,\"commentCount\":0,\"publisher\":{\"@id\":\"https:\/\/elcardinal.com\/#organization\"},\"image\":{\"@id\":\"https:\/\/elcardinal.com\/?p=4310#primaryimage\"},\"thumbnailUrl\":\"https:\/\/elcardinal.com\/wp-content\/uploads\/2025\/04\/492995284_1215401173288460_4346067308794965897_n.jpg\",\"keywords\":[\"David Ben Guri\u00f3n\",\"Julio Menchaca\",\"Parque Cultural Hidalguense\"],\"articleSection\":[\"Hidalgo\",\"Minuto a Minuto\"],\"inLanguage\":\"es\",\"potentialAction\":[{\"@type\":\"CommentAction\",\"name\":\"Comment\",\"target\":[\"https:\/\/elcardinal.com\/?p=4310#respond\"]}]},{\"@type\":\"WebPage\",\"@id\":\"https:\/\/elcardinal.com\/?p=4310\",\"url\":\"https:\/\/elcardinal.com\/?p=4310\",\"name\":\"Posponen inauguraci\u00f3n del Ben Guri\u00f3n \u201cParque Cultural Hidalguense\u201d: Julio Menchaca - El Cardinal\",\"isPartOf\":{\"@id\":\"https:\/\/elcardinal.com\/#website\"},\"primaryImageOfPage\":{\"@id\":\"https:\/\/elcardinal.com\/?p=4310#primaryimage\"},\"image\":{\"@id\":\"https:\/\/elcardinal.com\/?p=4310#primaryimage\"},\"thumbnailUrl\":\"https:\/\/elcardinal.com\/wp-content\/uploads\/2025\/04\/492995284_1215401173288460_4346067308794965897_n.jpg\",\"datePublished\":\"2025-04-29T01:57:28+00:00\",\"breadcrumb\":{\"@id\":\"https:\/\/elcardinal.com\/?p=4310#breadcrumb\"},\"inLanguage\":\"es\",\"potentialAction\":[{\"@type\":\"ReadAction\",\"target\":[\"https:\/\/elcardinal.com\/?p=4310\"]}]},{\"@type\":\"ImageObject\",\"inLanguage\":\"es\",\"@id\":\"https:\/\/elcardinal.com\/?p=4310#primaryimage\",\"url\":\"https:\/\/elcardinal.com\/wp-content\/uploads\/2025\/04\/492995284_1215401173288460_4346067308794965897_n.jpg\",\"contentUrl\":\"https:\/\/elcardinal.com\/wp-content\/uploads\/2025\/04\/492995284_1215401173288460_4346067308794965897_n.jpg\",\"width\":1170,\"height\":639},{\"@type\":\"BreadcrumbList\",\"@id\":\"https:\/\/elcardinal.com\/?p=4310#breadcrumb\",\"itemListElement\":[{\"@type\":\"ListItem\",\"position\":1,\"name\":\"Inicio\",\"item\":\"https:\/\/elcardinal.com\/\"},{\"@type\":\"ListItem\",\"position\":2,\"name\":\"Posponen inauguraci\u00f3n del Ben Guri\u00f3n \u201cParque Cultural Hidalguense\u201d: Julio Menchaca\"}]},{\"@type\":\"WebSite\",\"@id\":\"https:\/\/elcardinal.com\/#website\",\"url\":\"https:\/\/elcardinal.com\/\",\"name\":\"El Cardinal\",\"description\":\"Periodismo honesto, con valor, sentido humano, a veces sarc\u00e1stico y divertido.\",\"publisher\":{\"@id\":\"https:\/\/elcardinal.com\/#organization\"},\"alternateName\":\"El Cardinal Noticias\",\"potentialAction\":[{\"@type\":\"SearchAction\",\"target\":{\"@type\":\"EntryPoint\",\"urlTemplate\":\"https:\/\/elcardinal.com\/?s={search_term_string}\"},\"query-input\":{\"@type\":\"PropertyValueSpecification\",\"valueRequired\":true,\"valueName\":\"search_term_string\"}}],\"inLanguage\":\"es\"},{\"@type\":\"Organization\",\"@id\":\"https:\/\/elcardinal.com\/#organization\",\"name\":\"El Cardinal\",\"url\":\"https:\/\/elcardinal.com\/\",\"logo\":{\"@type\":\"ImageObject\",\"inLanguage\":\"es\",\"@id\":\"https:\/\/elcardinal.com\/#\/schema\/logo\/image\/\",\"url\":\"https:\/\/elcardinal.com\/wp-content\/uploads\/2025\/04\/LOGO-EL-CARDINAL-Periodismo-con-valor.png\",\"contentUrl\":\"https:\/\/elcardinal.com\/wp-content\/uploads\/2025\/04\/LOGO-EL-CARDINAL-Periodismo-con-valor.png\",\"width\":755,\"height\":636,\"caption\":\"El Cardinal\"},\"image\":{\"@id\":\"https:\/\/elcardinal.com\/#\/schema\/logo\/image\/\"},\"sameAs\":[\"https:\/\/www.facebook.com\/profile.php?id=100063093107011\",\"https:\/\/x.com\/ElCardinal_Mx\"]},{\"@type\":\"Person\",\"@id\":\"https:\/\/elcardinal.com\/#\/schema\/person\/3c352ec0a33987fe275c0e8a2ea69f8b\",\"name\":\"Antonio Alcaraz\",\"image\":{\"@type\":\"ImageObject\",\"inLanguage\":\"es\",\"@id\":\"https:\/\/elcardinal.com\/#\/schema\/person\/image\/\",\"url\":\"https:\/\/elcardinal.com\/wp-content\/uploads\/2025\/05\/cropped-TONO-96x96.jpg\",\"contentUrl\":\"https:\/\/elcardinal.com\/wp-content\/uploads\/2025\/05\/cropped-TONO-96x96.jpg\",\"caption\":\"Antonio Alcaraz\"},\"url\":\"https:\/\/elcardinal.com\/?author=2\"}]}<\/script>\n<!-- \/ Yoast SEO plugin. -->","yoast_head_json":{"title":"Posponen inauguraci\u00f3n del Ben Guri\u00f3n \u201cParque Cultural Hidalguense\u201d: Julio Menchaca - El Cardinal","robots":{"index":"index","follow":"follow","max-snippet":"max-snippet:-1","max-image-preview":"max-image-preview:large","max-video-preview":"max-video-preview:-1"},"canonical":"https:\/\/elcardinal.com\/?p=4310","og_locale":"es_MX","og_type":"article","og_title":"Posponen inauguraci\u00f3n del Ben Guri\u00f3n \u201cParque Cultural Hidalguense\u201d: Julio Menchaca - El Cardinal","og_description":"&nbsp; Por: Jos\u00e9 Antonio Alcaraz Su\u00e1rez Pachuca, Hgo.\u2013 El gobernador Julio Menchaca Salazar anunci\u00f3 que la inauguraci\u00f3n de las remodelaciones en el parque David Ben Guri\u00f3n cambiar\u00e1 de fecha para realizarse el pr\u00f3ximo domingo 11 de mayo, en lugar del 30 de abril como se hab\u00eda anunciado inicialmente. En respuesta a medios de comunicaci\u00f3n, el","og_url":"https:\/\/elcardinal.com\/?p=4310","og_site_name":"El Cardinal","article_publisher":"https:\/\/www.facebook.com\/profile.php?id=100063093107011","article_published_time":"2025-04-29T01:57:28+00:00","og_image":[{"width":1170,"height":639,"url":"https:\/\/elcardinal.com\/wp-content\/uploads\/2025\/04\/492995284_1215401173288460_4346067308794965897_n.jpg","type":"image\/jpeg"}],"author":"Antonio Alcaraz","twitter_card":"summary_large_image","twitter_creator":"@ElCardinal_Mx","twitter_site":"@ElCardinal_Mx","twitter_misc":{"Escrito por":"Antonio Alcaraz","Tiempo de lectura":"2 minutos"},"schema":{"@context":"https:\/\/schema.org","@graph":[{"@type":"Article","@id":"https:\/\/elcardinal.com\/?p=4310#article","isPartOf":{"@id":"https:\/\/elcardinal.com\/?p=4310"},"author":{"name":"Antonio Alcaraz","@id":"https:\/\/elcardinal.com\/#\/schema\/person\/3c352ec0a33987fe275c0e8a2ea69f8b"},"headline":"Posponen inauguraci\u00f3n del Ben Guri\u00f3n \u201cParque Cultural Hidalguense\u201d: Julio Menchaca","datePublished":"2025-04-29T01:57:28+00:00","mainEntityOfPage":{"@id":"https:\/\/elcardinal.com\/?p=4310"},"wordCount":247,"commentCount":0,"publisher":{"@id":"https:\/\/elcardinal.com\/#organization"},"image":{"@id":"https:\/\/elcardinal.com\/?p=4310#primaryimage"},"thumbnailUrl":"https:\/\/elcardinal.com\/wp-content\/uploads\/2025\/04\/492995284_1215401173288460_4346067308794965897_n.jpg","keywords":["David Ben Guri\u00f3n","Julio Menchaca","Parque Cultural Hidalguense"],"articleSection":["Hidalgo","Minuto a Minuto"],"inLanguage":"es","potentialAction":[{"@type":"CommentAction","name":"Comment","target":["https:\/\/elcardinal.com\/?p=4310#respond"]}]},{"@type":"WebPage","@id":"https:\/\/elcardinal.com\/?p=4310","url":"https:\/\/elcardinal.com\/?p=4310","name":"Posponen inauguraci\u00f3n del Ben Guri\u00f3n \u201cParque Cultural Hidalguense\u201d: Julio Menchaca - El Cardinal","isPartOf":{"@id":"https:\/\/elcardinal.com\/#website"},"primaryImageOfPage":{"@id":"https:\/\/elcardinal.com\/?p=4310#primaryimage"},"image":{"@id":"https:\/\/elcardinal.com\/?p=4310#primaryimage"},"thumbnailUrl":"https:\/\/elcardinal.com\/wp-content\/uploads\/2025\/04\/492995284_1215401173288460_4346067308794965897_n.jpg","datePublished":"2025-04-29T01:57:28+00:00","breadcrumb":{"@id":"https:\/\/elcardinal.com\/?p=4310#breadcrumb"},"inLanguage":"es","potentialAction":[{"@type":"ReadAction","target":["https:\/\/elcardinal.com\/?p=4310"]}]},{"@type":"ImageObject","inLanguage":"es","@id":"https:\/\/elcardinal.com\/?p=4310#primaryimage","url":"https:\/\/elcardinal.com\/wp-content\/uploads\/2025\/04\/492995284_1215401173288460_4346067308794965897_n.jpg","contentUrl":"https:\/\/elcardinal.com\/wp-content\/uploads\/2025\/04\/492995284_1215401173288460_4346067308794965897_n.jpg","width":1170,"height":639},{"@type":"BreadcrumbList","@id":"https:\/\/elcardinal.com\/?p=4310#breadcrumb","itemListElement":[{"@type":"ListItem","position":1,"name":"Inicio","item":"https:\/\/elcardinal.com\/"},{"@type":"ListItem","position":2,"name":"Posponen inauguraci\u00f3n del Ben Guri\u00f3n \u201cParque Cultural Hidalguense\u201d: Julio Menchaca"}]},{"@type":"WebSite","@id":"https:\/\/elcardinal.com\/#website","url":"https:\/\/elcardinal.com\/","name":"El Cardinal","description":"Periodismo honesto, con valor, sentido humano, a veces sarc\u00e1stico y divertido.","publisher":{"@id":"https:\/\/elcardinal.com\/#organization"},"alternateName":"El Cardinal Noticias","potentialAction":[{"@type":"SearchAction","target":{"@type":"EntryPoint","urlTemplate":"https:\/\/elcardinal.com\/?s={search_term_string}"},"query-input":{"@type":"PropertyValueSpecification","valueRequired":true,"valueName":"search_term_string"}}],"inLanguage":"es"},{"@type":"Organization","@id":"https:\/\/elcardinal.com\/#organization","name":"El Cardinal","url":"https:\/\/elcardinal.com\/","logo":{"@type":"ImageObject","inLanguage":"es","@id":"https:\/\/elcardinal.com\/#\/schema\/logo\/image\/","url":"https:\/\/elcardinal.com\/wp-content\/uploads\/2025\/04\/LOGO-EL-CARDINAL-Periodismo-con-valor.png","contentUrl":"https:\/\/elcardinal.com\/wp-content\/uploads\/2025\/04\/LOGO-EL-CARDINAL-Periodismo-con-valor.png","width":755,"height":636,"caption":"El Cardinal"},"image":{"@id":"https:\/\/elcardinal.com\/#\/schema\/logo\/image\/"},"sameAs":["https:\/\/www.facebook.com\/profile.php?id=100063093107011","https:\/\/x.com\/ElCardinal_Mx"]},{"@type":"Person","@id":"https:\/\/elcardinal.com\/#\/schema\/person\/3c352ec0a33987fe275c0e8a2ea69f8b","name":"Antonio Alcaraz","image":{"@type":"ImageObject","inLanguage":"es","@id":"https:\/\/elcardinal.com\/#\/schema\/person\/image\/","url":"https:\/\/elcardinal.com\/wp-content\/uploads\/2025\/05\/cropped-TONO-96x96.jpg","contentUrl":"https:\/\/elcardinal.com\/wp-content\/uploads\/2025\/05\/cropped-TONO-96x96.jpg","caption":"Antonio Alcaraz"},"url":"https:\/\/elcardinal.com\/?author=2"}]}},"_links":{"self":[{"href":"https:\/\/elcardinal.com\/index.php?rest_route=\/wp\/v2\/posts\/4310","targetHints":{"allow":["GET"]}}],"collection":[{"href":"https:\/\/elcardinal.com\/index.php?rest_route=\/wp\/v2\/posts"}],"about":[{"href":"https:\/\/elcardinal.com\/index.php?rest_route=\/wp\/v2\/types\/post"}],"author":[{"embeddable":true,"href":"https:\/\/elcardinal.com\/index.php?rest_route=\/wp\/v2\/users\/2"}],"replies":[{"embeddable":true,"href":"https:\/\/elcardinal.com\/index.php?rest_route=%2Fwp%2Fv2%2Fcomments&post=4310"}],"version-history":[{"count":1,"href":"https:\/\/elcardinal.com\/index.php?rest_route=\/wp\/v2\/posts\/4310\/revisions"}],"predecessor-version":[{"id":4312,"href":"https:\/\/elcardinal.com\/index.php?rest_route=\/wp\/v2\/posts\/4310\/revisions\/4312"}],"wp:featuredmedia":[{"embeddable":true,"href":"https:\/\/elcardinal.com\/index.php?rest_route=\/wp\/v2\/media\/4311"}],"wp:attachment":[{"href":"https:\/\/elcardinal.com\/index.php?rest_route=%2Fwp%2Fv2%2Fmedia&parent=4310"}],"wp:term":[{"taxonomy":"category","embeddable":true,"href":"https:\/\/elcardinal.com\/index.php?rest_route=%2Fwp%2Fv2%2Fcategories&post=4310"},{"taxonomy":"post_tag","embeddable":true,"href":"https:\/\/elcardinal.com\/index.php?rest_route=%2Fwp%2Fv2%2Ftags&post=4310"}],"curies":[{"name":"wp","href":"https:\/\/api.w.org\/{rel}","templated":true}]}}