{"id":4319,"date":"2025-04-29T13:27:15","date_gmt":"2025-04-29T19:27:15","guid":{"rendered":"https:\/\/elcardinal.com\/?p=4319"},"modified":"2025-04-29T13:27:15","modified_gmt":"2025-04-29T19:27:15","slug":"diputada-alhely-medina-hernandez-solicita-licencia-temporal-al-cargo","status":"publish","type":"post","link":"https:\/\/elcardinal.com\/?p=4319","title":{"rendered":"Diputada Alhely Medina Hern\u00e1ndez solicita licencia temporal al cargo"},"content":{"rendered":"<p>Redacci\u00f3n<\/p>\n<p>En cumplimiento a lo establecido en el art\u00edculo 46 de la Constituci\u00f3n Pol\u00edtica del Estado de Hidalgo, as\u00ed como en los art\u00edculos 28, 29 y 53 de la Ley Org\u00e1nica del Poder Legislativo del Estado Libre y Soberano de Hidalgo, el Congreso del Estado informa que se recibi\u00f3 solicitud formal por parte de la diputada Alhely Medina Hern\u00e1ndez, representante del distrito local 01 con cabecera en Zimap\u00e1n, para separarse temporalmente de su cargo.<\/p>\n<p>La diputada solicit\u00f3 una licencia de car\u00e1cter personal por un periodo de treinta d\u00edas, contados a partir del 28 de abril de 2025. En su escrito, precis\u00f3 que la licencia no contempla el llamamiento de su suplente, toda vez que su ausencia no rebasa el t\u00e9rmino previsto en la legislaci\u00f3n aplicable.<\/p>\n<p>El procedimiento legislativo se desarroll\u00f3 de la siguiente manera:<\/p>\n<p>El 28 de abril del a\u00f1o en curso, la Secretar\u00eda de Servicios Legislativos recibi\u00f3 el escrito oficial de solicitud de licencia temporal.<\/p>\n<p>El 29 de abril, durante la Sesi\u00f3n Ordinaria n\u00famero 75 del Pleno, se dio cuenta de la solicitud a trav\u00e9s del Comunicado de Directiva.<\/p>\n<p>La propuesta fue sometida a votaci\u00f3n, siendo aprobada por mayor\u00eda con 24 votos a favor, sin votos en contra ni abstenciones.<\/p>\n<p>Derivado de su aprobaci\u00f3n, se notific\u00f3 a la Direcci\u00f3n de Servicios Administrativos del Congreso del Estado para proceder con la suspensi\u00f3n de percepciones correspondientes durante el periodo de licencia sin goce de sueldo.<\/p>\n<p>El Congreso del Estado de Hidalgo reitera su compromiso con la legalidad y la transparencia en cada uno de los procesos legislativos, conforme al marco jur\u00eddico vigente.<\/p>\n<p>&nbsp;<\/p>\n","protected":false},"excerpt":{"rendered":"<p>Redacci\u00f3n En cumplimiento a lo establecido en el art\u00edculo 46 de la Constituci\u00f3n Pol\u00edtica del Estado de Hidalgo, as\u00ed como en los art\u00edculos 28, 29 y 53 de la Ley Org\u00e1nica del Poder Legislativo del Estado Libre y Soberano de Hidalgo, el Congreso del Estado informa que se recibi\u00f3 solicitud formal por parte de la<\/p>\n","protected":false},"author":2,"featured_media":4320,"comment_status":"open","ping_status":"open","sticky":false,"template":"","format":"standard","meta":{"footnotes":""},"categories":[31,44],"tags":[95,62,87],"class_list":{"0":"post-4319","1":"post","2":"type-post","3":"status-publish","4":"format-standard","5":"has-post-thumbnail","7":"category-hidalgo","8":"category-minuto-a-minuto","9":"tag-alhely-medina","10":"tag-congreso-de-hidalgo","11":"tag-hidalgo"},"yoast_head":"<!-- This site is optimized with the Yoast SEO plugin v26.1.1 - https:\/\/yoast.com\/wordpress\/plugins\/seo\/ -->\n<title>Diputada Alhely Medina Hern\u00e1ndez solicita licencia temporal al cargo - El Cardinal<\/title>\n<meta name=\"robots\" content=\"index, follow, max-snippet:-1, max-image-preview:large, max-video-preview:-1\" \/>\n<link rel=\"canonical\" href=\"https:\/\/elcardinal.com\/?p=4319\" \/>\n<meta property=\"og:locale\" content=\"es_MX\" \/>\n<meta property=\"og:type\" content=\"article\" \/>\n<meta property=\"og:title\" content=\"Diputada Alhely Medina Hern\u00e1ndez solicita licencia temporal al cargo - El Cardinal\" \/>\n<meta property=\"og:description\" content=\"Redacci\u00f3n En cumplimiento a lo establecido en el art\u00edculo 46 de la Constituci\u00f3n Pol\u00edtica del Estado de Hidalgo, as\u00ed como en los art\u00edculos 28, 29 y 53 de la Ley Org\u00e1nica del Poder Legislativo del Estado Libre y Soberano de Hidalgo, el Congreso del Estado informa que se recibi\u00f3 solicitud formal por parte de la\" \/>\n<meta property=\"og:url\" content=\"https:\/\/elcardinal.com\/?p=4319\" \/>\n<meta property=\"og:site_name\" content=\"El Cardinal\" \/>\n<meta property=\"article:publisher\" content=\"https:\/\/www.facebook.com\/profile.php?id=100063093107011\" \/>\n<meta property=\"article:published_time\" content=\"2025-04-29T19:27:15+00:00\" \/>\n<meta property=\"og:image\" content=\"https:\/\/elcardinal.com\/wp-content\/uploads\/2025\/04\/FB_IMG_1745954767339.jpg\" \/>\n\t<meta property=\"og:image:width\" content=\"1178\" \/>\n\t<meta property=\"og:image:height\" content=\"785\" \/>\n\t<meta property=\"og:image:type\" content=\"image\/jpeg\" \/>\n<meta name=\"author\" content=\"Antonio Alcaraz\" \/>\n<meta name=\"twitter:card\" content=\"summary_large_image\" \/>\n<meta name=\"twitter:creator\" content=\"@ElCardinal_Mx\" \/>\n<meta name=\"twitter:site\" content=\"@ElCardinal_Mx\" \/>\n<meta name=\"twitter:label1\" content=\"Escrito por\" \/>\n\t<meta name=\"twitter:data1\" content=\"Antonio Alcaraz\" \/>\n\t<meta name=\"twitter:label2\" content=\"Tiempo de lectura\" \/>\n\t<meta name=\"twitter:data2\" content=\"2 minutos\" \/>\n<script type=\"application\/ld+json\" class=\"yoast-schema-graph\">{\"@context\":\"https:\/\/schema.org\",\"@graph\":[{\"@type\":\"Article\",\"@id\":\"https:\/\/elcardinal.com\/?p=4319#article\",\"isPartOf\":{\"@id\":\"https:\/\/elcardinal.com\/?p=4319\"},\"author\":{\"name\":\"Antonio Alcaraz\",\"@id\":\"https:\/\/elcardinal.com\/#\/schema\/person\/3c352ec0a33987fe275c0e8a2ea69f8b\"},\"headline\":\"Diputada Alhely Medina Hern\u00e1ndez solicita licencia temporal al cargo\",\"datePublished\":\"2025-04-29T19:27:15+00:00\",\"mainEntityOfPage\":{\"@id\":\"https:\/\/elcardinal.com\/?p=4319\"},\"wordCount\":284,\"commentCount\":0,\"publisher\":{\"@id\":\"https:\/\/elcardinal.com\/#organization\"},\"image\":{\"@id\":\"https:\/\/elcardinal.com\/?p=4319#primaryimage\"},\"thumbnailUrl\":\"https:\/\/elcardinal.com\/wp-content\/uploads\/2025\/04\/FB_IMG_1745954767339.jpg\",\"keywords\":[\"Alhely Medina\",\"Congreso de Hidalgo\",\"Hidalgo\"],\"articleSection\":[\"Hidalgo\",\"Minuto a Minuto\"],\"inLanguage\":\"es\",\"potentialAction\":[{\"@type\":\"CommentAction\",\"name\":\"Comment\",\"target\":[\"https:\/\/elcardinal.com\/?p=4319#respond\"]}]},{\"@type\":\"WebPage\",\"@id\":\"https:\/\/elcardinal.com\/?p=4319\",\"url\":\"https:\/\/elcardinal.com\/?p=4319\",\"name\":\"Diputada Alhely Medina Hern\u00e1ndez solicita licencia temporal al cargo - El Cardinal\",\"isPartOf\":{\"@id\":\"https:\/\/elcardinal.com\/#website\"},\"primaryImageOfPage\":{\"@id\":\"https:\/\/elcardinal.com\/?p=4319#primaryimage\"},\"image\":{\"@id\":\"https:\/\/elcardinal.com\/?p=4319#primaryimage\"},\"thumbnailUrl\":\"https:\/\/elcardinal.com\/wp-content\/uploads\/2025\/04\/FB_IMG_1745954767339.jpg\",\"datePublished\":\"2025-04-29T19:27:15+00:00\",\"breadcrumb\":{\"@id\":\"https:\/\/elcardinal.com\/?p=4319#breadcrumb\"},\"inLanguage\":\"es\",\"potentialAction\":[{\"@type\":\"ReadAction\",\"target\":[\"https:\/\/elcardinal.com\/?p=4319\"]}]},{\"@type\":\"ImageObject\",\"inLanguage\":\"es\",\"@id\":\"https:\/\/elcardinal.com\/?p=4319#primaryimage\",\"url\":\"https:\/\/elcardinal.com\/wp-content\/uploads\/2025\/04\/FB_IMG_1745954767339.jpg\",\"contentUrl\":\"https:\/\/elcardinal.com\/wp-content\/uploads\/2025\/04\/FB_IMG_1745954767339.jpg\",\"width\":1178,\"height\":785},{\"@type\":\"BreadcrumbList\",\"@id\":\"https:\/\/elcardinal.com\/?p=4319#breadcrumb\",\"itemListElement\":[{\"@type\":\"ListItem\",\"position\":1,\"name\":\"Inicio\",\"item\":\"https:\/\/elcardinal.com\/\"},{\"@type\":\"ListItem\",\"position\":2,\"name\":\"Diputada Alhely Medina Hern\u00e1ndez solicita licencia temporal al cargo\"}]},{\"@type\":\"WebSite\",\"@id\":\"https:\/\/elcardinal.com\/#website\",\"url\":\"https:\/\/elcardinal.com\/\",\"name\":\"El Cardinal\",\"description\":\"Periodismo honesto, con valor, sentido humano, a veces sarc\u00e1stico y divertido.\",\"publisher\":{\"@id\":\"https:\/\/elcardinal.com\/#organization\"},\"alternateName\":\"El Cardinal Noticias\",\"potentialAction\":[{\"@type\":\"SearchAction\",\"target\":{\"@type\":\"EntryPoint\",\"urlTemplate\":\"https:\/\/elcardinal.com\/?s={search_term_string}\"},\"query-input\":{\"@type\":\"PropertyValueSpecification\",\"valueRequired\":true,\"valueName\":\"search_term_string\"}}],\"inLanguage\":\"es\"},{\"@type\":\"Organization\",\"@id\":\"https:\/\/elcardinal.com\/#organization\",\"name\":\"El Cardinal\",\"url\":\"https:\/\/elcardinal.com\/\",\"logo\":{\"@type\":\"ImageObject\",\"inLanguage\":\"es\",\"@id\":\"https:\/\/elcardinal.com\/#\/schema\/logo\/image\/\",\"url\":\"https:\/\/elcardinal.com\/wp-content\/uploads\/2025\/04\/LOGO-EL-CARDINAL-Periodismo-con-valor.png\",\"contentUrl\":\"https:\/\/elcardinal.com\/wp-content\/uploads\/2025\/04\/LOGO-EL-CARDINAL-Periodismo-con-valor.png\",\"width\":755,\"height\":636,\"caption\":\"El Cardinal\"},\"image\":{\"@id\":\"https:\/\/elcardinal.com\/#\/schema\/logo\/image\/\"},\"sameAs\":[\"https:\/\/www.facebook.com\/profile.php?id=100063093107011\",\"https:\/\/x.com\/ElCardinal_Mx\"]},{\"@type\":\"Person\",\"@id\":\"https:\/\/elcardinal.com\/#\/schema\/person\/3c352ec0a33987fe275c0e8a2ea69f8b\",\"name\":\"Antonio Alcaraz\",\"image\":{\"@type\":\"ImageObject\",\"inLanguage\":\"es\",\"@id\":\"https:\/\/elcardinal.com\/#\/schema\/person\/image\/\",\"url\":\"https:\/\/elcardinal.com\/wp-content\/uploads\/2025\/05\/cropped-TONO-96x96.jpg\",\"contentUrl\":\"https:\/\/elcardinal.com\/wp-content\/uploads\/2025\/05\/cropped-TONO-96x96.jpg\",\"caption\":\"Antonio Alcaraz\"},\"url\":\"https:\/\/elcardinal.com\/?author=2\"}]}<\/script>\n<!-- \/ Yoast SEO plugin. -->","yoast_head_json":{"title":"Diputada Alhely Medina Hern\u00e1ndez solicita licencia temporal al cargo - El Cardinal","robots":{"index":"index","follow":"follow","max-snippet":"max-snippet:-1","max-image-preview":"max-image-preview:large","max-video-preview":"max-video-preview:-1"},"canonical":"https:\/\/elcardinal.com\/?p=4319","og_locale":"es_MX","og_type":"article","og_title":"Diputada Alhely Medina Hern\u00e1ndez solicita licencia temporal al cargo - El Cardinal","og_description":"Redacci\u00f3n En cumplimiento a lo establecido en el art\u00edculo 46 de la Constituci\u00f3n Pol\u00edtica del Estado de Hidalgo, as\u00ed como en los art\u00edculos 28, 29 y 53 de la Ley Org\u00e1nica del Poder Legislativo del Estado Libre y Soberano de Hidalgo, el Congreso del Estado informa que se recibi\u00f3 solicitud formal por parte de la","og_url":"https:\/\/elcardinal.com\/?p=4319","og_site_name":"El Cardinal","article_publisher":"https:\/\/www.facebook.com\/profile.php?id=100063093107011","article_published_time":"2025-04-29T19:27:15+00:00","og_image":[{"width":1178,"height":785,"url":"https:\/\/elcardinal.com\/wp-content\/uploads\/2025\/04\/FB_IMG_1745954767339.jpg","type":"image\/jpeg"}],"author":"Antonio Alcaraz","twitter_card":"summary_large_image","twitter_creator":"@ElCardinal_Mx","twitter_site":"@ElCardinal_Mx","twitter_misc":{"Escrito por":"Antonio Alcaraz","Tiempo de lectura":"2 minutos"},"schema":{"@context":"https:\/\/schema.org","@graph":[{"@type":"Article","@id":"https:\/\/elcardinal.com\/?p=4319#article","isPartOf":{"@id":"https:\/\/elcardinal.com\/?p=4319"},"author":{"name":"Antonio Alcaraz","@id":"https:\/\/elcardinal.com\/#\/schema\/person\/3c352ec0a33987fe275c0e8a2ea69f8b"},"headline":"Diputada Alhely Medina Hern\u00e1ndez solicita licencia temporal al cargo","datePublished":"2025-04-29T19:27:15+00:00","mainEntityOfPage":{"@id":"https:\/\/elcardinal.com\/?p=4319"},"wordCount":284,"commentCount":0,"publisher":{"@id":"https:\/\/elcardinal.com\/#organization"},"image":{"@id":"https:\/\/elcardinal.com\/?p=4319#primaryimage"},"thumbnailUrl":"https:\/\/elcardinal.com\/wp-content\/uploads\/2025\/04\/FB_IMG_1745954767339.jpg","keywords":["Alhely Medina","Congreso de Hidalgo","Hidalgo"],"articleSection":["Hidalgo","Minuto a Minuto"],"inLanguage":"es","potentialAction":[{"@type":"CommentAction","name":"Comment","target":["https:\/\/elcardinal.com\/?p=4319#respond"]}]},{"@type":"WebPage","@id":"https:\/\/elcardinal.com\/?p=4319","url":"https:\/\/elcardinal.com\/?p=4319","name":"Diputada Alhely Medina Hern\u00e1ndez solicita licencia temporal al cargo - El Cardinal","isPartOf":{"@id":"https:\/\/elcardinal.com\/#website"},"primaryImageOfPage":{"@id":"https:\/\/elcardinal.com\/?p=4319#primaryimage"},"image":{"@id":"https:\/\/elcardinal.com\/?p=4319#primaryimage"},"thumbnailUrl":"https:\/\/elcardinal.com\/wp-content\/uploads\/2025\/04\/FB_IMG_1745954767339.jpg","datePublished":"2025-04-29T19:27:15+00:00","breadcrumb":{"@id":"https:\/\/elcardinal.com\/?p=4319#breadcrumb"},"inLanguage":"es","potentialAction":[{"@type":"ReadAction","target":["https:\/\/elcardinal.com\/?p=4319"]}]},{"@type":"ImageObject","inLanguage":"es","@id":"https:\/\/elcardinal.com\/?p=4319#primaryimage","url":"https:\/\/elcardinal.com\/wp-content\/uploads\/2025\/04\/FB_IMG_1745954767339.jpg","contentUrl":"https:\/\/elcardinal.com\/wp-content\/uploads\/2025\/04\/FB_IMG_1745954767339.jpg","width":1178,"height":785},{"@type":"BreadcrumbList","@id":"https:\/\/elcardinal.com\/?p=4319#breadcrumb","itemListElement":[{"@type":"ListItem","position":1,"name":"Inicio","item":"https:\/\/elcardinal.com\/"},{"@type":"ListItem","position":2,"name":"Diputada Alhely Medina Hern\u00e1ndez solicita licencia temporal al cargo"}]},{"@type":"WebSite","@id":"https:\/\/elcardinal.com\/#website","url":"https:\/\/elcardinal.com\/","name":"El Cardinal","description":"Periodismo honesto, con valor, sentido humano, a veces sarc\u00e1stico y divertido.","publisher":{"@id":"https:\/\/elcardinal.com\/#organization"},"alternateName":"El Cardinal Noticias","potentialAction":[{"@type":"SearchAction","target":{"@type":"EntryPoint","urlTemplate":"https:\/\/elcardinal.com\/?s={search_term_string}"},"query-input":{"@type":"PropertyValueSpecification","valueRequired":true,"valueName":"search_term_string"}}],"inLanguage":"es"},{"@type":"Organization","@id":"https:\/\/elcardinal.com\/#organization","name":"El Cardinal","url":"https:\/\/elcardinal.com\/","logo":{"@type":"ImageObject","inLanguage":"es","@id":"https:\/\/elcardinal.com\/#\/schema\/logo\/image\/","url":"https:\/\/elcardinal.com\/wp-content\/uploads\/2025\/04\/LOGO-EL-CARDINAL-Periodismo-con-valor.png","contentUrl":"https:\/\/elcardinal.com\/wp-content\/uploads\/2025\/04\/LOGO-EL-CARDINAL-Periodismo-con-valor.png","width":755,"height":636,"caption":"El Cardinal"},"image":{"@id":"https:\/\/elcardinal.com\/#\/schema\/logo\/image\/"},"sameAs":["https:\/\/www.facebook.com\/profile.php?id=100063093107011","https:\/\/x.com\/ElCardinal_Mx"]},{"@type":"Person","@id":"https:\/\/elcardinal.com\/#\/schema\/person\/3c352ec0a33987fe275c0e8a2ea69f8b","name":"Antonio Alcaraz","image":{"@type":"ImageObject","inLanguage":"es","@id":"https:\/\/elcardinal.com\/#\/schema\/person\/image\/","url":"https:\/\/elcardinal.com\/wp-content\/uploads\/2025\/05\/cropped-TONO-96x96.jpg","contentUrl":"https:\/\/elcardinal.com\/wp-content\/uploads\/2025\/05\/cropped-TONO-96x96.jpg","caption":"Antonio Alcaraz"},"url":"https:\/\/elcardinal.com\/?author=2"}]}},"_links":{"self":[{"href":"https:\/\/elcardinal.com\/index.php?rest_route=\/wp\/v2\/posts\/4319","targetHints":{"allow":["GET"]}}],"collection":[{"href":"https:\/\/elcardinal.com\/index.php?rest_route=\/wp\/v2\/posts"}],"about":[{"href":"https:\/\/elcardinal.com\/index.php?rest_route=\/wp\/v2\/types\/post"}],"author":[{"embeddable":true,"href":"https:\/\/elcardinal.com\/index.php?rest_route=\/wp\/v2\/users\/2"}],"replies":[{"embeddable":true,"href":"https:\/\/elcardinal.com\/index.php?rest_route=%2Fwp%2Fv2%2Fcomments&post=4319"}],"version-history":[{"count":1,"href":"https:\/\/elcardinal.com\/index.php?rest_route=\/wp\/v2\/posts\/4319\/revisions"}],"predecessor-version":[{"id":4321,"href":"https:\/\/elcardinal.com\/index.php?rest_route=\/wp\/v2\/posts\/4319\/revisions\/4321"}],"wp:featuredmedia":[{"embeddable":true,"href":"https:\/\/elcardinal.com\/index.php?rest_route=\/wp\/v2\/media\/4320"}],"wp:attachment":[{"href":"https:\/\/elcardinal.com\/index.php?rest_route=%2Fwp%2Fv2%2Fmedia&parent=4319"}],"wp:term":[{"taxonomy":"category","embeddable":true,"href":"https:\/\/elcardinal.com\/index.php?rest_route=%2Fwp%2Fv2%2Fcategories&post=4319"},{"taxonomy":"post_tag","embeddable":true,"href":"https:\/\/elcardinal.com\/index.php?rest_route=%2Fwp%2Fv2%2Ftags&post=4319"}],"curies":[{"name":"wp","href":"https:\/\/api.w.org\/{rel}","templated":true}]}}