{"id":4334,"date":"2025-04-30T12:50:34","date_gmt":"2025-04-30T18:50:34","guid":{"rendered":"https:\/\/elcardinal.com\/?p=4334"},"modified":"2025-04-30T12:50:34","modified_gmt":"2025-04-30T18:50:34","slug":"tizayuca-refuerza-su-seguridad-mas-patrullas-camaras-y-policias","status":"publish","type":"post","link":"https:\/\/elcardinal.com\/?p=4334","title":{"rendered":"Tizayuca refuerza su seguridad: m\u00e1s patrullas, c\u00e1maras y polic\u00edas"},"content":{"rendered":"<p>&nbsp;<\/p>\n<p><strong>Por: Jos\u00e9 Antonio Alcaraz Su\u00e1rez <\/strong><\/p>\n<p>Tizayuca vive una nueva etapa en materia de seguridad p\u00fablica, gracias a una inversi\u00f3n hist\u00f3rica impulsada por el gobierno municipal encabezado por la presidenta <strong>Gretchen Atilano Moreno<\/strong>. En tan solo cuatro a\u00f1os, el municipio pas\u00f3 de contar con apenas 25 patrullas en mal estado a disponer de m\u00e1s de 60 unidades nuevas entre patrullas y motonetas.<\/p>\n<p>\u201cNo lo decimos solo nosotros, lo dicen los hechos y las cifras. Hemos invertido m\u00e1s de 84 millones de pesos en seguridad\u201d, destac\u00f3 Atilano durante su primera conferencia quincenal de seguridad, donde asegur\u00f3 que el compromiso es firme y continuar\u00e1 en beneficio de todas y todos los tizayuquenses.<\/p>\n<p><strong>Entre los logros m\u00e1s relevantes destacan:<\/strong><\/p>\n<p>\ud83d\udd39 Aumento salarial para polic\u00edas<br \/>\n\ud83d\udd39 112 postes con m\u00e1s de 420 c\u00e1maras de videovigilancia instalados \ud83d\udce1<br \/>\n\ud83d\udd39 Construcci\u00f3n del nuevo centro de control que dar\u00e1 paso a la evoluci\u00f3n del C2 \ud83e\udde0\ud83c\udfa5<br \/>\n\ud83d\udd39 Patrullajes virtuales que ya han dado resultados, como la detenci\u00f3n de un robo de veh\u00edculo en tiempo real \ud83d\udea8<\/p>\n<p>La presidenta resalt\u00f3 que la estrategia se alinea con la visi\u00f3n de la presidenta de M\u00e9xico,<strong> Claudia Sheinbaum<\/strong>, basada en inteligencia, tecnolog\u00eda y proximidad social.<\/p>\n<p>Adem\u00e1s, inform\u00f3 que Tizayuca es uno de los pocos municipios del estado que brinda seguridad social a sus polic\u00edas, destinando casi 2 millones de pesos a esta prestaci\u00f3n.<\/p>\n<p>La meta para 2025 es incrementar en un 15% el n\u00famero de elementos, lo que representa al menos 30 nuevos polic\u00edas. Un dato que la edil calific\u00f3 como crucial, ya que implica meses de formaci\u00f3n, evaluaciones f\u00edsicas, m\u00e9dicas y de confianza.<\/p>\n<p>Por su parte, el secretario t\u00e9cnico <strong>Armando Ramos<\/strong> detall\u00f3 que el Plan Municipal de Seguridad se sustenta en tres ejes:<\/p>\n<p>1\ufe0f\u20e3 Atenci\u00f3n del delito mediante reacci\u00f3n inmediata y an\u00e1lisis criminal \ud83e\udde9<br \/>\n2\ufe0f\u20e3 Prevenci\u00f3n del delito atacando causas sociales como el abandono escolar y la violencia familiar \ud83c\udfeb\ud83c\udfe0<br \/>\n3\ufe0f\u20e3 Control de tr\u00e1nsito y cultura vial para garantizar movilidad segura \ud83d\udea6<\/p>\n<p>Entre enero y marzo se lograron 57 detenciones, se aseguraron 9 armas y se recuperaron 20 veh\u00edculos robados. Tambi\u00e9n se atendieron 895 reportes ciudadanos y 347 denuncias administrativas.<\/p>\n<p>Se fortalece la atenci\u00f3n a mujeres y familias con la Unidad Alf\u00e9rez, dedicada a atender casos de violencia de g\u00e9nero, y con nuevas unidades para esta \u00e1rea, parte de las 11 que se han entregado en los \u00faltimos ocho meses.<\/p>\n<p>La presidenta invit\u00f3 a la ciudadan\u00eda a informarse sobre todas las \u00e1reas de la Secretar\u00eda de Seguridad y participar activamente. \u201cEs importante que la gente sepa a d\u00f3nde acudir y c\u00f3mo podemos ayudar. Estamos trabajando todos los d\u00edas por una Tizayuca m\u00e1s segura\u201d, finaliz\u00f3.<\/p>\n<p>Las conferencias de seguridad se realizar\u00e1n cada 15 d\u00edas y ser\u00e1n transmitidas en redes sociales. \u00a1Ent\u00e9rate y participa!<\/p>\n","protected":false},"excerpt":{"rendered":"<p>&nbsp; Por: Jos\u00e9 Antonio Alcaraz Su\u00e1rez Tizayuca vive una nueva etapa en materia de seguridad p\u00fablica, gracias a una inversi\u00f3n hist\u00f3rica impulsada por el gobierno municipal encabezado por la presidenta Gretchen Atilano Moreno. En tan solo cuatro a\u00f1os, el municipio pas\u00f3 de contar con apenas 25 patrullas en mal estado a disponer de m\u00e1s de<\/p>\n","protected":false},"author":2,"featured_media":4335,"comment_status":"open","ping_status":"open","sticky":false,"template":"","format":"standard","meta":{"footnotes":""},"categories":[44,33,38],"tags":[47,100,45],"class_list":{"0":"post-4334","1":"post","2":"type-post","3":"status-publish","4":"format-standard","5":"has-post-thumbnail","7":"category-minuto-a-minuto","8":"category-regiones","9":"category-seguridad","10":"tag-gretchen-atilano","11":"tag-seguridad","12":"tag-tizayuca"},"yoast_head":"<!-- This site is optimized with the Yoast SEO plugin v26.1.1 - https:\/\/yoast.com\/wordpress\/plugins\/seo\/ -->\n<title>Tizayuca refuerza su seguridad: m\u00e1s patrullas, c\u00e1maras y polic\u00edas - El Cardinal<\/title>\n<meta name=\"robots\" content=\"index, follow, max-snippet:-1, max-image-preview:large, max-video-preview:-1\" \/>\n<link rel=\"canonical\" href=\"https:\/\/elcardinal.com\/?p=4334\" \/>\n<meta property=\"og:locale\" content=\"es_MX\" \/>\n<meta property=\"og:type\" content=\"article\" \/>\n<meta property=\"og:title\" content=\"Tizayuca refuerza su seguridad: m\u00e1s patrullas, c\u00e1maras y polic\u00edas - El Cardinal\" \/>\n<meta property=\"og:description\" content=\"&nbsp; Por: Jos\u00e9 Antonio Alcaraz Su\u00e1rez Tizayuca vive una nueva etapa en materia de seguridad p\u00fablica, gracias a una inversi\u00f3n hist\u00f3rica impulsada por el gobierno municipal encabezado por la presidenta Gretchen Atilano Moreno. En tan solo cuatro a\u00f1os, el municipio pas\u00f3 de contar con apenas 25 patrullas en mal estado a disponer de m\u00e1s de\" \/>\n<meta property=\"og:url\" content=\"https:\/\/elcardinal.com\/?p=4334\" \/>\n<meta property=\"og:site_name\" content=\"El Cardinal\" \/>\n<meta property=\"article:publisher\" content=\"https:\/\/www.facebook.com\/profile.php?id=100063093107011\" \/>\n<meta property=\"article:published_time\" content=\"2025-04-30T18:50:34+00:00\" \/>\n<meta property=\"og:image\" content=\"https:\/\/elcardinal.com\/wp-content\/uploads\/2025\/04\/Screenshot_3.jpg\" \/>\n\t<meta property=\"og:image:width\" content=\"1013\" \/>\n\t<meta property=\"og:image:height\" content=\"666\" \/>\n\t<meta property=\"og:image:type\" content=\"image\/jpeg\" \/>\n<meta name=\"author\" content=\"Antonio Alcaraz\" \/>\n<meta name=\"twitter:card\" content=\"summary_large_image\" \/>\n<meta name=\"twitter:creator\" content=\"@ElCardinal_Mx\" \/>\n<meta name=\"twitter:site\" content=\"@ElCardinal_Mx\" \/>\n<meta name=\"twitter:label1\" content=\"Escrito por\" \/>\n\t<meta name=\"twitter:data1\" content=\"Antonio Alcaraz\" \/>\n\t<meta name=\"twitter:label2\" content=\"Tiempo de lectura\" \/>\n\t<meta name=\"twitter:data2\" content=\"3 minutos\" \/>\n<script type=\"application\/ld+json\" class=\"yoast-schema-graph\">{\"@context\":\"https:\/\/schema.org\",\"@graph\":[{\"@type\":\"Article\",\"@id\":\"https:\/\/elcardinal.com\/?p=4334#article\",\"isPartOf\":{\"@id\":\"https:\/\/elcardinal.com\/?p=4334\"},\"author\":{\"name\":\"Antonio Alcaraz\",\"@id\":\"https:\/\/elcardinal.com\/#\/schema\/person\/3c352ec0a33987fe275c0e8a2ea69f8b\"},\"headline\":\"Tizayuca refuerza su seguridad: m\u00e1s patrullas, c\u00e1maras y polic\u00edas\",\"datePublished\":\"2025-04-30T18:50:34+00:00\",\"mainEntityOfPage\":{\"@id\":\"https:\/\/elcardinal.com\/?p=4334\"},\"wordCount\":482,\"commentCount\":0,\"publisher\":{\"@id\":\"https:\/\/elcardinal.com\/#organization\"},\"image\":{\"@id\":\"https:\/\/elcardinal.com\/?p=4334#primaryimage\"},\"thumbnailUrl\":\"https:\/\/elcardinal.com\/wp-content\/uploads\/2025\/04\/Screenshot_3.jpg\",\"keywords\":[\"Gretchen Atilano\",\"Seguridad\",\"Tizayuca\"],\"articleSection\":[\"Minuto a Minuto\",\"Regiones\",\"Seguridad\"],\"inLanguage\":\"es\",\"potentialAction\":[{\"@type\":\"CommentAction\",\"name\":\"Comment\",\"target\":[\"https:\/\/elcardinal.com\/?p=4334#respond\"]}]},{\"@type\":\"WebPage\",\"@id\":\"https:\/\/elcardinal.com\/?p=4334\",\"url\":\"https:\/\/elcardinal.com\/?p=4334\",\"name\":\"Tizayuca refuerza su seguridad: m\u00e1s patrullas, c\u00e1maras y polic\u00edas - El Cardinal\",\"isPartOf\":{\"@id\":\"https:\/\/elcardinal.com\/#website\"},\"primaryImageOfPage\":{\"@id\":\"https:\/\/elcardinal.com\/?p=4334#primaryimage\"},\"image\":{\"@id\":\"https:\/\/elcardinal.com\/?p=4334#primaryimage\"},\"thumbnailUrl\":\"https:\/\/elcardinal.com\/wp-content\/uploads\/2025\/04\/Screenshot_3.jpg\",\"datePublished\":\"2025-04-30T18:50:34+00:00\",\"breadcrumb\":{\"@id\":\"https:\/\/elcardinal.com\/?p=4334#breadcrumb\"},\"inLanguage\":\"es\",\"potentialAction\":[{\"@type\":\"ReadAction\",\"target\":[\"https:\/\/elcardinal.com\/?p=4334\"]}]},{\"@type\":\"ImageObject\",\"inLanguage\":\"es\",\"@id\":\"https:\/\/elcardinal.com\/?p=4334#primaryimage\",\"url\":\"https:\/\/elcardinal.com\/wp-content\/uploads\/2025\/04\/Screenshot_3.jpg\",\"contentUrl\":\"https:\/\/elcardinal.com\/wp-content\/uploads\/2025\/04\/Screenshot_3.jpg\",\"width\":1013,\"height\":666},{\"@type\":\"BreadcrumbList\",\"@id\":\"https:\/\/elcardinal.com\/?p=4334#breadcrumb\",\"itemListElement\":[{\"@type\":\"ListItem\",\"position\":1,\"name\":\"Inicio\",\"item\":\"https:\/\/elcardinal.com\/\"},{\"@type\":\"ListItem\",\"position\":2,\"name\":\"Tizayuca refuerza su seguridad: m\u00e1s patrullas, c\u00e1maras y polic\u00edas\"}]},{\"@type\":\"WebSite\",\"@id\":\"https:\/\/elcardinal.com\/#website\",\"url\":\"https:\/\/elcardinal.com\/\",\"name\":\"El Cardinal\",\"description\":\"Periodismo honesto, con valor, sentido humano, a veces sarc\u00e1stico y divertido.\",\"publisher\":{\"@id\":\"https:\/\/elcardinal.com\/#organization\"},\"alternateName\":\"El Cardinal Noticias\",\"potentialAction\":[{\"@type\":\"SearchAction\",\"target\":{\"@type\":\"EntryPoint\",\"urlTemplate\":\"https:\/\/elcardinal.com\/?s={search_term_string}\"},\"query-input\":{\"@type\":\"PropertyValueSpecification\",\"valueRequired\":true,\"valueName\":\"search_term_string\"}}],\"inLanguage\":\"es\"},{\"@type\":\"Organization\",\"@id\":\"https:\/\/elcardinal.com\/#organization\",\"name\":\"El Cardinal\",\"url\":\"https:\/\/elcardinal.com\/\",\"logo\":{\"@type\":\"ImageObject\",\"inLanguage\":\"es\",\"@id\":\"https:\/\/elcardinal.com\/#\/schema\/logo\/image\/\",\"url\":\"https:\/\/elcardinal.com\/wp-content\/uploads\/2025\/04\/LOGO-EL-CARDINAL-Periodismo-con-valor.png\",\"contentUrl\":\"https:\/\/elcardinal.com\/wp-content\/uploads\/2025\/04\/LOGO-EL-CARDINAL-Periodismo-con-valor.png\",\"width\":755,\"height\":636,\"caption\":\"El Cardinal\"},\"image\":{\"@id\":\"https:\/\/elcardinal.com\/#\/schema\/logo\/image\/\"},\"sameAs\":[\"https:\/\/www.facebook.com\/profile.php?id=100063093107011\",\"https:\/\/x.com\/ElCardinal_Mx\"]},{\"@type\":\"Person\",\"@id\":\"https:\/\/elcardinal.com\/#\/schema\/person\/3c352ec0a33987fe275c0e8a2ea69f8b\",\"name\":\"Antonio Alcaraz\",\"image\":{\"@type\":\"ImageObject\",\"inLanguage\":\"es\",\"@id\":\"https:\/\/elcardinal.com\/#\/schema\/person\/image\/\",\"url\":\"https:\/\/elcardinal.com\/wp-content\/uploads\/2025\/05\/cropped-TONO-96x96.jpg\",\"contentUrl\":\"https:\/\/elcardinal.com\/wp-content\/uploads\/2025\/05\/cropped-TONO-96x96.jpg\",\"caption\":\"Antonio Alcaraz\"},\"url\":\"https:\/\/elcardinal.com\/?author=2\"}]}<\/script>\n<!-- \/ Yoast SEO plugin. -->","yoast_head_json":{"title":"Tizayuca refuerza su seguridad: m\u00e1s patrullas, c\u00e1maras y polic\u00edas - El Cardinal","robots":{"index":"index","follow":"follow","max-snippet":"max-snippet:-1","max-image-preview":"max-image-preview:large","max-video-preview":"max-video-preview:-1"},"canonical":"https:\/\/elcardinal.com\/?p=4334","og_locale":"es_MX","og_type":"article","og_title":"Tizayuca refuerza su seguridad: m\u00e1s patrullas, c\u00e1maras y polic\u00edas - El Cardinal","og_description":"&nbsp; Por: Jos\u00e9 Antonio Alcaraz Su\u00e1rez Tizayuca vive una nueva etapa en materia de seguridad p\u00fablica, gracias a una inversi\u00f3n hist\u00f3rica impulsada por el gobierno municipal encabezado por la presidenta Gretchen Atilano Moreno. En tan solo cuatro a\u00f1os, el municipio pas\u00f3 de contar con apenas 25 patrullas en mal estado a disponer de m\u00e1s de","og_url":"https:\/\/elcardinal.com\/?p=4334","og_site_name":"El Cardinal","article_publisher":"https:\/\/www.facebook.com\/profile.php?id=100063093107011","article_published_time":"2025-04-30T18:50:34+00:00","og_image":[{"width":1013,"height":666,"url":"https:\/\/elcardinal.com\/wp-content\/uploads\/2025\/04\/Screenshot_3.jpg","type":"image\/jpeg"}],"author":"Antonio Alcaraz","twitter_card":"summary_large_image","twitter_creator":"@ElCardinal_Mx","twitter_site":"@ElCardinal_Mx","twitter_misc":{"Escrito por":"Antonio Alcaraz","Tiempo de lectura":"3 minutos"},"schema":{"@context":"https:\/\/schema.org","@graph":[{"@type":"Article","@id":"https:\/\/elcardinal.com\/?p=4334#article","isPartOf":{"@id":"https:\/\/elcardinal.com\/?p=4334"},"author":{"name":"Antonio Alcaraz","@id":"https:\/\/elcardinal.com\/#\/schema\/person\/3c352ec0a33987fe275c0e8a2ea69f8b"},"headline":"Tizayuca refuerza su seguridad: m\u00e1s patrullas, c\u00e1maras y polic\u00edas","datePublished":"2025-04-30T18:50:34+00:00","mainEntityOfPage":{"@id":"https:\/\/elcardinal.com\/?p=4334"},"wordCount":482,"commentCount":0,"publisher":{"@id":"https:\/\/elcardinal.com\/#organization"},"image":{"@id":"https:\/\/elcardinal.com\/?p=4334#primaryimage"},"thumbnailUrl":"https:\/\/elcardinal.com\/wp-content\/uploads\/2025\/04\/Screenshot_3.jpg","keywords":["Gretchen Atilano","Seguridad","Tizayuca"],"articleSection":["Minuto a Minuto","Regiones","Seguridad"],"inLanguage":"es","potentialAction":[{"@type":"CommentAction","name":"Comment","target":["https:\/\/elcardinal.com\/?p=4334#respond"]}]},{"@type":"WebPage","@id":"https:\/\/elcardinal.com\/?p=4334","url":"https:\/\/elcardinal.com\/?p=4334","name":"Tizayuca refuerza su seguridad: m\u00e1s patrullas, c\u00e1maras y polic\u00edas - El Cardinal","isPartOf":{"@id":"https:\/\/elcardinal.com\/#website"},"primaryImageOfPage":{"@id":"https:\/\/elcardinal.com\/?p=4334#primaryimage"},"image":{"@id":"https:\/\/elcardinal.com\/?p=4334#primaryimage"},"thumbnailUrl":"https:\/\/elcardinal.com\/wp-content\/uploads\/2025\/04\/Screenshot_3.jpg","datePublished":"2025-04-30T18:50:34+00:00","breadcrumb":{"@id":"https:\/\/elcardinal.com\/?p=4334#breadcrumb"},"inLanguage":"es","potentialAction":[{"@type":"ReadAction","target":["https:\/\/elcardinal.com\/?p=4334"]}]},{"@type":"ImageObject","inLanguage":"es","@id":"https:\/\/elcardinal.com\/?p=4334#primaryimage","url":"https:\/\/elcardinal.com\/wp-content\/uploads\/2025\/04\/Screenshot_3.jpg","contentUrl":"https:\/\/elcardinal.com\/wp-content\/uploads\/2025\/04\/Screenshot_3.jpg","width":1013,"height":666},{"@type":"BreadcrumbList","@id":"https:\/\/elcardinal.com\/?p=4334#breadcrumb","itemListElement":[{"@type":"ListItem","position":1,"name":"Inicio","item":"https:\/\/elcardinal.com\/"},{"@type":"ListItem","position":2,"name":"Tizayuca refuerza su seguridad: m\u00e1s patrullas, c\u00e1maras y polic\u00edas"}]},{"@type":"WebSite","@id":"https:\/\/elcardinal.com\/#website","url":"https:\/\/elcardinal.com\/","name":"El Cardinal","description":"Periodismo honesto, con valor, sentido humano, a veces sarc\u00e1stico y divertido.","publisher":{"@id":"https:\/\/elcardinal.com\/#organization"},"alternateName":"El Cardinal Noticias","potentialAction":[{"@type":"SearchAction","target":{"@type":"EntryPoint","urlTemplate":"https:\/\/elcardinal.com\/?s={search_term_string}"},"query-input":{"@type":"PropertyValueSpecification","valueRequired":true,"valueName":"search_term_string"}}],"inLanguage":"es"},{"@type":"Organization","@id":"https:\/\/elcardinal.com\/#organization","name":"El Cardinal","url":"https:\/\/elcardinal.com\/","logo":{"@type":"ImageObject","inLanguage":"es","@id":"https:\/\/elcardinal.com\/#\/schema\/logo\/image\/","url":"https:\/\/elcardinal.com\/wp-content\/uploads\/2025\/04\/LOGO-EL-CARDINAL-Periodismo-con-valor.png","contentUrl":"https:\/\/elcardinal.com\/wp-content\/uploads\/2025\/04\/LOGO-EL-CARDINAL-Periodismo-con-valor.png","width":755,"height":636,"caption":"El Cardinal"},"image":{"@id":"https:\/\/elcardinal.com\/#\/schema\/logo\/image\/"},"sameAs":["https:\/\/www.facebook.com\/profile.php?id=100063093107011","https:\/\/x.com\/ElCardinal_Mx"]},{"@type":"Person","@id":"https:\/\/elcardinal.com\/#\/schema\/person\/3c352ec0a33987fe275c0e8a2ea69f8b","name":"Antonio Alcaraz","image":{"@type":"ImageObject","inLanguage":"es","@id":"https:\/\/elcardinal.com\/#\/schema\/person\/image\/","url":"https:\/\/elcardinal.com\/wp-content\/uploads\/2025\/05\/cropped-TONO-96x96.jpg","contentUrl":"https:\/\/elcardinal.com\/wp-content\/uploads\/2025\/05\/cropped-TONO-96x96.jpg","caption":"Antonio Alcaraz"},"url":"https:\/\/elcardinal.com\/?author=2"}]}},"_links":{"self":[{"href":"https:\/\/elcardinal.com\/index.php?rest_route=\/wp\/v2\/posts\/4334","targetHints":{"allow":["GET"]}}],"collection":[{"href":"https:\/\/elcardinal.com\/index.php?rest_route=\/wp\/v2\/posts"}],"about":[{"href":"https:\/\/elcardinal.com\/index.php?rest_route=\/wp\/v2\/types\/post"}],"author":[{"embeddable":true,"href":"https:\/\/elcardinal.com\/index.php?rest_route=\/wp\/v2\/users\/2"}],"replies":[{"embeddable":true,"href":"https:\/\/elcardinal.com\/index.php?rest_route=%2Fwp%2Fv2%2Fcomments&post=4334"}],"version-history":[{"count":1,"href":"https:\/\/elcardinal.com\/index.php?rest_route=\/wp\/v2\/posts\/4334\/revisions"}],"predecessor-version":[{"id":4336,"href":"https:\/\/elcardinal.com\/index.php?rest_route=\/wp\/v2\/posts\/4334\/revisions\/4336"}],"wp:featuredmedia":[{"embeddable":true,"href":"https:\/\/elcardinal.com\/index.php?rest_route=\/wp\/v2\/media\/4335"}],"wp:attachment":[{"href":"https:\/\/elcardinal.com\/index.php?rest_route=%2Fwp%2Fv2%2Fmedia&parent=4334"}],"wp:term":[{"taxonomy":"category","embeddable":true,"href":"https:\/\/elcardinal.com\/index.php?rest_route=%2Fwp%2Fv2%2Fcategories&post=4334"},{"taxonomy":"post_tag","embeddable":true,"href":"https:\/\/elcardinal.com\/index.php?rest_route=%2Fwp%2Fv2%2Ftags&post=4334"}],"curies":[{"name":"wp","href":"https:\/\/api.w.org\/{rel}","templated":true}]}}