{"id":4341,"date":"2025-05-01T20:54:48","date_gmt":"2025-05-02T02:54:48","guid":{"rendered":"https:\/\/elcardinal.com\/?p=4341"},"modified":"2025-05-01T20:54:48","modified_gmt":"2025-05-02T02:54:48","slug":"rumbo-al-1-de-junio-ciudadania-lista-para-elegir-a-jueces-y-ministros-asegura-sergio-gutierrez-luna","status":"publish","type":"post","link":"https:\/\/elcardinal.com\/?p=4341","title":{"rendered":"Rumbo al 1 de junio: ciudadan\u00eda lista para elegir a jueces y ministros, asegura Sergio Guti\u00e9rrez Luna"},"content":{"rendered":"<p>Por: <strong>Jos\u00e9 Antonio Alcaraz Su\u00e1rez\u00a0<\/strong><\/p>\n<p>\ud83d\udccd Pachuca, Hgo. \u2014 A un mes de las elecciones para renovar el Poder Judicial, el presidente de la Mesa Directiva del Congreso de la Uni\u00f3n, Sergio Guti\u00e9rrez Luna, afirm\u00f3 que la ciudadan\u00eda ya adopt\u00f3 la idea de elegir a jueces, magistrados y ministros como una realidad irreversible.<\/p>\n<p>Durante su visita a Hidalgo, Guti\u00e9rrez Luna indic\u00f3 que aunque en un principio hubo resistencia \u2014incluyendo un paro judicial\u2014, hoy el \u00e1nimo de participaci\u00f3n ha crecido, en parte gracias al trabajo de informaci\u00f3n que realizan legisladores federales \u201ccalle por calle, casa por casa\u201d.<\/p>\n<p>\u201cMuchos ya saben de la elecci\u00f3n, pero tambi\u00e9n hay quienes a\u00fan no. Por eso estamos haciendo un trabajo nacional importante para que todos est\u00e9n enterados y acudan a votar el 1 de junio\u201d, puntualiz\u00f3 el diputado federal.<\/p>\n<p>El legislador reconoci\u00f3 que a\u00fan puede haber manifestaciones de inconformidad, pero descart\u00f3 la posibilidad de sabotajes. \u201cLas manifestaciones son v\u00e1lidas, pero ya casi no encontramos resistencia. La mayor\u00eda coincide en que el Poder Judicial necesita un cambio\u201d, agreg\u00f3.<\/p>\n<p>Guti\u00e9rrez Luna subray\u00f3 que, en los recorridos, la gente ha expresado sentirse excluida por jueces y magistrados, lo que fortalece el \u00e1nimo para participar en las urnas. \u201cLa ciudadan\u00eda quiere jueces que le rindan cuentas al pueblo\u201d, asegur\u00f3.<\/p>\n<p>En Hidalgo, se\u00f1al\u00f3 que existe una alta conciencia social y pol\u00edtica, y aunque reconoci\u00f3 diferencias en la penetraci\u00f3n de la informaci\u00f3n entre zonas urbanas como Pachuca y regiones m\u00e1s apartadas, dijo confiar en una participaci\u00f3n amplia. \u201cEstamos llegando a todos los distritos, incluso a los m\u00e1s alejados del Valle del Mezquital o la Sierra\u201d, afirm\u00f3.<\/p>\n<p>Respecto a las cr\u00edticas de opositores como el expresidente Ernesto Zedillo, Guti\u00e9rrez Luna fue tajante:<\/p>\n<p>\u201c\u00bfCon qu\u00e9 calidad moral puede opinar alguien que dej\u00f3 una deuda tan grande como el Fobaproa? No vamos a distraernos con personajes as\u00ed. A quienes escuchamos es a la gente de la calle, a quienes trabajan y luchan todos los d\u00edas\u201d, concluy\u00f3.<\/p>\n<p>Lo anterior lo dijo, en entrevista con medios de comunicaci\u00f3n, luego de una reuni\u00f3n informativa en el Consejo Coordinador Empresarial de Hidalgo, a la que asistieron empresarios hidalguenses, en compa\u00f1\u00eda de Alejandro S\u00e1nchez Ram\u00edrez, presidente del referido consejo.<\/p>\n<p>De igual manera, estuvieron presentes Simey Olvera, senadora de la Rep\u00fablica, Ricardo Crespo Arroyo, diputado federal, as\u00ed como diputados y diputadas del Congreso de Hidalgo, encabezados por el presidente Andr\u00e9s Vel\u00e1zquez V\u00e1zquez.<\/p>\n","protected":false},"excerpt":{"rendered":"<p>Por: Jos\u00e9 Antonio Alcaraz Su\u00e1rez\u00a0 \ud83d\udccd Pachuca, Hgo. \u2014 A un mes de las elecciones para renovar el Poder Judicial, el presidente de la Mesa Directiva del Congreso de la Uni\u00f3n, Sergio Guti\u00e9rrez Luna, afirm\u00f3 que la ciudadan\u00eda ya adopt\u00f3 la idea de elegir a jueces, magistrados y ministros como una realidad irreversible. Durante su<\/p>\n","protected":false},"author":2,"featured_media":4342,"comment_status":"open","ping_status":"open","sticky":false,"template":"","format":"standard","meta":{"footnotes":""},"categories":[31,44,39],"tags":[102,101],"class_list":{"0":"post-4341","1":"post","2":"type-post","3":"status-publish","4":"format-standard","5":"has-post-thumbnail","7":"category-hidalgo","8":"category-minuto-a-minuto","9":"category-politica","10":"tag-eleccion-judicial","11":"tag-sergio-gutierrez-luna"},"yoast_head":"<!-- This site is optimized with the Yoast SEO plugin v26.1.1 - https:\/\/yoast.com\/wordpress\/plugins\/seo\/ -->\n<title>Rumbo al 1 de junio: ciudadan\u00eda lista para elegir a jueces y ministros, asegura Sergio Guti\u00e9rrez Luna - El Cardinal<\/title>\n<meta name=\"robots\" content=\"index, follow, max-snippet:-1, max-image-preview:large, max-video-preview:-1\" \/>\n<link rel=\"canonical\" href=\"https:\/\/elcardinal.com\/?p=4341\" \/>\n<meta property=\"og:locale\" content=\"es_MX\" \/>\n<meta property=\"og:type\" content=\"article\" \/>\n<meta property=\"og:title\" content=\"Rumbo al 1 de junio: ciudadan\u00eda lista para elegir a jueces y ministros, asegura Sergio Guti\u00e9rrez Luna - El Cardinal\" \/>\n<meta property=\"og:description\" content=\"Por: Jos\u00e9 Antonio Alcaraz Su\u00e1rez\u00a0 \ud83d\udccd Pachuca, Hgo. \u2014 A un mes de las elecciones para renovar el Poder Judicial, el presidente de la Mesa Directiva del Congreso de la Uni\u00f3n, Sergio Guti\u00e9rrez Luna, afirm\u00f3 que la ciudadan\u00eda ya adopt\u00f3 la idea de elegir a jueces, magistrados y ministros como una realidad irreversible. Durante su\" \/>\n<meta property=\"og:url\" content=\"https:\/\/elcardinal.com\/?p=4341\" \/>\n<meta property=\"og:site_name\" content=\"El Cardinal\" \/>\n<meta property=\"article:publisher\" content=\"https:\/\/www.facebook.com\/profile.php?id=100063093107011\" \/>\n<meta property=\"article:published_time\" content=\"2025-05-02T02:54:48+00:00\" \/>\n<meta property=\"og:image\" content=\"https:\/\/elcardinal.com\/wp-content\/uploads\/2025\/05\/494741644_1515648609851024_7594389676353912171_n.jpg\" \/>\n\t<meta property=\"og:image:width\" content=\"1280\" \/>\n\t<meta property=\"og:image:height\" content=\"853\" \/>\n\t<meta property=\"og:image:type\" content=\"image\/jpeg\" \/>\n<meta name=\"author\" content=\"Antonio Alcaraz\" \/>\n<meta name=\"twitter:card\" content=\"summary_large_image\" \/>\n<meta name=\"twitter:creator\" content=\"@ElCardinal_Mx\" \/>\n<meta name=\"twitter:site\" content=\"@ElCardinal_Mx\" \/>\n<meta name=\"twitter:label1\" content=\"Escrito por\" \/>\n\t<meta name=\"twitter:data1\" content=\"Antonio Alcaraz\" \/>\n\t<meta name=\"twitter:label2\" content=\"Tiempo de lectura\" \/>\n\t<meta name=\"twitter:data2\" content=\"2 minutos\" \/>\n<script type=\"application\/ld+json\" class=\"yoast-schema-graph\">{\"@context\":\"https:\/\/schema.org\",\"@graph\":[{\"@type\":\"Article\",\"@id\":\"https:\/\/elcardinal.com\/?p=4341#article\",\"isPartOf\":{\"@id\":\"https:\/\/elcardinal.com\/?p=4341\"},\"author\":{\"name\":\"Antonio Alcaraz\",\"@id\":\"https:\/\/elcardinal.com\/#\/schema\/person\/3c352ec0a33987fe275c0e8a2ea69f8b\"},\"headline\":\"Rumbo al 1 de junio: ciudadan\u00eda lista para elegir a jueces y ministros, asegura Sergio Guti\u00e9rrez Luna\",\"datePublished\":\"2025-05-02T02:54:48+00:00\",\"mainEntityOfPage\":{\"@id\":\"https:\/\/elcardinal.com\/?p=4341\"},\"wordCount\":441,\"commentCount\":0,\"publisher\":{\"@id\":\"https:\/\/elcardinal.com\/#organization\"},\"image\":{\"@id\":\"https:\/\/elcardinal.com\/?p=4341#primaryimage\"},\"thumbnailUrl\":\"https:\/\/elcardinal.com\/wp-content\/uploads\/2025\/05\/494741644_1515648609851024_7594389676353912171_n.jpg\",\"keywords\":[\"Elecci\u00f3n Judicial\",\"Sergio Guti\u00e9rrez Luna\"],\"articleSection\":[\"Hidalgo\",\"Minuto a Minuto\",\"Pol\u00edtica\"],\"inLanguage\":\"es\",\"potentialAction\":[{\"@type\":\"CommentAction\",\"name\":\"Comment\",\"target\":[\"https:\/\/elcardinal.com\/?p=4341#respond\"]}]},{\"@type\":\"WebPage\",\"@id\":\"https:\/\/elcardinal.com\/?p=4341\",\"url\":\"https:\/\/elcardinal.com\/?p=4341\",\"name\":\"Rumbo al 1 de junio: ciudadan\u00eda lista para elegir a jueces y ministros, asegura Sergio Guti\u00e9rrez Luna - El Cardinal\",\"isPartOf\":{\"@id\":\"https:\/\/elcardinal.com\/#website\"},\"primaryImageOfPage\":{\"@id\":\"https:\/\/elcardinal.com\/?p=4341#primaryimage\"},\"image\":{\"@id\":\"https:\/\/elcardinal.com\/?p=4341#primaryimage\"},\"thumbnailUrl\":\"https:\/\/elcardinal.com\/wp-content\/uploads\/2025\/05\/494741644_1515648609851024_7594389676353912171_n.jpg\",\"datePublished\":\"2025-05-02T02:54:48+00:00\",\"breadcrumb\":{\"@id\":\"https:\/\/elcardinal.com\/?p=4341#breadcrumb\"},\"inLanguage\":\"es\",\"potentialAction\":[{\"@type\":\"ReadAction\",\"target\":[\"https:\/\/elcardinal.com\/?p=4341\"]}]},{\"@type\":\"ImageObject\",\"inLanguage\":\"es\",\"@id\":\"https:\/\/elcardinal.com\/?p=4341#primaryimage\",\"url\":\"https:\/\/elcardinal.com\/wp-content\/uploads\/2025\/05\/494741644_1515648609851024_7594389676353912171_n.jpg\",\"contentUrl\":\"https:\/\/elcardinal.com\/wp-content\/uploads\/2025\/05\/494741644_1515648609851024_7594389676353912171_n.jpg\",\"width\":1280,\"height\":853},{\"@type\":\"BreadcrumbList\",\"@id\":\"https:\/\/elcardinal.com\/?p=4341#breadcrumb\",\"itemListElement\":[{\"@type\":\"ListItem\",\"position\":1,\"name\":\"Inicio\",\"item\":\"https:\/\/elcardinal.com\/\"},{\"@type\":\"ListItem\",\"position\":2,\"name\":\"Rumbo al 1 de junio: ciudadan\u00eda lista para elegir a jueces y ministros, asegura Sergio Guti\u00e9rrez Luna\"}]},{\"@type\":\"WebSite\",\"@id\":\"https:\/\/elcardinal.com\/#website\",\"url\":\"https:\/\/elcardinal.com\/\",\"name\":\"El Cardinal\",\"description\":\"Periodismo honesto, con valor, sentido humano, a veces sarc\u00e1stico y divertido.\",\"publisher\":{\"@id\":\"https:\/\/elcardinal.com\/#organization\"},\"alternateName\":\"El Cardinal Noticias\",\"potentialAction\":[{\"@type\":\"SearchAction\",\"target\":{\"@type\":\"EntryPoint\",\"urlTemplate\":\"https:\/\/elcardinal.com\/?s={search_term_string}\"},\"query-input\":{\"@type\":\"PropertyValueSpecification\",\"valueRequired\":true,\"valueName\":\"search_term_string\"}}],\"inLanguage\":\"es\"},{\"@type\":\"Organization\",\"@id\":\"https:\/\/elcardinal.com\/#organization\",\"name\":\"El Cardinal\",\"url\":\"https:\/\/elcardinal.com\/\",\"logo\":{\"@type\":\"ImageObject\",\"inLanguage\":\"es\",\"@id\":\"https:\/\/elcardinal.com\/#\/schema\/logo\/image\/\",\"url\":\"https:\/\/elcardinal.com\/wp-content\/uploads\/2025\/04\/LOGO-EL-CARDINAL-Periodismo-con-valor.png\",\"contentUrl\":\"https:\/\/elcardinal.com\/wp-content\/uploads\/2025\/04\/LOGO-EL-CARDINAL-Periodismo-con-valor.png\",\"width\":755,\"height\":636,\"caption\":\"El Cardinal\"},\"image\":{\"@id\":\"https:\/\/elcardinal.com\/#\/schema\/logo\/image\/\"},\"sameAs\":[\"https:\/\/www.facebook.com\/profile.php?id=100063093107011\",\"https:\/\/x.com\/ElCardinal_Mx\"]},{\"@type\":\"Person\",\"@id\":\"https:\/\/elcardinal.com\/#\/schema\/person\/3c352ec0a33987fe275c0e8a2ea69f8b\",\"name\":\"Antonio Alcaraz\",\"image\":{\"@type\":\"ImageObject\",\"inLanguage\":\"es\",\"@id\":\"https:\/\/elcardinal.com\/#\/schema\/person\/image\/\",\"url\":\"https:\/\/elcardinal.com\/wp-content\/uploads\/2025\/05\/cropped-TONO-96x96.jpg\",\"contentUrl\":\"https:\/\/elcardinal.com\/wp-content\/uploads\/2025\/05\/cropped-TONO-96x96.jpg\",\"caption\":\"Antonio Alcaraz\"},\"url\":\"https:\/\/elcardinal.com\/?author=2\"}]}<\/script>\n<!-- \/ Yoast SEO plugin. -->","yoast_head_json":{"title":"Rumbo al 1 de junio: ciudadan\u00eda lista para elegir a jueces y ministros, asegura Sergio Guti\u00e9rrez Luna - El Cardinal","robots":{"index":"index","follow":"follow","max-snippet":"max-snippet:-1","max-image-preview":"max-image-preview:large","max-video-preview":"max-video-preview:-1"},"canonical":"https:\/\/elcardinal.com\/?p=4341","og_locale":"es_MX","og_type":"article","og_title":"Rumbo al 1 de junio: ciudadan\u00eda lista para elegir a jueces y ministros, asegura Sergio Guti\u00e9rrez Luna - El Cardinal","og_description":"Por: Jos\u00e9 Antonio Alcaraz Su\u00e1rez\u00a0 \ud83d\udccd Pachuca, Hgo. \u2014 A un mes de las elecciones para renovar el Poder Judicial, el presidente de la Mesa Directiva del Congreso de la Uni\u00f3n, Sergio Guti\u00e9rrez Luna, afirm\u00f3 que la ciudadan\u00eda ya adopt\u00f3 la idea de elegir a jueces, magistrados y ministros como una realidad irreversible. Durante su","og_url":"https:\/\/elcardinal.com\/?p=4341","og_site_name":"El Cardinal","article_publisher":"https:\/\/www.facebook.com\/profile.php?id=100063093107011","article_published_time":"2025-05-02T02:54:48+00:00","og_image":[{"width":1280,"height":853,"url":"https:\/\/elcardinal.com\/wp-content\/uploads\/2025\/05\/494741644_1515648609851024_7594389676353912171_n.jpg","type":"image\/jpeg"}],"author":"Antonio Alcaraz","twitter_card":"summary_large_image","twitter_creator":"@ElCardinal_Mx","twitter_site":"@ElCardinal_Mx","twitter_misc":{"Escrito por":"Antonio Alcaraz","Tiempo de lectura":"2 minutos"},"schema":{"@context":"https:\/\/schema.org","@graph":[{"@type":"Article","@id":"https:\/\/elcardinal.com\/?p=4341#article","isPartOf":{"@id":"https:\/\/elcardinal.com\/?p=4341"},"author":{"name":"Antonio Alcaraz","@id":"https:\/\/elcardinal.com\/#\/schema\/person\/3c352ec0a33987fe275c0e8a2ea69f8b"},"headline":"Rumbo al 1 de junio: ciudadan\u00eda lista para elegir a jueces y ministros, asegura Sergio Guti\u00e9rrez Luna","datePublished":"2025-05-02T02:54:48+00:00","mainEntityOfPage":{"@id":"https:\/\/elcardinal.com\/?p=4341"},"wordCount":441,"commentCount":0,"publisher":{"@id":"https:\/\/elcardinal.com\/#organization"},"image":{"@id":"https:\/\/elcardinal.com\/?p=4341#primaryimage"},"thumbnailUrl":"https:\/\/elcardinal.com\/wp-content\/uploads\/2025\/05\/494741644_1515648609851024_7594389676353912171_n.jpg","keywords":["Elecci\u00f3n Judicial","Sergio Guti\u00e9rrez Luna"],"articleSection":["Hidalgo","Minuto a Minuto","Pol\u00edtica"],"inLanguage":"es","potentialAction":[{"@type":"CommentAction","name":"Comment","target":["https:\/\/elcardinal.com\/?p=4341#respond"]}]},{"@type":"WebPage","@id":"https:\/\/elcardinal.com\/?p=4341","url":"https:\/\/elcardinal.com\/?p=4341","name":"Rumbo al 1 de junio: ciudadan\u00eda lista para elegir a jueces y ministros, asegura Sergio Guti\u00e9rrez Luna - El Cardinal","isPartOf":{"@id":"https:\/\/elcardinal.com\/#website"},"primaryImageOfPage":{"@id":"https:\/\/elcardinal.com\/?p=4341#primaryimage"},"image":{"@id":"https:\/\/elcardinal.com\/?p=4341#primaryimage"},"thumbnailUrl":"https:\/\/elcardinal.com\/wp-content\/uploads\/2025\/05\/494741644_1515648609851024_7594389676353912171_n.jpg","datePublished":"2025-05-02T02:54:48+00:00","breadcrumb":{"@id":"https:\/\/elcardinal.com\/?p=4341#breadcrumb"},"inLanguage":"es","potentialAction":[{"@type":"ReadAction","target":["https:\/\/elcardinal.com\/?p=4341"]}]},{"@type":"ImageObject","inLanguage":"es","@id":"https:\/\/elcardinal.com\/?p=4341#primaryimage","url":"https:\/\/elcardinal.com\/wp-content\/uploads\/2025\/05\/494741644_1515648609851024_7594389676353912171_n.jpg","contentUrl":"https:\/\/elcardinal.com\/wp-content\/uploads\/2025\/05\/494741644_1515648609851024_7594389676353912171_n.jpg","width":1280,"height":853},{"@type":"BreadcrumbList","@id":"https:\/\/elcardinal.com\/?p=4341#breadcrumb","itemListElement":[{"@type":"ListItem","position":1,"name":"Inicio","item":"https:\/\/elcardinal.com\/"},{"@type":"ListItem","position":2,"name":"Rumbo al 1 de junio: ciudadan\u00eda lista para elegir a jueces y ministros, asegura Sergio Guti\u00e9rrez Luna"}]},{"@type":"WebSite","@id":"https:\/\/elcardinal.com\/#website","url":"https:\/\/elcardinal.com\/","name":"El Cardinal","description":"Periodismo honesto, con valor, sentido humano, a veces sarc\u00e1stico y divertido.","publisher":{"@id":"https:\/\/elcardinal.com\/#organization"},"alternateName":"El Cardinal Noticias","potentialAction":[{"@type":"SearchAction","target":{"@type":"EntryPoint","urlTemplate":"https:\/\/elcardinal.com\/?s={search_term_string}"},"query-input":{"@type":"PropertyValueSpecification","valueRequired":true,"valueName":"search_term_string"}}],"inLanguage":"es"},{"@type":"Organization","@id":"https:\/\/elcardinal.com\/#organization","name":"El Cardinal","url":"https:\/\/elcardinal.com\/","logo":{"@type":"ImageObject","inLanguage":"es","@id":"https:\/\/elcardinal.com\/#\/schema\/logo\/image\/","url":"https:\/\/elcardinal.com\/wp-content\/uploads\/2025\/04\/LOGO-EL-CARDINAL-Periodismo-con-valor.png","contentUrl":"https:\/\/elcardinal.com\/wp-content\/uploads\/2025\/04\/LOGO-EL-CARDINAL-Periodismo-con-valor.png","width":755,"height":636,"caption":"El Cardinal"},"image":{"@id":"https:\/\/elcardinal.com\/#\/schema\/logo\/image\/"},"sameAs":["https:\/\/www.facebook.com\/profile.php?id=100063093107011","https:\/\/x.com\/ElCardinal_Mx"]},{"@type":"Person","@id":"https:\/\/elcardinal.com\/#\/schema\/person\/3c352ec0a33987fe275c0e8a2ea69f8b","name":"Antonio Alcaraz","image":{"@type":"ImageObject","inLanguage":"es","@id":"https:\/\/elcardinal.com\/#\/schema\/person\/image\/","url":"https:\/\/elcardinal.com\/wp-content\/uploads\/2025\/05\/cropped-TONO-96x96.jpg","contentUrl":"https:\/\/elcardinal.com\/wp-content\/uploads\/2025\/05\/cropped-TONO-96x96.jpg","caption":"Antonio Alcaraz"},"url":"https:\/\/elcardinal.com\/?author=2"}]}},"_links":{"self":[{"href":"https:\/\/elcardinal.com\/index.php?rest_route=\/wp\/v2\/posts\/4341","targetHints":{"allow":["GET"]}}],"collection":[{"href":"https:\/\/elcardinal.com\/index.php?rest_route=\/wp\/v2\/posts"}],"about":[{"href":"https:\/\/elcardinal.com\/index.php?rest_route=\/wp\/v2\/types\/post"}],"author":[{"embeddable":true,"href":"https:\/\/elcardinal.com\/index.php?rest_route=\/wp\/v2\/users\/2"}],"replies":[{"embeddable":true,"href":"https:\/\/elcardinal.com\/index.php?rest_route=%2Fwp%2Fv2%2Fcomments&post=4341"}],"version-history":[{"count":1,"href":"https:\/\/elcardinal.com\/index.php?rest_route=\/wp\/v2\/posts\/4341\/revisions"}],"predecessor-version":[{"id":4343,"href":"https:\/\/elcardinal.com\/index.php?rest_route=\/wp\/v2\/posts\/4341\/revisions\/4343"}],"wp:featuredmedia":[{"embeddable":true,"href":"https:\/\/elcardinal.com\/index.php?rest_route=\/wp\/v2\/media\/4342"}],"wp:attachment":[{"href":"https:\/\/elcardinal.com\/index.php?rest_route=%2Fwp%2Fv2%2Fmedia&parent=4341"}],"wp:term":[{"taxonomy":"category","embeddable":true,"href":"https:\/\/elcardinal.com\/index.php?rest_route=%2Fwp%2Fv2%2Fcategories&post=4341"},{"taxonomy":"post_tag","embeddable":true,"href":"https:\/\/elcardinal.com\/index.php?rest_route=%2Fwp%2Fv2%2Ftags&post=4341"}],"curies":[{"name":"wp","href":"https:\/\/api.w.org\/{rel}","templated":true}]}}