{"id":4344,"date":"2025-05-02T12:52:06","date_gmt":"2025-05-02T18:52:06","guid":{"rendered":"https:\/\/elcardinal.com\/?p=4344"},"modified":"2025-05-02T12:52:06","modified_gmt":"2025-05-02T18:52:06","slug":"zapotlan-apuesta-al-ordenamiento-del-comercio-informal-primera-accion-la-reubicacion-del-tianguis-dominical-de-acayuca","status":"publish","type":"post","link":"https:\/\/elcardinal.com\/?p=4344","title":{"rendered":"Zapotl\u00e1n apuesta al ordenamiento del comercio informal; primera acci\u00f3n, la reubicaci\u00f3n del tianguis dominical de Acayuca"},"content":{"rendered":"<p class=\"\" data-start=\"0\" data-end=\"135\"><strong data-start=\"0\" data-end=\"135\">\u00a0<\/strong><\/p>\n<p class=\"\" data-start=\"137\" data-end=\"158\"><em data-start=\"137\" data-end=\"158\">Por la Redacci\u00f3n<\/em><\/p>\n<p class=\"\" data-start=\"160\" data-end=\"461\">Para brindar un mejor servicio a quienes visitan el tradicional mercado sobre ruedas dominical que se instala en la localidad de Acayuca, la Asamblea Municipal de Zapotl\u00e1n aprob\u00f3 por unanimidad el dictamen que permite su reubicaci\u00f3n, en calles aleda\u00f1as a la avenida principal: Hidalgo .<\/p>\n<p class=\"\" data-start=\"463\" data-end=\"933\">El dictamen <strong data-start=\"475\" data-end=\"490\">DC\/002\/2025<\/strong> presentado por la <strong data-start=\"509\" data-end=\"542\">Comisi\u00f3n de Abasto y Comercio<\/strong> determin\u00f3 la importancia de establecer como nueva sede la calle Cipr\u00e9s que abarca desde la esquina de Pino Su\u00e1rez hasta Felipe \u00c1ngeles, lo cual permitir\u00e1 que los 280 comerciantes en promedio que ofrecen productos diversos cada fin de semana, tengan un espacio adecuado sumando su garant\u00eda de mantener un orden p\u00fablico, como parte del desarrollo de dicha actividad comercial.<\/p>\n<p class=\"\" data-start=\"935\" data-end=\"1240\">Durante la <strong data-start=\"946\" data-end=\"986\">D\u00e9cimo Tercera Sesi\u00f3n Extraordinaria<\/strong> , regidores de los distintos Grupos Edilicios coincidieron en se\u00f1alar que, el tianguis local debe convertirse en un atractivo comercial y tur\u00edstico, en el que familias puedan disfrutar de los atractivos que ofrecen cada fin de semana.<\/p>\n<p class=\"\" data-start=\"1242\" data-end=\"1432\">La presidenta municipal <strong data-start=\"1266\" data-end=\"1295\">Cynthia Arellano Mart\u00ednez<\/strong> afirm\u00f3 que la prevenci\u00f3n de reubicar al comercio forma parte de brindar seguridad a quienes acuden al tianguis dominical.<\/p>\n<p class=\"\" data-start=\"1434\" data-end=\"1687\">&#8220;Somos una administraci\u00f3n que en todo momento apoya a los distintos sectores sociales. Queremos que esta reubicaci\u00f3n se d\u00e9 bajo el respeto al derecho que tienen todas y todos de desempe\u00f1ar esta actividad, cumpliendo con las normas establecidas&#8221;.<\/p>\n<p class=\"\" data-start=\"1689\" data-end=\"2259\">&#8220;Para nosotros es importante que los tianguistas se sientan apoyados por la administraci\u00f3n. Lo que buscamos es mantener la paz social en el municipio, por ello, siempre buscaremos los canales adecuados de comunicaci\u00f3n para escuchar a todas las voces. Quiero que tengan la garant\u00eda de que estamos dispuestos a participar con mucho gusto en cada uno de los proyectos, con responsabilidad, sobre todo que prevalezca la seguridad y el tr\u00e1nsito libre, porque esta avenida es una de las m\u00e1s importantes de Acayuca, y en breve, tendr\u00e1 una nueva imagen&#8221;, finaliz\u00f3.<\/p>\n","protected":false},"excerpt":{"rendered":"<p>\u00a0 Por la Redacci\u00f3n Para brindar un mejor servicio a quienes visitan el tradicional mercado sobre ruedas dominical que se instala en la localidad de Acayuca, la Asamblea Municipal de Zapotl\u00e1n aprob\u00f3 por unanimidad el dictamen que permite su reubicaci\u00f3n, en calles aleda\u00f1as a la avenida principal: Hidalgo . El dictamen DC\/002\/2025 presentado por la<\/p>\n","protected":false},"author":2,"featured_media":4345,"comment_status":"open","ping_status":"open","sticky":false,"template":"","format":"standard","meta":{"footnotes":""},"categories":[44,33],"tags":[103,104],"class_list":{"0":"post-4344","1":"post","2":"type-post","3":"status-publish","4":"format-standard","5":"has-post-thumbnail","7":"category-minuto-a-minuto","8":"category-regiones","9":"tag-cynthia-arellano-martinez","10":"tag-zapotlan"},"yoast_head":"<!-- This site is optimized with the Yoast SEO plugin v26.1.1 - https:\/\/yoast.com\/wordpress\/plugins\/seo\/ -->\n<title>Zapotl\u00e1n apuesta al ordenamiento del comercio informal; primera acci\u00f3n, la reubicaci\u00f3n del tianguis dominical de Acayuca - El Cardinal<\/title>\n<meta name=\"robots\" content=\"index, follow, max-snippet:-1, max-image-preview:large, max-video-preview:-1\" \/>\n<link rel=\"canonical\" href=\"https:\/\/elcardinal.com\/?p=4344\" \/>\n<meta property=\"og:locale\" content=\"es_MX\" \/>\n<meta property=\"og:type\" content=\"article\" \/>\n<meta property=\"og:title\" content=\"Zapotl\u00e1n apuesta al ordenamiento del comercio informal; primera acci\u00f3n, la reubicaci\u00f3n del tianguis dominical de Acayuca - El Cardinal\" \/>\n<meta property=\"og:description\" content=\"\u00a0 Por la Redacci\u00f3n Para brindar un mejor servicio a quienes visitan el tradicional mercado sobre ruedas dominical que se instala en la localidad de Acayuca, la Asamblea Municipal de Zapotl\u00e1n aprob\u00f3 por unanimidad el dictamen que permite su reubicaci\u00f3n, en calles aleda\u00f1as a la avenida principal: Hidalgo . El dictamen DC\/002\/2025 presentado por la\" \/>\n<meta property=\"og:url\" content=\"https:\/\/elcardinal.com\/?p=4344\" \/>\n<meta property=\"og:site_name\" content=\"El Cardinal\" \/>\n<meta property=\"article:publisher\" content=\"https:\/\/www.facebook.com\/profile.php?id=100063093107011\" \/>\n<meta property=\"article:published_time\" content=\"2025-05-02T18:52:06+00:00\" \/>\n<meta property=\"og:image\" content=\"https:\/\/elcardinal.com\/wp-content\/uploads\/2025\/05\/475255801_122190741602128627_7697874845143581450_n.jpg\" \/>\n\t<meta property=\"og:image:width\" content=\"1440\" \/>\n\t<meta property=\"og:image:height\" content=\"1162\" \/>\n\t<meta property=\"og:image:type\" content=\"image\/jpeg\" \/>\n<meta name=\"author\" content=\"Antonio Alcaraz\" \/>\n<meta name=\"twitter:card\" content=\"summary_large_image\" \/>\n<meta name=\"twitter:creator\" content=\"@ElCardinal_Mx\" \/>\n<meta name=\"twitter:site\" content=\"@ElCardinal_Mx\" \/>\n<meta name=\"twitter:label1\" content=\"Escrito por\" \/>\n\t<meta name=\"twitter:data1\" content=\"Antonio Alcaraz\" \/>\n\t<meta name=\"twitter:label2\" content=\"Tiempo de lectura\" \/>\n\t<meta name=\"twitter:data2\" content=\"2 minutos\" \/>\n<script type=\"application\/ld+json\" class=\"yoast-schema-graph\">{\"@context\":\"https:\/\/schema.org\",\"@graph\":[{\"@type\":\"Article\",\"@id\":\"https:\/\/elcardinal.com\/?p=4344#article\",\"isPartOf\":{\"@id\":\"https:\/\/elcardinal.com\/?p=4344\"},\"author\":{\"name\":\"Antonio Alcaraz\",\"@id\":\"https:\/\/elcardinal.com\/#\/schema\/person\/3c352ec0a33987fe275c0e8a2ea69f8b\"},\"headline\":\"Zapotl\u00e1n apuesta al ordenamiento del comercio informal; primera acci\u00f3n, la reubicaci\u00f3n del tianguis dominical de Acayuca\",\"datePublished\":\"2025-05-02T18:52:06+00:00\",\"mainEntityOfPage\":{\"@id\":\"https:\/\/elcardinal.com\/?p=4344\"},\"wordCount\":353,\"commentCount\":0,\"publisher\":{\"@id\":\"https:\/\/elcardinal.com\/#organization\"},\"image\":{\"@id\":\"https:\/\/elcardinal.com\/?p=4344#primaryimage\"},\"thumbnailUrl\":\"https:\/\/elcardinal.com\/wp-content\/uploads\/2025\/05\/475255801_122190741602128627_7697874845143581450_n.jpg\",\"keywords\":[\"Cynthia Arellano Mart\u00ednez\",\"Zapotl\u00e1n\"],\"articleSection\":[\"Minuto a Minuto\",\"Regiones\"],\"inLanguage\":\"es\",\"potentialAction\":[{\"@type\":\"CommentAction\",\"name\":\"Comment\",\"target\":[\"https:\/\/elcardinal.com\/?p=4344#respond\"]}]},{\"@type\":\"WebPage\",\"@id\":\"https:\/\/elcardinal.com\/?p=4344\",\"url\":\"https:\/\/elcardinal.com\/?p=4344\",\"name\":\"Zapotl\u00e1n apuesta al ordenamiento del comercio informal; primera acci\u00f3n, la reubicaci\u00f3n del tianguis dominical de Acayuca - El Cardinal\",\"isPartOf\":{\"@id\":\"https:\/\/elcardinal.com\/#website\"},\"primaryImageOfPage\":{\"@id\":\"https:\/\/elcardinal.com\/?p=4344#primaryimage\"},\"image\":{\"@id\":\"https:\/\/elcardinal.com\/?p=4344#primaryimage\"},\"thumbnailUrl\":\"https:\/\/elcardinal.com\/wp-content\/uploads\/2025\/05\/475255801_122190741602128627_7697874845143581450_n.jpg\",\"datePublished\":\"2025-05-02T18:52:06+00:00\",\"breadcrumb\":{\"@id\":\"https:\/\/elcardinal.com\/?p=4344#breadcrumb\"},\"inLanguage\":\"es\",\"potentialAction\":[{\"@type\":\"ReadAction\",\"target\":[\"https:\/\/elcardinal.com\/?p=4344\"]}]},{\"@type\":\"ImageObject\",\"inLanguage\":\"es\",\"@id\":\"https:\/\/elcardinal.com\/?p=4344#primaryimage\",\"url\":\"https:\/\/elcardinal.com\/wp-content\/uploads\/2025\/05\/475255801_122190741602128627_7697874845143581450_n.jpg\",\"contentUrl\":\"https:\/\/elcardinal.com\/wp-content\/uploads\/2025\/05\/475255801_122190741602128627_7697874845143581450_n.jpg\",\"width\":1440,\"height\":1162},{\"@type\":\"BreadcrumbList\",\"@id\":\"https:\/\/elcardinal.com\/?p=4344#breadcrumb\",\"itemListElement\":[{\"@type\":\"ListItem\",\"position\":1,\"name\":\"Inicio\",\"item\":\"https:\/\/elcardinal.com\/\"},{\"@type\":\"ListItem\",\"position\":2,\"name\":\"Zapotl\u00e1n apuesta al ordenamiento del comercio informal; primera acci\u00f3n, la reubicaci\u00f3n del tianguis dominical de Acayuca\"}]},{\"@type\":\"WebSite\",\"@id\":\"https:\/\/elcardinal.com\/#website\",\"url\":\"https:\/\/elcardinal.com\/\",\"name\":\"El Cardinal\",\"description\":\"Periodismo honesto, con valor, sentido humano, a veces sarc\u00e1stico y divertido.\",\"publisher\":{\"@id\":\"https:\/\/elcardinal.com\/#organization\"},\"alternateName\":\"El Cardinal Noticias\",\"potentialAction\":[{\"@type\":\"SearchAction\",\"target\":{\"@type\":\"EntryPoint\",\"urlTemplate\":\"https:\/\/elcardinal.com\/?s={search_term_string}\"},\"query-input\":{\"@type\":\"PropertyValueSpecification\",\"valueRequired\":true,\"valueName\":\"search_term_string\"}}],\"inLanguage\":\"es\"},{\"@type\":\"Organization\",\"@id\":\"https:\/\/elcardinal.com\/#organization\",\"name\":\"El Cardinal\",\"url\":\"https:\/\/elcardinal.com\/\",\"logo\":{\"@type\":\"ImageObject\",\"inLanguage\":\"es\",\"@id\":\"https:\/\/elcardinal.com\/#\/schema\/logo\/image\/\",\"url\":\"https:\/\/elcardinal.com\/wp-content\/uploads\/2025\/04\/LOGO-EL-CARDINAL-Periodismo-con-valor.png\",\"contentUrl\":\"https:\/\/elcardinal.com\/wp-content\/uploads\/2025\/04\/LOGO-EL-CARDINAL-Periodismo-con-valor.png\",\"width\":755,\"height\":636,\"caption\":\"El Cardinal\"},\"image\":{\"@id\":\"https:\/\/elcardinal.com\/#\/schema\/logo\/image\/\"},\"sameAs\":[\"https:\/\/www.facebook.com\/profile.php?id=100063093107011\",\"https:\/\/x.com\/ElCardinal_Mx\"]},{\"@type\":\"Person\",\"@id\":\"https:\/\/elcardinal.com\/#\/schema\/person\/3c352ec0a33987fe275c0e8a2ea69f8b\",\"name\":\"Antonio Alcaraz\",\"image\":{\"@type\":\"ImageObject\",\"inLanguage\":\"es\",\"@id\":\"https:\/\/elcardinal.com\/#\/schema\/person\/image\/\",\"url\":\"https:\/\/elcardinal.com\/wp-content\/uploads\/2025\/05\/cropped-TONO-96x96.jpg\",\"contentUrl\":\"https:\/\/elcardinal.com\/wp-content\/uploads\/2025\/05\/cropped-TONO-96x96.jpg\",\"caption\":\"Antonio Alcaraz\"},\"url\":\"https:\/\/elcardinal.com\/?author=2\"}]}<\/script>\n<!-- \/ Yoast SEO plugin. -->","yoast_head_json":{"title":"Zapotl\u00e1n apuesta al ordenamiento del comercio informal; primera acci\u00f3n, la reubicaci\u00f3n del tianguis dominical de Acayuca - El Cardinal","robots":{"index":"index","follow":"follow","max-snippet":"max-snippet:-1","max-image-preview":"max-image-preview:large","max-video-preview":"max-video-preview:-1"},"canonical":"https:\/\/elcardinal.com\/?p=4344","og_locale":"es_MX","og_type":"article","og_title":"Zapotl\u00e1n apuesta al ordenamiento del comercio informal; primera acci\u00f3n, la reubicaci\u00f3n del tianguis dominical de Acayuca - El Cardinal","og_description":"\u00a0 Por la Redacci\u00f3n Para brindar un mejor servicio a quienes visitan el tradicional mercado sobre ruedas dominical que se instala en la localidad de Acayuca, la Asamblea Municipal de Zapotl\u00e1n aprob\u00f3 por unanimidad el dictamen que permite su reubicaci\u00f3n, en calles aleda\u00f1as a la avenida principal: Hidalgo . El dictamen DC\/002\/2025 presentado por la","og_url":"https:\/\/elcardinal.com\/?p=4344","og_site_name":"El Cardinal","article_publisher":"https:\/\/www.facebook.com\/profile.php?id=100063093107011","article_published_time":"2025-05-02T18:52:06+00:00","og_image":[{"width":1440,"height":1162,"url":"https:\/\/elcardinal.com\/wp-content\/uploads\/2025\/05\/475255801_122190741602128627_7697874845143581450_n.jpg","type":"image\/jpeg"}],"author":"Antonio Alcaraz","twitter_card":"summary_large_image","twitter_creator":"@ElCardinal_Mx","twitter_site":"@ElCardinal_Mx","twitter_misc":{"Escrito por":"Antonio Alcaraz","Tiempo de lectura":"2 minutos"},"schema":{"@context":"https:\/\/schema.org","@graph":[{"@type":"Article","@id":"https:\/\/elcardinal.com\/?p=4344#article","isPartOf":{"@id":"https:\/\/elcardinal.com\/?p=4344"},"author":{"name":"Antonio Alcaraz","@id":"https:\/\/elcardinal.com\/#\/schema\/person\/3c352ec0a33987fe275c0e8a2ea69f8b"},"headline":"Zapotl\u00e1n apuesta al ordenamiento del comercio informal; primera acci\u00f3n, la reubicaci\u00f3n del tianguis dominical de Acayuca","datePublished":"2025-05-02T18:52:06+00:00","mainEntityOfPage":{"@id":"https:\/\/elcardinal.com\/?p=4344"},"wordCount":353,"commentCount":0,"publisher":{"@id":"https:\/\/elcardinal.com\/#organization"},"image":{"@id":"https:\/\/elcardinal.com\/?p=4344#primaryimage"},"thumbnailUrl":"https:\/\/elcardinal.com\/wp-content\/uploads\/2025\/05\/475255801_122190741602128627_7697874845143581450_n.jpg","keywords":["Cynthia Arellano Mart\u00ednez","Zapotl\u00e1n"],"articleSection":["Minuto a Minuto","Regiones"],"inLanguage":"es","potentialAction":[{"@type":"CommentAction","name":"Comment","target":["https:\/\/elcardinal.com\/?p=4344#respond"]}]},{"@type":"WebPage","@id":"https:\/\/elcardinal.com\/?p=4344","url":"https:\/\/elcardinal.com\/?p=4344","name":"Zapotl\u00e1n apuesta al ordenamiento del comercio informal; primera acci\u00f3n, la reubicaci\u00f3n del tianguis dominical de Acayuca - El Cardinal","isPartOf":{"@id":"https:\/\/elcardinal.com\/#website"},"primaryImageOfPage":{"@id":"https:\/\/elcardinal.com\/?p=4344#primaryimage"},"image":{"@id":"https:\/\/elcardinal.com\/?p=4344#primaryimage"},"thumbnailUrl":"https:\/\/elcardinal.com\/wp-content\/uploads\/2025\/05\/475255801_122190741602128627_7697874845143581450_n.jpg","datePublished":"2025-05-02T18:52:06+00:00","breadcrumb":{"@id":"https:\/\/elcardinal.com\/?p=4344#breadcrumb"},"inLanguage":"es","potentialAction":[{"@type":"ReadAction","target":["https:\/\/elcardinal.com\/?p=4344"]}]},{"@type":"ImageObject","inLanguage":"es","@id":"https:\/\/elcardinal.com\/?p=4344#primaryimage","url":"https:\/\/elcardinal.com\/wp-content\/uploads\/2025\/05\/475255801_122190741602128627_7697874845143581450_n.jpg","contentUrl":"https:\/\/elcardinal.com\/wp-content\/uploads\/2025\/05\/475255801_122190741602128627_7697874845143581450_n.jpg","width":1440,"height":1162},{"@type":"BreadcrumbList","@id":"https:\/\/elcardinal.com\/?p=4344#breadcrumb","itemListElement":[{"@type":"ListItem","position":1,"name":"Inicio","item":"https:\/\/elcardinal.com\/"},{"@type":"ListItem","position":2,"name":"Zapotl\u00e1n apuesta al ordenamiento del comercio informal; primera acci\u00f3n, la reubicaci\u00f3n del tianguis dominical de Acayuca"}]},{"@type":"WebSite","@id":"https:\/\/elcardinal.com\/#website","url":"https:\/\/elcardinal.com\/","name":"El Cardinal","description":"Periodismo honesto, con valor, sentido humano, a veces sarc\u00e1stico y divertido.","publisher":{"@id":"https:\/\/elcardinal.com\/#organization"},"alternateName":"El Cardinal Noticias","potentialAction":[{"@type":"SearchAction","target":{"@type":"EntryPoint","urlTemplate":"https:\/\/elcardinal.com\/?s={search_term_string}"},"query-input":{"@type":"PropertyValueSpecification","valueRequired":true,"valueName":"search_term_string"}}],"inLanguage":"es"},{"@type":"Organization","@id":"https:\/\/elcardinal.com\/#organization","name":"El Cardinal","url":"https:\/\/elcardinal.com\/","logo":{"@type":"ImageObject","inLanguage":"es","@id":"https:\/\/elcardinal.com\/#\/schema\/logo\/image\/","url":"https:\/\/elcardinal.com\/wp-content\/uploads\/2025\/04\/LOGO-EL-CARDINAL-Periodismo-con-valor.png","contentUrl":"https:\/\/elcardinal.com\/wp-content\/uploads\/2025\/04\/LOGO-EL-CARDINAL-Periodismo-con-valor.png","width":755,"height":636,"caption":"El Cardinal"},"image":{"@id":"https:\/\/elcardinal.com\/#\/schema\/logo\/image\/"},"sameAs":["https:\/\/www.facebook.com\/profile.php?id=100063093107011","https:\/\/x.com\/ElCardinal_Mx"]},{"@type":"Person","@id":"https:\/\/elcardinal.com\/#\/schema\/person\/3c352ec0a33987fe275c0e8a2ea69f8b","name":"Antonio Alcaraz","image":{"@type":"ImageObject","inLanguage":"es","@id":"https:\/\/elcardinal.com\/#\/schema\/person\/image\/","url":"https:\/\/elcardinal.com\/wp-content\/uploads\/2025\/05\/cropped-TONO-96x96.jpg","contentUrl":"https:\/\/elcardinal.com\/wp-content\/uploads\/2025\/05\/cropped-TONO-96x96.jpg","caption":"Antonio Alcaraz"},"url":"https:\/\/elcardinal.com\/?author=2"}]}},"_links":{"self":[{"href":"https:\/\/elcardinal.com\/index.php?rest_route=\/wp\/v2\/posts\/4344","targetHints":{"allow":["GET"]}}],"collection":[{"href":"https:\/\/elcardinal.com\/index.php?rest_route=\/wp\/v2\/posts"}],"about":[{"href":"https:\/\/elcardinal.com\/index.php?rest_route=\/wp\/v2\/types\/post"}],"author":[{"embeddable":true,"href":"https:\/\/elcardinal.com\/index.php?rest_route=\/wp\/v2\/users\/2"}],"replies":[{"embeddable":true,"href":"https:\/\/elcardinal.com\/index.php?rest_route=%2Fwp%2Fv2%2Fcomments&post=4344"}],"version-history":[{"count":1,"href":"https:\/\/elcardinal.com\/index.php?rest_route=\/wp\/v2\/posts\/4344\/revisions"}],"predecessor-version":[{"id":4346,"href":"https:\/\/elcardinal.com\/index.php?rest_route=\/wp\/v2\/posts\/4344\/revisions\/4346"}],"wp:featuredmedia":[{"embeddable":true,"href":"https:\/\/elcardinal.com\/index.php?rest_route=\/wp\/v2\/media\/4345"}],"wp:attachment":[{"href":"https:\/\/elcardinal.com\/index.php?rest_route=%2Fwp%2Fv2%2Fmedia&parent=4344"}],"wp:term":[{"taxonomy":"category","embeddable":true,"href":"https:\/\/elcardinal.com\/index.php?rest_route=%2Fwp%2Fv2%2Fcategories&post=4344"},{"taxonomy":"post_tag","embeddable":true,"href":"https:\/\/elcardinal.com\/index.php?rest_route=%2Fwp%2Fv2%2Ftags&post=4344"}],"curies":[{"name":"wp","href":"https:\/\/api.w.org\/{rel}","templated":true}]}}