{"id":4351,"date":"2025-05-03T21:07:23","date_gmt":"2025-05-04T03:07:23","guid":{"rendered":"https:\/\/elcardinal.com\/?p=4351"},"modified":"2025-05-03T21:07:23","modified_gmt":"2025-05-04T03:07:23","slug":"regidora-taurina-desata-polemica-en-hidalgo-ningun-animal-tienen-derechos-el-unico-sujeto-de-derechos-somos-los-humanos","status":"publish","type":"post","link":"https:\/\/elcardinal.com\/?p=4351","title":{"rendered":"Regidora taurina desata pol\u00e9mica en Hidalgo: &#8216;ning\u00fan animal tienen derechos; el \u00fanico sujeto de derechos somos los humanos&#8217;"},"content":{"rendered":"<p>By <strong>El Cardinalito<\/strong><\/p>\n<p style=\"text-align: left;\">Apan, Hgo. \u2014 La regidora del Partido Verde Ecologista de M\u00e9xico (PVEM) en Apan, <strong>Mar\u00eda Gloria Hern\u00e1ndez Madrid<\/strong>, encendi\u00f3 la indignaci\u00f3n de colectivos animalistas y usuarios de redes sociales al declarar p\u00fablicamente que \u201cning\u00fan animal tiene derechos\u201d, postura que contradice los principios de su propio instituto pol\u00edtico y la reciente reforma constitucional en Hidalgo que reconoce a los animales como seres sintientes, que impuls\u00f3 su l\u00edder pol\u00edtico y presidente del partido <strong>Avelino Tovar Iglesias.<\/strong><\/p>\n<p>En una publicaci\u00f3n realizada el 14 de abril en su cuenta de Facebook \u2014y eliminada d\u00edas despu\u00e9s\u2014, la <em><strong>exdiputada federal por el PRI<\/strong><\/em> afirm\u00f3 que los animales no pueden experimentar afectos, dolor ni sufrimiento, y que solo pueden ser sujetos de tutela o protecci\u00f3n, sin acceso a derechos como los seres humanos.<\/p>\n<p>\u201cEl \u00fanico sujeto de derechos somos los humanos. No puede ser referido que los animales poseen conciencia o que experimentan dolor o placer\u201d, escribi\u00f3, en referencia a la reforma al art\u00edculo 8 Ter constitucional, aprobada por el <strong>Congreso local y ratificada en Cabildos,<\/strong> incluyendo el de Apan.<\/p>\n<p>La declaraci\u00f3n fue publicada dos d\u00edas antes de que el Ayuntamiento aprobara dicha reforma en sesi\u00f3n ordinaria, lo que intensific\u00f3 el rechazo hacia su postura. Hern\u00e1ndez Madrid, conocida por <strong>su afinidad a la tauromaquia,<\/strong> critic\u00f3 tambi\u00e9n el contenido y la redacci\u00f3n del decreto, asegurando con sarcasmo que, de aprobarse, los animales podr\u00edan heredar bienes, y cuestion\u00f3 si ahora \u201clos pollos ya sabr\u00e1n que van a nutrir\u201d con su carne.<\/p>\n<p>\u201cY los pollo! Espero que ya tengan conciencia y que sepan que me van a nutrir con las prote\u00ednas que me aporten!\u201d, expres\u00f3 en tono ir\u00f3nico.<\/p>\n<p>En sus publicaciones, tambi\u00e9n hizo un llamado directo al gobernador <strong>Julio Menchaca Salazar<\/strong> para que vetele la reforma, y lo invit\u00f3 a visitar ganader\u00edas taurinas, argumentando que los toros de lidia \u201cviven como reyes\u201d y que prohibir las corridas implicar\u00eda su extinci\u00f3n.<\/p>\n<p>Las reacciones no se hicieron esperar. Colectivos como La<strong> Jaur\u00eda de Bal\u00fa, Cuatro Patadas, Un Coraz\u00f3n y activistas como Vannia Castillo<\/strong> repudiaron las declaraciones, calific\u00e1ndolas de ignorantes, anacr\u00f3nicas y ofensivas para quienes defienden los derechos de los animales.<\/p>\n<p>Ante la presi\u00f3n p\u00fablica, la regidora elimin\u00f3 todas sus publicaciones relacionadas con el tema.<\/p>\n<p>Cabe recordar que la iniciativa para reconocer a los animales como seres sintientes fue impulsada por el diputado local y dirigente estatal del <strong>PVEM<\/strong>, Avelino Tovar Iglesias, y aprobada el pasado 25 de marzo por el Congreso del estado. Actualmente, tambi\u00e9n se analiza en comisiones una propuesta del mismo legislador para prohibir las corridas de toros en Hidalgo.<\/p>\n<p>La postura de Hern\u00e1ndez Madrid no solo exhibe una fractura ideol\u00f3gica dentro del PVEM, sino que reabre el debate sobre el compromiso real de algunos de sus representantes con la agenda ambientalista y de protecci\u00f3n animal.<\/p>\n<p>&nbsp;<\/p>\n","protected":false},"excerpt":{"rendered":"<p>By El Cardinalito Apan, Hgo. \u2014 La regidora del Partido Verde Ecologista de M\u00e9xico (PVEM) en Apan, Mar\u00eda Gloria Hern\u00e1ndez Madrid, encendi\u00f3 la indignaci\u00f3n de colectivos animalistas y usuarios de redes sociales al declarar p\u00fablicamente que \u201cning\u00fan animal tiene derechos\u201d, postura que contradice los principios de su propio instituto pol\u00edtico y la reciente reforma constitucional<\/p>\n","protected":false},"author":2,"featured_media":4352,"comment_status":"open","ping_status":"open","sticky":false,"template":"","format":"standard","meta":{"footnotes":""},"categories":[31,44,39],"tags":[109,107,108,110],"class_list":{"0":"post-4351","1":"post","2":"type-post","3":"status-publish","4":"format-standard","5":"has-post-thumbnail","7":"category-hidalgo","8":"category-minuto-a-minuto","9":"category-politica","10":"tag-animales","11":"tag-maria-gloria-hernandez-madrid","12":"tag-pvem","13":"tag-seres-sintientes"},"yoast_head":"<!-- This site is optimized with the Yoast SEO plugin v26.1.1 - https:\/\/yoast.com\/wordpress\/plugins\/seo\/ -->\n<title>Regidora taurina desata pol\u00e9mica en Hidalgo: &#039;ning\u00fan animal tienen derechos; el \u00fanico sujeto de derechos somos los humanos&#039; - El Cardinal<\/title>\n<meta name=\"robots\" content=\"index, follow, max-snippet:-1, max-image-preview:large, max-video-preview:-1\" \/>\n<link rel=\"canonical\" href=\"https:\/\/elcardinal.com\/?p=4351\" \/>\n<meta property=\"og:locale\" content=\"es_MX\" \/>\n<meta property=\"og:type\" content=\"article\" \/>\n<meta property=\"og:title\" content=\"Regidora taurina desata pol\u00e9mica en Hidalgo: &#039;ning\u00fan animal tienen derechos; el \u00fanico sujeto de derechos somos los humanos&#039; - El Cardinal\" \/>\n<meta property=\"og:description\" content=\"By El Cardinalito Apan, Hgo. \u2014 La regidora del Partido Verde Ecologista de M\u00e9xico (PVEM) en Apan, Mar\u00eda Gloria Hern\u00e1ndez Madrid, encendi\u00f3 la indignaci\u00f3n de colectivos animalistas y usuarios de redes sociales al declarar p\u00fablicamente que \u201cning\u00fan animal tiene derechos\u201d, postura que contradice los principios de su propio instituto pol\u00edtico y la reciente reforma constitucional\" \/>\n<meta property=\"og:url\" content=\"https:\/\/elcardinal.com\/?p=4351\" \/>\n<meta property=\"og:site_name\" content=\"El Cardinal\" \/>\n<meta property=\"article:publisher\" content=\"https:\/\/www.facebook.com\/profile.php?id=100063093107011\" \/>\n<meta property=\"article:published_time\" content=\"2025-05-04T03:07:23+00:00\" \/>\n<meta property=\"og:image\" content=\"https:\/\/elcardinal.com\/wp-content\/uploads\/2025\/05\/images-23.jpeg\" \/>\n\t<meta property=\"og:image:width\" content=\"679\" \/>\n\t<meta property=\"og:image:height\" content=\"452\" \/>\n\t<meta property=\"og:image:type\" content=\"image\/jpeg\" \/>\n<meta name=\"author\" content=\"Antonio Alcaraz\" \/>\n<meta name=\"twitter:card\" content=\"summary_large_image\" \/>\n<meta name=\"twitter:creator\" content=\"@ElCardinal_Mx\" \/>\n<meta name=\"twitter:site\" content=\"@ElCardinal_Mx\" \/>\n<meta name=\"twitter:label1\" content=\"Escrito por\" \/>\n\t<meta name=\"twitter:data1\" content=\"Antonio Alcaraz\" \/>\n\t<meta name=\"twitter:label2\" content=\"Tiempo de lectura\" \/>\n\t<meta name=\"twitter:data2\" content=\"3 minutos\" \/>\n<script type=\"application\/ld+json\" class=\"yoast-schema-graph\">{\"@context\":\"https:\/\/schema.org\",\"@graph\":[{\"@type\":\"Article\",\"@id\":\"https:\/\/elcardinal.com\/?p=4351#article\",\"isPartOf\":{\"@id\":\"https:\/\/elcardinal.com\/?p=4351\"},\"author\":{\"name\":\"Antonio Alcaraz\",\"@id\":\"https:\/\/elcardinal.com\/#\/schema\/person\/3c352ec0a33987fe275c0e8a2ea69f8b\"},\"headline\":\"Regidora taurina desata pol\u00e9mica en Hidalgo: &#8216;ning\u00fan animal tienen derechos; el \u00fanico sujeto de derechos somos los humanos&#8217;\",\"datePublished\":\"2025-05-04T03:07:23+00:00\",\"mainEntityOfPage\":{\"@id\":\"https:\/\/elcardinal.com\/?p=4351\"},\"wordCount\":514,\"commentCount\":0,\"publisher\":{\"@id\":\"https:\/\/elcardinal.com\/#organization\"},\"image\":{\"@id\":\"https:\/\/elcardinal.com\/?p=4351#primaryimage\"},\"thumbnailUrl\":\"https:\/\/elcardinal.com\/wp-content\/uploads\/2025\/05\/images-23.jpeg\",\"keywords\":[\"Animales\",\"Mar\u00eda Gloria Hern\u00e1ndez Madrid\",\"PVEM\",\"Seres sintientes\"],\"articleSection\":[\"Hidalgo\",\"Minuto a Minuto\",\"Pol\u00edtica\"],\"inLanguage\":\"es\",\"potentialAction\":[{\"@type\":\"CommentAction\",\"name\":\"Comment\",\"target\":[\"https:\/\/elcardinal.com\/?p=4351#respond\"]}]},{\"@type\":\"WebPage\",\"@id\":\"https:\/\/elcardinal.com\/?p=4351\",\"url\":\"https:\/\/elcardinal.com\/?p=4351\",\"name\":\"Regidora taurina desata pol\u00e9mica en Hidalgo: 'ning\u00fan animal tienen derechos; el \u00fanico sujeto de derechos somos los humanos' - El Cardinal\",\"isPartOf\":{\"@id\":\"https:\/\/elcardinal.com\/#website\"},\"primaryImageOfPage\":{\"@id\":\"https:\/\/elcardinal.com\/?p=4351#primaryimage\"},\"image\":{\"@id\":\"https:\/\/elcardinal.com\/?p=4351#primaryimage\"},\"thumbnailUrl\":\"https:\/\/elcardinal.com\/wp-content\/uploads\/2025\/05\/images-23.jpeg\",\"datePublished\":\"2025-05-04T03:07:23+00:00\",\"breadcrumb\":{\"@id\":\"https:\/\/elcardinal.com\/?p=4351#breadcrumb\"},\"inLanguage\":\"es\",\"potentialAction\":[{\"@type\":\"ReadAction\",\"target\":[\"https:\/\/elcardinal.com\/?p=4351\"]}]},{\"@type\":\"ImageObject\",\"inLanguage\":\"es\",\"@id\":\"https:\/\/elcardinal.com\/?p=4351#primaryimage\",\"url\":\"https:\/\/elcardinal.com\/wp-content\/uploads\/2025\/05\/images-23.jpeg\",\"contentUrl\":\"https:\/\/elcardinal.com\/wp-content\/uploads\/2025\/05\/images-23.jpeg\",\"width\":679,\"height\":452},{\"@type\":\"BreadcrumbList\",\"@id\":\"https:\/\/elcardinal.com\/?p=4351#breadcrumb\",\"itemListElement\":[{\"@type\":\"ListItem\",\"position\":1,\"name\":\"Inicio\",\"item\":\"https:\/\/elcardinal.com\/\"},{\"@type\":\"ListItem\",\"position\":2,\"name\":\"Regidora taurina desata pol\u00e9mica en Hidalgo: &#8216;ning\u00fan animal tienen derechos; el \u00fanico sujeto de derechos somos los humanos&#8217;\"}]},{\"@type\":\"WebSite\",\"@id\":\"https:\/\/elcardinal.com\/#website\",\"url\":\"https:\/\/elcardinal.com\/\",\"name\":\"El Cardinal\",\"description\":\"Periodismo honesto, con valor, sentido humano, a veces sarc\u00e1stico y divertido.\",\"publisher\":{\"@id\":\"https:\/\/elcardinal.com\/#organization\"},\"alternateName\":\"El Cardinal Noticias\",\"potentialAction\":[{\"@type\":\"SearchAction\",\"target\":{\"@type\":\"EntryPoint\",\"urlTemplate\":\"https:\/\/elcardinal.com\/?s={search_term_string}\"},\"query-input\":{\"@type\":\"PropertyValueSpecification\",\"valueRequired\":true,\"valueName\":\"search_term_string\"}}],\"inLanguage\":\"es\"},{\"@type\":\"Organization\",\"@id\":\"https:\/\/elcardinal.com\/#organization\",\"name\":\"El Cardinal\",\"url\":\"https:\/\/elcardinal.com\/\",\"logo\":{\"@type\":\"ImageObject\",\"inLanguage\":\"es\",\"@id\":\"https:\/\/elcardinal.com\/#\/schema\/logo\/image\/\",\"url\":\"https:\/\/elcardinal.com\/wp-content\/uploads\/2025\/04\/LOGO-EL-CARDINAL-Periodismo-con-valor.png\",\"contentUrl\":\"https:\/\/elcardinal.com\/wp-content\/uploads\/2025\/04\/LOGO-EL-CARDINAL-Periodismo-con-valor.png\",\"width\":755,\"height\":636,\"caption\":\"El Cardinal\"},\"image\":{\"@id\":\"https:\/\/elcardinal.com\/#\/schema\/logo\/image\/\"},\"sameAs\":[\"https:\/\/www.facebook.com\/profile.php?id=100063093107011\",\"https:\/\/x.com\/ElCardinal_Mx\"]},{\"@type\":\"Person\",\"@id\":\"https:\/\/elcardinal.com\/#\/schema\/person\/3c352ec0a33987fe275c0e8a2ea69f8b\",\"name\":\"Antonio Alcaraz\",\"image\":{\"@type\":\"ImageObject\",\"inLanguage\":\"es\",\"@id\":\"https:\/\/elcardinal.com\/#\/schema\/person\/image\/\",\"url\":\"https:\/\/elcardinal.com\/wp-content\/uploads\/2025\/05\/cropped-TONO-96x96.jpg\",\"contentUrl\":\"https:\/\/elcardinal.com\/wp-content\/uploads\/2025\/05\/cropped-TONO-96x96.jpg\",\"caption\":\"Antonio Alcaraz\"},\"url\":\"https:\/\/elcardinal.com\/?author=2\"}]}<\/script>\n<!-- \/ Yoast SEO plugin. -->","yoast_head_json":{"title":"Regidora taurina desata pol\u00e9mica en Hidalgo: 'ning\u00fan animal tienen derechos; el \u00fanico sujeto de derechos somos los humanos' - El Cardinal","robots":{"index":"index","follow":"follow","max-snippet":"max-snippet:-1","max-image-preview":"max-image-preview:large","max-video-preview":"max-video-preview:-1"},"canonical":"https:\/\/elcardinal.com\/?p=4351","og_locale":"es_MX","og_type":"article","og_title":"Regidora taurina desata pol\u00e9mica en Hidalgo: 'ning\u00fan animal tienen derechos; el \u00fanico sujeto de derechos somos los humanos' - El Cardinal","og_description":"By El Cardinalito Apan, Hgo. \u2014 La regidora del Partido Verde Ecologista de M\u00e9xico (PVEM) en Apan, Mar\u00eda Gloria Hern\u00e1ndez Madrid, encendi\u00f3 la indignaci\u00f3n de colectivos animalistas y usuarios de redes sociales al declarar p\u00fablicamente que \u201cning\u00fan animal tiene derechos\u201d, postura que contradice los principios de su propio instituto pol\u00edtico y la reciente reforma constitucional","og_url":"https:\/\/elcardinal.com\/?p=4351","og_site_name":"El Cardinal","article_publisher":"https:\/\/www.facebook.com\/profile.php?id=100063093107011","article_published_time":"2025-05-04T03:07:23+00:00","og_image":[{"width":679,"height":452,"url":"https:\/\/elcardinal.com\/wp-content\/uploads\/2025\/05\/images-23.jpeg","type":"image\/jpeg"}],"author":"Antonio Alcaraz","twitter_card":"summary_large_image","twitter_creator":"@ElCardinal_Mx","twitter_site":"@ElCardinal_Mx","twitter_misc":{"Escrito por":"Antonio Alcaraz","Tiempo de lectura":"3 minutos"},"schema":{"@context":"https:\/\/schema.org","@graph":[{"@type":"Article","@id":"https:\/\/elcardinal.com\/?p=4351#article","isPartOf":{"@id":"https:\/\/elcardinal.com\/?p=4351"},"author":{"name":"Antonio Alcaraz","@id":"https:\/\/elcardinal.com\/#\/schema\/person\/3c352ec0a33987fe275c0e8a2ea69f8b"},"headline":"Regidora taurina desata pol\u00e9mica en Hidalgo: &#8216;ning\u00fan animal tienen derechos; el \u00fanico sujeto de derechos somos los humanos&#8217;","datePublished":"2025-05-04T03:07:23+00:00","mainEntityOfPage":{"@id":"https:\/\/elcardinal.com\/?p=4351"},"wordCount":514,"commentCount":0,"publisher":{"@id":"https:\/\/elcardinal.com\/#organization"},"image":{"@id":"https:\/\/elcardinal.com\/?p=4351#primaryimage"},"thumbnailUrl":"https:\/\/elcardinal.com\/wp-content\/uploads\/2025\/05\/images-23.jpeg","keywords":["Animales","Mar\u00eda Gloria Hern\u00e1ndez Madrid","PVEM","Seres sintientes"],"articleSection":["Hidalgo","Minuto a Minuto","Pol\u00edtica"],"inLanguage":"es","potentialAction":[{"@type":"CommentAction","name":"Comment","target":["https:\/\/elcardinal.com\/?p=4351#respond"]}]},{"@type":"WebPage","@id":"https:\/\/elcardinal.com\/?p=4351","url":"https:\/\/elcardinal.com\/?p=4351","name":"Regidora taurina desata pol\u00e9mica en Hidalgo: 'ning\u00fan animal tienen derechos; el \u00fanico sujeto de derechos somos los humanos' - El Cardinal","isPartOf":{"@id":"https:\/\/elcardinal.com\/#website"},"primaryImageOfPage":{"@id":"https:\/\/elcardinal.com\/?p=4351#primaryimage"},"image":{"@id":"https:\/\/elcardinal.com\/?p=4351#primaryimage"},"thumbnailUrl":"https:\/\/elcardinal.com\/wp-content\/uploads\/2025\/05\/images-23.jpeg","datePublished":"2025-05-04T03:07:23+00:00","breadcrumb":{"@id":"https:\/\/elcardinal.com\/?p=4351#breadcrumb"},"inLanguage":"es","potentialAction":[{"@type":"ReadAction","target":["https:\/\/elcardinal.com\/?p=4351"]}]},{"@type":"ImageObject","inLanguage":"es","@id":"https:\/\/elcardinal.com\/?p=4351#primaryimage","url":"https:\/\/elcardinal.com\/wp-content\/uploads\/2025\/05\/images-23.jpeg","contentUrl":"https:\/\/elcardinal.com\/wp-content\/uploads\/2025\/05\/images-23.jpeg","width":679,"height":452},{"@type":"BreadcrumbList","@id":"https:\/\/elcardinal.com\/?p=4351#breadcrumb","itemListElement":[{"@type":"ListItem","position":1,"name":"Inicio","item":"https:\/\/elcardinal.com\/"},{"@type":"ListItem","position":2,"name":"Regidora taurina desata pol\u00e9mica en Hidalgo: &#8216;ning\u00fan animal tienen derechos; el \u00fanico sujeto de derechos somos los humanos&#8217;"}]},{"@type":"WebSite","@id":"https:\/\/elcardinal.com\/#website","url":"https:\/\/elcardinal.com\/","name":"El Cardinal","description":"Periodismo honesto, con valor, sentido humano, a veces sarc\u00e1stico y divertido.","publisher":{"@id":"https:\/\/elcardinal.com\/#organization"},"alternateName":"El Cardinal Noticias","potentialAction":[{"@type":"SearchAction","target":{"@type":"EntryPoint","urlTemplate":"https:\/\/elcardinal.com\/?s={search_term_string}"},"query-input":{"@type":"PropertyValueSpecification","valueRequired":true,"valueName":"search_term_string"}}],"inLanguage":"es"},{"@type":"Organization","@id":"https:\/\/elcardinal.com\/#organization","name":"El Cardinal","url":"https:\/\/elcardinal.com\/","logo":{"@type":"ImageObject","inLanguage":"es","@id":"https:\/\/elcardinal.com\/#\/schema\/logo\/image\/","url":"https:\/\/elcardinal.com\/wp-content\/uploads\/2025\/04\/LOGO-EL-CARDINAL-Periodismo-con-valor.png","contentUrl":"https:\/\/elcardinal.com\/wp-content\/uploads\/2025\/04\/LOGO-EL-CARDINAL-Periodismo-con-valor.png","width":755,"height":636,"caption":"El Cardinal"},"image":{"@id":"https:\/\/elcardinal.com\/#\/schema\/logo\/image\/"},"sameAs":["https:\/\/www.facebook.com\/profile.php?id=100063093107011","https:\/\/x.com\/ElCardinal_Mx"]},{"@type":"Person","@id":"https:\/\/elcardinal.com\/#\/schema\/person\/3c352ec0a33987fe275c0e8a2ea69f8b","name":"Antonio Alcaraz","image":{"@type":"ImageObject","inLanguage":"es","@id":"https:\/\/elcardinal.com\/#\/schema\/person\/image\/","url":"https:\/\/elcardinal.com\/wp-content\/uploads\/2025\/05\/cropped-TONO-96x96.jpg","contentUrl":"https:\/\/elcardinal.com\/wp-content\/uploads\/2025\/05\/cropped-TONO-96x96.jpg","caption":"Antonio Alcaraz"},"url":"https:\/\/elcardinal.com\/?author=2"}]}},"_links":{"self":[{"href":"https:\/\/elcardinal.com\/index.php?rest_route=\/wp\/v2\/posts\/4351","targetHints":{"allow":["GET"]}}],"collection":[{"href":"https:\/\/elcardinal.com\/index.php?rest_route=\/wp\/v2\/posts"}],"about":[{"href":"https:\/\/elcardinal.com\/index.php?rest_route=\/wp\/v2\/types\/post"}],"author":[{"embeddable":true,"href":"https:\/\/elcardinal.com\/index.php?rest_route=\/wp\/v2\/users\/2"}],"replies":[{"embeddable":true,"href":"https:\/\/elcardinal.com\/index.php?rest_route=%2Fwp%2Fv2%2Fcomments&post=4351"}],"version-history":[{"count":1,"href":"https:\/\/elcardinal.com\/index.php?rest_route=\/wp\/v2\/posts\/4351\/revisions"}],"predecessor-version":[{"id":4353,"href":"https:\/\/elcardinal.com\/index.php?rest_route=\/wp\/v2\/posts\/4351\/revisions\/4353"}],"wp:featuredmedia":[{"embeddable":true,"href":"https:\/\/elcardinal.com\/index.php?rest_route=\/wp\/v2\/media\/4352"}],"wp:attachment":[{"href":"https:\/\/elcardinal.com\/index.php?rest_route=%2Fwp%2Fv2%2Fmedia&parent=4351"}],"wp:term":[{"taxonomy":"category","embeddable":true,"href":"https:\/\/elcardinal.com\/index.php?rest_route=%2Fwp%2Fv2%2Fcategories&post=4351"},{"taxonomy":"post_tag","embeddable":true,"href":"https:\/\/elcardinal.com\/index.php?rest_route=%2Fwp%2Fv2%2Ftags&post=4351"}],"curies":[{"name":"wp","href":"https:\/\/api.w.org\/{rel}","templated":true}]}}