{"id":4393,"date":"2025-05-04T19:25:19","date_gmt":"2025-05-05T01:25:19","guid":{"rendered":"https:\/\/elcardinal.com\/?p=4393"},"modified":"2025-05-04T19:25:19","modified_gmt":"2025-05-05T01:25:19","slug":"video-camion-de-la-linea-mexico-tizayuca-atropella-a-varias-personas-en-martin-carrera","status":"publish","type":"post","link":"https:\/\/elcardinal.com\/?p=4393","title":{"rendered":"VIDEO | Cami\u00f3n de la l\u00ednea M\u00e9xico\u2013Tizayuca atropella a varias personas en Mart\u00edn Carrera"},"content":{"rendered":"<div style=\"width: 474px;\" class=\"wp-video\"><video class=\"wp-video-shortcode\" id=\"video-4393-1\" width=\"474\" height=\"850\" preload=\"metadata\" controls=\"controls\"><source type=\"video\/mp4\" src=\"https:\/\/elcardinal.com\/wp-content\/uploads\/2025\/05\/VID-20250504-WA0016.mp4?_=1\" \/><a href=\"https:\/\/elcardinal.com\/wp-content\/uploads\/2025\/05\/VID-20250504-WA0016.mp4\">https:\/\/elcardinal.com\/wp-content\/uploads\/2025\/05\/VID-20250504-WA0016.mp4<\/a><\/video><\/div>\n<p>REDACCI\u00d3N<\/p>\n<p>Un cami\u00f3n de transporte p\u00fablico de la l\u00ednea M\u00e9xico\u2013Tizayuca provoc\u00f3 un terrible accidente este s\u00e1bado al subirse a la banqueta, impactarse contra un poste y arrollar al menos a tres personas en la colonia Mart\u00edn Carrera, alcald\u00eda Gustavo A. Madero.<\/p>\n<p>Lamentablemente, una de las v\u00edctimas perdi\u00f3 la vida en el lugar, mientras que las dem\u00e1s resultaron con lesiones graves. Vecinos exigen justicia y mayor control sobre estas unidades que a diario circulan a exceso de velocidad.<\/p>\n<p>&nbsp;<\/p>\n<div style=\"width: 380px;\" class=\"wp-video\"><video class=\"wp-video-shortcode\" id=\"video-4393-2\" width=\"380\" height=\"850\" preload=\"metadata\" controls=\"controls\"><source type=\"video\/mp4\" src=\"https:\/\/elcardinal.com\/wp-content\/uploads\/2025\/05\/ssstwitter.com_1746404361640.mp4?_=2\" \/><a href=\"https:\/\/elcardinal.com\/wp-content\/uploads\/2025\/05\/ssstwitter.com_1746404361640.mp4\">https:\/\/elcardinal.com\/wp-content\/uploads\/2025\/05\/ssstwitter.com_1746404361640.mp4<\/a><\/video><\/div>\n","protected":false},"excerpt":{"rendered":"<p>REDACCI\u00d3N Un cami\u00f3n de transporte p\u00fablico de la l\u00ednea M\u00e9xico\u2013Tizayuca provoc\u00f3 un terrible accidente este s\u00e1bado al subirse a la banqueta, impactarse contra un poste y arrollar al menos a tres personas en la colonia Mart\u00edn Carrera, alcald\u00eda Gustavo A. Madero. Lamentablemente, una de las v\u00edctimas perdi\u00f3 la vida en el lugar, mientras que las<\/p>\n","protected":false},"author":2,"featured_media":4394,"comment_status":"open","ping_status":"open","sticky":false,"template":"","format":"video","meta":{"footnotes":""},"categories":[34,44,38],"tags":[115,114,45],"class_list":{"0":"post-4393","1":"post","2":"type-post","3":"status-publish","4":"format-video","5":"has-post-thumbnail","7":"category-mexico","8":"category-minuto-a-minuto","9":"category-seguridad","10":"tag-autobus-tizayuca","11":"tag-martin-carrera","12":"tag-tizayuca","13":"post_format-post-format-video"},"yoast_head":"<!-- This site is optimized with the Yoast SEO plugin v26.1.1 - https:\/\/yoast.com\/wordpress\/plugins\/seo\/ -->\n<title>VIDEO | Cami\u00f3n de la l\u00ednea M\u00e9xico\u2013Tizayuca atropella a varias personas en Mart\u00edn Carrera - El Cardinal<\/title>\n<meta name=\"robots\" content=\"index, follow, max-snippet:-1, max-image-preview:large, max-video-preview:-1\" \/>\n<link rel=\"canonical\" href=\"https:\/\/elcardinal.com\/?p=4393\" \/>\n<meta property=\"og:locale\" content=\"es_MX\" \/>\n<meta property=\"og:type\" content=\"article\" \/>\n<meta property=\"og:title\" content=\"VIDEO | Cami\u00f3n de la l\u00ednea M\u00e9xico\u2013Tizayuca atropella a varias personas en Mart\u00edn Carrera - El Cardinal\" \/>\n<meta property=\"og:description\" content=\"REDACCI\u00d3N Un cami\u00f3n de transporte p\u00fablico de la l\u00ednea M\u00e9xico\u2013Tizayuca provoc\u00f3 un terrible accidente este s\u00e1bado al subirse a la banqueta, impactarse contra un poste y arrollar al menos a tres personas en la colonia Mart\u00edn Carrera, alcald\u00eda Gustavo A. Madero. Lamentablemente, una de las v\u00edctimas perdi\u00f3 la vida en el lugar, mientras que las\" \/>\n<meta property=\"og:url\" content=\"https:\/\/elcardinal.com\/?p=4393\" \/>\n<meta property=\"og:site_name\" content=\"El Cardinal\" \/>\n<meta property=\"article:publisher\" content=\"https:\/\/www.facebook.com\/profile.php?id=100063093107011\" \/>\n<meta property=\"article:published_time\" content=\"2025-05-05T01:25:19+00:00\" \/>\n<meta property=\"og:image\" content=\"https:\/\/elcardinal.com\/wp-content\/uploads\/2025\/05\/20250504_192416.jpg\" \/>\n\t<meta property=\"og:image:width\" content=\"1600\" \/>\n\t<meta property=\"og:image:height\" content=\"1200\" \/>\n\t<meta property=\"og:image:type\" content=\"image\/jpeg\" \/>\n<meta name=\"author\" content=\"Antonio Alcaraz\" \/>\n<meta name=\"twitter:card\" content=\"summary_large_image\" \/>\n<meta name=\"twitter:creator\" content=\"@ElCardinal_Mx\" \/>\n<meta name=\"twitter:site\" content=\"@ElCardinal_Mx\" \/>\n<meta name=\"twitter:label1\" content=\"Escrito por\" \/>\n\t<meta name=\"twitter:data1\" content=\"Antonio Alcaraz\" \/>\n\t<meta name=\"twitter:label2\" content=\"Tiempo de lectura\" \/>\n\t<meta name=\"twitter:data2\" content=\"1 minuto\" \/>\n<script type=\"application\/ld+json\" class=\"yoast-schema-graph\">{\"@context\":\"https:\/\/schema.org\",\"@graph\":[{\"@type\":\"Article\",\"@id\":\"https:\/\/elcardinal.com\/?p=4393#article\",\"isPartOf\":{\"@id\":\"https:\/\/elcardinal.com\/?p=4393\"},\"author\":{\"name\":\"Antonio Alcaraz\",\"@id\":\"https:\/\/elcardinal.com\/#\/schema\/person\/3c352ec0a33987fe275c0e8a2ea69f8b\"},\"headline\":\"VIDEO | Cami\u00f3n de la l\u00ednea M\u00e9xico\u2013Tizayuca atropella a varias personas en Mart\u00edn Carrera\",\"datePublished\":\"2025-05-05T01:25:19+00:00\",\"mainEntityOfPage\":{\"@id\":\"https:\/\/elcardinal.com\/?p=4393\"},\"wordCount\":133,\"commentCount\":0,\"publisher\":{\"@id\":\"https:\/\/elcardinal.com\/#organization\"},\"image\":{\"@id\":\"https:\/\/elcardinal.com\/?p=4393#primaryimage\"},\"thumbnailUrl\":\"https:\/\/elcardinal.com\/wp-content\/uploads\/2025\/05\/20250504_192416.jpg\",\"keywords\":[\"Autob\u00fas Tizayuca\",\"Martin Carrera\",\"Tizayuca\"],\"articleSection\":[\"M\u00e9xico\",\"Minuto a Minuto\",\"Seguridad\"],\"inLanguage\":\"es\",\"potentialAction\":[{\"@type\":\"CommentAction\",\"name\":\"Comment\",\"target\":[\"https:\/\/elcardinal.com\/?p=4393#respond\"]}]},{\"@type\":\"WebPage\",\"@id\":\"https:\/\/elcardinal.com\/?p=4393\",\"url\":\"https:\/\/elcardinal.com\/?p=4393\",\"name\":\"VIDEO | Cami\u00f3n de la l\u00ednea M\u00e9xico\u2013Tizayuca atropella a varias personas en Mart\u00edn Carrera - El Cardinal\",\"isPartOf\":{\"@id\":\"https:\/\/elcardinal.com\/#website\"},\"primaryImageOfPage\":{\"@id\":\"https:\/\/elcardinal.com\/?p=4393#primaryimage\"},\"image\":{\"@id\":\"https:\/\/elcardinal.com\/?p=4393#primaryimage\"},\"thumbnailUrl\":\"https:\/\/elcardinal.com\/wp-content\/uploads\/2025\/05\/20250504_192416.jpg\",\"datePublished\":\"2025-05-05T01:25:19+00:00\",\"breadcrumb\":{\"@id\":\"https:\/\/elcardinal.com\/?p=4393#breadcrumb\"},\"inLanguage\":\"es\",\"potentialAction\":[{\"@type\":\"ReadAction\",\"target\":[\"https:\/\/elcardinal.com\/?p=4393\"]}]},{\"@type\":\"ImageObject\",\"inLanguage\":\"es\",\"@id\":\"https:\/\/elcardinal.com\/?p=4393#primaryimage\",\"url\":\"https:\/\/elcardinal.com\/wp-content\/uploads\/2025\/05\/20250504_192416.jpg\",\"contentUrl\":\"https:\/\/elcardinal.com\/wp-content\/uploads\/2025\/05\/20250504_192416.jpg\",\"width\":1600,\"height\":1200},{\"@type\":\"BreadcrumbList\",\"@id\":\"https:\/\/elcardinal.com\/?p=4393#breadcrumb\",\"itemListElement\":[{\"@type\":\"ListItem\",\"position\":1,\"name\":\"Inicio\",\"item\":\"https:\/\/elcardinal.com\/\"},{\"@type\":\"ListItem\",\"position\":2,\"name\":\"VIDEO | Cami\u00f3n de la l\u00ednea M\u00e9xico\u2013Tizayuca atropella a varias personas en Mart\u00edn Carrera\"}]},{\"@type\":\"WebSite\",\"@id\":\"https:\/\/elcardinal.com\/#website\",\"url\":\"https:\/\/elcardinal.com\/\",\"name\":\"El Cardinal\",\"description\":\"Periodismo honesto, con valor, sentido humano, a veces sarc\u00e1stico y divertido.\",\"publisher\":{\"@id\":\"https:\/\/elcardinal.com\/#organization\"},\"alternateName\":\"El Cardinal Noticias\",\"potentialAction\":[{\"@type\":\"SearchAction\",\"target\":{\"@type\":\"EntryPoint\",\"urlTemplate\":\"https:\/\/elcardinal.com\/?s={search_term_string}\"},\"query-input\":{\"@type\":\"PropertyValueSpecification\",\"valueRequired\":true,\"valueName\":\"search_term_string\"}}],\"inLanguage\":\"es\"},{\"@type\":\"Organization\",\"@id\":\"https:\/\/elcardinal.com\/#organization\",\"name\":\"El Cardinal\",\"url\":\"https:\/\/elcardinal.com\/\",\"logo\":{\"@type\":\"ImageObject\",\"inLanguage\":\"es\",\"@id\":\"https:\/\/elcardinal.com\/#\/schema\/logo\/image\/\",\"url\":\"https:\/\/elcardinal.com\/wp-content\/uploads\/2025\/04\/LOGO-EL-CARDINAL-Periodismo-con-valor.png\",\"contentUrl\":\"https:\/\/elcardinal.com\/wp-content\/uploads\/2025\/04\/LOGO-EL-CARDINAL-Periodismo-con-valor.png\",\"width\":755,\"height\":636,\"caption\":\"El Cardinal\"},\"image\":{\"@id\":\"https:\/\/elcardinal.com\/#\/schema\/logo\/image\/\"},\"sameAs\":[\"https:\/\/www.facebook.com\/profile.php?id=100063093107011\",\"https:\/\/x.com\/ElCardinal_Mx\"]},{\"@type\":\"Person\",\"@id\":\"https:\/\/elcardinal.com\/#\/schema\/person\/3c352ec0a33987fe275c0e8a2ea69f8b\",\"name\":\"Antonio Alcaraz\",\"image\":{\"@type\":\"ImageObject\",\"inLanguage\":\"es\",\"@id\":\"https:\/\/elcardinal.com\/#\/schema\/person\/image\/\",\"url\":\"https:\/\/elcardinal.com\/wp-content\/uploads\/2025\/05\/cropped-TONO-96x96.jpg\",\"contentUrl\":\"https:\/\/elcardinal.com\/wp-content\/uploads\/2025\/05\/cropped-TONO-96x96.jpg\",\"caption\":\"Antonio Alcaraz\"},\"url\":\"https:\/\/elcardinal.com\/?author=2\"}]}<\/script>\n<!-- \/ Yoast SEO plugin. -->","yoast_head_json":{"title":"VIDEO | Cami\u00f3n de la l\u00ednea M\u00e9xico\u2013Tizayuca atropella a varias personas en Mart\u00edn Carrera - El Cardinal","robots":{"index":"index","follow":"follow","max-snippet":"max-snippet:-1","max-image-preview":"max-image-preview:large","max-video-preview":"max-video-preview:-1"},"canonical":"https:\/\/elcardinal.com\/?p=4393","og_locale":"es_MX","og_type":"article","og_title":"VIDEO | Cami\u00f3n de la l\u00ednea M\u00e9xico\u2013Tizayuca atropella a varias personas en Mart\u00edn Carrera - El Cardinal","og_description":"REDACCI\u00d3N Un cami\u00f3n de transporte p\u00fablico de la l\u00ednea M\u00e9xico\u2013Tizayuca provoc\u00f3 un terrible accidente este s\u00e1bado al subirse a la banqueta, impactarse contra un poste y arrollar al menos a tres personas en la colonia Mart\u00edn Carrera, alcald\u00eda Gustavo A. Madero. Lamentablemente, una de las v\u00edctimas perdi\u00f3 la vida en el lugar, mientras que las","og_url":"https:\/\/elcardinal.com\/?p=4393","og_site_name":"El Cardinal","article_publisher":"https:\/\/www.facebook.com\/profile.php?id=100063093107011","article_published_time":"2025-05-05T01:25:19+00:00","og_image":[{"width":1600,"height":1200,"url":"https:\/\/elcardinal.com\/wp-content\/uploads\/2025\/05\/20250504_192416.jpg","type":"image\/jpeg"}],"author":"Antonio Alcaraz","twitter_card":"summary_large_image","twitter_creator":"@ElCardinal_Mx","twitter_site":"@ElCardinal_Mx","twitter_misc":{"Escrito por":"Antonio Alcaraz","Tiempo de lectura":"1 minuto"},"schema":{"@context":"https:\/\/schema.org","@graph":[{"@type":"Article","@id":"https:\/\/elcardinal.com\/?p=4393#article","isPartOf":{"@id":"https:\/\/elcardinal.com\/?p=4393"},"author":{"name":"Antonio Alcaraz","@id":"https:\/\/elcardinal.com\/#\/schema\/person\/3c352ec0a33987fe275c0e8a2ea69f8b"},"headline":"VIDEO | Cami\u00f3n de la l\u00ednea M\u00e9xico\u2013Tizayuca atropella a varias personas en Mart\u00edn Carrera","datePublished":"2025-05-05T01:25:19+00:00","mainEntityOfPage":{"@id":"https:\/\/elcardinal.com\/?p=4393"},"wordCount":133,"commentCount":0,"publisher":{"@id":"https:\/\/elcardinal.com\/#organization"},"image":{"@id":"https:\/\/elcardinal.com\/?p=4393#primaryimage"},"thumbnailUrl":"https:\/\/elcardinal.com\/wp-content\/uploads\/2025\/05\/20250504_192416.jpg","keywords":["Autob\u00fas Tizayuca","Martin Carrera","Tizayuca"],"articleSection":["M\u00e9xico","Minuto a Minuto","Seguridad"],"inLanguage":"es","potentialAction":[{"@type":"CommentAction","name":"Comment","target":["https:\/\/elcardinal.com\/?p=4393#respond"]}]},{"@type":"WebPage","@id":"https:\/\/elcardinal.com\/?p=4393","url":"https:\/\/elcardinal.com\/?p=4393","name":"VIDEO | Cami\u00f3n de la l\u00ednea M\u00e9xico\u2013Tizayuca atropella a varias personas en Mart\u00edn Carrera - El Cardinal","isPartOf":{"@id":"https:\/\/elcardinal.com\/#website"},"primaryImageOfPage":{"@id":"https:\/\/elcardinal.com\/?p=4393#primaryimage"},"image":{"@id":"https:\/\/elcardinal.com\/?p=4393#primaryimage"},"thumbnailUrl":"https:\/\/elcardinal.com\/wp-content\/uploads\/2025\/05\/20250504_192416.jpg","datePublished":"2025-05-05T01:25:19+00:00","breadcrumb":{"@id":"https:\/\/elcardinal.com\/?p=4393#breadcrumb"},"inLanguage":"es","potentialAction":[{"@type":"ReadAction","target":["https:\/\/elcardinal.com\/?p=4393"]}]},{"@type":"ImageObject","inLanguage":"es","@id":"https:\/\/elcardinal.com\/?p=4393#primaryimage","url":"https:\/\/elcardinal.com\/wp-content\/uploads\/2025\/05\/20250504_192416.jpg","contentUrl":"https:\/\/elcardinal.com\/wp-content\/uploads\/2025\/05\/20250504_192416.jpg","width":1600,"height":1200},{"@type":"BreadcrumbList","@id":"https:\/\/elcardinal.com\/?p=4393#breadcrumb","itemListElement":[{"@type":"ListItem","position":1,"name":"Inicio","item":"https:\/\/elcardinal.com\/"},{"@type":"ListItem","position":2,"name":"VIDEO | Cami\u00f3n de la l\u00ednea M\u00e9xico\u2013Tizayuca atropella a varias personas en Mart\u00edn Carrera"}]},{"@type":"WebSite","@id":"https:\/\/elcardinal.com\/#website","url":"https:\/\/elcardinal.com\/","name":"El Cardinal","description":"Periodismo honesto, con valor, sentido humano, a veces sarc\u00e1stico y divertido.","publisher":{"@id":"https:\/\/elcardinal.com\/#organization"},"alternateName":"El Cardinal Noticias","potentialAction":[{"@type":"SearchAction","target":{"@type":"EntryPoint","urlTemplate":"https:\/\/elcardinal.com\/?s={search_term_string}"},"query-input":{"@type":"PropertyValueSpecification","valueRequired":true,"valueName":"search_term_string"}}],"inLanguage":"es"},{"@type":"Organization","@id":"https:\/\/elcardinal.com\/#organization","name":"El Cardinal","url":"https:\/\/elcardinal.com\/","logo":{"@type":"ImageObject","inLanguage":"es","@id":"https:\/\/elcardinal.com\/#\/schema\/logo\/image\/","url":"https:\/\/elcardinal.com\/wp-content\/uploads\/2025\/04\/LOGO-EL-CARDINAL-Periodismo-con-valor.png","contentUrl":"https:\/\/elcardinal.com\/wp-content\/uploads\/2025\/04\/LOGO-EL-CARDINAL-Periodismo-con-valor.png","width":755,"height":636,"caption":"El Cardinal"},"image":{"@id":"https:\/\/elcardinal.com\/#\/schema\/logo\/image\/"},"sameAs":["https:\/\/www.facebook.com\/profile.php?id=100063093107011","https:\/\/x.com\/ElCardinal_Mx"]},{"@type":"Person","@id":"https:\/\/elcardinal.com\/#\/schema\/person\/3c352ec0a33987fe275c0e8a2ea69f8b","name":"Antonio Alcaraz","image":{"@type":"ImageObject","inLanguage":"es","@id":"https:\/\/elcardinal.com\/#\/schema\/person\/image\/","url":"https:\/\/elcardinal.com\/wp-content\/uploads\/2025\/05\/cropped-TONO-96x96.jpg","contentUrl":"https:\/\/elcardinal.com\/wp-content\/uploads\/2025\/05\/cropped-TONO-96x96.jpg","caption":"Antonio Alcaraz"},"url":"https:\/\/elcardinal.com\/?author=2"}]}},"_links":{"self":[{"href":"https:\/\/elcardinal.com\/index.php?rest_route=\/wp\/v2\/posts\/4393","targetHints":{"allow":["GET"]}}],"collection":[{"href":"https:\/\/elcardinal.com\/index.php?rest_route=\/wp\/v2\/posts"}],"about":[{"href":"https:\/\/elcardinal.com\/index.php?rest_route=\/wp\/v2\/types\/post"}],"author":[{"embeddable":true,"href":"https:\/\/elcardinal.com\/index.php?rest_route=\/wp\/v2\/users\/2"}],"replies":[{"embeddable":true,"href":"https:\/\/elcardinal.com\/index.php?rest_route=%2Fwp%2Fv2%2Fcomments&post=4393"}],"version-history":[{"count":1,"href":"https:\/\/elcardinal.com\/index.php?rest_route=\/wp\/v2\/posts\/4393\/revisions"}],"predecessor-version":[{"id":4395,"href":"https:\/\/elcardinal.com\/index.php?rest_route=\/wp\/v2\/posts\/4393\/revisions\/4395"}],"wp:featuredmedia":[{"embeddable":true,"href":"https:\/\/elcardinal.com\/index.php?rest_route=\/wp\/v2\/media\/4394"}],"wp:attachment":[{"href":"https:\/\/elcardinal.com\/index.php?rest_route=%2Fwp%2Fv2%2Fmedia&parent=4393"}],"wp:term":[{"taxonomy":"category","embeddable":true,"href":"https:\/\/elcardinal.com\/index.php?rest_route=%2Fwp%2Fv2%2Fcategories&post=4393"},{"taxonomy":"post_tag","embeddable":true,"href":"https:\/\/elcardinal.com\/index.php?rest_route=%2Fwp%2Fv2%2Ftags&post=4393"}],"curies":[{"name":"wp","href":"https:\/\/api.w.org\/{rel}","templated":true}]}}