{"id":4396,"date":"2025-05-05T13:56:46","date_gmt":"2025-05-05T19:56:46","guid":{"rendered":"https:\/\/elcardinal.com\/?p=4396"},"modified":"2025-05-05T13:56:46","modified_gmt":"2025-05-05T19:56:46","slug":"corriendo-por-la-vista-anuncian-carrera-en-mineral-de-la-reforma-para-comprar-unidad-de-optometria","status":"publish","type":"post","link":"https:\/\/elcardinal.com\/?p=4396","title":{"rendered":"Corriendo por la vista: anuncian carrera en Mineral de la Reforma para comprar unidad de optometr\u00eda"},"content":{"rendered":"<p>Por: <strong>Jos\u00e9 Antonio Alcaraz Su\u00e1rez<\/strong><\/p>\n<p>Mineral de la Reforma, Hgo.- El municipio se prepara para recibir la Primera Carrera con Causa, organizada por el Patronato del Sistema DIF Municipal, cuyo objetivo ser\u00e1 reunir fondos para la adquisici\u00f3n de una unidad de optometr\u00eda que beneficiar\u00e1 a la poblaci\u00f3n vulnerable. La justa deportiva se realizar\u00e1 el pr\u00f3ximo 18 de mayo de 2025, con salida y meta en la explanada principal de Pachuquilla.<\/p>\n<p>Durante la conferencia de prensa, la presidenta del patronato del Sistema DIF municipal, Samantha Esparza Hern\u00e1ndez, destac\u00f3 que se trata de una carrera conmemorativa, con una medalla coleccionable inspirada en el burrito del escudo municipal. Este ser\u00e1 el primero de tres eventos deportivos que planean realizar anualmente, cada uno con una medalla distinta.<\/p>\n<p><img fetchpriority=\"high\" decoding=\"async\" class=\"wp-image-4398 alignleft\" src=\"https:\/\/elcardinal.com\/wp-content\/uploads\/2025\/05\/WhatsApp-Image-2025-05-05-at-1.52.59-PM-1-300x188.jpeg\" alt=\"\" width=\"334\" height=\"209\" srcset=\"https:\/\/elcardinal.com\/wp-content\/uploads\/2025\/05\/WhatsApp-Image-2025-05-05-at-1.52.59-PM-1-300x188.jpeg 300w, https:\/\/elcardinal.com\/wp-content\/uploads\/2025\/05\/WhatsApp-Image-2025-05-05-at-1.52.59-PM-1-1024x642.jpeg 1024w, https:\/\/elcardinal.com\/wp-content\/uploads\/2025\/05\/WhatsApp-Image-2025-05-05-at-1.52.59-PM-1-768x481.jpeg 768w, https:\/\/elcardinal.com\/wp-content\/uploads\/2025\/05\/WhatsApp-Image-2025-05-05-at-1.52.59-PM-1-1536x963.jpeg 1536w, https:\/\/elcardinal.com\/wp-content\/uploads\/2025\/05\/WhatsApp-Image-2025-05-05-at-1.52.59-PM-1-150x94.jpeg 150w, https:\/\/elcardinal.com\/wp-content\/uploads\/2025\/05\/WhatsApp-Image-2025-05-05-at-1.52.59-PM-1-450x282.jpeg 450w, https:\/\/elcardinal.com\/wp-content\/uploads\/2025\/05\/WhatsApp-Image-2025-05-05-at-1.52.59-PM-1-1200x752.jpeg 1200w, https:\/\/elcardinal.com\/wp-content\/uploads\/2025\/05\/WhatsApp-Image-2025-05-05-at-1.52.59-PM-1.jpeg 1600w\" sizes=\"(max-width: 334px) 100vw, 334px\" \/><\/p>\n<p>La carrera tendr\u00e1 un recorrido de 5 kil\u00f3metros, con un trayecto que ir\u00e1 de la explanada de Pachuquilla hacia Amaque y de regreso. La activaci\u00f3n f\u00edsica comenzar\u00e1 a las 7:45 horas, y el disparo de salida ser\u00e1 en punto de las 8:00 horas.<\/p>\n<p>El secretario del patronato, Eduardo Javier Ba\u00f1os G\u00f3mez, inform\u00f3 que la carrera contar\u00e1 con el aval de la Asociaci\u00f3n Estatal de Atletismo, jueces certificados, medidas de seguridad como el cierre de calles y una barredora que acompa\u00f1ar\u00e1 al contingente para atender cualquier emergencia.<\/p>\n<p>Los organizadores pusieron a disposici\u00f3n 600 kits de participaci\u00f3n con un costo de 350 pesos, que incluyen camiseta conmemorativa, medalla, n\u00famero e hidrataci\u00f3n. La venta se realizar\u00e1 en las instalaciones del DIF municipal, el Centro Mineralense de las Artes y la Unidad Deportiva MIRE. Los kits se entregar\u00e1n los d\u00edas 16 y 17 de mayo, de 9:00 a 17:00 horas.<\/p>\n<p><img decoding=\"async\" class=\"size-medium wp-image-4399 alignleft\" src=\"https:\/\/elcardinal.com\/wp-content\/uploads\/2025\/05\/WhatsApp-Image-2025-05-05-at-1.52.59-PM-169x300.jpeg\" alt=\"\" width=\"169\" height=\"300\" srcset=\"https:\/\/elcardinal.com\/wp-content\/uploads\/2025\/05\/WhatsApp-Image-2025-05-05-at-1.52.59-PM-169x300.jpeg 169w, https:\/\/elcardinal.com\/wp-content\/uploads\/2025\/05\/WhatsApp-Image-2025-05-05-at-1.52.59-PM-576x1024.jpeg 576w, https:\/\/elcardinal.com\/wp-content\/uploads\/2025\/05\/WhatsApp-Image-2025-05-05-at-1.52.59-PM-768x1365.jpeg 768w, https:\/\/elcardinal.com\/wp-content\/uploads\/2025\/05\/WhatsApp-Image-2025-05-05-at-1.52.59-PM-864x1536.jpeg 864w, https:\/\/elcardinal.com\/wp-content\/uploads\/2025\/05\/WhatsApp-Image-2025-05-05-at-1.52.59-PM-150x267.jpeg 150w, https:\/\/elcardinal.com\/wp-content\/uploads\/2025\/05\/WhatsApp-Image-2025-05-05-at-1.52.59-PM-450x800.jpeg 450w, https:\/\/elcardinal.com\/wp-content\/uploads\/2025\/05\/WhatsApp-Image-2025-05-05-at-1.52.59-PM.jpeg 900w\" sizes=\"(max-width: 169px) 100vw, 169px\" \/><\/p>\n<p>En cuanto a los premios, se entregar\u00e1n incentivos econ\u00f3micos para los tres primeros lugares de las ramas varonil y femenil: 5 mil pesos para el primer lugar, 3 mil para el segundo y 2 mil para el tercero.<\/p>\n<p>El director del Instituto Municipal del Deporte, Alejandro Carrasco Lara, asegur\u00f3 que la organizaci\u00f3n de la carrera est\u00e1 respaldada por un equipo experimentado, con todas las condiciones para brindar seguridad y una experiencia familiar agradable a los asistentes.<\/p>\n<p>Finalmente, los organizadores agradecieron el respaldo de diversos patrocinadores y del Cabildo de Mineral de la Reforma, y extendieron la invitaci\u00f3n a medios de comunicaci\u00f3n y ciudadan\u00eda en general para sumarse a esta noble causa.<\/p>\n<p>Para mayores informes, se proporcion\u00f3 el n\u00famero telef\u00f3nico 771 716 0690 extensi\u00f3n 1020.<\/p>\n","protected":false},"excerpt":{"rendered":"<p>Por: Jos\u00e9 Antonio Alcaraz Su\u00e1rez Mineral de la Reforma, Hgo.- El municipio se prepara para recibir la Primera Carrera con Causa, organizada por el Patronato del Sistema DIF Municipal, cuyo objetivo ser\u00e1 reunir fondos para la adquisici\u00f3n de una unidad de optometr\u00eda que beneficiar\u00e1 a la poblaci\u00f3n vulnerable. La justa deportiva se realizar\u00e1 el pr\u00f3ximo<\/p>\n","protected":false},"author":2,"featured_media":4397,"comment_status":"open","ping_status":"open","sticky":false,"template":"","format":"standard","meta":{"footnotes":""},"categories":[32,44],"tags":[117,49,118,116],"class_list":{"0":"post-4396","1":"post","2":"type-post","3":"status-publish","4":"format-standard","5":"has-post-thumbnail","7":"category-metropoli","8":"category-minuto-a-minuto","9":"tag-carrera","10":"tag-mineral-de-la-reforma","11":"tag-pachuquilla","12":"tag-samantha-esparza"},"yoast_head":"<!-- This site is optimized with the Yoast SEO plugin v26.1.1 - https:\/\/yoast.com\/wordpress\/plugins\/seo\/ -->\n<title>Corriendo por la vista: anuncian carrera en Mineral de la Reforma para comprar unidad de optometr\u00eda - El Cardinal<\/title>\n<meta name=\"robots\" content=\"index, follow, max-snippet:-1, max-image-preview:large, max-video-preview:-1\" \/>\n<link rel=\"canonical\" href=\"https:\/\/elcardinal.com\/?p=4396\" \/>\n<meta property=\"og:locale\" content=\"es_MX\" \/>\n<meta property=\"og:type\" content=\"article\" \/>\n<meta property=\"og:title\" content=\"Corriendo por la vista: anuncian carrera en Mineral de la Reforma para comprar unidad de optometr\u00eda - El Cardinal\" \/>\n<meta property=\"og:description\" content=\"Por: Jos\u00e9 Antonio Alcaraz Su\u00e1rez Mineral de la Reforma, Hgo.- El municipio se prepara para recibir la Primera Carrera con Causa, organizada por el Patronato del Sistema DIF Municipal, cuyo objetivo ser\u00e1 reunir fondos para la adquisici\u00f3n de una unidad de optometr\u00eda que beneficiar\u00e1 a la poblaci\u00f3n vulnerable. La justa deportiva se realizar\u00e1 el pr\u00f3ximo\" \/>\n<meta property=\"og:url\" content=\"https:\/\/elcardinal.com\/?p=4396\" \/>\n<meta property=\"og:site_name\" content=\"El Cardinal\" \/>\n<meta property=\"article:publisher\" content=\"https:\/\/www.facebook.com\/profile.php?id=100063093107011\" \/>\n<meta property=\"article:published_time\" content=\"2025-05-05T19:56:46+00:00\" \/>\n<meta property=\"og:image\" content=\"https:\/\/elcardinal.com\/wp-content\/uploads\/2025\/05\/WhatsApp-Image-2025-05-05-at-1.52.59-PM-2.jpeg\" \/>\n\t<meta property=\"og:image:width\" content=\"1379\" \/>\n\t<meta property=\"og:image:height\" content=\"920\" \/>\n\t<meta property=\"og:image:type\" content=\"image\/jpeg\" \/>\n<meta name=\"author\" content=\"Antonio Alcaraz\" \/>\n<meta name=\"twitter:card\" content=\"summary_large_image\" \/>\n<meta name=\"twitter:creator\" content=\"@ElCardinal_Mx\" \/>\n<meta name=\"twitter:site\" content=\"@ElCardinal_Mx\" \/>\n<meta name=\"twitter:label1\" content=\"Escrito por\" \/>\n\t<meta name=\"twitter:data1\" content=\"Antonio Alcaraz\" \/>\n\t<meta name=\"twitter:label2\" content=\"Tiempo de lectura\" \/>\n\t<meta name=\"twitter:data2\" content=\"3 minutos\" \/>\n<script type=\"application\/ld+json\" class=\"yoast-schema-graph\">{\"@context\":\"https:\/\/schema.org\",\"@graph\":[{\"@type\":\"Article\",\"@id\":\"https:\/\/elcardinal.com\/?p=4396#article\",\"isPartOf\":{\"@id\":\"https:\/\/elcardinal.com\/?p=4396\"},\"author\":{\"name\":\"Antonio Alcaraz\",\"@id\":\"https:\/\/elcardinal.com\/#\/schema\/person\/3c352ec0a33987fe275c0e8a2ea69f8b\"},\"headline\":\"Corriendo por la vista: anuncian carrera en Mineral de la Reforma para comprar unidad de optometr\u00eda\",\"datePublished\":\"2025-05-05T19:56:46+00:00\",\"mainEntityOfPage\":{\"@id\":\"https:\/\/elcardinal.com\/?p=4396\"},\"wordCount\":421,\"commentCount\":0,\"publisher\":{\"@id\":\"https:\/\/elcardinal.com\/#organization\"},\"image\":{\"@id\":\"https:\/\/elcardinal.com\/?p=4396#primaryimage\"},\"thumbnailUrl\":\"https:\/\/elcardinal.com\/wp-content\/uploads\/2025\/05\/WhatsApp-Image-2025-05-05-at-1.52.59-PM-2.jpeg\",\"keywords\":[\"Carrera\",\"Mineral de la Reforma\",\"Pachuquilla\",\"Samantha Esparza\"],\"articleSection\":[\"Metr\u00f3poli\",\"Minuto a Minuto\"],\"inLanguage\":\"es\",\"potentialAction\":[{\"@type\":\"CommentAction\",\"name\":\"Comment\",\"target\":[\"https:\/\/elcardinal.com\/?p=4396#respond\"]}]},{\"@type\":\"WebPage\",\"@id\":\"https:\/\/elcardinal.com\/?p=4396\",\"url\":\"https:\/\/elcardinal.com\/?p=4396\",\"name\":\"Corriendo por la vista: anuncian carrera en Mineral de la Reforma para comprar unidad de optometr\u00eda - El Cardinal\",\"isPartOf\":{\"@id\":\"https:\/\/elcardinal.com\/#website\"},\"primaryImageOfPage\":{\"@id\":\"https:\/\/elcardinal.com\/?p=4396#primaryimage\"},\"image\":{\"@id\":\"https:\/\/elcardinal.com\/?p=4396#primaryimage\"},\"thumbnailUrl\":\"https:\/\/elcardinal.com\/wp-content\/uploads\/2025\/05\/WhatsApp-Image-2025-05-05-at-1.52.59-PM-2.jpeg\",\"datePublished\":\"2025-05-05T19:56:46+00:00\",\"breadcrumb\":{\"@id\":\"https:\/\/elcardinal.com\/?p=4396#breadcrumb\"},\"inLanguage\":\"es\",\"potentialAction\":[{\"@type\":\"ReadAction\",\"target\":[\"https:\/\/elcardinal.com\/?p=4396\"]}]},{\"@type\":\"ImageObject\",\"inLanguage\":\"es\",\"@id\":\"https:\/\/elcardinal.com\/?p=4396#primaryimage\",\"url\":\"https:\/\/elcardinal.com\/wp-content\/uploads\/2025\/05\/WhatsApp-Image-2025-05-05-at-1.52.59-PM-2.jpeg\",\"contentUrl\":\"https:\/\/elcardinal.com\/wp-content\/uploads\/2025\/05\/WhatsApp-Image-2025-05-05-at-1.52.59-PM-2.jpeg\",\"width\":1379,\"height\":920},{\"@type\":\"BreadcrumbList\",\"@id\":\"https:\/\/elcardinal.com\/?p=4396#breadcrumb\",\"itemListElement\":[{\"@type\":\"ListItem\",\"position\":1,\"name\":\"Inicio\",\"item\":\"https:\/\/elcardinal.com\/\"},{\"@type\":\"ListItem\",\"position\":2,\"name\":\"Corriendo por la vista: anuncian carrera en Mineral de la Reforma para comprar unidad de optometr\u00eda\"}]},{\"@type\":\"WebSite\",\"@id\":\"https:\/\/elcardinal.com\/#website\",\"url\":\"https:\/\/elcardinal.com\/\",\"name\":\"El Cardinal\",\"description\":\"Periodismo honesto, con valor, sentido humano, a veces sarc\u00e1stico y divertido.\",\"publisher\":{\"@id\":\"https:\/\/elcardinal.com\/#organization\"},\"alternateName\":\"El Cardinal Noticias\",\"potentialAction\":[{\"@type\":\"SearchAction\",\"target\":{\"@type\":\"EntryPoint\",\"urlTemplate\":\"https:\/\/elcardinal.com\/?s={search_term_string}\"},\"query-input\":{\"@type\":\"PropertyValueSpecification\",\"valueRequired\":true,\"valueName\":\"search_term_string\"}}],\"inLanguage\":\"es\"},{\"@type\":\"Organization\",\"@id\":\"https:\/\/elcardinal.com\/#organization\",\"name\":\"El Cardinal\",\"url\":\"https:\/\/elcardinal.com\/\",\"logo\":{\"@type\":\"ImageObject\",\"inLanguage\":\"es\",\"@id\":\"https:\/\/elcardinal.com\/#\/schema\/logo\/image\/\",\"url\":\"https:\/\/elcardinal.com\/wp-content\/uploads\/2025\/04\/LOGO-EL-CARDINAL-Periodismo-con-valor.png\",\"contentUrl\":\"https:\/\/elcardinal.com\/wp-content\/uploads\/2025\/04\/LOGO-EL-CARDINAL-Periodismo-con-valor.png\",\"width\":755,\"height\":636,\"caption\":\"El Cardinal\"},\"image\":{\"@id\":\"https:\/\/elcardinal.com\/#\/schema\/logo\/image\/\"},\"sameAs\":[\"https:\/\/www.facebook.com\/profile.php?id=100063093107011\",\"https:\/\/x.com\/ElCardinal_Mx\"]},{\"@type\":\"Person\",\"@id\":\"https:\/\/elcardinal.com\/#\/schema\/person\/3c352ec0a33987fe275c0e8a2ea69f8b\",\"name\":\"Antonio Alcaraz\",\"image\":{\"@type\":\"ImageObject\",\"inLanguage\":\"es\",\"@id\":\"https:\/\/elcardinal.com\/#\/schema\/person\/image\/\",\"url\":\"https:\/\/elcardinal.com\/wp-content\/uploads\/2025\/05\/cropped-TONO-96x96.jpg\",\"contentUrl\":\"https:\/\/elcardinal.com\/wp-content\/uploads\/2025\/05\/cropped-TONO-96x96.jpg\",\"caption\":\"Antonio Alcaraz\"},\"url\":\"https:\/\/elcardinal.com\/?author=2\"}]}<\/script>\n<!-- \/ Yoast SEO plugin. -->","yoast_head_json":{"title":"Corriendo por la vista: anuncian carrera en Mineral de la Reforma para comprar unidad de optometr\u00eda - El Cardinal","robots":{"index":"index","follow":"follow","max-snippet":"max-snippet:-1","max-image-preview":"max-image-preview:large","max-video-preview":"max-video-preview:-1"},"canonical":"https:\/\/elcardinal.com\/?p=4396","og_locale":"es_MX","og_type":"article","og_title":"Corriendo por la vista: anuncian carrera en Mineral de la Reforma para comprar unidad de optometr\u00eda - El Cardinal","og_description":"Por: Jos\u00e9 Antonio Alcaraz Su\u00e1rez Mineral de la Reforma, Hgo.- El municipio se prepara para recibir la Primera Carrera con Causa, organizada por el Patronato del Sistema DIF Municipal, cuyo objetivo ser\u00e1 reunir fondos para la adquisici\u00f3n de una unidad de optometr\u00eda que beneficiar\u00e1 a la poblaci\u00f3n vulnerable. La justa deportiva se realizar\u00e1 el pr\u00f3ximo","og_url":"https:\/\/elcardinal.com\/?p=4396","og_site_name":"El Cardinal","article_publisher":"https:\/\/www.facebook.com\/profile.php?id=100063093107011","article_published_time":"2025-05-05T19:56:46+00:00","og_image":[{"width":1379,"height":920,"url":"https:\/\/elcardinal.com\/wp-content\/uploads\/2025\/05\/WhatsApp-Image-2025-05-05-at-1.52.59-PM-2.jpeg","type":"image\/jpeg"}],"author":"Antonio Alcaraz","twitter_card":"summary_large_image","twitter_creator":"@ElCardinal_Mx","twitter_site":"@ElCardinal_Mx","twitter_misc":{"Escrito por":"Antonio Alcaraz","Tiempo de lectura":"3 minutos"},"schema":{"@context":"https:\/\/schema.org","@graph":[{"@type":"Article","@id":"https:\/\/elcardinal.com\/?p=4396#article","isPartOf":{"@id":"https:\/\/elcardinal.com\/?p=4396"},"author":{"name":"Antonio Alcaraz","@id":"https:\/\/elcardinal.com\/#\/schema\/person\/3c352ec0a33987fe275c0e8a2ea69f8b"},"headline":"Corriendo por la vista: anuncian carrera en Mineral de la Reforma para comprar unidad de optometr\u00eda","datePublished":"2025-05-05T19:56:46+00:00","mainEntityOfPage":{"@id":"https:\/\/elcardinal.com\/?p=4396"},"wordCount":421,"commentCount":0,"publisher":{"@id":"https:\/\/elcardinal.com\/#organization"},"image":{"@id":"https:\/\/elcardinal.com\/?p=4396#primaryimage"},"thumbnailUrl":"https:\/\/elcardinal.com\/wp-content\/uploads\/2025\/05\/WhatsApp-Image-2025-05-05-at-1.52.59-PM-2.jpeg","keywords":["Carrera","Mineral de la Reforma","Pachuquilla","Samantha Esparza"],"articleSection":["Metr\u00f3poli","Minuto a Minuto"],"inLanguage":"es","potentialAction":[{"@type":"CommentAction","name":"Comment","target":["https:\/\/elcardinal.com\/?p=4396#respond"]}]},{"@type":"WebPage","@id":"https:\/\/elcardinal.com\/?p=4396","url":"https:\/\/elcardinal.com\/?p=4396","name":"Corriendo por la vista: anuncian carrera en Mineral de la Reforma para comprar unidad de optometr\u00eda - El Cardinal","isPartOf":{"@id":"https:\/\/elcardinal.com\/#website"},"primaryImageOfPage":{"@id":"https:\/\/elcardinal.com\/?p=4396#primaryimage"},"image":{"@id":"https:\/\/elcardinal.com\/?p=4396#primaryimage"},"thumbnailUrl":"https:\/\/elcardinal.com\/wp-content\/uploads\/2025\/05\/WhatsApp-Image-2025-05-05-at-1.52.59-PM-2.jpeg","datePublished":"2025-05-05T19:56:46+00:00","breadcrumb":{"@id":"https:\/\/elcardinal.com\/?p=4396#breadcrumb"},"inLanguage":"es","potentialAction":[{"@type":"ReadAction","target":["https:\/\/elcardinal.com\/?p=4396"]}]},{"@type":"ImageObject","inLanguage":"es","@id":"https:\/\/elcardinal.com\/?p=4396#primaryimage","url":"https:\/\/elcardinal.com\/wp-content\/uploads\/2025\/05\/WhatsApp-Image-2025-05-05-at-1.52.59-PM-2.jpeg","contentUrl":"https:\/\/elcardinal.com\/wp-content\/uploads\/2025\/05\/WhatsApp-Image-2025-05-05-at-1.52.59-PM-2.jpeg","width":1379,"height":920},{"@type":"BreadcrumbList","@id":"https:\/\/elcardinal.com\/?p=4396#breadcrumb","itemListElement":[{"@type":"ListItem","position":1,"name":"Inicio","item":"https:\/\/elcardinal.com\/"},{"@type":"ListItem","position":2,"name":"Corriendo por la vista: anuncian carrera en Mineral de la Reforma para comprar unidad de optometr\u00eda"}]},{"@type":"WebSite","@id":"https:\/\/elcardinal.com\/#website","url":"https:\/\/elcardinal.com\/","name":"El Cardinal","description":"Periodismo honesto, con valor, sentido humano, a veces sarc\u00e1stico y divertido.","publisher":{"@id":"https:\/\/elcardinal.com\/#organization"},"alternateName":"El Cardinal Noticias","potentialAction":[{"@type":"SearchAction","target":{"@type":"EntryPoint","urlTemplate":"https:\/\/elcardinal.com\/?s={search_term_string}"},"query-input":{"@type":"PropertyValueSpecification","valueRequired":true,"valueName":"search_term_string"}}],"inLanguage":"es"},{"@type":"Organization","@id":"https:\/\/elcardinal.com\/#organization","name":"El Cardinal","url":"https:\/\/elcardinal.com\/","logo":{"@type":"ImageObject","inLanguage":"es","@id":"https:\/\/elcardinal.com\/#\/schema\/logo\/image\/","url":"https:\/\/elcardinal.com\/wp-content\/uploads\/2025\/04\/LOGO-EL-CARDINAL-Periodismo-con-valor.png","contentUrl":"https:\/\/elcardinal.com\/wp-content\/uploads\/2025\/04\/LOGO-EL-CARDINAL-Periodismo-con-valor.png","width":755,"height":636,"caption":"El Cardinal"},"image":{"@id":"https:\/\/elcardinal.com\/#\/schema\/logo\/image\/"},"sameAs":["https:\/\/www.facebook.com\/profile.php?id=100063093107011","https:\/\/x.com\/ElCardinal_Mx"]},{"@type":"Person","@id":"https:\/\/elcardinal.com\/#\/schema\/person\/3c352ec0a33987fe275c0e8a2ea69f8b","name":"Antonio Alcaraz","image":{"@type":"ImageObject","inLanguage":"es","@id":"https:\/\/elcardinal.com\/#\/schema\/person\/image\/","url":"https:\/\/elcardinal.com\/wp-content\/uploads\/2025\/05\/cropped-TONO-96x96.jpg","contentUrl":"https:\/\/elcardinal.com\/wp-content\/uploads\/2025\/05\/cropped-TONO-96x96.jpg","caption":"Antonio Alcaraz"},"url":"https:\/\/elcardinal.com\/?author=2"}]}},"_links":{"self":[{"href":"https:\/\/elcardinal.com\/index.php?rest_route=\/wp\/v2\/posts\/4396","targetHints":{"allow":["GET"]}}],"collection":[{"href":"https:\/\/elcardinal.com\/index.php?rest_route=\/wp\/v2\/posts"}],"about":[{"href":"https:\/\/elcardinal.com\/index.php?rest_route=\/wp\/v2\/types\/post"}],"author":[{"embeddable":true,"href":"https:\/\/elcardinal.com\/index.php?rest_route=\/wp\/v2\/users\/2"}],"replies":[{"embeddable":true,"href":"https:\/\/elcardinal.com\/index.php?rest_route=%2Fwp%2Fv2%2Fcomments&post=4396"}],"version-history":[{"count":1,"href":"https:\/\/elcardinal.com\/index.php?rest_route=\/wp\/v2\/posts\/4396\/revisions"}],"predecessor-version":[{"id":4400,"href":"https:\/\/elcardinal.com\/index.php?rest_route=\/wp\/v2\/posts\/4396\/revisions\/4400"}],"wp:featuredmedia":[{"embeddable":true,"href":"https:\/\/elcardinal.com\/index.php?rest_route=\/wp\/v2\/media\/4397"}],"wp:attachment":[{"href":"https:\/\/elcardinal.com\/index.php?rest_route=%2Fwp%2Fv2%2Fmedia&parent=4396"}],"wp:term":[{"taxonomy":"category","embeddable":true,"href":"https:\/\/elcardinal.com\/index.php?rest_route=%2Fwp%2Fv2%2Fcategories&post=4396"},{"taxonomy":"post_tag","embeddable":true,"href":"https:\/\/elcardinal.com\/index.php?rest_route=%2Fwp%2Fv2%2Ftags&post=4396"}],"curies":[{"name":"wp","href":"https:\/\/api.w.org\/{rel}","templated":true}]}}