{"id":4412,"date":"2025-05-05T23:28:40","date_gmt":"2025-05-06T05:28:40","guid":{"rendered":"https:\/\/elcardinal.com\/?p=4412"},"modified":"2025-05-05T23:28:40","modified_gmt":"2025-05-06T05:28:40","slug":"parque-cultural-hidalguense-ben-gurion-sumara-atractivo-a-pachuca-julio-menchaca","status":"publish","type":"post","link":"https:\/\/elcardinal.com\/?p=4412","title":{"rendered":"Parque Cultural Hidalguense Ben Guri\u00f3n sumar\u00e1 atractivo a Pachuca: Julio Menchaca"},"content":{"rendered":"<p>&nbsp;<\/p>\n<p><i><\/i><\/p>\n<ul>\n<li style=\"font-weight: 400;\" aria-level=\"1\"><i><span style=\"font-weight: 400;\">El recinto ser\u00e1 inaugurado el pr\u00f3ximo domingo con diferentes actividades recreativas<\/span><\/i><\/li>\n<\/ul>\n<p>&nbsp;<\/p>\n<p><span style=\"font-weight: 400;\">Como una nueva opci\u00f3n para quienes disfrutan del esparcimiento al aire libre en compa\u00f1\u00eda de la familia, este 11 de mayo, abrir\u00e1 sus puertas el reci\u00e9n remodelado Parque Cultural Hidalguense Ben Guri\u00f3n.<\/span><\/p>\n<p>&nbsp;<\/p>\n<p><span style=\"font-weight: 400;\">En entrevista, recientemente, el gobernador Julio Menchaca adelant\u00f3 que el pr\u00f3ximo fin de semana este espacio habr\u00e1 de reabrirse, para lo cual se prepararon diferentes actividades, que van desde una carrera atl\u00e9tica por la ma\u00f1ana, hasta apreciar c\u00f3mo se distribuyeron las luminarias por la tarde.<\/span><\/p>\n<p>&nbsp;<\/p>\n<p><span style=\"font-weight: 400;\">\u201cVamos a celebrar a las ni\u00f1as, a los ni\u00f1os, a las mam\u00e1s, porque es el 11 y a los maestros [\u2026] no es cuesti\u00f3n de ahorrarnos la fecha, pero aprovechar para hacer una gran fiesta familiar\u201d.<\/span><\/p>\n<p>&nbsp;<\/p>\n<p><span style=\"font-weight: 400;\">De la misma forma, se dio a conocer que este espacio est\u00e1 pensado para aquellas personas que tengan mascotas y deseen tomar un paseo, practicar deportes al aire libre como patinar, o jugar en una cancha de b\u00e1squet o f\u00fatbol, pero tambi\u00e9n p\u00e1del y voleibol.\u00a0<\/span><\/p>\n<p>&nbsp;<\/p>\n<p><span style=\"font-weight: 400;\">Adem\u00e1s, para quienes quieran tomarse una foto muy original, habr\u00e1 un tablero de ajedrez gigante; o si se prefiere pasear por un laberinto, acudir a los juegos infantiles o disfrutar de un espect\u00e1culo en el teatro al aire libre.<\/span><\/p>\n<p>&nbsp;<\/p>\n<p><span style=\"font-weight: 400;\">\u201cYo les hago una invitaci\u00f3n porque [\u2026] va a ser un lugar que le faltaba a Pachuca, y que se va a juntar con otros espacios, ya se dignific\u00f3 el jard\u00edn de [\u2026] los Hidalguenses Ilustres [\u2026], tenemos tambi\u00e9n muy avanzado el proyecto para Maestranza, espacios que requerimos en la capital del estado\u201d, puntualiz\u00f3.<\/span><\/p>\n<p>&nbsp;<\/p>\n<p><span style=\"font-weight: 400;\">El Parque Cultural, es un proyecto conjunto en el cual participaron la Oficial\u00eda Mayor, as\u00ed como la Secretar\u00eda de Infraestructura P\u00fablica y Desarrollo Urbano Sostenible (SIPDUS), se consolidar\u00e1 como un nuevo espacio para el arte, la cultura y el deporte.<\/span><\/p>\n","protected":false},"excerpt":{"rendered":"<p>&nbsp; El recinto ser\u00e1 inaugurado el pr\u00f3ximo domingo con diferentes actividades recreativas &nbsp; Como una nueva opci\u00f3n para quienes disfrutan del esparcimiento al aire libre en compa\u00f1\u00eda de la familia, este 11 de mayo, abrir\u00e1 sus puertas el reci\u00e9n remodelado Parque Cultural Hidalguense Ben Guri\u00f3n. &nbsp; En entrevista, recientemente, el gobernador Julio Menchaca adelant\u00f3 que<\/p>\n","protected":false},"author":2,"featured_media":4413,"comment_status":"open","ping_status":"open","sticky":false,"template":"","format":"standard","meta":{"footnotes":""},"categories":[31,44],"tags":[85,124],"class_list":{"0":"post-4412","1":"post","2":"type-post","3":"status-publish","4":"format-standard","5":"has-post-thumbnail","7":"category-hidalgo","8":"category-minuto-a-minuto","9":"tag-julio-menchaca","10":"tag-parque-cultural-hidalguense-ben-gurion"},"yoast_head":"<!-- This site is optimized with the Yoast SEO plugin v26.1.1 - https:\/\/yoast.com\/wordpress\/plugins\/seo\/ -->\n<title>Parque Cultural Hidalguense Ben Guri\u00f3n sumar\u00e1 atractivo a Pachuca: Julio Menchaca - El Cardinal<\/title>\n<meta name=\"robots\" content=\"index, follow, max-snippet:-1, max-image-preview:large, max-video-preview:-1\" \/>\n<link rel=\"canonical\" href=\"https:\/\/elcardinal.com\/?p=4412\" \/>\n<meta property=\"og:locale\" content=\"es_MX\" \/>\n<meta property=\"og:type\" content=\"article\" \/>\n<meta property=\"og:title\" content=\"Parque Cultural Hidalguense Ben Guri\u00f3n sumar\u00e1 atractivo a Pachuca: Julio Menchaca - El Cardinal\" \/>\n<meta property=\"og:description\" content=\"&nbsp; El recinto ser\u00e1 inaugurado el pr\u00f3ximo domingo con diferentes actividades recreativas &nbsp; Como una nueva opci\u00f3n para quienes disfrutan del esparcimiento al aire libre en compa\u00f1\u00eda de la familia, este 11 de mayo, abrir\u00e1 sus puertas el reci\u00e9n remodelado Parque Cultural Hidalguense Ben Guri\u00f3n. &nbsp; En entrevista, recientemente, el gobernador Julio Menchaca adelant\u00f3 que\" \/>\n<meta property=\"og:url\" content=\"https:\/\/elcardinal.com\/?p=4412\" \/>\n<meta property=\"og:site_name\" content=\"El Cardinal\" \/>\n<meta property=\"article:publisher\" content=\"https:\/\/www.facebook.com\/profile.php?id=100063093107011\" \/>\n<meta property=\"article:published_time\" content=\"2025-05-06T05:28:40+00:00\" \/>\n<meta property=\"og:image\" content=\"https:\/\/elcardinal.com\/wp-content\/uploads\/2025\/05\/WhatsApp-Image-2025-05-05-at-11.28.16-PM.jpeg\" \/>\n\t<meta property=\"og:image:width\" content=\"677\" \/>\n\t<meta property=\"og:image:height\" content=\"380\" \/>\n\t<meta property=\"og:image:type\" content=\"image\/jpeg\" \/>\n<meta name=\"author\" content=\"Antonio Alcaraz\" \/>\n<meta name=\"twitter:card\" content=\"summary_large_image\" \/>\n<meta name=\"twitter:creator\" content=\"@ElCardinal_Mx\" \/>\n<meta name=\"twitter:site\" content=\"@ElCardinal_Mx\" \/>\n<meta name=\"twitter:label1\" content=\"Escrito por\" \/>\n\t<meta name=\"twitter:data1\" content=\"Antonio Alcaraz\" \/>\n\t<meta name=\"twitter:label2\" content=\"Tiempo de lectura\" \/>\n\t<meta name=\"twitter:data2\" content=\"2 minutos\" \/>\n<script type=\"application\/ld+json\" class=\"yoast-schema-graph\">{\"@context\":\"https:\/\/schema.org\",\"@graph\":[{\"@type\":\"Article\",\"@id\":\"https:\/\/elcardinal.com\/?p=4412#article\",\"isPartOf\":{\"@id\":\"https:\/\/elcardinal.com\/?p=4412\"},\"author\":{\"name\":\"Antonio Alcaraz\",\"@id\":\"https:\/\/elcardinal.com\/#\/schema\/person\/3c352ec0a33987fe275c0e8a2ea69f8b\"},\"headline\":\"Parque Cultural Hidalguense Ben Guri\u00f3n sumar\u00e1 atractivo a Pachuca: Julio Menchaca\",\"datePublished\":\"2025-05-06T05:28:40+00:00\",\"mainEntityOfPage\":{\"@id\":\"https:\/\/elcardinal.com\/?p=4412\"},\"wordCount\":341,\"commentCount\":0,\"publisher\":{\"@id\":\"https:\/\/elcardinal.com\/#organization\"},\"image\":{\"@id\":\"https:\/\/elcardinal.com\/?p=4412#primaryimage\"},\"thumbnailUrl\":\"https:\/\/elcardinal.com\/wp-content\/uploads\/2025\/05\/WhatsApp-Image-2025-05-05-at-11.28.16-PM.jpeg\",\"keywords\":[\"Julio Menchaca\",\"Parque Cultural Hidalguense Ben Guri\u00f3n\"],\"articleSection\":[\"Hidalgo\",\"Minuto a Minuto\"],\"inLanguage\":\"es\",\"potentialAction\":[{\"@type\":\"CommentAction\",\"name\":\"Comment\",\"target\":[\"https:\/\/elcardinal.com\/?p=4412#respond\"]}]},{\"@type\":\"WebPage\",\"@id\":\"https:\/\/elcardinal.com\/?p=4412\",\"url\":\"https:\/\/elcardinal.com\/?p=4412\",\"name\":\"Parque Cultural Hidalguense Ben Guri\u00f3n sumar\u00e1 atractivo a Pachuca: Julio Menchaca - El Cardinal\",\"isPartOf\":{\"@id\":\"https:\/\/elcardinal.com\/#website\"},\"primaryImageOfPage\":{\"@id\":\"https:\/\/elcardinal.com\/?p=4412#primaryimage\"},\"image\":{\"@id\":\"https:\/\/elcardinal.com\/?p=4412#primaryimage\"},\"thumbnailUrl\":\"https:\/\/elcardinal.com\/wp-content\/uploads\/2025\/05\/WhatsApp-Image-2025-05-05-at-11.28.16-PM.jpeg\",\"datePublished\":\"2025-05-06T05:28:40+00:00\",\"breadcrumb\":{\"@id\":\"https:\/\/elcardinal.com\/?p=4412#breadcrumb\"},\"inLanguage\":\"es\",\"potentialAction\":[{\"@type\":\"ReadAction\",\"target\":[\"https:\/\/elcardinal.com\/?p=4412\"]}]},{\"@type\":\"ImageObject\",\"inLanguage\":\"es\",\"@id\":\"https:\/\/elcardinal.com\/?p=4412#primaryimage\",\"url\":\"https:\/\/elcardinal.com\/wp-content\/uploads\/2025\/05\/WhatsApp-Image-2025-05-05-at-11.28.16-PM.jpeg\",\"contentUrl\":\"https:\/\/elcardinal.com\/wp-content\/uploads\/2025\/05\/WhatsApp-Image-2025-05-05-at-11.28.16-PM.jpeg\",\"width\":677,\"height\":380},{\"@type\":\"BreadcrumbList\",\"@id\":\"https:\/\/elcardinal.com\/?p=4412#breadcrumb\",\"itemListElement\":[{\"@type\":\"ListItem\",\"position\":1,\"name\":\"Inicio\",\"item\":\"https:\/\/elcardinal.com\/\"},{\"@type\":\"ListItem\",\"position\":2,\"name\":\"Parque Cultural Hidalguense Ben Guri\u00f3n sumar\u00e1 atractivo a Pachuca: Julio Menchaca\"}]},{\"@type\":\"WebSite\",\"@id\":\"https:\/\/elcardinal.com\/#website\",\"url\":\"https:\/\/elcardinal.com\/\",\"name\":\"El Cardinal\",\"description\":\"Periodismo honesto, con valor, sentido humano, a veces sarc\u00e1stico y divertido.\",\"publisher\":{\"@id\":\"https:\/\/elcardinal.com\/#organization\"},\"alternateName\":\"El Cardinal Noticias\",\"potentialAction\":[{\"@type\":\"SearchAction\",\"target\":{\"@type\":\"EntryPoint\",\"urlTemplate\":\"https:\/\/elcardinal.com\/?s={search_term_string}\"},\"query-input\":{\"@type\":\"PropertyValueSpecification\",\"valueRequired\":true,\"valueName\":\"search_term_string\"}}],\"inLanguage\":\"es\"},{\"@type\":\"Organization\",\"@id\":\"https:\/\/elcardinal.com\/#organization\",\"name\":\"El Cardinal\",\"url\":\"https:\/\/elcardinal.com\/\",\"logo\":{\"@type\":\"ImageObject\",\"inLanguage\":\"es\",\"@id\":\"https:\/\/elcardinal.com\/#\/schema\/logo\/image\/\",\"url\":\"https:\/\/elcardinal.com\/wp-content\/uploads\/2025\/04\/LOGO-EL-CARDINAL-Periodismo-con-valor.png\",\"contentUrl\":\"https:\/\/elcardinal.com\/wp-content\/uploads\/2025\/04\/LOGO-EL-CARDINAL-Periodismo-con-valor.png\",\"width\":755,\"height\":636,\"caption\":\"El Cardinal\"},\"image\":{\"@id\":\"https:\/\/elcardinal.com\/#\/schema\/logo\/image\/\"},\"sameAs\":[\"https:\/\/www.facebook.com\/profile.php?id=100063093107011\",\"https:\/\/x.com\/ElCardinal_Mx\"]},{\"@type\":\"Person\",\"@id\":\"https:\/\/elcardinal.com\/#\/schema\/person\/3c352ec0a33987fe275c0e8a2ea69f8b\",\"name\":\"Antonio Alcaraz\",\"image\":{\"@type\":\"ImageObject\",\"inLanguage\":\"es\",\"@id\":\"https:\/\/elcardinal.com\/#\/schema\/person\/image\/\",\"url\":\"https:\/\/elcardinal.com\/wp-content\/uploads\/2025\/05\/cropped-TONO-96x96.jpg\",\"contentUrl\":\"https:\/\/elcardinal.com\/wp-content\/uploads\/2025\/05\/cropped-TONO-96x96.jpg\",\"caption\":\"Antonio Alcaraz\"},\"url\":\"https:\/\/elcardinal.com\/?author=2\"}]}<\/script>\n<!-- \/ Yoast SEO plugin. -->","yoast_head_json":{"title":"Parque Cultural Hidalguense Ben Guri\u00f3n sumar\u00e1 atractivo a Pachuca: Julio Menchaca - El Cardinal","robots":{"index":"index","follow":"follow","max-snippet":"max-snippet:-1","max-image-preview":"max-image-preview:large","max-video-preview":"max-video-preview:-1"},"canonical":"https:\/\/elcardinal.com\/?p=4412","og_locale":"es_MX","og_type":"article","og_title":"Parque Cultural Hidalguense Ben Guri\u00f3n sumar\u00e1 atractivo a Pachuca: Julio Menchaca - El Cardinal","og_description":"&nbsp; El recinto ser\u00e1 inaugurado el pr\u00f3ximo domingo con diferentes actividades recreativas &nbsp; Como una nueva opci\u00f3n para quienes disfrutan del esparcimiento al aire libre en compa\u00f1\u00eda de la familia, este 11 de mayo, abrir\u00e1 sus puertas el reci\u00e9n remodelado Parque Cultural Hidalguense Ben Guri\u00f3n. &nbsp; En entrevista, recientemente, el gobernador Julio Menchaca adelant\u00f3 que","og_url":"https:\/\/elcardinal.com\/?p=4412","og_site_name":"El Cardinal","article_publisher":"https:\/\/www.facebook.com\/profile.php?id=100063093107011","article_published_time":"2025-05-06T05:28:40+00:00","og_image":[{"width":677,"height":380,"url":"https:\/\/elcardinal.com\/wp-content\/uploads\/2025\/05\/WhatsApp-Image-2025-05-05-at-11.28.16-PM.jpeg","type":"image\/jpeg"}],"author":"Antonio Alcaraz","twitter_card":"summary_large_image","twitter_creator":"@ElCardinal_Mx","twitter_site":"@ElCardinal_Mx","twitter_misc":{"Escrito por":"Antonio Alcaraz","Tiempo de lectura":"2 minutos"},"schema":{"@context":"https:\/\/schema.org","@graph":[{"@type":"Article","@id":"https:\/\/elcardinal.com\/?p=4412#article","isPartOf":{"@id":"https:\/\/elcardinal.com\/?p=4412"},"author":{"name":"Antonio Alcaraz","@id":"https:\/\/elcardinal.com\/#\/schema\/person\/3c352ec0a33987fe275c0e8a2ea69f8b"},"headline":"Parque Cultural Hidalguense Ben Guri\u00f3n sumar\u00e1 atractivo a Pachuca: Julio Menchaca","datePublished":"2025-05-06T05:28:40+00:00","mainEntityOfPage":{"@id":"https:\/\/elcardinal.com\/?p=4412"},"wordCount":341,"commentCount":0,"publisher":{"@id":"https:\/\/elcardinal.com\/#organization"},"image":{"@id":"https:\/\/elcardinal.com\/?p=4412#primaryimage"},"thumbnailUrl":"https:\/\/elcardinal.com\/wp-content\/uploads\/2025\/05\/WhatsApp-Image-2025-05-05-at-11.28.16-PM.jpeg","keywords":["Julio Menchaca","Parque Cultural Hidalguense Ben Guri\u00f3n"],"articleSection":["Hidalgo","Minuto a Minuto"],"inLanguage":"es","potentialAction":[{"@type":"CommentAction","name":"Comment","target":["https:\/\/elcardinal.com\/?p=4412#respond"]}]},{"@type":"WebPage","@id":"https:\/\/elcardinal.com\/?p=4412","url":"https:\/\/elcardinal.com\/?p=4412","name":"Parque Cultural Hidalguense Ben Guri\u00f3n sumar\u00e1 atractivo a Pachuca: Julio Menchaca - El Cardinal","isPartOf":{"@id":"https:\/\/elcardinal.com\/#website"},"primaryImageOfPage":{"@id":"https:\/\/elcardinal.com\/?p=4412#primaryimage"},"image":{"@id":"https:\/\/elcardinal.com\/?p=4412#primaryimage"},"thumbnailUrl":"https:\/\/elcardinal.com\/wp-content\/uploads\/2025\/05\/WhatsApp-Image-2025-05-05-at-11.28.16-PM.jpeg","datePublished":"2025-05-06T05:28:40+00:00","breadcrumb":{"@id":"https:\/\/elcardinal.com\/?p=4412#breadcrumb"},"inLanguage":"es","potentialAction":[{"@type":"ReadAction","target":["https:\/\/elcardinal.com\/?p=4412"]}]},{"@type":"ImageObject","inLanguage":"es","@id":"https:\/\/elcardinal.com\/?p=4412#primaryimage","url":"https:\/\/elcardinal.com\/wp-content\/uploads\/2025\/05\/WhatsApp-Image-2025-05-05-at-11.28.16-PM.jpeg","contentUrl":"https:\/\/elcardinal.com\/wp-content\/uploads\/2025\/05\/WhatsApp-Image-2025-05-05-at-11.28.16-PM.jpeg","width":677,"height":380},{"@type":"BreadcrumbList","@id":"https:\/\/elcardinal.com\/?p=4412#breadcrumb","itemListElement":[{"@type":"ListItem","position":1,"name":"Inicio","item":"https:\/\/elcardinal.com\/"},{"@type":"ListItem","position":2,"name":"Parque Cultural Hidalguense Ben Guri\u00f3n sumar\u00e1 atractivo a Pachuca: Julio Menchaca"}]},{"@type":"WebSite","@id":"https:\/\/elcardinal.com\/#website","url":"https:\/\/elcardinal.com\/","name":"El Cardinal","description":"Periodismo honesto, con valor, sentido humano, a veces sarc\u00e1stico y divertido.","publisher":{"@id":"https:\/\/elcardinal.com\/#organization"},"alternateName":"El Cardinal Noticias","potentialAction":[{"@type":"SearchAction","target":{"@type":"EntryPoint","urlTemplate":"https:\/\/elcardinal.com\/?s={search_term_string}"},"query-input":{"@type":"PropertyValueSpecification","valueRequired":true,"valueName":"search_term_string"}}],"inLanguage":"es"},{"@type":"Organization","@id":"https:\/\/elcardinal.com\/#organization","name":"El Cardinal","url":"https:\/\/elcardinal.com\/","logo":{"@type":"ImageObject","inLanguage":"es","@id":"https:\/\/elcardinal.com\/#\/schema\/logo\/image\/","url":"https:\/\/elcardinal.com\/wp-content\/uploads\/2025\/04\/LOGO-EL-CARDINAL-Periodismo-con-valor.png","contentUrl":"https:\/\/elcardinal.com\/wp-content\/uploads\/2025\/04\/LOGO-EL-CARDINAL-Periodismo-con-valor.png","width":755,"height":636,"caption":"El Cardinal"},"image":{"@id":"https:\/\/elcardinal.com\/#\/schema\/logo\/image\/"},"sameAs":["https:\/\/www.facebook.com\/profile.php?id=100063093107011","https:\/\/x.com\/ElCardinal_Mx"]},{"@type":"Person","@id":"https:\/\/elcardinal.com\/#\/schema\/person\/3c352ec0a33987fe275c0e8a2ea69f8b","name":"Antonio Alcaraz","image":{"@type":"ImageObject","inLanguage":"es","@id":"https:\/\/elcardinal.com\/#\/schema\/person\/image\/","url":"https:\/\/elcardinal.com\/wp-content\/uploads\/2025\/05\/cropped-TONO-96x96.jpg","contentUrl":"https:\/\/elcardinal.com\/wp-content\/uploads\/2025\/05\/cropped-TONO-96x96.jpg","caption":"Antonio Alcaraz"},"url":"https:\/\/elcardinal.com\/?author=2"}]}},"_links":{"self":[{"href":"https:\/\/elcardinal.com\/index.php?rest_route=\/wp\/v2\/posts\/4412","targetHints":{"allow":["GET"]}}],"collection":[{"href":"https:\/\/elcardinal.com\/index.php?rest_route=\/wp\/v2\/posts"}],"about":[{"href":"https:\/\/elcardinal.com\/index.php?rest_route=\/wp\/v2\/types\/post"}],"author":[{"embeddable":true,"href":"https:\/\/elcardinal.com\/index.php?rest_route=\/wp\/v2\/users\/2"}],"replies":[{"embeddable":true,"href":"https:\/\/elcardinal.com\/index.php?rest_route=%2Fwp%2Fv2%2Fcomments&post=4412"}],"version-history":[{"count":1,"href":"https:\/\/elcardinal.com\/index.php?rest_route=\/wp\/v2\/posts\/4412\/revisions"}],"predecessor-version":[{"id":4414,"href":"https:\/\/elcardinal.com\/index.php?rest_route=\/wp\/v2\/posts\/4412\/revisions\/4414"}],"wp:featuredmedia":[{"embeddable":true,"href":"https:\/\/elcardinal.com\/index.php?rest_route=\/wp\/v2\/media\/4413"}],"wp:attachment":[{"href":"https:\/\/elcardinal.com\/index.php?rest_route=%2Fwp%2Fv2%2Fmedia&parent=4412"}],"wp:term":[{"taxonomy":"category","embeddable":true,"href":"https:\/\/elcardinal.com\/index.php?rest_route=%2Fwp%2Fv2%2Fcategories&post=4412"},{"taxonomy":"post_tag","embeddable":true,"href":"https:\/\/elcardinal.com\/index.php?rest_route=%2Fwp%2Fv2%2Ftags&post=4412"}],"curies":[{"name":"wp","href":"https:\/\/api.w.org\/{rel}","templated":true}]}}