{"id":4415,"date":"2025-05-06T08:26:10","date_gmt":"2025-05-06T14:26:10","guid":{"rendered":"https:\/\/elcardinal.com\/?p=4415"},"modified":"2025-05-06T08:26:10","modified_gmt":"2025-05-06T14:26:10","slug":"metafisica-del-tiempo","status":"publish","type":"post","link":"https:\/\/elcardinal.com\/?p=4415","title":{"rendered":"Metaf\u00edsica del tiempo\u00a0"},"content":{"rendered":"<p>P<!--more-->or: Tania Mart\u00ednez Su\u00e1rez<\/p>\n<p>He tenido entre mis manos el tiempo, las horas que se adelgazan en las noches de \u00e9xtasis entre el estruendo facundo de las risas c\u00f3mplices, en entre el vaiv\u00e9n de las canciones y las bebidas espirituosas, entre el tumulto y la oscuridad donde nadie te mira en realidad, nadie puede atraparte y vas en ca\u00edda libre.<\/p>\n<p>Algunos fines de semana me despierto entre horas pegajosas que por m\u00e1s que trato no me puedo de sacudir, no hay poder humano que me saque de la cama antes de las 10, y que que cuando era joven dorm\u00eda sin reparo hasta el mediod\u00eda, ahora me quedo petrificada sin estar dormida, sin estar despierta; pero inmovil ante la luz que atraviesa las cortinas.<\/p>\n<p>Quisiera medir el tiempo con base en cuanto tardar\u00e1 en llegar mi pap\u00e1 a la casa, o saber que son las 4 porque est\u00e1 mi caricatura favorita, quiero que el tiempo se tarde para que llegue mi cumplea\u00f1os como cuando era ni\u00f1a, y preguntar una y otra vez si ya estamos cerca, si vamos a llegar a la casa de mi t\u00eda, no me interesaba tanto llegar, pero era mi momento se llevar la cuenta del tiempo que yo no sab\u00eda medir.<\/p>\n<p>Extra\u00f1o esa \u00fanica sinfon\u00eda nocturna que inclu\u00eda tres respiraciones en el medio de la noche, debajo de la cama Kafka, siempre con la respiraci\u00f3n fuerte y los resoplidos que se escapaban por la nariz o por la cola, Camilo que hablaba dormido y roncaba cada noche un poco o un mucho y nos despertaba a las dem\u00e1s, mientras \u00e9l sonre\u00eda y dorm\u00eda con tranquilidad, luego ella una beb\u00e9 de en colecho, que insuflaba la barriga y casi nunca llorando despertaba por las noches, estaba ella que cada vez fue ocupando m\u00e1s territorio en la cama en mi vida. Esas serenatas diurnas eran solo para m\u00ed, una madre exhausta que hasta el \u00faltimo momento de su vigilia escuchaba la existencia de los que ama.<\/p>\n<p>\u00bfA d\u00f3nde se va el tiempo? no me doy cuenta hasta ahora que mi pelo es casi blanco de la coronilla y ha cambiado su textura, esas canas son m\u00e1s rebeldes que el resto del cabello negro, talvez est\u00e1n ah\u00ed porque necesito esa fuera, esa rebeld\u00eda plateada que ha dejado de avergonzar a las mujeres. No me doy cuenta hasta que veo a mis maestras y maestros y aunque puedo reconocer en ellos la voz inconfundible o el abrazo siempre cari\u00f1oso, tengo que buscar entre los pliegues del rostro y el caminar distinto. El paso del tiempo me avasalla cuando veo a mis sobrinos, que en mi mente ten\u00edan menos a\u00f1os y se pod\u00eda platicar de cosas simples, ahora les observo y atesoro el momento preciso de verles distintos, ellos crecen y yo me hago vieja \u00bfC\u00f3mo se hace ese c\u00e1lculo, que le da vitalidad a unos y la recolecta en otros?<\/p>\n<p>No se persigue el tiempo, si de todos modos ha de irse, se vive el que nos es regalado, en el presente subjuntivo, que valiosas son las pausas, observar, contemplar, pensar fuera de tu cabeza, apreciar lo que te rodea.<\/p>\n<p>Yo no s\u00e9 a d\u00f3nde va el tiempo, pero no est\u00e1 en las fotos que llenamos de nostalgias y que cuelgan en las paredes de nuestras casas, no est\u00e1 anclado al pasado como una roca inamovible, no es perecedero, no s\u00e9, no es eterno, no s\u00e9, no es absoluto, no s\u00e9, no es para siempre el mismo.<\/p>\n<p>Quiz\u00e1 es un flujo, una dimensi\u00f3n de la experiencia v\u00edvida, es una condici\u00f3n de la existencia, es una torre de naipes enorme, fr\u00e1gil y hermosa, imita la eternidad.<\/p>\n<p>&nbsp;<\/p>\n<p>&nbsp;<\/p>\n","protected":false},"excerpt":{"rendered":"<p>P<\/p>\n","protected":false},"author":2,"featured_media":4234,"comment_status":"open","ping_status":"open","sticky":false,"template":"","format":"standard","meta":{"footnotes":""},"categories":[44,35],"tags":[54,55],"class_list":{"0":"post-4415","1":"post","2":"type-post","3":"status-publish","4":"format-standard","5":"has-post-thumbnail","7":"category-minuto-a-minuto","8":"category-opinion","9":"tag-proscrita","10":"tag-tania-martinez-suarez"},"yoast_head":"<!-- This site is optimized with the Yoast SEO plugin v26.1.1 - https:\/\/yoast.com\/wordpress\/plugins\/seo\/ -->\n<title>Metaf\u00edsica del tiempo\u00a0 - El Cardinal<\/title>\n<meta name=\"robots\" content=\"index, follow, max-snippet:-1, max-image-preview:large, max-video-preview:-1\" \/>\n<link rel=\"canonical\" href=\"https:\/\/elcardinal.com\/?p=4415\" \/>\n<meta property=\"og:locale\" content=\"es_MX\" \/>\n<meta property=\"og:type\" content=\"article\" \/>\n<meta property=\"og:title\" content=\"Metaf\u00edsica del tiempo\u00a0 - El Cardinal\" \/>\n<meta property=\"og:description\" content=\"P\" \/>\n<meta property=\"og:url\" content=\"https:\/\/elcardinal.com\/?p=4415\" \/>\n<meta property=\"og:site_name\" content=\"El Cardinal\" \/>\n<meta property=\"article:publisher\" content=\"https:\/\/www.facebook.com\/profile.php?id=100063093107011\" \/>\n<meta property=\"article:published_time\" content=\"2025-05-06T14:26:10+00:00\" \/>\n<meta property=\"og:image\" content=\"https:\/\/elcardinal.com\/wp-content\/uploads\/2025\/04\/Semillas-Esterales.png\" \/>\n\t<meta property=\"og:image:width\" content=\"940\" \/>\n\t<meta property=\"og:image:height\" content=\"788\" \/>\n\t<meta property=\"og:image:type\" content=\"image\/png\" \/>\n<meta name=\"author\" content=\"Antonio Alcaraz\" \/>\n<meta name=\"twitter:card\" content=\"summary_large_image\" \/>\n<meta name=\"twitter:creator\" content=\"@ElCardinal_Mx\" \/>\n<meta name=\"twitter:site\" content=\"@ElCardinal_Mx\" \/>\n<meta name=\"twitter:label1\" content=\"Escrito por\" \/>\n\t<meta name=\"twitter:data1\" content=\"Antonio Alcaraz\" \/>\n\t<meta name=\"twitter:label2\" content=\"Tiempo de lectura\" \/>\n\t<meta name=\"twitter:data2\" content=\"3 minutos\" \/>\n<script type=\"application\/ld+json\" class=\"yoast-schema-graph\">{\"@context\":\"https:\/\/schema.org\",\"@graph\":[{\"@type\":\"Article\",\"@id\":\"https:\/\/elcardinal.com\/?p=4415#article\",\"isPartOf\":{\"@id\":\"https:\/\/elcardinal.com\/?p=4415\"},\"author\":{\"name\":\"Antonio Alcaraz\",\"@id\":\"https:\/\/elcardinal.com\/#\/schema\/person\/3c352ec0a33987fe275c0e8a2ea69f8b\"},\"headline\":\"Metaf\u00edsica del tiempo\u00a0\",\"datePublished\":\"2025-05-06T14:26:10+00:00\",\"mainEntityOfPage\":{\"@id\":\"https:\/\/elcardinal.com\/?p=4415\"},\"wordCount\":645,\"commentCount\":0,\"publisher\":{\"@id\":\"https:\/\/elcardinal.com\/#organization\"},\"image\":{\"@id\":\"https:\/\/elcardinal.com\/?p=4415#primaryimage\"},\"thumbnailUrl\":\"https:\/\/elcardinal.com\/wp-content\/uploads\/2025\/04\/Semillas-Esterales.png\",\"keywords\":[\"Proscrita\",\"Tania Mart\u00ednez Su\u00e1rez\"],\"articleSection\":[\"Minuto a Minuto\",\"Opini\u00f3n\"],\"inLanguage\":\"es\",\"potentialAction\":[{\"@type\":\"CommentAction\",\"name\":\"Comment\",\"target\":[\"https:\/\/elcardinal.com\/?p=4415#respond\"]}]},{\"@type\":\"WebPage\",\"@id\":\"https:\/\/elcardinal.com\/?p=4415\",\"url\":\"https:\/\/elcardinal.com\/?p=4415\",\"name\":\"Metaf\u00edsica del tiempo\u00a0 - El Cardinal\",\"isPartOf\":{\"@id\":\"https:\/\/elcardinal.com\/#website\"},\"primaryImageOfPage\":{\"@id\":\"https:\/\/elcardinal.com\/?p=4415#primaryimage\"},\"image\":{\"@id\":\"https:\/\/elcardinal.com\/?p=4415#primaryimage\"},\"thumbnailUrl\":\"https:\/\/elcardinal.com\/wp-content\/uploads\/2025\/04\/Semillas-Esterales.png\",\"datePublished\":\"2025-05-06T14:26:10+00:00\",\"breadcrumb\":{\"@id\":\"https:\/\/elcardinal.com\/?p=4415#breadcrumb\"},\"inLanguage\":\"es\",\"potentialAction\":[{\"@type\":\"ReadAction\",\"target\":[\"https:\/\/elcardinal.com\/?p=4415\"]}]},{\"@type\":\"ImageObject\",\"inLanguage\":\"es\",\"@id\":\"https:\/\/elcardinal.com\/?p=4415#primaryimage\",\"url\":\"https:\/\/elcardinal.com\/wp-content\/uploads\/2025\/04\/Semillas-Esterales.png\",\"contentUrl\":\"https:\/\/elcardinal.com\/wp-content\/uploads\/2025\/04\/Semillas-Esterales.png\",\"width\":940,\"height\":788},{\"@type\":\"BreadcrumbList\",\"@id\":\"https:\/\/elcardinal.com\/?p=4415#breadcrumb\",\"itemListElement\":[{\"@type\":\"ListItem\",\"position\":1,\"name\":\"Inicio\",\"item\":\"https:\/\/elcardinal.com\/\"},{\"@type\":\"ListItem\",\"position\":2,\"name\":\"Metaf\u00edsica del tiempo\u00a0\"}]},{\"@type\":\"WebSite\",\"@id\":\"https:\/\/elcardinal.com\/#website\",\"url\":\"https:\/\/elcardinal.com\/\",\"name\":\"El Cardinal\",\"description\":\"Periodismo honesto, con valor, sentido humano, a veces sarc\u00e1stico y divertido.\",\"publisher\":{\"@id\":\"https:\/\/elcardinal.com\/#organization\"},\"alternateName\":\"El Cardinal Noticias\",\"potentialAction\":[{\"@type\":\"SearchAction\",\"target\":{\"@type\":\"EntryPoint\",\"urlTemplate\":\"https:\/\/elcardinal.com\/?s={search_term_string}\"},\"query-input\":{\"@type\":\"PropertyValueSpecification\",\"valueRequired\":true,\"valueName\":\"search_term_string\"}}],\"inLanguage\":\"es\"},{\"@type\":\"Organization\",\"@id\":\"https:\/\/elcardinal.com\/#organization\",\"name\":\"El Cardinal\",\"url\":\"https:\/\/elcardinal.com\/\",\"logo\":{\"@type\":\"ImageObject\",\"inLanguage\":\"es\",\"@id\":\"https:\/\/elcardinal.com\/#\/schema\/logo\/image\/\",\"url\":\"https:\/\/elcardinal.com\/wp-content\/uploads\/2025\/04\/LOGO-EL-CARDINAL-Periodismo-con-valor.png\",\"contentUrl\":\"https:\/\/elcardinal.com\/wp-content\/uploads\/2025\/04\/LOGO-EL-CARDINAL-Periodismo-con-valor.png\",\"width\":755,\"height\":636,\"caption\":\"El Cardinal\"},\"image\":{\"@id\":\"https:\/\/elcardinal.com\/#\/schema\/logo\/image\/\"},\"sameAs\":[\"https:\/\/www.facebook.com\/profile.php?id=100063093107011\",\"https:\/\/x.com\/ElCardinal_Mx\"]},{\"@type\":\"Person\",\"@id\":\"https:\/\/elcardinal.com\/#\/schema\/person\/3c352ec0a33987fe275c0e8a2ea69f8b\",\"name\":\"Antonio Alcaraz\",\"image\":{\"@type\":\"ImageObject\",\"inLanguage\":\"es\",\"@id\":\"https:\/\/elcardinal.com\/#\/schema\/person\/image\/\",\"url\":\"https:\/\/elcardinal.com\/wp-content\/uploads\/2025\/05\/cropped-TONO-96x96.jpg\",\"contentUrl\":\"https:\/\/elcardinal.com\/wp-content\/uploads\/2025\/05\/cropped-TONO-96x96.jpg\",\"caption\":\"Antonio Alcaraz\"},\"url\":\"https:\/\/elcardinal.com\/?author=2\"}]}<\/script>\n<!-- \/ Yoast SEO plugin. -->","yoast_head_json":{"title":"Metaf\u00edsica del tiempo\u00a0 - El Cardinal","robots":{"index":"index","follow":"follow","max-snippet":"max-snippet:-1","max-image-preview":"max-image-preview:large","max-video-preview":"max-video-preview:-1"},"canonical":"https:\/\/elcardinal.com\/?p=4415","og_locale":"es_MX","og_type":"article","og_title":"Metaf\u00edsica del tiempo\u00a0 - El Cardinal","og_description":"P","og_url":"https:\/\/elcardinal.com\/?p=4415","og_site_name":"El Cardinal","article_publisher":"https:\/\/www.facebook.com\/profile.php?id=100063093107011","article_published_time":"2025-05-06T14:26:10+00:00","og_image":[{"width":940,"height":788,"url":"https:\/\/elcardinal.com\/wp-content\/uploads\/2025\/04\/Semillas-Esterales.png","type":"image\/png"}],"author":"Antonio Alcaraz","twitter_card":"summary_large_image","twitter_creator":"@ElCardinal_Mx","twitter_site":"@ElCardinal_Mx","twitter_misc":{"Escrito por":"Antonio Alcaraz","Tiempo de lectura":"3 minutos"},"schema":{"@context":"https:\/\/schema.org","@graph":[{"@type":"Article","@id":"https:\/\/elcardinal.com\/?p=4415#article","isPartOf":{"@id":"https:\/\/elcardinal.com\/?p=4415"},"author":{"name":"Antonio Alcaraz","@id":"https:\/\/elcardinal.com\/#\/schema\/person\/3c352ec0a33987fe275c0e8a2ea69f8b"},"headline":"Metaf\u00edsica del tiempo\u00a0","datePublished":"2025-05-06T14:26:10+00:00","mainEntityOfPage":{"@id":"https:\/\/elcardinal.com\/?p=4415"},"wordCount":645,"commentCount":0,"publisher":{"@id":"https:\/\/elcardinal.com\/#organization"},"image":{"@id":"https:\/\/elcardinal.com\/?p=4415#primaryimage"},"thumbnailUrl":"https:\/\/elcardinal.com\/wp-content\/uploads\/2025\/04\/Semillas-Esterales.png","keywords":["Proscrita","Tania Mart\u00ednez Su\u00e1rez"],"articleSection":["Minuto a Minuto","Opini\u00f3n"],"inLanguage":"es","potentialAction":[{"@type":"CommentAction","name":"Comment","target":["https:\/\/elcardinal.com\/?p=4415#respond"]}]},{"@type":"WebPage","@id":"https:\/\/elcardinal.com\/?p=4415","url":"https:\/\/elcardinal.com\/?p=4415","name":"Metaf\u00edsica del tiempo\u00a0 - El Cardinal","isPartOf":{"@id":"https:\/\/elcardinal.com\/#website"},"primaryImageOfPage":{"@id":"https:\/\/elcardinal.com\/?p=4415#primaryimage"},"image":{"@id":"https:\/\/elcardinal.com\/?p=4415#primaryimage"},"thumbnailUrl":"https:\/\/elcardinal.com\/wp-content\/uploads\/2025\/04\/Semillas-Esterales.png","datePublished":"2025-05-06T14:26:10+00:00","breadcrumb":{"@id":"https:\/\/elcardinal.com\/?p=4415#breadcrumb"},"inLanguage":"es","potentialAction":[{"@type":"ReadAction","target":["https:\/\/elcardinal.com\/?p=4415"]}]},{"@type":"ImageObject","inLanguage":"es","@id":"https:\/\/elcardinal.com\/?p=4415#primaryimage","url":"https:\/\/elcardinal.com\/wp-content\/uploads\/2025\/04\/Semillas-Esterales.png","contentUrl":"https:\/\/elcardinal.com\/wp-content\/uploads\/2025\/04\/Semillas-Esterales.png","width":940,"height":788},{"@type":"BreadcrumbList","@id":"https:\/\/elcardinal.com\/?p=4415#breadcrumb","itemListElement":[{"@type":"ListItem","position":1,"name":"Inicio","item":"https:\/\/elcardinal.com\/"},{"@type":"ListItem","position":2,"name":"Metaf\u00edsica del tiempo\u00a0"}]},{"@type":"WebSite","@id":"https:\/\/elcardinal.com\/#website","url":"https:\/\/elcardinal.com\/","name":"El Cardinal","description":"Periodismo honesto, con valor, sentido humano, a veces sarc\u00e1stico y divertido.","publisher":{"@id":"https:\/\/elcardinal.com\/#organization"},"alternateName":"El Cardinal Noticias","potentialAction":[{"@type":"SearchAction","target":{"@type":"EntryPoint","urlTemplate":"https:\/\/elcardinal.com\/?s={search_term_string}"},"query-input":{"@type":"PropertyValueSpecification","valueRequired":true,"valueName":"search_term_string"}}],"inLanguage":"es"},{"@type":"Organization","@id":"https:\/\/elcardinal.com\/#organization","name":"El Cardinal","url":"https:\/\/elcardinal.com\/","logo":{"@type":"ImageObject","inLanguage":"es","@id":"https:\/\/elcardinal.com\/#\/schema\/logo\/image\/","url":"https:\/\/elcardinal.com\/wp-content\/uploads\/2025\/04\/LOGO-EL-CARDINAL-Periodismo-con-valor.png","contentUrl":"https:\/\/elcardinal.com\/wp-content\/uploads\/2025\/04\/LOGO-EL-CARDINAL-Periodismo-con-valor.png","width":755,"height":636,"caption":"El Cardinal"},"image":{"@id":"https:\/\/elcardinal.com\/#\/schema\/logo\/image\/"},"sameAs":["https:\/\/www.facebook.com\/profile.php?id=100063093107011","https:\/\/x.com\/ElCardinal_Mx"]},{"@type":"Person","@id":"https:\/\/elcardinal.com\/#\/schema\/person\/3c352ec0a33987fe275c0e8a2ea69f8b","name":"Antonio Alcaraz","image":{"@type":"ImageObject","inLanguage":"es","@id":"https:\/\/elcardinal.com\/#\/schema\/person\/image\/","url":"https:\/\/elcardinal.com\/wp-content\/uploads\/2025\/05\/cropped-TONO-96x96.jpg","contentUrl":"https:\/\/elcardinal.com\/wp-content\/uploads\/2025\/05\/cropped-TONO-96x96.jpg","caption":"Antonio Alcaraz"},"url":"https:\/\/elcardinal.com\/?author=2"}]}},"_links":{"self":[{"href":"https:\/\/elcardinal.com\/index.php?rest_route=\/wp\/v2\/posts\/4415","targetHints":{"allow":["GET"]}}],"collection":[{"href":"https:\/\/elcardinal.com\/index.php?rest_route=\/wp\/v2\/posts"}],"about":[{"href":"https:\/\/elcardinal.com\/index.php?rest_route=\/wp\/v2\/types\/post"}],"author":[{"embeddable":true,"href":"https:\/\/elcardinal.com\/index.php?rest_route=\/wp\/v2\/users\/2"}],"replies":[{"embeddable":true,"href":"https:\/\/elcardinal.com\/index.php?rest_route=%2Fwp%2Fv2%2Fcomments&post=4415"}],"version-history":[{"count":1,"href":"https:\/\/elcardinal.com\/index.php?rest_route=\/wp\/v2\/posts\/4415\/revisions"}],"predecessor-version":[{"id":4416,"href":"https:\/\/elcardinal.com\/index.php?rest_route=\/wp\/v2\/posts\/4415\/revisions\/4416"}],"wp:featuredmedia":[{"embeddable":true,"href":"https:\/\/elcardinal.com\/index.php?rest_route=\/wp\/v2\/media\/4234"}],"wp:attachment":[{"href":"https:\/\/elcardinal.com\/index.php?rest_route=%2Fwp%2Fv2%2Fmedia&parent=4415"}],"wp:term":[{"taxonomy":"category","embeddable":true,"href":"https:\/\/elcardinal.com\/index.php?rest_route=%2Fwp%2Fv2%2Fcategories&post=4415"},{"taxonomy":"post_tag","embeddable":true,"href":"https:\/\/elcardinal.com\/index.php?rest_route=%2Fwp%2Fv2%2Ftags&post=4415"}],"curies":[{"name":"wp","href":"https:\/\/api.w.org\/{rel}","templated":true}]}}