{"id":4420,"date":"2025-05-06T18:32:48","date_gmt":"2025-05-07T00:32:48","guid":{"rendered":"https:\/\/elcardinal.com\/?p=4420"},"modified":"2025-05-06T18:32:48","modified_gmt":"2025-05-07T00:32:48","slug":"escuelas-publicas-de-zapotlan-reciben-equipamiento-tecnologico-y-mobiliario","status":"publish","type":"post","link":"https:\/\/elcardinal.com\/?p=4420","title":{"rendered":"Escuelas p\u00fablicas de Zapotl\u00e1n reciben equipamiento tecnol\u00f3gico y mobiliario"},"content":{"rendered":"<p>Redacci\u00f3n<\/p>\n<p>Con el fin de mejorar las condiciones de las escuelas p\u00fablicas, el Ayuntamiento de Zapotl\u00e1n de Ju\u00e1rez y la Secretar\u00eda de Educaci\u00f3n P\u00fablica del Estado de Hidalgo anunciaron la inversi\u00f3n de 2 millones 373 mil 653 pesos en mobiliario entregado que beneficiar\u00e1 a 2 mil 637 estudiantes, adem\u00e1s de 180 mil pesos destinados a mejoras en planteles.<\/p>\n<p>Durante el Lunes C\u00edvico realizado en la escuela primaria Ignacio Zaragoza situada en San Pedro Huaquilpan encabezado por el secretario de Educaci\u00f3n P\u00fablica del Estado Natividad Castrej\u00f3n Valdez, la presidenta municipal Cynthia Arellano Mart\u00ednez y el director V\u00edctor Reyna Hern\u00e1ndez, representantes de 10 planteles recibieron mobiliario, como equipo tecnol\u00f3gico que servir\u00e1 para fortalecer el desarrollo acad\u00e9mico.<\/p>\n<p>En su momento, la subsecretaria de Educaci\u00f3n Nancy Le\u00f3n Vite refiri\u00f3 que estos apoyos coadyuvan en las tareas implementadas por maestros en coordinaci\u00f3n con padres de familia.<\/p>\n<p>La subsecretaria de Educaci\u00f3n destac\u00f3 la obra ejecutada en la Secundaria General Juan Villasana L\u00f3pez ubicada en este municipio, consistente en un aula did\u00e1ctica y de una fosa s\u00e9ptica de absorci\u00f3n que beneficiar\u00e1 de forma directa a 408 alumnas y alumnos.<\/p>\n<p>Por su parte, la alcaldesa resalt\u00f3 que su administraci\u00f3n ha destinado 180 mil pesos a fin de atender necesidades prioritarias en el sector educativo, recursos que ser\u00e1n utilizados en la sustituci\u00f3n de 240 metros cuadrados de impermeabilizante en el preescolar General El P\u00edpila, as\u00ed como la rehabilitaci\u00f3n el\u00e9ctrica en dos espacios m\u00e1s.<\/p>\n<p>Arellano Mart\u00ednez apunt\u00f3 que gracias a estas acciones se busca garantizar entornos seguros y adecuados en favor del aprendizaje de infantes, docentes y personal administrativo.<\/p>\n<p>As\u00ed mismo, agradeci\u00f3 el apoyo de la SEPH y de quienes est\u00e1n al frente de las aulas para formar ciudadanos comprometidos y conscientes, visi\u00f3n que ha sido compartida por el gobierno estatal.<\/p>\n<p>&nbsp;<\/p>\n","protected":false},"excerpt":{"rendered":"<p>Redacci\u00f3n Con el fin de mejorar las condiciones de las escuelas p\u00fablicas, el Ayuntamiento de Zapotl\u00e1n de Ju\u00e1rez y la Secretar\u00eda de Educaci\u00f3n P\u00fablica del Estado de Hidalgo anunciaron la inversi\u00f3n de 2 millones 373 mil 653 pesos en mobiliario entregado que beneficiar\u00e1 a 2 mil 637 estudiantes, adem\u00e1s de 180 mil pesos destinados a<\/p>\n","protected":false},"author":2,"featured_media":4421,"comment_status":"open","ping_status":"open","sticky":false,"template":"","format":"standard","meta":{"footnotes":""},"categories":[32,44],"tags":[129,128,127],"class_list":{"0":"post-4420","1":"post","2":"type-post","3":"status-publish","4":"format-standard","5":"has-post-thumbnail","7":"category-metropoli","8":"category-minuto-a-minuto","9":"tag-cynthia-arellano","10":"tag-natividad-castrejon","11":"tag-zapotlan-de-juarez"},"yoast_head":"<!-- This site is optimized with the Yoast SEO plugin v26.1.1 - https:\/\/yoast.com\/wordpress\/plugins\/seo\/ -->\n<title>Escuelas p\u00fablicas de Zapotl\u00e1n reciben equipamiento tecnol\u00f3gico y mobiliario - El Cardinal<\/title>\n<meta name=\"robots\" content=\"index, follow, max-snippet:-1, max-image-preview:large, max-video-preview:-1\" \/>\n<link rel=\"canonical\" href=\"https:\/\/elcardinal.com\/?p=4420\" \/>\n<meta property=\"og:locale\" content=\"es_MX\" \/>\n<meta property=\"og:type\" content=\"article\" \/>\n<meta property=\"og:title\" content=\"Escuelas p\u00fablicas de Zapotl\u00e1n reciben equipamiento tecnol\u00f3gico y mobiliario - El Cardinal\" \/>\n<meta property=\"og:description\" content=\"Redacci\u00f3n Con el fin de mejorar las condiciones de las escuelas p\u00fablicas, el Ayuntamiento de Zapotl\u00e1n de Ju\u00e1rez y la Secretar\u00eda de Educaci\u00f3n P\u00fablica del Estado de Hidalgo anunciaron la inversi\u00f3n de 2 millones 373 mil 653 pesos en mobiliario entregado que beneficiar\u00e1 a 2 mil 637 estudiantes, adem\u00e1s de 180 mil pesos destinados a\" \/>\n<meta property=\"og:url\" content=\"https:\/\/elcardinal.com\/?p=4420\" \/>\n<meta property=\"og:site_name\" content=\"El Cardinal\" \/>\n<meta property=\"article:publisher\" content=\"https:\/\/www.facebook.com\/profile.php?id=100063093107011\" \/>\n<meta property=\"article:published_time\" content=\"2025-05-07T00:32:48+00:00\" \/>\n<meta property=\"og:image\" content=\"https:\/\/elcardinal.com\/wp-content\/uploads\/2025\/05\/494992551_122207170904128627_130052699126185614_n.jpg\" \/>\n\t<meta property=\"og:image:width\" content=\"1440\" \/>\n\t<meta property=\"og:image:height\" content=\"958\" \/>\n\t<meta property=\"og:image:type\" content=\"image\/jpeg\" \/>\n<meta name=\"author\" content=\"Antonio Alcaraz\" \/>\n<meta name=\"twitter:card\" content=\"summary_large_image\" \/>\n<meta name=\"twitter:creator\" content=\"@ElCardinal_Mx\" \/>\n<meta name=\"twitter:site\" content=\"@ElCardinal_Mx\" \/>\n<meta name=\"twitter:label1\" content=\"Escrito por\" \/>\n\t<meta name=\"twitter:data1\" content=\"Antonio Alcaraz\" \/>\n\t<meta name=\"twitter:label2\" content=\"Tiempo de lectura\" \/>\n\t<meta name=\"twitter:data2\" content=\"2 minutos\" \/>\n<script type=\"application\/ld+json\" class=\"yoast-schema-graph\">{\"@context\":\"https:\/\/schema.org\",\"@graph\":[{\"@type\":\"Article\",\"@id\":\"https:\/\/elcardinal.com\/?p=4420#article\",\"isPartOf\":{\"@id\":\"https:\/\/elcardinal.com\/?p=4420\"},\"author\":{\"name\":\"Antonio Alcaraz\",\"@id\":\"https:\/\/elcardinal.com\/#\/schema\/person\/3c352ec0a33987fe275c0e8a2ea69f8b\"},\"headline\":\"Escuelas p\u00fablicas de Zapotl\u00e1n reciben equipamiento tecnol\u00f3gico y mobiliario\",\"datePublished\":\"2025-05-07T00:32:48+00:00\",\"mainEntityOfPage\":{\"@id\":\"https:\/\/elcardinal.com\/?p=4420\"},\"wordCount\":330,\"commentCount\":0,\"publisher\":{\"@id\":\"https:\/\/elcardinal.com\/#organization\"},\"image\":{\"@id\":\"https:\/\/elcardinal.com\/?p=4420#primaryimage\"},\"thumbnailUrl\":\"https:\/\/elcardinal.com\/wp-content\/uploads\/2025\/05\/494992551_122207170904128627_130052699126185614_n.jpg\",\"keywords\":[\"Cynthia Arellano\",\"Natividad Castrej\u00f3n\",\"Zapotl\u00e1n de Ju\u00e1rez\"],\"articleSection\":[\"Metr\u00f3poli\",\"Minuto a Minuto\"],\"inLanguage\":\"es\",\"potentialAction\":[{\"@type\":\"CommentAction\",\"name\":\"Comment\",\"target\":[\"https:\/\/elcardinal.com\/?p=4420#respond\"]}]},{\"@type\":\"WebPage\",\"@id\":\"https:\/\/elcardinal.com\/?p=4420\",\"url\":\"https:\/\/elcardinal.com\/?p=4420\",\"name\":\"Escuelas p\u00fablicas de Zapotl\u00e1n reciben equipamiento tecnol\u00f3gico y mobiliario - El Cardinal\",\"isPartOf\":{\"@id\":\"https:\/\/elcardinal.com\/#website\"},\"primaryImageOfPage\":{\"@id\":\"https:\/\/elcardinal.com\/?p=4420#primaryimage\"},\"image\":{\"@id\":\"https:\/\/elcardinal.com\/?p=4420#primaryimage\"},\"thumbnailUrl\":\"https:\/\/elcardinal.com\/wp-content\/uploads\/2025\/05\/494992551_122207170904128627_130052699126185614_n.jpg\",\"datePublished\":\"2025-05-07T00:32:48+00:00\",\"breadcrumb\":{\"@id\":\"https:\/\/elcardinal.com\/?p=4420#breadcrumb\"},\"inLanguage\":\"es\",\"potentialAction\":[{\"@type\":\"ReadAction\",\"target\":[\"https:\/\/elcardinal.com\/?p=4420\"]}]},{\"@type\":\"ImageObject\",\"inLanguage\":\"es\",\"@id\":\"https:\/\/elcardinal.com\/?p=4420#primaryimage\",\"url\":\"https:\/\/elcardinal.com\/wp-content\/uploads\/2025\/05\/494992551_122207170904128627_130052699126185614_n.jpg\",\"contentUrl\":\"https:\/\/elcardinal.com\/wp-content\/uploads\/2025\/05\/494992551_122207170904128627_130052699126185614_n.jpg\",\"width\":1440,\"height\":958},{\"@type\":\"BreadcrumbList\",\"@id\":\"https:\/\/elcardinal.com\/?p=4420#breadcrumb\",\"itemListElement\":[{\"@type\":\"ListItem\",\"position\":1,\"name\":\"Inicio\",\"item\":\"https:\/\/elcardinal.com\/\"},{\"@type\":\"ListItem\",\"position\":2,\"name\":\"Escuelas p\u00fablicas de Zapotl\u00e1n reciben equipamiento tecnol\u00f3gico y mobiliario\"}]},{\"@type\":\"WebSite\",\"@id\":\"https:\/\/elcardinal.com\/#website\",\"url\":\"https:\/\/elcardinal.com\/\",\"name\":\"El Cardinal\",\"description\":\"Periodismo honesto, con valor, sentido humano, a veces sarc\u00e1stico y divertido.\",\"publisher\":{\"@id\":\"https:\/\/elcardinal.com\/#organization\"},\"alternateName\":\"El Cardinal Noticias\",\"potentialAction\":[{\"@type\":\"SearchAction\",\"target\":{\"@type\":\"EntryPoint\",\"urlTemplate\":\"https:\/\/elcardinal.com\/?s={search_term_string}\"},\"query-input\":{\"@type\":\"PropertyValueSpecification\",\"valueRequired\":true,\"valueName\":\"search_term_string\"}}],\"inLanguage\":\"es\"},{\"@type\":\"Organization\",\"@id\":\"https:\/\/elcardinal.com\/#organization\",\"name\":\"El Cardinal\",\"url\":\"https:\/\/elcardinal.com\/\",\"logo\":{\"@type\":\"ImageObject\",\"inLanguage\":\"es\",\"@id\":\"https:\/\/elcardinal.com\/#\/schema\/logo\/image\/\",\"url\":\"https:\/\/elcardinal.com\/wp-content\/uploads\/2025\/04\/LOGO-EL-CARDINAL-Periodismo-con-valor.png\",\"contentUrl\":\"https:\/\/elcardinal.com\/wp-content\/uploads\/2025\/04\/LOGO-EL-CARDINAL-Periodismo-con-valor.png\",\"width\":755,\"height\":636,\"caption\":\"El Cardinal\"},\"image\":{\"@id\":\"https:\/\/elcardinal.com\/#\/schema\/logo\/image\/\"},\"sameAs\":[\"https:\/\/www.facebook.com\/profile.php?id=100063093107011\",\"https:\/\/x.com\/ElCardinal_Mx\"]},{\"@type\":\"Person\",\"@id\":\"https:\/\/elcardinal.com\/#\/schema\/person\/3c352ec0a33987fe275c0e8a2ea69f8b\",\"name\":\"Antonio Alcaraz\",\"image\":{\"@type\":\"ImageObject\",\"inLanguage\":\"es\",\"@id\":\"https:\/\/elcardinal.com\/#\/schema\/person\/image\/\",\"url\":\"https:\/\/elcardinal.com\/wp-content\/uploads\/2025\/05\/cropped-TONO-96x96.jpg\",\"contentUrl\":\"https:\/\/elcardinal.com\/wp-content\/uploads\/2025\/05\/cropped-TONO-96x96.jpg\",\"caption\":\"Antonio Alcaraz\"},\"url\":\"https:\/\/elcardinal.com\/?author=2\"}]}<\/script>\n<!-- \/ Yoast SEO plugin. -->","yoast_head_json":{"title":"Escuelas p\u00fablicas de Zapotl\u00e1n reciben equipamiento tecnol\u00f3gico y mobiliario - El Cardinal","robots":{"index":"index","follow":"follow","max-snippet":"max-snippet:-1","max-image-preview":"max-image-preview:large","max-video-preview":"max-video-preview:-1"},"canonical":"https:\/\/elcardinal.com\/?p=4420","og_locale":"es_MX","og_type":"article","og_title":"Escuelas p\u00fablicas de Zapotl\u00e1n reciben equipamiento tecnol\u00f3gico y mobiliario - El Cardinal","og_description":"Redacci\u00f3n Con el fin de mejorar las condiciones de las escuelas p\u00fablicas, el Ayuntamiento de Zapotl\u00e1n de Ju\u00e1rez y la Secretar\u00eda de Educaci\u00f3n P\u00fablica del Estado de Hidalgo anunciaron la inversi\u00f3n de 2 millones 373 mil 653 pesos en mobiliario entregado que beneficiar\u00e1 a 2 mil 637 estudiantes, adem\u00e1s de 180 mil pesos destinados a","og_url":"https:\/\/elcardinal.com\/?p=4420","og_site_name":"El Cardinal","article_publisher":"https:\/\/www.facebook.com\/profile.php?id=100063093107011","article_published_time":"2025-05-07T00:32:48+00:00","og_image":[{"width":1440,"height":958,"url":"https:\/\/elcardinal.com\/wp-content\/uploads\/2025\/05\/494992551_122207170904128627_130052699126185614_n.jpg","type":"image\/jpeg"}],"author":"Antonio Alcaraz","twitter_card":"summary_large_image","twitter_creator":"@ElCardinal_Mx","twitter_site":"@ElCardinal_Mx","twitter_misc":{"Escrito por":"Antonio Alcaraz","Tiempo de lectura":"2 minutos"},"schema":{"@context":"https:\/\/schema.org","@graph":[{"@type":"Article","@id":"https:\/\/elcardinal.com\/?p=4420#article","isPartOf":{"@id":"https:\/\/elcardinal.com\/?p=4420"},"author":{"name":"Antonio Alcaraz","@id":"https:\/\/elcardinal.com\/#\/schema\/person\/3c352ec0a33987fe275c0e8a2ea69f8b"},"headline":"Escuelas p\u00fablicas de Zapotl\u00e1n reciben equipamiento tecnol\u00f3gico y mobiliario","datePublished":"2025-05-07T00:32:48+00:00","mainEntityOfPage":{"@id":"https:\/\/elcardinal.com\/?p=4420"},"wordCount":330,"commentCount":0,"publisher":{"@id":"https:\/\/elcardinal.com\/#organization"},"image":{"@id":"https:\/\/elcardinal.com\/?p=4420#primaryimage"},"thumbnailUrl":"https:\/\/elcardinal.com\/wp-content\/uploads\/2025\/05\/494992551_122207170904128627_130052699126185614_n.jpg","keywords":["Cynthia Arellano","Natividad Castrej\u00f3n","Zapotl\u00e1n de Ju\u00e1rez"],"articleSection":["Metr\u00f3poli","Minuto a Minuto"],"inLanguage":"es","potentialAction":[{"@type":"CommentAction","name":"Comment","target":["https:\/\/elcardinal.com\/?p=4420#respond"]}]},{"@type":"WebPage","@id":"https:\/\/elcardinal.com\/?p=4420","url":"https:\/\/elcardinal.com\/?p=4420","name":"Escuelas p\u00fablicas de Zapotl\u00e1n reciben equipamiento tecnol\u00f3gico y mobiliario - El Cardinal","isPartOf":{"@id":"https:\/\/elcardinal.com\/#website"},"primaryImageOfPage":{"@id":"https:\/\/elcardinal.com\/?p=4420#primaryimage"},"image":{"@id":"https:\/\/elcardinal.com\/?p=4420#primaryimage"},"thumbnailUrl":"https:\/\/elcardinal.com\/wp-content\/uploads\/2025\/05\/494992551_122207170904128627_130052699126185614_n.jpg","datePublished":"2025-05-07T00:32:48+00:00","breadcrumb":{"@id":"https:\/\/elcardinal.com\/?p=4420#breadcrumb"},"inLanguage":"es","potentialAction":[{"@type":"ReadAction","target":["https:\/\/elcardinal.com\/?p=4420"]}]},{"@type":"ImageObject","inLanguage":"es","@id":"https:\/\/elcardinal.com\/?p=4420#primaryimage","url":"https:\/\/elcardinal.com\/wp-content\/uploads\/2025\/05\/494992551_122207170904128627_130052699126185614_n.jpg","contentUrl":"https:\/\/elcardinal.com\/wp-content\/uploads\/2025\/05\/494992551_122207170904128627_130052699126185614_n.jpg","width":1440,"height":958},{"@type":"BreadcrumbList","@id":"https:\/\/elcardinal.com\/?p=4420#breadcrumb","itemListElement":[{"@type":"ListItem","position":1,"name":"Inicio","item":"https:\/\/elcardinal.com\/"},{"@type":"ListItem","position":2,"name":"Escuelas p\u00fablicas de Zapotl\u00e1n reciben equipamiento tecnol\u00f3gico y mobiliario"}]},{"@type":"WebSite","@id":"https:\/\/elcardinal.com\/#website","url":"https:\/\/elcardinal.com\/","name":"El Cardinal","description":"Periodismo honesto, con valor, sentido humano, a veces sarc\u00e1stico y divertido.","publisher":{"@id":"https:\/\/elcardinal.com\/#organization"},"alternateName":"El Cardinal Noticias","potentialAction":[{"@type":"SearchAction","target":{"@type":"EntryPoint","urlTemplate":"https:\/\/elcardinal.com\/?s={search_term_string}"},"query-input":{"@type":"PropertyValueSpecification","valueRequired":true,"valueName":"search_term_string"}}],"inLanguage":"es"},{"@type":"Organization","@id":"https:\/\/elcardinal.com\/#organization","name":"El Cardinal","url":"https:\/\/elcardinal.com\/","logo":{"@type":"ImageObject","inLanguage":"es","@id":"https:\/\/elcardinal.com\/#\/schema\/logo\/image\/","url":"https:\/\/elcardinal.com\/wp-content\/uploads\/2025\/04\/LOGO-EL-CARDINAL-Periodismo-con-valor.png","contentUrl":"https:\/\/elcardinal.com\/wp-content\/uploads\/2025\/04\/LOGO-EL-CARDINAL-Periodismo-con-valor.png","width":755,"height":636,"caption":"El Cardinal"},"image":{"@id":"https:\/\/elcardinal.com\/#\/schema\/logo\/image\/"},"sameAs":["https:\/\/www.facebook.com\/profile.php?id=100063093107011","https:\/\/x.com\/ElCardinal_Mx"]},{"@type":"Person","@id":"https:\/\/elcardinal.com\/#\/schema\/person\/3c352ec0a33987fe275c0e8a2ea69f8b","name":"Antonio Alcaraz","image":{"@type":"ImageObject","inLanguage":"es","@id":"https:\/\/elcardinal.com\/#\/schema\/person\/image\/","url":"https:\/\/elcardinal.com\/wp-content\/uploads\/2025\/05\/cropped-TONO-96x96.jpg","contentUrl":"https:\/\/elcardinal.com\/wp-content\/uploads\/2025\/05\/cropped-TONO-96x96.jpg","caption":"Antonio Alcaraz"},"url":"https:\/\/elcardinal.com\/?author=2"}]}},"_links":{"self":[{"href":"https:\/\/elcardinal.com\/index.php?rest_route=\/wp\/v2\/posts\/4420","targetHints":{"allow":["GET"]}}],"collection":[{"href":"https:\/\/elcardinal.com\/index.php?rest_route=\/wp\/v2\/posts"}],"about":[{"href":"https:\/\/elcardinal.com\/index.php?rest_route=\/wp\/v2\/types\/post"}],"author":[{"embeddable":true,"href":"https:\/\/elcardinal.com\/index.php?rest_route=\/wp\/v2\/users\/2"}],"replies":[{"embeddable":true,"href":"https:\/\/elcardinal.com\/index.php?rest_route=%2Fwp%2Fv2%2Fcomments&post=4420"}],"version-history":[{"count":1,"href":"https:\/\/elcardinal.com\/index.php?rest_route=\/wp\/v2\/posts\/4420\/revisions"}],"predecessor-version":[{"id":4422,"href":"https:\/\/elcardinal.com\/index.php?rest_route=\/wp\/v2\/posts\/4420\/revisions\/4422"}],"wp:featuredmedia":[{"embeddable":true,"href":"https:\/\/elcardinal.com\/index.php?rest_route=\/wp\/v2\/media\/4421"}],"wp:attachment":[{"href":"https:\/\/elcardinal.com\/index.php?rest_route=%2Fwp%2Fv2%2Fmedia&parent=4420"}],"wp:term":[{"taxonomy":"category","embeddable":true,"href":"https:\/\/elcardinal.com\/index.php?rest_route=%2Fwp%2Fv2%2Fcategories&post=4420"},{"taxonomy":"post_tag","embeddable":true,"href":"https:\/\/elcardinal.com\/index.php?rest_route=%2Fwp%2Fv2%2Ftags&post=4420"}],"curies":[{"name":"wp","href":"https:\/\/api.w.org\/{rel}","templated":true}]}}