{"id":4426,"date":"2025-05-06T20:19:09","date_gmt":"2025-05-07T02:19:09","guid":{"rendered":"https:\/\/elcardinal.com\/?p=4426"},"modified":"2025-05-06T20:19:09","modified_gmt":"2025-05-07T02:19:09","slug":"lxvi-legislatura-instala-comision-especial-de-asuntos-internacionales","status":"publish","type":"post","link":"https:\/\/elcardinal.com\/?p=4426","title":{"rendered":"LXVI Legislatura instala Comisi\u00f3n Especial de Asuntos Internacionales"},"content":{"rendered":"<p>&nbsp;<\/p>\n<p>&nbsp;<\/p>\n<p><span style=\"font-weight: 400;\">Con el objetivo de abordar los desaf\u00edos y oportunidades del panorama global, fue instalada la Comisi\u00f3n Especial de Asuntos Internacionales de la <\/span><b>LXVI Legislatura <\/b><span style=\"font-weight: 400;\">en el <\/span><b>Congreso del Estado Libre y Soberano de Hidalgo<\/b><span style=\"font-weight: 400;\">.<\/span><\/p>\n<p><span style=\"font-weight: 400;\">Ante diversas representaciones diplom\u00e1ticas, el presidente de la Junta de Gobierno, diputado <\/span><b>Andr\u00e9s Vel\u00e1zquez V\u00e1zquez<\/b><span style=\"font-weight: 400;\">, mencion\u00f3: \u201cvivimos tiempos en los que la cooperaci\u00f3n internacional ya no es una opci\u00f3n, sino una necesidad urgente. Nuestro mundo se encuentra interactuando y es nuestro deber asegurar que Hidalgo est\u00e9 presente activamente en el \u00e1mbito internacional para promover el desarrollo integral, equitativo y sostenible en nuestra entidad\u201d.<\/span><\/p>\n<p><span style=\"font-weight: 400;\">El legislador, tambi\u00e9n vocal de la comisi\u00f3n, explic\u00f3 que esta creaci\u00f3n responde al trabajo de diputadas y diputados comprometidos con el bienestar de la entidad y de M\u00e9xico, \u201ctrabajaremos intensamente para promover acciones legislativas en materia internacional, acompa\u00f1ados del Congreso federal\u201d.<\/span><\/p>\n<p><span style=\"font-weight: 400;\">El diputado <\/span><b>Marco Antonio Mendoza Bustamante<\/b><span style=\"font-weight: 400;\">, quien preside la comisi\u00f3n especial, celebr\u00f3 este momento hist\u00f3rico para la entidad y el Congreso, \u201cya que posiciona a Hidalgo como uno de los pocos estados de la Rep\u00fablica Mexicana que cuenta a partir de ahora con una comisi\u00f3n dedicada a la promoci\u00f3n y gesti\u00f3n de las relaciones internacionales\u201d.<\/span><\/p>\n<p><span style=\"font-weight: 400;\">Asegur\u00f3 que \u00e9sta es una oportunidad de explorar y aprovechar al m\u00e1ximo las posibilidades de cooperaci\u00f3n en m\u00faltiples fuentes, \u201cpero tambi\u00e9n de abrir una ventana al mundo donde Hidalgo sea visto como una entidad con potencial para la industria, el comercio, la cultura, la educaci\u00f3n y la gesti\u00f3n adecuada del medio ambiente, entre otros importantes temas que ocupan la agenda global en la actualidad\u201d.<\/span><\/p>\n<p><b>Cristal Pelayo Rodr\u00edguez<\/b><span style=\"font-weight: 400;\">, directora general de la Unidad de Asuntos Internacionales y Relaciones Parlamentarias de la C\u00e1mara de Diputados, asegur\u00f3 que los parlamentos tienen un papel fundamental al acompa\u00f1ar y respaldar la pol\u00edtica exterior, adem\u00e1s de construir puentes de comunicaci\u00f3n con sus hom\u00f3logos, promover la participaci\u00f3n ciudadana y dar seguimiento a los temas de la agenda internacional.<\/span><\/p>\n<p><span style=\"font-weight: 400;\">El presidente de la mesa directiva de mayo, diputado <\/span><b>Jos\u00e9 Mar\u00eda Alejandro P\u00e9rez Ram\u00edrez <\/b><span style=\"font-weight: 400;\">se sum\u00f3 al fortalecimiento de las relaciones internacionales y a la implementaci\u00f3n de pol\u00edticas que beneficien a la naci\u00f3n en el contexto global.<\/span><\/p>\n<p><span style=\"font-weight: 400;\">La comisi\u00f3n est\u00e1 integrada por:<\/span><\/p>\n<ul>\n<li style=\"font-weight: 400;\" aria-level=\"1\"><span style=\"font-weight: 400;\">Diputado <\/span><b>Marco Antonio Mendoza Bustamante<\/b><span style=\"font-weight: 400;\">, presidente<\/span><\/li>\n<li style=\"font-weight: 400;\" aria-level=\"1\"><span style=\"font-weight: 400;\">Diputada <\/span><b>M\u00f3nica Leanett Reyes Mart\u00ednez<\/b><span style=\"font-weight: 400;\">, secretaria<\/span><\/li>\n<li style=\"font-weight: 400;\" aria-level=\"1\"><span style=\"font-weight: 400;\">Diputada <\/span><b>Claudia Lilia Luna Islas<\/b><span style=\"font-weight: 400;\">, secretaria<\/span><\/li>\n<li style=\"font-weight: 400;\" aria-level=\"1\"><span style=\"font-weight: 400;\">Diputado <\/span><b>Andr\u00e9s Vel\u00e1zquez V\u00e1zquez<\/b><span style=\"font-weight: 400;\">, vocal<\/span><\/li>\n<li style=\"font-weight: 400;\" aria-level=\"1\"><span style=\"font-weight: 400;\">Diputada <\/span><b>Alma Rosa El\u00edas Paso<\/b><span style=\"font-weight: 400;\">, vocal<\/span><\/li>\n<li style=\"font-weight: 400;\" aria-level=\"1\"><span style=\"font-weight: 400;\">Diputado <\/span><b>Francisco Javier T\u00e9llez S\u00e1nchez<\/b><span style=\"font-weight: 400;\">, vocal<\/span><\/li>\n<li style=\"font-weight: 400;\" aria-level=\"1\"><span style=\"font-weight: 400;\">Diputado <\/span><b>Avelino Tovar Iglesias<\/b><span style=\"font-weight: 400;\">, vocal<\/span><\/li>\n<li style=\"font-weight: 400;\" aria-level=\"1\"><span style=\"font-weight: 400;\">Diputado <\/span><b>Carlos Alejandro Alc\u00e1ntara Carbajal<\/b><span style=\"font-weight: 400;\">, vocal<\/span><\/li>\n<li style=\"font-weight: 400;\" aria-level=\"1\"><span style=\"font-weight: 400;\">Diputado <\/span><b>Leonel Perusqu\u00eda Muedano<\/b><span style=\"font-weight: 400;\">, vocal<\/span><\/li>\n<\/ul>\n<p><span style=\"font-weight: 400;\">Al evento tambi\u00e9n asistieron <\/span><b>Alejandro D\u00edaz D\u00edaz<\/b><span style=\"font-weight: 400;\">, asesor de la Unidad de Asuntos Internacionales de la C\u00e1mara de Diputados; el consejero pol\u00edtico<\/span><b> Jos\u00e9 \u00c1ngel Maury de Toro<\/b><span style=\"font-weight: 400;\">, en representaci\u00f3n del embajador de Cuba en M\u00e9xico, <\/span><b>Marcos Rodr\u00edguez Costa<\/b><span style=\"font-weight: 400;\">; <\/span><b>Jenny Borrego-Dot<\/b><span style=\"font-weight: 400;\">, la segunda secretaria de la Embajada de Cuba en M\u00e9xico; <\/span><b>Mojtar Lebuehi Lemboric<\/b><span style=\"font-weight: 400;\">, embajador de la Rep\u00fablica \u00c1rabe Sahararahui Democr\u00e1tica; <\/span><b>Alfonso Baza<\/b><span style=\"font-weight: 400;\">, en representaci\u00f3n del embajador <\/span><b>Lee Deron Robert<\/b><span style=\"font-weight: 400;\">, ministro consejero de la embajada de Costa de Marfil; <\/span><b>Stephen Murray Kiernan<\/b><span style=\"font-weight: 400;\">, presidente de la Fundaci\u00f3n Gandhi Mandela para Am\u00e9rica Latina; y <\/span><b>Jaime Cerecedo Vite<\/b><span style=\"font-weight: 400;\">, director general de Relaciones Internacionales de la Secretar\u00eda de Relaciones Exteriores en Hidalgo.<\/span><\/p>\n","protected":false},"excerpt":{"rendered":"<p>&nbsp; &nbsp; Con el objetivo de abordar los desaf\u00edos y oportunidades del panorama global, fue instalada la Comisi\u00f3n Especial de Asuntos Internacionales de la LXVI Legislatura en el Congreso del Estado Libre y Soberano de Hidalgo. Ante diversas representaciones diplom\u00e1ticas, el presidente de la Junta de Gobierno, diputado Andr\u00e9s Vel\u00e1zquez V\u00e1zquez, mencion\u00f3: \u201cvivimos tiempos en<\/p>\n","protected":false},"author":2,"featured_media":4427,"comment_status":"open","ping_status":"open","sticky":false,"template":"","format":"standard","meta":{"footnotes":""},"categories":[31,44,39],"tags":[62],"class_list":{"0":"post-4426","1":"post","2":"type-post","3":"status-publish","4":"format-standard","5":"has-post-thumbnail","7":"category-hidalgo","8":"category-minuto-a-minuto","9":"category-politica","10":"tag-congreso-de-hidalgo"},"yoast_head":"<!-- This site is optimized with the Yoast SEO plugin v26.1.1 - https:\/\/yoast.com\/wordpress\/plugins\/seo\/ -->\n<title>LXVI Legislatura instala Comisi\u00f3n Especial de Asuntos Internacionales - El Cardinal<\/title>\n<meta name=\"robots\" content=\"index, follow, max-snippet:-1, max-image-preview:large, max-video-preview:-1\" \/>\n<link rel=\"canonical\" href=\"https:\/\/elcardinal.com\/?p=4426\" \/>\n<meta property=\"og:locale\" content=\"es_MX\" \/>\n<meta property=\"og:type\" content=\"article\" \/>\n<meta property=\"og:title\" content=\"LXVI Legislatura instala Comisi\u00f3n Especial de Asuntos Internacionales - El Cardinal\" \/>\n<meta property=\"og:description\" content=\"&nbsp; &nbsp; Con el objetivo de abordar los desaf\u00edos y oportunidades del panorama global, fue instalada la Comisi\u00f3n Especial de Asuntos Internacionales de la LXVI Legislatura en el Congreso del Estado Libre y Soberano de Hidalgo. Ante diversas representaciones diplom\u00e1ticas, el presidente de la Junta de Gobierno, diputado Andr\u00e9s Vel\u00e1zquez V\u00e1zquez, mencion\u00f3: \u201cvivimos tiempos en\" \/>\n<meta property=\"og:url\" content=\"https:\/\/elcardinal.com\/?p=4426\" \/>\n<meta property=\"og:site_name\" content=\"El Cardinal\" \/>\n<meta property=\"article:publisher\" content=\"https:\/\/www.facebook.com\/profile.php?id=100063093107011\" \/>\n<meta property=\"article:published_time\" content=\"2025-05-07T02:19:09+00:00\" \/>\n<meta property=\"og:image\" content=\"https:\/\/elcardinal.com\/wp-content\/uploads\/2025\/05\/06.05.2025-Instalacion-Comision-Especial-de-Asuntos-Internacionales-8.jpg\" \/>\n\t<meta property=\"og:image:width\" content=\"2400\" \/>\n\t<meta property=\"og:image:height\" content=\"1600\" \/>\n\t<meta property=\"og:image:type\" content=\"image\/jpeg\" \/>\n<meta name=\"author\" content=\"Antonio Alcaraz\" \/>\n<meta name=\"twitter:card\" content=\"summary_large_image\" \/>\n<meta name=\"twitter:creator\" content=\"@ElCardinal_Mx\" \/>\n<meta name=\"twitter:site\" content=\"@ElCardinal_Mx\" \/>\n<meta name=\"twitter:label1\" content=\"Escrito por\" \/>\n\t<meta name=\"twitter:data1\" content=\"Antonio Alcaraz\" \/>\n\t<meta name=\"twitter:label2\" content=\"Tiempo de lectura\" \/>\n\t<meta name=\"twitter:data2\" content=\"3 minutos\" \/>\n<script type=\"application\/ld+json\" class=\"yoast-schema-graph\">{\"@context\":\"https:\/\/schema.org\",\"@graph\":[{\"@type\":\"Article\",\"@id\":\"https:\/\/elcardinal.com\/?p=4426#article\",\"isPartOf\":{\"@id\":\"https:\/\/elcardinal.com\/?p=4426\"},\"author\":{\"name\":\"Antonio Alcaraz\",\"@id\":\"https:\/\/elcardinal.com\/#\/schema\/person\/3c352ec0a33987fe275c0e8a2ea69f8b\"},\"headline\":\"LXVI Legislatura instala Comisi\u00f3n Especial de Asuntos Internacionales\",\"datePublished\":\"2025-05-07T02:19:09+00:00\",\"mainEntityOfPage\":{\"@id\":\"https:\/\/elcardinal.com\/?p=4426\"},\"wordCount\":590,\"commentCount\":0,\"publisher\":{\"@id\":\"https:\/\/elcardinal.com\/#organization\"},\"image\":{\"@id\":\"https:\/\/elcardinal.com\/?p=4426#primaryimage\"},\"thumbnailUrl\":\"https:\/\/elcardinal.com\/wp-content\/uploads\/2025\/05\/06.05.2025-Instalacion-Comision-Especial-de-Asuntos-Internacionales-8.jpg\",\"keywords\":[\"Congreso de Hidalgo\"],\"articleSection\":[\"Hidalgo\",\"Minuto a Minuto\",\"Pol\u00edtica\"],\"inLanguage\":\"es\",\"potentialAction\":[{\"@type\":\"CommentAction\",\"name\":\"Comment\",\"target\":[\"https:\/\/elcardinal.com\/?p=4426#respond\"]}]},{\"@type\":\"WebPage\",\"@id\":\"https:\/\/elcardinal.com\/?p=4426\",\"url\":\"https:\/\/elcardinal.com\/?p=4426\",\"name\":\"LXVI Legislatura instala Comisi\u00f3n Especial de Asuntos Internacionales - El Cardinal\",\"isPartOf\":{\"@id\":\"https:\/\/elcardinal.com\/#website\"},\"primaryImageOfPage\":{\"@id\":\"https:\/\/elcardinal.com\/?p=4426#primaryimage\"},\"image\":{\"@id\":\"https:\/\/elcardinal.com\/?p=4426#primaryimage\"},\"thumbnailUrl\":\"https:\/\/elcardinal.com\/wp-content\/uploads\/2025\/05\/06.05.2025-Instalacion-Comision-Especial-de-Asuntos-Internacionales-8.jpg\",\"datePublished\":\"2025-05-07T02:19:09+00:00\",\"breadcrumb\":{\"@id\":\"https:\/\/elcardinal.com\/?p=4426#breadcrumb\"},\"inLanguage\":\"es\",\"potentialAction\":[{\"@type\":\"ReadAction\",\"target\":[\"https:\/\/elcardinal.com\/?p=4426\"]}]},{\"@type\":\"ImageObject\",\"inLanguage\":\"es\",\"@id\":\"https:\/\/elcardinal.com\/?p=4426#primaryimage\",\"url\":\"https:\/\/elcardinal.com\/wp-content\/uploads\/2025\/05\/06.05.2025-Instalacion-Comision-Especial-de-Asuntos-Internacionales-8.jpg\",\"contentUrl\":\"https:\/\/elcardinal.com\/wp-content\/uploads\/2025\/05\/06.05.2025-Instalacion-Comision-Especial-de-Asuntos-Internacionales-8.jpg\",\"width\":2400,\"height\":1600,\"caption\":\"CONGRESO_HIDALGO\"},{\"@type\":\"BreadcrumbList\",\"@id\":\"https:\/\/elcardinal.com\/?p=4426#breadcrumb\",\"itemListElement\":[{\"@type\":\"ListItem\",\"position\":1,\"name\":\"Inicio\",\"item\":\"https:\/\/elcardinal.com\/\"},{\"@type\":\"ListItem\",\"position\":2,\"name\":\"LXVI Legislatura instala Comisi\u00f3n Especial de Asuntos Internacionales\"}]},{\"@type\":\"WebSite\",\"@id\":\"https:\/\/elcardinal.com\/#website\",\"url\":\"https:\/\/elcardinal.com\/\",\"name\":\"El Cardinal\",\"description\":\"Periodismo honesto, con valor, sentido humano, a veces sarc\u00e1stico y divertido.\",\"publisher\":{\"@id\":\"https:\/\/elcardinal.com\/#organization\"},\"alternateName\":\"El Cardinal Noticias\",\"potentialAction\":[{\"@type\":\"SearchAction\",\"target\":{\"@type\":\"EntryPoint\",\"urlTemplate\":\"https:\/\/elcardinal.com\/?s={search_term_string}\"},\"query-input\":{\"@type\":\"PropertyValueSpecification\",\"valueRequired\":true,\"valueName\":\"search_term_string\"}}],\"inLanguage\":\"es\"},{\"@type\":\"Organization\",\"@id\":\"https:\/\/elcardinal.com\/#organization\",\"name\":\"El Cardinal\",\"url\":\"https:\/\/elcardinal.com\/\",\"logo\":{\"@type\":\"ImageObject\",\"inLanguage\":\"es\",\"@id\":\"https:\/\/elcardinal.com\/#\/schema\/logo\/image\/\",\"url\":\"https:\/\/elcardinal.com\/wp-content\/uploads\/2025\/04\/LOGO-EL-CARDINAL-Periodismo-con-valor.png\",\"contentUrl\":\"https:\/\/elcardinal.com\/wp-content\/uploads\/2025\/04\/LOGO-EL-CARDINAL-Periodismo-con-valor.png\",\"width\":755,\"height\":636,\"caption\":\"El Cardinal\"},\"image\":{\"@id\":\"https:\/\/elcardinal.com\/#\/schema\/logo\/image\/\"},\"sameAs\":[\"https:\/\/www.facebook.com\/profile.php?id=100063093107011\",\"https:\/\/x.com\/ElCardinal_Mx\"]},{\"@type\":\"Person\",\"@id\":\"https:\/\/elcardinal.com\/#\/schema\/person\/3c352ec0a33987fe275c0e8a2ea69f8b\",\"name\":\"Antonio Alcaraz\",\"image\":{\"@type\":\"ImageObject\",\"inLanguage\":\"es\",\"@id\":\"https:\/\/elcardinal.com\/#\/schema\/person\/image\/\",\"url\":\"https:\/\/elcardinal.com\/wp-content\/uploads\/2025\/05\/cropped-TONO-96x96.jpg\",\"contentUrl\":\"https:\/\/elcardinal.com\/wp-content\/uploads\/2025\/05\/cropped-TONO-96x96.jpg\",\"caption\":\"Antonio Alcaraz\"},\"url\":\"https:\/\/elcardinal.com\/?author=2\"}]}<\/script>\n<!-- \/ Yoast SEO plugin. -->","yoast_head_json":{"title":"LXVI Legislatura instala Comisi\u00f3n Especial de Asuntos Internacionales - El Cardinal","robots":{"index":"index","follow":"follow","max-snippet":"max-snippet:-1","max-image-preview":"max-image-preview:large","max-video-preview":"max-video-preview:-1"},"canonical":"https:\/\/elcardinal.com\/?p=4426","og_locale":"es_MX","og_type":"article","og_title":"LXVI Legislatura instala Comisi\u00f3n Especial de Asuntos Internacionales - El Cardinal","og_description":"&nbsp; &nbsp; Con el objetivo de abordar los desaf\u00edos y oportunidades del panorama global, fue instalada la Comisi\u00f3n Especial de Asuntos Internacionales de la LXVI Legislatura en el Congreso del Estado Libre y Soberano de Hidalgo. Ante diversas representaciones diplom\u00e1ticas, el presidente de la Junta de Gobierno, diputado Andr\u00e9s Vel\u00e1zquez V\u00e1zquez, mencion\u00f3: \u201cvivimos tiempos en","og_url":"https:\/\/elcardinal.com\/?p=4426","og_site_name":"El Cardinal","article_publisher":"https:\/\/www.facebook.com\/profile.php?id=100063093107011","article_published_time":"2025-05-07T02:19:09+00:00","og_image":[{"width":2400,"height":1600,"url":"https:\/\/elcardinal.com\/wp-content\/uploads\/2025\/05\/06.05.2025-Instalacion-Comision-Especial-de-Asuntos-Internacionales-8.jpg","type":"image\/jpeg"}],"author":"Antonio Alcaraz","twitter_card":"summary_large_image","twitter_creator":"@ElCardinal_Mx","twitter_site":"@ElCardinal_Mx","twitter_misc":{"Escrito por":"Antonio Alcaraz","Tiempo de lectura":"3 minutos"},"schema":{"@context":"https:\/\/schema.org","@graph":[{"@type":"Article","@id":"https:\/\/elcardinal.com\/?p=4426#article","isPartOf":{"@id":"https:\/\/elcardinal.com\/?p=4426"},"author":{"name":"Antonio Alcaraz","@id":"https:\/\/elcardinal.com\/#\/schema\/person\/3c352ec0a33987fe275c0e8a2ea69f8b"},"headline":"LXVI Legislatura instala Comisi\u00f3n Especial de Asuntos Internacionales","datePublished":"2025-05-07T02:19:09+00:00","mainEntityOfPage":{"@id":"https:\/\/elcardinal.com\/?p=4426"},"wordCount":590,"commentCount":0,"publisher":{"@id":"https:\/\/elcardinal.com\/#organization"},"image":{"@id":"https:\/\/elcardinal.com\/?p=4426#primaryimage"},"thumbnailUrl":"https:\/\/elcardinal.com\/wp-content\/uploads\/2025\/05\/06.05.2025-Instalacion-Comision-Especial-de-Asuntos-Internacionales-8.jpg","keywords":["Congreso de Hidalgo"],"articleSection":["Hidalgo","Minuto a Minuto","Pol\u00edtica"],"inLanguage":"es","potentialAction":[{"@type":"CommentAction","name":"Comment","target":["https:\/\/elcardinal.com\/?p=4426#respond"]}]},{"@type":"WebPage","@id":"https:\/\/elcardinal.com\/?p=4426","url":"https:\/\/elcardinal.com\/?p=4426","name":"LXVI Legislatura instala Comisi\u00f3n Especial de Asuntos Internacionales - El Cardinal","isPartOf":{"@id":"https:\/\/elcardinal.com\/#website"},"primaryImageOfPage":{"@id":"https:\/\/elcardinal.com\/?p=4426#primaryimage"},"image":{"@id":"https:\/\/elcardinal.com\/?p=4426#primaryimage"},"thumbnailUrl":"https:\/\/elcardinal.com\/wp-content\/uploads\/2025\/05\/06.05.2025-Instalacion-Comision-Especial-de-Asuntos-Internacionales-8.jpg","datePublished":"2025-05-07T02:19:09+00:00","breadcrumb":{"@id":"https:\/\/elcardinal.com\/?p=4426#breadcrumb"},"inLanguage":"es","potentialAction":[{"@type":"ReadAction","target":["https:\/\/elcardinal.com\/?p=4426"]}]},{"@type":"ImageObject","inLanguage":"es","@id":"https:\/\/elcardinal.com\/?p=4426#primaryimage","url":"https:\/\/elcardinal.com\/wp-content\/uploads\/2025\/05\/06.05.2025-Instalacion-Comision-Especial-de-Asuntos-Internacionales-8.jpg","contentUrl":"https:\/\/elcardinal.com\/wp-content\/uploads\/2025\/05\/06.05.2025-Instalacion-Comision-Especial-de-Asuntos-Internacionales-8.jpg","width":2400,"height":1600,"caption":"CONGRESO_HIDALGO"},{"@type":"BreadcrumbList","@id":"https:\/\/elcardinal.com\/?p=4426#breadcrumb","itemListElement":[{"@type":"ListItem","position":1,"name":"Inicio","item":"https:\/\/elcardinal.com\/"},{"@type":"ListItem","position":2,"name":"LXVI Legislatura instala Comisi\u00f3n Especial de Asuntos Internacionales"}]},{"@type":"WebSite","@id":"https:\/\/elcardinal.com\/#website","url":"https:\/\/elcardinal.com\/","name":"El Cardinal","description":"Periodismo honesto, con valor, sentido humano, a veces sarc\u00e1stico y divertido.","publisher":{"@id":"https:\/\/elcardinal.com\/#organization"},"alternateName":"El Cardinal Noticias","potentialAction":[{"@type":"SearchAction","target":{"@type":"EntryPoint","urlTemplate":"https:\/\/elcardinal.com\/?s={search_term_string}"},"query-input":{"@type":"PropertyValueSpecification","valueRequired":true,"valueName":"search_term_string"}}],"inLanguage":"es"},{"@type":"Organization","@id":"https:\/\/elcardinal.com\/#organization","name":"El Cardinal","url":"https:\/\/elcardinal.com\/","logo":{"@type":"ImageObject","inLanguage":"es","@id":"https:\/\/elcardinal.com\/#\/schema\/logo\/image\/","url":"https:\/\/elcardinal.com\/wp-content\/uploads\/2025\/04\/LOGO-EL-CARDINAL-Periodismo-con-valor.png","contentUrl":"https:\/\/elcardinal.com\/wp-content\/uploads\/2025\/04\/LOGO-EL-CARDINAL-Periodismo-con-valor.png","width":755,"height":636,"caption":"El Cardinal"},"image":{"@id":"https:\/\/elcardinal.com\/#\/schema\/logo\/image\/"},"sameAs":["https:\/\/www.facebook.com\/profile.php?id=100063093107011","https:\/\/x.com\/ElCardinal_Mx"]},{"@type":"Person","@id":"https:\/\/elcardinal.com\/#\/schema\/person\/3c352ec0a33987fe275c0e8a2ea69f8b","name":"Antonio Alcaraz","image":{"@type":"ImageObject","inLanguage":"es","@id":"https:\/\/elcardinal.com\/#\/schema\/person\/image\/","url":"https:\/\/elcardinal.com\/wp-content\/uploads\/2025\/05\/cropped-TONO-96x96.jpg","contentUrl":"https:\/\/elcardinal.com\/wp-content\/uploads\/2025\/05\/cropped-TONO-96x96.jpg","caption":"Antonio Alcaraz"},"url":"https:\/\/elcardinal.com\/?author=2"}]}},"_links":{"self":[{"href":"https:\/\/elcardinal.com\/index.php?rest_route=\/wp\/v2\/posts\/4426","targetHints":{"allow":["GET"]}}],"collection":[{"href":"https:\/\/elcardinal.com\/index.php?rest_route=\/wp\/v2\/posts"}],"about":[{"href":"https:\/\/elcardinal.com\/index.php?rest_route=\/wp\/v2\/types\/post"}],"author":[{"embeddable":true,"href":"https:\/\/elcardinal.com\/index.php?rest_route=\/wp\/v2\/users\/2"}],"replies":[{"embeddable":true,"href":"https:\/\/elcardinal.com\/index.php?rest_route=%2Fwp%2Fv2%2Fcomments&post=4426"}],"version-history":[{"count":1,"href":"https:\/\/elcardinal.com\/index.php?rest_route=\/wp\/v2\/posts\/4426\/revisions"}],"predecessor-version":[{"id":4428,"href":"https:\/\/elcardinal.com\/index.php?rest_route=\/wp\/v2\/posts\/4426\/revisions\/4428"}],"wp:featuredmedia":[{"embeddable":true,"href":"https:\/\/elcardinal.com\/index.php?rest_route=\/wp\/v2\/media\/4427"}],"wp:attachment":[{"href":"https:\/\/elcardinal.com\/index.php?rest_route=%2Fwp%2Fv2%2Fmedia&parent=4426"}],"wp:term":[{"taxonomy":"category","embeddable":true,"href":"https:\/\/elcardinal.com\/index.php?rest_route=%2Fwp%2Fv2%2Fcategories&post=4426"},{"taxonomy":"post_tag","embeddable":true,"href":"https:\/\/elcardinal.com\/index.php?rest_route=%2Fwp%2Fv2%2Ftags&post=4426"}],"curies":[{"name":"wp","href":"https:\/\/api.w.org\/{rel}","templated":true}]}}