{"id":4430,"date":"2025-05-07T15:03:37","date_gmt":"2025-05-07T21:03:37","guid":{"rendered":"https:\/\/elcardinal.com\/?p=4430"},"modified":"2025-05-07T15:04:25","modified_gmt":"2025-05-07T21:04:25","slug":"instala-zapotlan-de-juarez-su-comite-de-ordenamiento-ecologico-territorial","status":"publish","type":"post","link":"https:\/\/elcardinal.com\/?p=4430","title":{"rendered":"Instala Zapotl\u00e1n de Ju\u00e1rez su Comit\u00e9 de Ordenamiento Ecol\u00f3gico Territorial\u00a0"},"content":{"rendered":"<p>Redacci\u00f3n<\/p>\n<p>Con la finalidad de fomentar acciones estrat\u00e9gicas que fomenten la corresponsabilidad y comunicaci\u00f3n permanente entre instituciones de gobierno y sociedad, este d\u00eda se instal\u00f3 el Comit\u00e9 de Ordenamiento Ecol\u00f3gico Territorial Local.<\/p>\n<p>Cynthia Arellano Mart\u00ednez, presidenta municipal de Zapotl\u00e1n de Ju\u00e1rez acompa\u00f1ada del secretario de la Unidad de Planeaci\u00f3n y Prospectiva del Gobierno estatal, Miguel Tello Vargas, adem\u00e1s de ejidatarios de Acayuca, San Pedro y cabecera municipal firmaron el acta de instalaci\u00f3n del Comit\u00e9 de Ordenamiento Ecol\u00f3gico.<\/p>\n<p>Bajo los criterios de ordenamiento, responsabilidad ambiental, desarrollo y sustentabilidad, este ejercicio de participaci\u00f3n traer\u00e1 consigo el cuidado del medio ambiente y responder\u00e1 a los desaf\u00edos actuales.<\/p>\n<p>En su momento, el secretario de Unidad de Planeaci\u00f3n asegur\u00f3 que Zapotl\u00e1n es un municipio con potencial en materia de desarrollo sustentable y de ordenamiento territorial, esto permitir\u00e1 dar atenci\u00f3n a distintos aspectos fundamentales como el cuidado del agua, contar con reservas territoriales, y la puesta en marcha de acciones encaminadas al tema en menci\u00f3n.<\/p>\n<p>Por su parte, la alcaldesa mencion\u00f3 que este Comit\u00e9 de Ordenamiento Ecol\u00f3gico Territorial es el resultado de foros en los que, se propuso la protecci\u00f3n del uso de recursos naturales de forma sustentable, lo cual, signifique un equilibrio en los distintos \u00e1mbitos.<\/p>\n<p>En tanto, H\u00e9ctor Aguilar Mart\u00ednez, director de Ecolog\u00eda coment\u00f3 que gracias al Decreto emitido en la d\u00e9cada de los 2000, la zonificaci\u00f3n ha tra\u00eddo consigo que, Zapotl\u00e1n cuente con un ordenamiento territorial modelo.<\/p>\n","protected":false},"excerpt":{"rendered":"<p>Redacci\u00f3n Con la finalidad de fomentar acciones estrat\u00e9gicas que fomenten la corresponsabilidad y comunicaci\u00f3n permanente entre instituciones de gobierno y sociedad, este d\u00eda se instal\u00f3 el Comit\u00e9 de Ordenamiento Ecol\u00f3gico Territorial Local. Cynthia Arellano Mart\u00ednez, presidenta municipal de Zapotl\u00e1n de Ju\u00e1rez acompa\u00f1ada del secretario de la Unidad de Planeaci\u00f3n y Prospectiva del Gobierno estatal, Miguel<\/p>\n","protected":false},"author":2,"featured_media":4432,"comment_status":"open","ping_status":"open","sticky":false,"template":"","format":"standard","meta":{"footnotes":""},"categories":[32,44],"tags":[103,130,127],"class_list":{"0":"post-4430","1":"post","2":"type-post","3":"status-publish","4":"format-standard","5":"has-post-thumbnail","7":"category-metropoli","8":"category-minuto-a-minuto","9":"tag-cynthia-arellano-martinez","10":"tag-miguel-tello","11":"tag-zapotlan-de-juarez"},"yoast_head":"<!-- This site is optimized with the Yoast SEO plugin v26.1.1 - https:\/\/yoast.com\/wordpress\/plugins\/seo\/ -->\n<title>Instala Zapotl\u00e1n de Ju\u00e1rez su Comit\u00e9 de Ordenamiento Ecol\u00f3gico Territorial\u00a0 - El Cardinal<\/title>\n<meta name=\"robots\" content=\"index, follow, max-snippet:-1, max-image-preview:large, max-video-preview:-1\" \/>\n<link rel=\"canonical\" href=\"https:\/\/elcardinal.com\/?p=4430\" \/>\n<meta property=\"og:locale\" content=\"es_MX\" \/>\n<meta property=\"og:type\" content=\"article\" \/>\n<meta property=\"og:title\" content=\"Instala Zapotl\u00e1n de Ju\u00e1rez su Comit\u00e9 de Ordenamiento Ecol\u00f3gico Territorial\u00a0 - El Cardinal\" \/>\n<meta property=\"og:description\" content=\"Redacci\u00f3n Con la finalidad de fomentar acciones estrat\u00e9gicas que fomenten la corresponsabilidad y comunicaci\u00f3n permanente entre instituciones de gobierno y sociedad, este d\u00eda se instal\u00f3 el Comit\u00e9 de Ordenamiento Ecol\u00f3gico Territorial Local. Cynthia Arellano Mart\u00ednez, presidenta municipal de Zapotl\u00e1n de Ju\u00e1rez acompa\u00f1ada del secretario de la Unidad de Planeaci\u00f3n y Prospectiva del Gobierno estatal, Miguel\" \/>\n<meta property=\"og:url\" content=\"https:\/\/elcardinal.com\/?p=4430\" \/>\n<meta property=\"og:site_name\" content=\"El Cardinal\" \/>\n<meta property=\"article:publisher\" content=\"https:\/\/www.facebook.com\/profile.php?id=100063093107011\" \/>\n<meta property=\"article:published_time\" content=\"2025-05-07T21:03:37+00:00\" \/>\n<meta property=\"article:modified_time\" content=\"2025-05-07T21:04:25+00:00\" \/>\n<meta property=\"og:image\" content=\"https:\/\/elcardinal.com\/wp-content\/uploads\/2025\/05\/IMG-20250507-WA0077.jpg\" \/>\n\t<meta property=\"og:image:width\" content=\"2560\" \/>\n\t<meta property=\"og:image:height\" content=\"1920\" \/>\n\t<meta property=\"og:image:type\" content=\"image\/jpeg\" \/>\n<meta name=\"author\" content=\"Antonio Alcaraz\" \/>\n<meta name=\"twitter:card\" content=\"summary_large_image\" \/>\n<meta name=\"twitter:creator\" content=\"@ElCardinal_Mx\" \/>\n<meta name=\"twitter:site\" content=\"@ElCardinal_Mx\" \/>\n<meta name=\"twitter:label1\" content=\"Escrito por\" \/>\n\t<meta name=\"twitter:data1\" content=\"Antonio Alcaraz\" \/>\n\t<meta name=\"twitter:label2\" content=\"Tiempo de lectura\" \/>\n\t<meta name=\"twitter:data2\" content=\"2 minutos\" \/>\n<script type=\"application\/ld+json\" class=\"yoast-schema-graph\">{\"@context\":\"https:\/\/schema.org\",\"@graph\":[{\"@type\":\"Article\",\"@id\":\"https:\/\/elcardinal.com\/?p=4430#article\",\"isPartOf\":{\"@id\":\"https:\/\/elcardinal.com\/?p=4430\"},\"author\":{\"name\":\"Antonio Alcaraz\",\"@id\":\"https:\/\/elcardinal.com\/#\/schema\/person\/3c352ec0a33987fe275c0e8a2ea69f8b\"},\"headline\":\"Instala Zapotl\u00e1n de Ju\u00e1rez su Comit\u00e9 de Ordenamiento Ecol\u00f3gico Territorial\u00a0\",\"datePublished\":\"2025-05-07T21:03:37+00:00\",\"dateModified\":\"2025-05-07T21:04:25+00:00\",\"mainEntityOfPage\":{\"@id\":\"https:\/\/elcardinal.com\/?p=4430\"},\"wordCount\":274,\"commentCount\":0,\"publisher\":{\"@id\":\"https:\/\/elcardinal.com\/#organization\"},\"image\":{\"@id\":\"https:\/\/elcardinal.com\/?p=4430#primaryimage\"},\"thumbnailUrl\":\"https:\/\/elcardinal.com\/wp-content\/uploads\/2025\/05\/IMG-20250507-WA0077.jpg\",\"keywords\":[\"Cynthia Arellano Mart\u00ednez\",\"Miguel Tello\",\"Zapotl\u00e1n de Ju\u00e1rez\"],\"articleSection\":[\"Metr\u00f3poli\",\"Minuto a Minuto\"],\"inLanguage\":\"es\",\"potentialAction\":[{\"@type\":\"CommentAction\",\"name\":\"Comment\",\"target\":[\"https:\/\/elcardinal.com\/?p=4430#respond\"]}]},{\"@type\":\"WebPage\",\"@id\":\"https:\/\/elcardinal.com\/?p=4430\",\"url\":\"https:\/\/elcardinal.com\/?p=4430\",\"name\":\"Instala Zapotl\u00e1n de Ju\u00e1rez su Comit\u00e9 de Ordenamiento Ecol\u00f3gico Territorial\u00a0 - El Cardinal\",\"isPartOf\":{\"@id\":\"https:\/\/elcardinal.com\/#website\"},\"primaryImageOfPage\":{\"@id\":\"https:\/\/elcardinal.com\/?p=4430#primaryimage\"},\"image\":{\"@id\":\"https:\/\/elcardinal.com\/?p=4430#primaryimage\"},\"thumbnailUrl\":\"https:\/\/elcardinal.com\/wp-content\/uploads\/2025\/05\/IMG-20250507-WA0077.jpg\",\"datePublished\":\"2025-05-07T21:03:37+00:00\",\"dateModified\":\"2025-05-07T21:04:25+00:00\",\"breadcrumb\":{\"@id\":\"https:\/\/elcardinal.com\/?p=4430#breadcrumb\"},\"inLanguage\":\"es\",\"potentialAction\":[{\"@type\":\"ReadAction\",\"target\":[\"https:\/\/elcardinal.com\/?p=4430\"]}]},{\"@type\":\"ImageObject\",\"inLanguage\":\"es\",\"@id\":\"https:\/\/elcardinal.com\/?p=4430#primaryimage\",\"url\":\"https:\/\/elcardinal.com\/wp-content\/uploads\/2025\/05\/IMG-20250507-WA0077.jpg\",\"contentUrl\":\"https:\/\/elcardinal.com\/wp-content\/uploads\/2025\/05\/IMG-20250507-WA0077.jpg\",\"width\":2560,\"height\":1920},{\"@type\":\"BreadcrumbList\",\"@id\":\"https:\/\/elcardinal.com\/?p=4430#breadcrumb\",\"itemListElement\":[{\"@type\":\"ListItem\",\"position\":1,\"name\":\"Inicio\",\"item\":\"https:\/\/elcardinal.com\/\"},{\"@type\":\"ListItem\",\"position\":2,\"name\":\"Instala Zapotl\u00e1n de Ju\u00e1rez su Comit\u00e9 de Ordenamiento Ecol\u00f3gico Territorial\u00a0\"}]},{\"@type\":\"WebSite\",\"@id\":\"https:\/\/elcardinal.com\/#website\",\"url\":\"https:\/\/elcardinal.com\/\",\"name\":\"El Cardinal\",\"description\":\"Periodismo honesto, con valor, sentido humano, a veces sarc\u00e1stico y divertido.\",\"publisher\":{\"@id\":\"https:\/\/elcardinal.com\/#organization\"},\"alternateName\":\"El Cardinal Noticias\",\"potentialAction\":[{\"@type\":\"SearchAction\",\"target\":{\"@type\":\"EntryPoint\",\"urlTemplate\":\"https:\/\/elcardinal.com\/?s={search_term_string}\"},\"query-input\":{\"@type\":\"PropertyValueSpecification\",\"valueRequired\":true,\"valueName\":\"search_term_string\"}}],\"inLanguage\":\"es\"},{\"@type\":\"Organization\",\"@id\":\"https:\/\/elcardinal.com\/#organization\",\"name\":\"El Cardinal\",\"url\":\"https:\/\/elcardinal.com\/\",\"logo\":{\"@type\":\"ImageObject\",\"inLanguage\":\"es\",\"@id\":\"https:\/\/elcardinal.com\/#\/schema\/logo\/image\/\",\"url\":\"https:\/\/elcardinal.com\/wp-content\/uploads\/2025\/04\/LOGO-EL-CARDINAL-Periodismo-con-valor.png\",\"contentUrl\":\"https:\/\/elcardinal.com\/wp-content\/uploads\/2025\/04\/LOGO-EL-CARDINAL-Periodismo-con-valor.png\",\"width\":755,\"height\":636,\"caption\":\"El Cardinal\"},\"image\":{\"@id\":\"https:\/\/elcardinal.com\/#\/schema\/logo\/image\/\"},\"sameAs\":[\"https:\/\/www.facebook.com\/profile.php?id=100063093107011\",\"https:\/\/x.com\/ElCardinal_Mx\"]},{\"@type\":\"Person\",\"@id\":\"https:\/\/elcardinal.com\/#\/schema\/person\/3c352ec0a33987fe275c0e8a2ea69f8b\",\"name\":\"Antonio Alcaraz\",\"image\":{\"@type\":\"ImageObject\",\"inLanguage\":\"es\",\"@id\":\"https:\/\/elcardinal.com\/#\/schema\/person\/image\/\",\"url\":\"https:\/\/elcardinal.com\/wp-content\/uploads\/2025\/05\/cropped-TONO-96x96.jpg\",\"contentUrl\":\"https:\/\/elcardinal.com\/wp-content\/uploads\/2025\/05\/cropped-TONO-96x96.jpg\",\"caption\":\"Antonio Alcaraz\"},\"url\":\"https:\/\/elcardinal.com\/?author=2\"}]}<\/script>\n<!-- \/ Yoast SEO plugin. -->","yoast_head_json":{"title":"Instala Zapotl\u00e1n de Ju\u00e1rez su Comit\u00e9 de Ordenamiento Ecol\u00f3gico Territorial\u00a0 - El Cardinal","robots":{"index":"index","follow":"follow","max-snippet":"max-snippet:-1","max-image-preview":"max-image-preview:large","max-video-preview":"max-video-preview:-1"},"canonical":"https:\/\/elcardinal.com\/?p=4430","og_locale":"es_MX","og_type":"article","og_title":"Instala Zapotl\u00e1n de Ju\u00e1rez su Comit\u00e9 de Ordenamiento Ecol\u00f3gico Territorial\u00a0 - El Cardinal","og_description":"Redacci\u00f3n Con la finalidad de fomentar acciones estrat\u00e9gicas que fomenten la corresponsabilidad y comunicaci\u00f3n permanente entre instituciones de gobierno y sociedad, este d\u00eda se instal\u00f3 el Comit\u00e9 de Ordenamiento Ecol\u00f3gico Territorial Local. Cynthia Arellano Mart\u00ednez, presidenta municipal de Zapotl\u00e1n de Ju\u00e1rez acompa\u00f1ada del secretario de la Unidad de Planeaci\u00f3n y Prospectiva del Gobierno estatal, Miguel","og_url":"https:\/\/elcardinal.com\/?p=4430","og_site_name":"El Cardinal","article_publisher":"https:\/\/www.facebook.com\/profile.php?id=100063093107011","article_published_time":"2025-05-07T21:03:37+00:00","article_modified_time":"2025-05-07T21:04:25+00:00","og_image":[{"width":2560,"height":1920,"url":"https:\/\/elcardinal.com\/wp-content\/uploads\/2025\/05\/IMG-20250507-WA0077.jpg","type":"image\/jpeg"}],"author":"Antonio Alcaraz","twitter_card":"summary_large_image","twitter_creator":"@ElCardinal_Mx","twitter_site":"@ElCardinal_Mx","twitter_misc":{"Escrito por":"Antonio Alcaraz","Tiempo de lectura":"2 minutos"},"schema":{"@context":"https:\/\/schema.org","@graph":[{"@type":"Article","@id":"https:\/\/elcardinal.com\/?p=4430#article","isPartOf":{"@id":"https:\/\/elcardinal.com\/?p=4430"},"author":{"name":"Antonio Alcaraz","@id":"https:\/\/elcardinal.com\/#\/schema\/person\/3c352ec0a33987fe275c0e8a2ea69f8b"},"headline":"Instala Zapotl\u00e1n de Ju\u00e1rez su Comit\u00e9 de Ordenamiento Ecol\u00f3gico Territorial\u00a0","datePublished":"2025-05-07T21:03:37+00:00","dateModified":"2025-05-07T21:04:25+00:00","mainEntityOfPage":{"@id":"https:\/\/elcardinal.com\/?p=4430"},"wordCount":274,"commentCount":0,"publisher":{"@id":"https:\/\/elcardinal.com\/#organization"},"image":{"@id":"https:\/\/elcardinal.com\/?p=4430#primaryimage"},"thumbnailUrl":"https:\/\/elcardinal.com\/wp-content\/uploads\/2025\/05\/IMG-20250507-WA0077.jpg","keywords":["Cynthia Arellano Mart\u00ednez","Miguel Tello","Zapotl\u00e1n de Ju\u00e1rez"],"articleSection":["Metr\u00f3poli","Minuto a Minuto"],"inLanguage":"es","potentialAction":[{"@type":"CommentAction","name":"Comment","target":["https:\/\/elcardinal.com\/?p=4430#respond"]}]},{"@type":"WebPage","@id":"https:\/\/elcardinal.com\/?p=4430","url":"https:\/\/elcardinal.com\/?p=4430","name":"Instala Zapotl\u00e1n de Ju\u00e1rez su Comit\u00e9 de Ordenamiento Ecol\u00f3gico Territorial\u00a0 - El Cardinal","isPartOf":{"@id":"https:\/\/elcardinal.com\/#website"},"primaryImageOfPage":{"@id":"https:\/\/elcardinal.com\/?p=4430#primaryimage"},"image":{"@id":"https:\/\/elcardinal.com\/?p=4430#primaryimage"},"thumbnailUrl":"https:\/\/elcardinal.com\/wp-content\/uploads\/2025\/05\/IMG-20250507-WA0077.jpg","datePublished":"2025-05-07T21:03:37+00:00","dateModified":"2025-05-07T21:04:25+00:00","breadcrumb":{"@id":"https:\/\/elcardinal.com\/?p=4430#breadcrumb"},"inLanguage":"es","potentialAction":[{"@type":"ReadAction","target":["https:\/\/elcardinal.com\/?p=4430"]}]},{"@type":"ImageObject","inLanguage":"es","@id":"https:\/\/elcardinal.com\/?p=4430#primaryimage","url":"https:\/\/elcardinal.com\/wp-content\/uploads\/2025\/05\/IMG-20250507-WA0077.jpg","contentUrl":"https:\/\/elcardinal.com\/wp-content\/uploads\/2025\/05\/IMG-20250507-WA0077.jpg","width":2560,"height":1920},{"@type":"BreadcrumbList","@id":"https:\/\/elcardinal.com\/?p=4430#breadcrumb","itemListElement":[{"@type":"ListItem","position":1,"name":"Inicio","item":"https:\/\/elcardinal.com\/"},{"@type":"ListItem","position":2,"name":"Instala Zapotl\u00e1n de Ju\u00e1rez su Comit\u00e9 de Ordenamiento Ecol\u00f3gico Territorial\u00a0"}]},{"@type":"WebSite","@id":"https:\/\/elcardinal.com\/#website","url":"https:\/\/elcardinal.com\/","name":"El Cardinal","description":"Periodismo honesto, con valor, sentido humano, a veces sarc\u00e1stico y divertido.","publisher":{"@id":"https:\/\/elcardinal.com\/#organization"},"alternateName":"El Cardinal Noticias","potentialAction":[{"@type":"SearchAction","target":{"@type":"EntryPoint","urlTemplate":"https:\/\/elcardinal.com\/?s={search_term_string}"},"query-input":{"@type":"PropertyValueSpecification","valueRequired":true,"valueName":"search_term_string"}}],"inLanguage":"es"},{"@type":"Organization","@id":"https:\/\/elcardinal.com\/#organization","name":"El Cardinal","url":"https:\/\/elcardinal.com\/","logo":{"@type":"ImageObject","inLanguage":"es","@id":"https:\/\/elcardinal.com\/#\/schema\/logo\/image\/","url":"https:\/\/elcardinal.com\/wp-content\/uploads\/2025\/04\/LOGO-EL-CARDINAL-Periodismo-con-valor.png","contentUrl":"https:\/\/elcardinal.com\/wp-content\/uploads\/2025\/04\/LOGO-EL-CARDINAL-Periodismo-con-valor.png","width":755,"height":636,"caption":"El Cardinal"},"image":{"@id":"https:\/\/elcardinal.com\/#\/schema\/logo\/image\/"},"sameAs":["https:\/\/www.facebook.com\/profile.php?id=100063093107011","https:\/\/x.com\/ElCardinal_Mx"]},{"@type":"Person","@id":"https:\/\/elcardinal.com\/#\/schema\/person\/3c352ec0a33987fe275c0e8a2ea69f8b","name":"Antonio Alcaraz","image":{"@type":"ImageObject","inLanguage":"es","@id":"https:\/\/elcardinal.com\/#\/schema\/person\/image\/","url":"https:\/\/elcardinal.com\/wp-content\/uploads\/2025\/05\/cropped-TONO-96x96.jpg","contentUrl":"https:\/\/elcardinal.com\/wp-content\/uploads\/2025\/05\/cropped-TONO-96x96.jpg","caption":"Antonio Alcaraz"},"url":"https:\/\/elcardinal.com\/?author=2"}]}},"_links":{"self":[{"href":"https:\/\/elcardinal.com\/index.php?rest_route=\/wp\/v2\/posts\/4430","targetHints":{"allow":["GET"]}}],"collection":[{"href":"https:\/\/elcardinal.com\/index.php?rest_route=\/wp\/v2\/posts"}],"about":[{"href":"https:\/\/elcardinal.com\/index.php?rest_route=\/wp\/v2\/types\/post"}],"author":[{"embeddable":true,"href":"https:\/\/elcardinal.com\/index.php?rest_route=\/wp\/v2\/users\/2"}],"replies":[{"embeddable":true,"href":"https:\/\/elcardinal.com\/index.php?rest_route=%2Fwp%2Fv2%2Fcomments&post=4430"}],"version-history":[{"count":1,"href":"https:\/\/elcardinal.com\/index.php?rest_route=\/wp\/v2\/posts\/4430\/revisions"}],"predecessor-version":[{"id":4431,"href":"https:\/\/elcardinal.com\/index.php?rest_route=\/wp\/v2\/posts\/4430\/revisions\/4431"}],"wp:featuredmedia":[{"embeddable":true,"href":"https:\/\/elcardinal.com\/index.php?rest_route=\/wp\/v2\/media\/4432"}],"wp:attachment":[{"href":"https:\/\/elcardinal.com\/index.php?rest_route=%2Fwp%2Fv2%2Fmedia&parent=4430"}],"wp:term":[{"taxonomy":"category","embeddable":true,"href":"https:\/\/elcardinal.com\/index.php?rest_route=%2Fwp%2Fv2%2Fcategories&post=4430"},{"taxonomy":"post_tag","embeddable":true,"href":"https:\/\/elcardinal.com\/index.php?rest_route=%2Fwp%2Fv2%2Ftags&post=4430"}],"curies":[{"name":"wp","href":"https:\/\/api.w.org\/{rel}","templated":true}]}}