{"id":4439,"date":"2025-05-07T23:53:03","date_gmt":"2025-05-08T05:53:03","guid":{"rendered":"https:\/\/elcardinal.com\/?p=4439"},"modified":"2025-05-07T23:53:03","modified_gmt":"2025-05-08T05:53:03","slug":"es-mejor-andar-a-pie-que-sin-pie-conductor-sobrevive-a-accidente-en-la-peligrosa-curva-del-rio-de-las-avenidas","status":"publish","type":"post","link":"https:\/\/elcardinal.com\/?p=4439","title":{"rendered":"&#8216;Es mejor andar a pie que sin pie&#8217;: conductor sobrevive a accidente en la peligrosa curva del R\u00edo de las Avenidas"},"content":{"rendered":"<p>Por: <strong>Jos\u00e9 Antonio Alcaraz Su\u00e1rez\u00a0<\/strong><\/p>\n<p>Pachuca, Hgo.\u2014 \u201cEs mejor andar a pie que sin pie\u201d, expres\u00f3 con resignaci\u00f3n el conductor de un Volkswagen blanco que este mi\u00e9rcoles 7 de mayo sufri\u00f3 un accidente vehicular en la ya conocida \u201ccurva de la muerte\u201d, ubicada en el <strong>R\u00edo de las Avenidas<\/strong>, justo frente al Colegio Londres.<\/p>\n<p>El hombre perdi\u00f3 el control de su autom\u00f3vil y sali\u00f3 del camino. Aunque result\u00f3 ileso, su veh\u00edculo termin\u00f3 con severos da\u00f1os materiales, por lo que en los pr\u00f3ximos d\u00edas deber\u00e1 trasladarse a pie a sus diferentes actividades laborales mientras se realiza la reparaci\u00f3n de su unidad.<\/p>\n<p>Su esposa acudi\u00f3 al lugar minutos despu\u00e9s del percance y, mientras observaban c\u00f3mo el autom\u00f3vil era subido a una gr\u00faa, lo reconfort\u00f3 con palabras de aliento: \u201cLas cosas materiales se recuperan, pero la vida no\u201d.<\/p>\n<p>Afortunadamente, contaban con seguro, el cual se encargar\u00e1 de cubrir los da\u00f1os. \u201cA veces renegamos cuando tenemos que pagarlo, pero en verdad que s\u00ed ayuda mucho\u201d, coment\u00f3 la mujer.<\/p>\n<p>Este nuevo incidente se suma a una serie de percances viales que han ocurrido en esta peligrosa curva. El m\u00e1s grave se registr\u00f3 la madrugada del 27 de abril, cuando tres j\u00f3venes perdieron la vida y una m\u00e1s result\u00f3 gravemente herida.<\/p>\n<p>En ese accidente fallecieron Santiago, de 20 a\u00f1os y estudiante de medicina; as\u00ed como Pamela y Mar\u00eda, ambas de 19 a\u00f1os. El choque ocurri\u00f3 cuando el conductor de un Volkswagen Bora gris perdi\u00f3 el control y se estrell\u00f3 contra un \u00e1rbol, entre los bulevares Everardo M\u00e1rquez y Rojo G\u00f3mez, a la altura del mismo punto.<\/p>\n<p>Vecinos y automovilistas han se\u00f1alado la necesidad de atender esta zona, que se ha convertido en un punto cr\u00edtico para la seguridad vial en la capital hidalguense.<\/p>\n","protected":false},"excerpt":{"rendered":"<p>Por: Jos\u00e9 Antonio Alcaraz Su\u00e1rez\u00a0 Pachuca, Hgo.\u2014 \u201cEs mejor andar a pie que sin pie\u201d, expres\u00f3 con resignaci\u00f3n el conductor de un Volkswagen blanco que este mi\u00e9rcoles 7 de mayo sufri\u00f3 un accidente vehicular en la ya conocida \u201ccurva de la muerte\u201d, ubicada en el R\u00edo de las Avenidas, justo frente al Colegio Londres. El<\/p>\n","protected":false},"author":2,"featured_media":4440,"comment_status":"open","ping_status":"open","sticky":false,"template":"","format":"standard","meta":{"footnotes":""},"categories":[36,44],"tags":[133,81,65,134],"class_list":{"0":"post-4439","1":"post","2":"type-post","3":"status-publish","4":"format-standard","5":"has-post-thumbnail","7":"category-historias","8":"category-minuto-a-minuto","9":"tag-historias-de-el-cardinal","10":"tag-jose-antonio-alcaraz-suarez","11":"tag-pachuca","12":"tag-rio-de-las-avenidas"},"yoast_head":"<!-- This site is optimized with the Yoast SEO plugin v26.1.1 - https:\/\/yoast.com\/wordpress\/plugins\/seo\/ -->\n<title>&#039;Es mejor andar a pie que sin pie&#039;: conductor sobrevive a accidente en la peligrosa curva del R\u00edo de las Avenidas - El Cardinal<\/title>\n<meta name=\"robots\" content=\"index, follow, max-snippet:-1, max-image-preview:large, max-video-preview:-1\" \/>\n<link rel=\"canonical\" href=\"https:\/\/elcardinal.com\/?p=4439\" \/>\n<meta property=\"og:locale\" content=\"es_MX\" \/>\n<meta property=\"og:type\" content=\"article\" \/>\n<meta property=\"og:title\" content=\"&#039;Es mejor andar a pie que sin pie&#039;: conductor sobrevive a accidente en la peligrosa curva del R\u00edo de las Avenidas - El Cardinal\" \/>\n<meta property=\"og:description\" content=\"Por: Jos\u00e9 Antonio Alcaraz Su\u00e1rez\u00a0 Pachuca, Hgo.\u2014 \u201cEs mejor andar a pie que sin pie\u201d, expres\u00f3 con resignaci\u00f3n el conductor de un Volkswagen blanco que este mi\u00e9rcoles 7 de mayo sufri\u00f3 un accidente vehicular en la ya conocida \u201ccurva de la muerte\u201d, ubicada en el R\u00edo de las Avenidas, justo frente al Colegio Londres. El\" \/>\n<meta property=\"og:url\" content=\"https:\/\/elcardinal.com\/?p=4439\" \/>\n<meta property=\"og:site_name\" content=\"El Cardinal\" \/>\n<meta property=\"article:publisher\" content=\"https:\/\/www.facebook.com\/profile.php?id=100063093107011\" \/>\n<meta property=\"article:published_time\" content=\"2025-05-08T05:53:03+00:00\" \/>\n<meta property=\"og:image\" content=\"https:\/\/elcardinal.com\/wp-content\/uploads\/2025\/05\/495048871_1013700557409705_7837503522899753416_n.jpg\" \/>\n\t<meta property=\"og:image:width\" content=\"2048\" \/>\n\t<meta property=\"og:image:height\" content=\"1153\" \/>\n\t<meta property=\"og:image:type\" content=\"image\/jpeg\" \/>\n<meta name=\"author\" content=\"Antonio Alcaraz\" \/>\n<meta name=\"twitter:card\" content=\"summary_large_image\" \/>\n<meta name=\"twitter:creator\" content=\"@ElCardinal_Mx\" \/>\n<meta name=\"twitter:site\" content=\"@ElCardinal_Mx\" \/>\n<meta name=\"twitter:label1\" content=\"Escrito por\" \/>\n\t<meta name=\"twitter:data1\" content=\"Antonio Alcaraz\" \/>\n\t<meta name=\"twitter:label2\" content=\"Tiempo de lectura\" \/>\n\t<meta name=\"twitter:data2\" content=\"2 minutos\" \/>\n<script type=\"application\/ld+json\" class=\"yoast-schema-graph\">{\"@context\":\"https:\/\/schema.org\",\"@graph\":[{\"@type\":\"Article\",\"@id\":\"https:\/\/elcardinal.com\/?p=4439#article\",\"isPartOf\":{\"@id\":\"https:\/\/elcardinal.com\/?p=4439\"},\"author\":{\"name\":\"Antonio Alcaraz\",\"@id\":\"https:\/\/elcardinal.com\/#\/schema\/person\/3c352ec0a33987fe275c0e8a2ea69f8b\"},\"headline\":\"&#8216;Es mejor andar a pie que sin pie&#8217;: conductor sobrevive a accidente en la peligrosa curva del R\u00edo de las Avenidas\",\"datePublished\":\"2025-05-08T05:53:03+00:00\",\"mainEntityOfPage\":{\"@id\":\"https:\/\/elcardinal.com\/?p=4439\"},\"wordCount\":330,\"commentCount\":0,\"publisher\":{\"@id\":\"https:\/\/elcardinal.com\/#organization\"},\"image\":{\"@id\":\"https:\/\/elcardinal.com\/?p=4439#primaryimage\"},\"thumbnailUrl\":\"https:\/\/elcardinal.com\/wp-content\/uploads\/2025\/05\/495048871_1013700557409705_7837503522899753416_n.jpg\",\"keywords\":[\"Historias De El Cardinal\",\"Jos\u00e9 Antonio Alcaraz Su\u00e1rez\",\"Pachuca\",\"R\u00edo de las Avenidas\"],\"articleSection\":[\"Historias\",\"Minuto a Minuto\"],\"inLanguage\":\"es\",\"potentialAction\":[{\"@type\":\"CommentAction\",\"name\":\"Comment\",\"target\":[\"https:\/\/elcardinal.com\/?p=4439#respond\"]}]},{\"@type\":\"WebPage\",\"@id\":\"https:\/\/elcardinal.com\/?p=4439\",\"url\":\"https:\/\/elcardinal.com\/?p=4439\",\"name\":\"'Es mejor andar a pie que sin pie': conductor sobrevive a accidente en la peligrosa curva del R\u00edo de las Avenidas - El Cardinal\",\"isPartOf\":{\"@id\":\"https:\/\/elcardinal.com\/#website\"},\"primaryImageOfPage\":{\"@id\":\"https:\/\/elcardinal.com\/?p=4439#primaryimage\"},\"image\":{\"@id\":\"https:\/\/elcardinal.com\/?p=4439#primaryimage\"},\"thumbnailUrl\":\"https:\/\/elcardinal.com\/wp-content\/uploads\/2025\/05\/495048871_1013700557409705_7837503522899753416_n.jpg\",\"datePublished\":\"2025-05-08T05:53:03+00:00\",\"breadcrumb\":{\"@id\":\"https:\/\/elcardinal.com\/?p=4439#breadcrumb\"},\"inLanguage\":\"es\",\"potentialAction\":[{\"@type\":\"ReadAction\",\"target\":[\"https:\/\/elcardinal.com\/?p=4439\"]}]},{\"@type\":\"ImageObject\",\"inLanguage\":\"es\",\"@id\":\"https:\/\/elcardinal.com\/?p=4439#primaryimage\",\"url\":\"https:\/\/elcardinal.com\/wp-content\/uploads\/2025\/05\/495048871_1013700557409705_7837503522899753416_n.jpg\",\"contentUrl\":\"https:\/\/elcardinal.com\/wp-content\/uploads\/2025\/05\/495048871_1013700557409705_7837503522899753416_n.jpg\",\"width\":2048,\"height\":1153},{\"@type\":\"BreadcrumbList\",\"@id\":\"https:\/\/elcardinal.com\/?p=4439#breadcrumb\",\"itemListElement\":[{\"@type\":\"ListItem\",\"position\":1,\"name\":\"Inicio\",\"item\":\"https:\/\/elcardinal.com\/\"},{\"@type\":\"ListItem\",\"position\":2,\"name\":\"&#8216;Es mejor andar a pie que sin pie&#8217;: conductor sobrevive a accidente en la peligrosa curva del R\u00edo de las Avenidas\"}]},{\"@type\":\"WebSite\",\"@id\":\"https:\/\/elcardinal.com\/#website\",\"url\":\"https:\/\/elcardinal.com\/\",\"name\":\"El Cardinal\",\"description\":\"Periodismo honesto, con valor, sentido humano, a veces sarc\u00e1stico y divertido.\",\"publisher\":{\"@id\":\"https:\/\/elcardinal.com\/#organization\"},\"alternateName\":\"El Cardinal Noticias\",\"potentialAction\":[{\"@type\":\"SearchAction\",\"target\":{\"@type\":\"EntryPoint\",\"urlTemplate\":\"https:\/\/elcardinal.com\/?s={search_term_string}\"},\"query-input\":{\"@type\":\"PropertyValueSpecification\",\"valueRequired\":true,\"valueName\":\"search_term_string\"}}],\"inLanguage\":\"es\"},{\"@type\":\"Organization\",\"@id\":\"https:\/\/elcardinal.com\/#organization\",\"name\":\"El Cardinal\",\"url\":\"https:\/\/elcardinal.com\/\",\"logo\":{\"@type\":\"ImageObject\",\"inLanguage\":\"es\",\"@id\":\"https:\/\/elcardinal.com\/#\/schema\/logo\/image\/\",\"url\":\"https:\/\/elcardinal.com\/wp-content\/uploads\/2025\/04\/LOGO-EL-CARDINAL-Periodismo-con-valor.png\",\"contentUrl\":\"https:\/\/elcardinal.com\/wp-content\/uploads\/2025\/04\/LOGO-EL-CARDINAL-Periodismo-con-valor.png\",\"width\":755,\"height\":636,\"caption\":\"El Cardinal\"},\"image\":{\"@id\":\"https:\/\/elcardinal.com\/#\/schema\/logo\/image\/\"},\"sameAs\":[\"https:\/\/www.facebook.com\/profile.php?id=100063093107011\",\"https:\/\/x.com\/ElCardinal_Mx\"]},{\"@type\":\"Person\",\"@id\":\"https:\/\/elcardinal.com\/#\/schema\/person\/3c352ec0a33987fe275c0e8a2ea69f8b\",\"name\":\"Antonio Alcaraz\",\"image\":{\"@type\":\"ImageObject\",\"inLanguage\":\"es\",\"@id\":\"https:\/\/elcardinal.com\/#\/schema\/person\/image\/\",\"url\":\"https:\/\/elcardinal.com\/wp-content\/uploads\/2025\/05\/cropped-TONO-96x96.jpg\",\"contentUrl\":\"https:\/\/elcardinal.com\/wp-content\/uploads\/2025\/05\/cropped-TONO-96x96.jpg\",\"caption\":\"Antonio Alcaraz\"},\"url\":\"https:\/\/elcardinal.com\/?author=2\"}]}<\/script>\n<!-- \/ Yoast SEO plugin. -->","yoast_head_json":{"title":"'Es mejor andar a pie que sin pie': conductor sobrevive a accidente en la peligrosa curva del R\u00edo de las Avenidas - El Cardinal","robots":{"index":"index","follow":"follow","max-snippet":"max-snippet:-1","max-image-preview":"max-image-preview:large","max-video-preview":"max-video-preview:-1"},"canonical":"https:\/\/elcardinal.com\/?p=4439","og_locale":"es_MX","og_type":"article","og_title":"'Es mejor andar a pie que sin pie': conductor sobrevive a accidente en la peligrosa curva del R\u00edo de las Avenidas - El Cardinal","og_description":"Por: Jos\u00e9 Antonio Alcaraz Su\u00e1rez\u00a0 Pachuca, Hgo.\u2014 \u201cEs mejor andar a pie que sin pie\u201d, expres\u00f3 con resignaci\u00f3n el conductor de un Volkswagen blanco que este mi\u00e9rcoles 7 de mayo sufri\u00f3 un accidente vehicular en la ya conocida \u201ccurva de la muerte\u201d, ubicada en el R\u00edo de las Avenidas, justo frente al Colegio Londres. El","og_url":"https:\/\/elcardinal.com\/?p=4439","og_site_name":"El Cardinal","article_publisher":"https:\/\/www.facebook.com\/profile.php?id=100063093107011","article_published_time":"2025-05-08T05:53:03+00:00","og_image":[{"width":2048,"height":1153,"url":"https:\/\/elcardinal.com\/wp-content\/uploads\/2025\/05\/495048871_1013700557409705_7837503522899753416_n.jpg","type":"image\/jpeg"}],"author":"Antonio Alcaraz","twitter_card":"summary_large_image","twitter_creator":"@ElCardinal_Mx","twitter_site":"@ElCardinal_Mx","twitter_misc":{"Escrito por":"Antonio Alcaraz","Tiempo de lectura":"2 minutos"},"schema":{"@context":"https:\/\/schema.org","@graph":[{"@type":"Article","@id":"https:\/\/elcardinal.com\/?p=4439#article","isPartOf":{"@id":"https:\/\/elcardinal.com\/?p=4439"},"author":{"name":"Antonio Alcaraz","@id":"https:\/\/elcardinal.com\/#\/schema\/person\/3c352ec0a33987fe275c0e8a2ea69f8b"},"headline":"&#8216;Es mejor andar a pie que sin pie&#8217;: conductor sobrevive a accidente en la peligrosa curva del R\u00edo de las Avenidas","datePublished":"2025-05-08T05:53:03+00:00","mainEntityOfPage":{"@id":"https:\/\/elcardinal.com\/?p=4439"},"wordCount":330,"commentCount":0,"publisher":{"@id":"https:\/\/elcardinal.com\/#organization"},"image":{"@id":"https:\/\/elcardinal.com\/?p=4439#primaryimage"},"thumbnailUrl":"https:\/\/elcardinal.com\/wp-content\/uploads\/2025\/05\/495048871_1013700557409705_7837503522899753416_n.jpg","keywords":["Historias De El Cardinal","Jos\u00e9 Antonio Alcaraz Su\u00e1rez","Pachuca","R\u00edo de las Avenidas"],"articleSection":["Historias","Minuto a Minuto"],"inLanguage":"es","potentialAction":[{"@type":"CommentAction","name":"Comment","target":["https:\/\/elcardinal.com\/?p=4439#respond"]}]},{"@type":"WebPage","@id":"https:\/\/elcardinal.com\/?p=4439","url":"https:\/\/elcardinal.com\/?p=4439","name":"'Es mejor andar a pie que sin pie': conductor sobrevive a accidente en la peligrosa curva del R\u00edo de las Avenidas - El Cardinal","isPartOf":{"@id":"https:\/\/elcardinal.com\/#website"},"primaryImageOfPage":{"@id":"https:\/\/elcardinal.com\/?p=4439#primaryimage"},"image":{"@id":"https:\/\/elcardinal.com\/?p=4439#primaryimage"},"thumbnailUrl":"https:\/\/elcardinal.com\/wp-content\/uploads\/2025\/05\/495048871_1013700557409705_7837503522899753416_n.jpg","datePublished":"2025-05-08T05:53:03+00:00","breadcrumb":{"@id":"https:\/\/elcardinal.com\/?p=4439#breadcrumb"},"inLanguage":"es","potentialAction":[{"@type":"ReadAction","target":["https:\/\/elcardinal.com\/?p=4439"]}]},{"@type":"ImageObject","inLanguage":"es","@id":"https:\/\/elcardinal.com\/?p=4439#primaryimage","url":"https:\/\/elcardinal.com\/wp-content\/uploads\/2025\/05\/495048871_1013700557409705_7837503522899753416_n.jpg","contentUrl":"https:\/\/elcardinal.com\/wp-content\/uploads\/2025\/05\/495048871_1013700557409705_7837503522899753416_n.jpg","width":2048,"height":1153},{"@type":"BreadcrumbList","@id":"https:\/\/elcardinal.com\/?p=4439#breadcrumb","itemListElement":[{"@type":"ListItem","position":1,"name":"Inicio","item":"https:\/\/elcardinal.com\/"},{"@type":"ListItem","position":2,"name":"&#8216;Es mejor andar a pie que sin pie&#8217;: conductor sobrevive a accidente en la peligrosa curva del R\u00edo de las Avenidas"}]},{"@type":"WebSite","@id":"https:\/\/elcardinal.com\/#website","url":"https:\/\/elcardinal.com\/","name":"El Cardinal","description":"Periodismo honesto, con valor, sentido humano, a veces sarc\u00e1stico y divertido.","publisher":{"@id":"https:\/\/elcardinal.com\/#organization"},"alternateName":"El Cardinal Noticias","potentialAction":[{"@type":"SearchAction","target":{"@type":"EntryPoint","urlTemplate":"https:\/\/elcardinal.com\/?s={search_term_string}"},"query-input":{"@type":"PropertyValueSpecification","valueRequired":true,"valueName":"search_term_string"}}],"inLanguage":"es"},{"@type":"Organization","@id":"https:\/\/elcardinal.com\/#organization","name":"El Cardinal","url":"https:\/\/elcardinal.com\/","logo":{"@type":"ImageObject","inLanguage":"es","@id":"https:\/\/elcardinal.com\/#\/schema\/logo\/image\/","url":"https:\/\/elcardinal.com\/wp-content\/uploads\/2025\/04\/LOGO-EL-CARDINAL-Periodismo-con-valor.png","contentUrl":"https:\/\/elcardinal.com\/wp-content\/uploads\/2025\/04\/LOGO-EL-CARDINAL-Periodismo-con-valor.png","width":755,"height":636,"caption":"El Cardinal"},"image":{"@id":"https:\/\/elcardinal.com\/#\/schema\/logo\/image\/"},"sameAs":["https:\/\/www.facebook.com\/profile.php?id=100063093107011","https:\/\/x.com\/ElCardinal_Mx"]},{"@type":"Person","@id":"https:\/\/elcardinal.com\/#\/schema\/person\/3c352ec0a33987fe275c0e8a2ea69f8b","name":"Antonio Alcaraz","image":{"@type":"ImageObject","inLanguage":"es","@id":"https:\/\/elcardinal.com\/#\/schema\/person\/image\/","url":"https:\/\/elcardinal.com\/wp-content\/uploads\/2025\/05\/cropped-TONO-96x96.jpg","contentUrl":"https:\/\/elcardinal.com\/wp-content\/uploads\/2025\/05\/cropped-TONO-96x96.jpg","caption":"Antonio Alcaraz"},"url":"https:\/\/elcardinal.com\/?author=2"}]}},"_links":{"self":[{"href":"https:\/\/elcardinal.com\/index.php?rest_route=\/wp\/v2\/posts\/4439","targetHints":{"allow":["GET"]}}],"collection":[{"href":"https:\/\/elcardinal.com\/index.php?rest_route=\/wp\/v2\/posts"}],"about":[{"href":"https:\/\/elcardinal.com\/index.php?rest_route=\/wp\/v2\/types\/post"}],"author":[{"embeddable":true,"href":"https:\/\/elcardinal.com\/index.php?rest_route=\/wp\/v2\/users\/2"}],"replies":[{"embeddable":true,"href":"https:\/\/elcardinal.com\/index.php?rest_route=%2Fwp%2Fv2%2Fcomments&post=4439"}],"version-history":[{"count":1,"href":"https:\/\/elcardinal.com\/index.php?rest_route=\/wp\/v2\/posts\/4439\/revisions"}],"predecessor-version":[{"id":4441,"href":"https:\/\/elcardinal.com\/index.php?rest_route=\/wp\/v2\/posts\/4439\/revisions\/4441"}],"wp:featuredmedia":[{"embeddable":true,"href":"https:\/\/elcardinal.com\/index.php?rest_route=\/wp\/v2\/media\/4440"}],"wp:attachment":[{"href":"https:\/\/elcardinal.com\/index.php?rest_route=%2Fwp%2Fv2%2Fmedia&parent=4439"}],"wp:term":[{"taxonomy":"category","embeddable":true,"href":"https:\/\/elcardinal.com\/index.php?rest_route=%2Fwp%2Fv2%2Fcategories&post=4439"},{"taxonomy":"post_tag","embeddable":true,"href":"https:\/\/elcardinal.com\/index.php?rest_route=%2Fwp%2Fv2%2Ftags&post=4439"}],"curies":[{"name":"wp","href":"https:\/\/api.w.org\/{rel}","templated":true}]}}