{"id":4442,"date":"2025-05-08T17:05:31","date_gmt":"2025-05-08T23:05:31","guid":{"rendered":"https:\/\/elcardinal.com\/?p=4442"},"modified":"2025-05-08T17:05:31","modified_gmt":"2025-05-08T23:05:31","slug":"dan-primeros-pasos-para-restaurar-el-reloj-monumental-proyecto-ronda-los-4-millones","status":"publish","type":"post","link":"https:\/\/elcardinal.com\/?p=4442","title":{"rendered":"Dan primeros pasos para restaurar el Reloj Monumental; proyecto ronda los 4 millones"},"content":{"rendered":"<p>&nbsp;<\/p>\n<p>Por: <strong>Jos\u00e9 Antonio Alcaraz Su\u00e1rez<\/strong><\/p>\n<p>Pachuca, Hgo.\u2013 El presidente municipal <strong>Jorge Alberto Hern\u00e1ndez Reyes<\/strong> inform\u00f3 que el proyecto de restauraci\u00f3n del <strong>Reloj Monumental de Pachuca<\/strong> avanza y se encuentra en espera de la autorizaci\u00f3n final por parte del <strong>Instituto Nacional de Bellas Artes y Literatura (INBAL)<\/strong> y del Instituto Nacional de Antropolog\u00eda e Historia (INAH), organismos que tambi\u00e9n definir\u00e1n qu\u00e9 empresa con certificaci\u00f3n intervendr\u00e1 el inmueble hist\u00f3rico.<\/p>\n<blockquote><p><em>\u201cYa metimos los oficios correspondientes, ya se ense\u00f1\u00f3 el proyecto, solo estamos en espera de la respuesta, que no debe tardar m\u00e1s de 15 d\u00edas\u201d,<\/em> dijo el edil este d\u00eda tras el t\u00e9rmino de una sesi\u00f3n de cabildo.<\/p>\n<p>&nbsp;<\/p><\/blockquote>\n<p><img fetchpriority=\"high\" decoding=\"async\" class=\" wp-image-4443 alignleft\" style=\"vertical-align: middle; font-size: 15.68px; font-family: 'Public Sans', system-ui, sans-serif; color: #191919;\" src=\"https:\/\/elcardinal.com\/wp-content\/uploads\/2025\/05\/496002828_676579635229123_671712642894561257_n-300x205.jpg\" alt=\"\" width=\"308\" height=\"211\" srcset=\"https:\/\/elcardinal.com\/wp-content\/uploads\/2025\/05\/496002828_676579635229123_671712642894561257_n-300x205.jpg 300w, https:\/\/elcardinal.com\/wp-content\/uploads\/2025\/05\/496002828_676579635229123_671712642894561257_n-1024x700.jpg 1024w, https:\/\/elcardinal.com\/wp-content\/uploads\/2025\/05\/496002828_676579635229123_671712642894561257_n-768x525.jpg 768w, https:\/\/elcardinal.com\/wp-content\/uploads\/2025\/05\/496002828_676579635229123_671712642894561257_n-1536x1050.jpg 1536w, https:\/\/elcardinal.com\/wp-content\/uploads\/2025\/05\/496002828_676579635229123_671712642894561257_n-150x103.jpg 150w, https:\/\/elcardinal.com\/wp-content\/uploads\/2025\/05\/496002828_676579635229123_671712642894561257_n-450x308.jpg 450w, https:\/\/elcardinal.com\/wp-content\/uploads\/2025\/05\/496002828_676579635229123_671712642894561257_n-1200x820.jpg 1200w, https:\/\/elcardinal.com\/wp-content\/uploads\/2025\/05\/496002828_676579635229123_671712642894561257_n.jpg 2048w\" sizes=\"(max-width: 308px) 100vw, 308px\" \/><\/p>\n<p>Precis\u00f3 que la restauraci\u00f3n contempla una primera etapa en la fachada con un presupuesto aproximado de un mill\u00f3n de pesos, y una segunda fase para la intervenci\u00f3n del interior del reloj, con un costo estimado de entre 2 y 3 millones de pesos, es decir de 3 a 4 millones de pesos.<\/p>\n<p>En otro tema, Hern\u00e1ndez Reyes aclar\u00f3 que el proyecto de construcci\u00f3n de un estacionamiento de dos niveles en la Plaza Constituci\u00f3n no corresponde al municipio, sino al Gobierno del Estado. Tambi\u00e9n abord\u00f3 el retiro de comerciantes ambulantes en dicha plaza, el cual se debi\u00f3 a un evento conmemorativo, aunque confirm\u00f3 que siguen trabajando en la reubicaci\u00f3n definitiva.<\/p>\n<p>\u201cSeguimos en pl\u00e1ticas para definir las ubicaciones con los propietarios de los espacios que analizamos; existe buena comunicaci\u00f3n con los comerciantes y estamos por terminar el padr\u00f3n con geolocalizaci\u00f3n y credenciales de elector para tener control y evitar incrementos desmedidos en cada administraci\u00f3n\u201d, explic\u00f3.<\/p>\n<p>Sobre los recursos para adquirir un predio destinado a reubicar al comercio informal, el presidente indic\u00f3 que actualmente no se cuenta con presupuesto para comprar un terreno. \u201cBuscamos opciones a trav\u00e9s de renta o reacondicionamiento de espacios municipales\u201d, a\u00f1adi\u00f3.<\/p>\n<p>En cuanto a las obras p\u00fablicas, descart\u00f3 que las repavimentaciones hechas por el Ayuntamiento hayan sido intervenidas por el organismo operador de agua potable, Caasim. Asegur\u00f3 que desde el inicio de su administraci\u00f3n ha habido coordinaci\u00f3n con dicha dependencia para evitar afectaciones posteriores en calles intervenidas.<\/p>\n<p>Finalmente, respecto a la condonaci\u00f3n del impuesto predial, Hern\u00e1ndez Reyes afirm\u00f3 que no se han detectado irregularidades en las solicitudes recientes, aunque destac\u00f3 que las exenciones deben aplicarse solo a inmuebles de uso p\u00fablico, no a propiedades privadas, incluso si son utilizadas por funcionarios.<\/p>\n<p>\u201cSeguiremos vigilantes para que todo se realice conforme a derecho\u201d, concluy\u00f3.<\/p>\n","protected":false},"excerpt":{"rendered":"<p>&nbsp; Por: Jos\u00e9 Antonio Alcaraz Su\u00e1rez Pachuca, Hgo.\u2013 El presidente municipal Jorge Alberto Hern\u00e1ndez Reyes inform\u00f3 que el proyecto de restauraci\u00f3n del Reloj Monumental de Pachuca avanza y se encuentra en espera de la autorizaci\u00f3n final por parte del Instituto Nacional de Bellas Artes y Literatura (INBAL) y del Instituto Nacional de Antropolog\u00eda e Historia<\/p>\n","protected":false},"author":2,"featured_media":4444,"comment_status":"open","ping_status":"open","sticky":false,"template":"","format":"standard","meta":{"footnotes":""},"categories":[32,44],"tags":[80,135],"class_list":{"0":"post-4442","1":"post","2":"type-post","3":"status-publish","4":"format-standard","5":"has-post-thumbnail","7":"category-metropoli","8":"category-minuto-a-minuto","9":"tag-jorge-reyes","10":"tag-reloj-monumental-de-pachuca"},"yoast_head":"<!-- This site is optimized with the Yoast SEO plugin v26.1.1 - https:\/\/yoast.com\/wordpress\/plugins\/seo\/ -->\n<title>Dan primeros pasos para restaurar el Reloj Monumental; proyecto ronda los 4 millones - El Cardinal<\/title>\n<meta name=\"robots\" content=\"index, follow, max-snippet:-1, max-image-preview:large, max-video-preview:-1\" \/>\n<link rel=\"canonical\" href=\"https:\/\/elcardinal.com\/?p=4442\" \/>\n<meta property=\"og:locale\" content=\"es_MX\" \/>\n<meta property=\"og:type\" content=\"article\" \/>\n<meta property=\"og:title\" content=\"Dan primeros pasos para restaurar el Reloj Monumental; proyecto ronda los 4 millones - El Cardinal\" \/>\n<meta property=\"og:description\" content=\"&nbsp; Por: Jos\u00e9 Antonio Alcaraz Su\u00e1rez Pachuca, Hgo.\u2013 El presidente municipal Jorge Alberto Hern\u00e1ndez Reyes inform\u00f3 que el proyecto de restauraci\u00f3n del Reloj Monumental de Pachuca avanza y se encuentra en espera de la autorizaci\u00f3n final por parte del Instituto Nacional de Bellas Artes y Literatura (INBAL) y del Instituto Nacional de Antropolog\u00eda e Historia\" \/>\n<meta property=\"og:url\" content=\"https:\/\/elcardinal.com\/?p=4442\" \/>\n<meta property=\"og:site_name\" content=\"El Cardinal\" \/>\n<meta property=\"article:publisher\" content=\"https:\/\/www.facebook.com\/profile.php?id=100063093107011\" \/>\n<meta property=\"article:published_time\" content=\"2025-05-08T23:05:31+00:00\" \/>\n<meta property=\"og:image\" content=\"https:\/\/elcardinal.com\/wp-content\/uploads\/2025\/05\/WhatsApp-Image-2025-05-08-at-5.02.22-PM.jpeg\" \/>\n\t<meta property=\"og:image:width\" content=\"1600\" \/>\n\t<meta property=\"og:image:height\" content=\"897\" \/>\n\t<meta property=\"og:image:type\" content=\"image\/jpeg\" \/>\n<meta name=\"author\" content=\"Antonio Alcaraz\" \/>\n<meta name=\"twitter:card\" content=\"summary_large_image\" \/>\n<meta name=\"twitter:creator\" content=\"@ElCardinal_Mx\" \/>\n<meta name=\"twitter:site\" content=\"@ElCardinal_Mx\" \/>\n<meta name=\"twitter:label1\" content=\"Escrito por\" \/>\n\t<meta name=\"twitter:data1\" content=\"Antonio Alcaraz\" \/>\n\t<meta name=\"twitter:label2\" content=\"Tiempo de lectura\" \/>\n\t<meta name=\"twitter:data2\" content=\"3 minutos\" \/>\n<script type=\"application\/ld+json\" class=\"yoast-schema-graph\">{\"@context\":\"https:\/\/schema.org\",\"@graph\":[{\"@type\":\"Article\",\"@id\":\"https:\/\/elcardinal.com\/?p=4442#article\",\"isPartOf\":{\"@id\":\"https:\/\/elcardinal.com\/?p=4442\"},\"author\":{\"name\":\"Antonio Alcaraz\",\"@id\":\"https:\/\/elcardinal.com\/#\/schema\/person\/3c352ec0a33987fe275c0e8a2ea69f8b\"},\"headline\":\"Dan primeros pasos para restaurar el Reloj Monumental; proyecto ronda los 4 millones\",\"datePublished\":\"2025-05-08T23:05:31+00:00\",\"mainEntityOfPage\":{\"@id\":\"https:\/\/elcardinal.com\/?p=4442\"},\"wordCount\":442,\"commentCount\":0,\"publisher\":{\"@id\":\"https:\/\/elcardinal.com\/#organization\"},\"image\":{\"@id\":\"https:\/\/elcardinal.com\/?p=4442#primaryimage\"},\"thumbnailUrl\":\"https:\/\/elcardinal.com\/wp-content\/uploads\/2025\/05\/WhatsApp-Image-2025-05-08-at-5.02.22-PM.jpeg\",\"keywords\":[\"Jorge Reyes\",\"Reloj Monumental de Pachuca\"],\"articleSection\":[\"Metr\u00f3poli\",\"Minuto a Minuto\"],\"inLanguage\":\"es\",\"potentialAction\":[{\"@type\":\"CommentAction\",\"name\":\"Comment\",\"target\":[\"https:\/\/elcardinal.com\/?p=4442#respond\"]}]},{\"@type\":\"WebPage\",\"@id\":\"https:\/\/elcardinal.com\/?p=4442\",\"url\":\"https:\/\/elcardinal.com\/?p=4442\",\"name\":\"Dan primeros pasos para restaurar el Reloj Monumental; proyecto ronda los 4 millones - El Cardinal\",\"isPartOf\":{\"@id\":\"https:\/\/elcardinal.com\/#website\"},\"primaryImageOfPage\":{\"@id\":\"https:\/\/elcardinal.com\/?p=4442#primaryimage\"},\"image\":{\"@id\":\"https:\/\/elcardinal.com\/?p=4442#primaryimage\"},\"thumbnailUrl\":\"https:\/\/elcardinal.com\/wp-content\/uploads\/2025\/05\/WhatsApp-Image-2025-05-08-at-5.02.22-PM.jpeg\",\"datePublished\":\"2025-05-08T23:05:31+00:00\",\"breadcrumb\":{\"@id\":\"https:\/\/elcardinal.com\/?p=4442#breadcrumb\"},\"inLanguage\":\"es\",\"potentialAction\":[{\"@type\":\"ReadAction\",\"target\":[\"https:\/\/elcardinal.com\/?p=4442\"]}]},{\"@type\":\"ImageObject\",\"inLanguage\":\"es\",\"@id\":\"https:\/\/elcardinal.com\/?p=4442#primaryimage\",\"url\":\"https:\/\/elcardinal.com\/wp-content\/uploads\/2025\/05\/WhatsApp-Image-2025-05-08-at-5.02.22-PM.jpeg\",\"contentUrl\":\"https:\/\/elcardinal.com\/wp-content\/uploads\/2025\/05\/WhatsApp-Image-2025-05-08-at-5.02.22-PM.jpeg\",\"width\":1600,\"height\":897},{\"@type\":\"BreadcrumbList\",\"@id\":\"https:\/\/elcardinal.com\/?p=4442#breadcrumb\",\"itemListElement\":[{\"@type\":\"ListItem\",\"position\":1,\"name\":\"Inicio\",\"item\":\"https:\/\/elcardinal.com\/\"},{\"@type\":\"ListItem\",\"position\":2,\"name\":\"Dan primeros pasos para restaurar el Reloj Monumental; proyecto ronda los 4 millones\"}]},{\"@type\":\"WebSite\",\"@id\":\"https:\/\/elcardinal.com\/#website\",\"url\":\"https:\/\/elcardinal.com\/\",\"name\":\"El Cardinal\",\"description\":\"Periodismo honesto, con valor, sentido humano, a veces sarc\u00e1stico y divertido.\",\"publisher\":{\"@id\":\"https:\/\/elcardinal.com\/#organization\"},\"alternateName\":\"El Cardinal Noticias\",\"potentialAction\":[{\"@type\":\"SearchAction\",\"target\":{\"@type\":\"EntryPoint\",\"urlTemplate\":\"https:\/\/elcardinal.com\/?s={search_term_string}\"},\"query-input\":{\"@type\":\"PropertyValueSpecification\",\"valueRequired\":true,\"valueName\":\"search_term_string\"}}],\"inLanguage\":\"es\"},{\"@type\":\"Organization\",\"@id\":\"https:\/\/elcardinal.com\/#organization\",\"name\":\"El Cardinal\",\"url\":\"https:\/\/elcardinal.com\/\",\"logo\":{\"@type\":\"ImageObject\",\"inLanguage\":\"es\",\"@id\":\"https:\/\/elcardinal.com\/#\/schema\/logo\/image\/\",\"url\":\"https:\/\/elcardinal.com\/wp-content\/uploads\/2025\/04\/LOGO-EL-CARDINAL-Periodismo-con-valor.png\",\"contentUrl\":\"https:\/\/elcardinal.com\/wp-content\/uploads\/2025\/04\/LOGO-EL-CARDINAL-Periodismo-con-valor.png\",\"width\":755,\"height\":636,\"caption\":\"El Cardinal\"},\"image\":{\"@id\":\"https:\/\/elcardinal.com\/#\/schema\/logo\/image\/\"},\"sameAs\":[\"https:\/\/www.facebook.com\/profile.php?id=100063093107011\",\"https:\/\/x.com\/ElCardinal_Mx\"]},{\"@type\":\"Person\",\"@id\":\"https:\/\/elcardinal.com\/#\/schema\/person\/3c352ec0a33987fe275c0e8a2ea69f8b\",\"name\":\"Antonio Alcaraz\",\"image\":{\"@type\":\"ImageObject\",\"inLanguage\":\"es\",\"@id\":\"https:\/\/elcardinal.com\/#\/schema\/person\/image\/\",\"url\":\"https:\/\/elcardinal.com\/wp-content\/uploads\/2025\/05\/cropped-TONO-96x96.jpg\",\"contentUrl\":\"https:\/\/elcardinal.com\/wp-content\/uploads\/2025\/05\/cropped-TONO-96x96.jpg\",\"caption\":\"Antonio Alcaraz\"},\"url\":\"https:\/\/elcardinal.com\/?author=2\"}]}<\/script>\n<!-- \/ Yoast SEO plugin. -->","yoast_head_json":{"title":"Dan primeros pasos para restaurar el Reloj Monumental; proyecto ronda los 4 millones - El Cardinal","robots":{"index":"index","follow":"follow","max-snippet":"max-snippet:-1","max-image-preview":"max-image-preview:large","max-video-preview":"max-video-preview:-1"},"canonical":"https:\/\/elcardinal.com\/?p=4442","og_locale":"es_MX","og_type":"article","og_title":"Dan primeros pasos para restaurar el Reloj Monumental; proyecto ronda los 4 millones - El Cardinal","og_description":"&nbsp; Por: Jos\u00e9 Antonio Alcaraz Su\u00e1rez Pachuca, Hgo.\u2013 El presidente municipal Jorge Alberto Hern\u00e1ndez Reyes inform\u00f3 que el proyecto de restauraci\u00f3n del Reloj Monumental de Pachuca avanza y se encuentra en espera de la autorizaci\u00f3n final por parte del Instituto Nacional de Bellas Artes y Literatura (INBAL) y del Instituto Nacional de Antropolog\u00eda e Historia","og_url":"https:\/\/elcardinal.com\/?p=4442","og_site_name":"El Cardinal","article_publisher":"https:\/\/www.facebook.com\/profile.php?id=100063093107011","article_published_time":"2025-05-08T23:05:31+00:00","og_image":[{"width":1600,"height":897,"url":"https:\/\/elcardinal.com\/wp-content\/uploads\/2025\/05\/WhatsApp-Image-2025-05-08-at-5.02.22-PM.jpeg","type":"image\/jpeg"}],"author":"Antonio Alcaraz","twitter_card":"summary_large_image","twitter_creator":"@ElCardinal_Mx","twitter_site":"@ElCardinal_Mx","twitter_misc":{"Escrito por":"Antonio Alcaraz","Tiempo de lectura":"3 minutos"},"schema":{"@context":"https:\/\/schema.org","@graph":[{"@type":"Article","@id":"https:\/\/elcardinal.com\/?p=4442#article","isPartOf":{"@id":"https:\/\/elcardinal.com\/?p=4442"},"author":{"name":"Antonio Alcaraz","@id":"https:\/\/elcardinal.com\/#\/schema\/person\/3c352ec0a33987fe275c0e8a2ea69f8b"},"headline":"Dan primeros pasos para restaurar el Reloj Monumental; proyecto ronda los 4 millones","datePublished":"2025-05-08T23:05:31+00:00","mainEntityOfPage":{"@id":"https:\/\/elcardinal.com\/?p=4442"},"wordCount":442,"commentCount":0,"publisher":{"@id":"https:\/\/elcardinal.com\/#organization"},"image":{"@id":"https:\/\/elcardinal.com\/?p=4442#primaryimage"},"thumbnailUrl":"https:\/\/elcardinal.com\/wp-content\/uploads\/2025\/05\/WhatsApp-Image-2025-05-08-at-5.02.22-PM.jpeg","keywords":["Jorge Reyes","Reloj Monumental de Pachuca"],"articleSection":["Metr\u00f3poli","Minuto a Minuto"],"inLanguage":"es","potentialAction":[{"@type":"CommentAction","name":"Comment","target":["https:\/\/elcardinal.com\/?p=4442#respond"]}]},{"@type":"WebPage","@id":"https:\/\/elcardinal.com\/?p=4442","url":"https:\/\/elcardinal.com\/?p=4442","name":"Dan primeros pasos para restaurar el Reloj Monumental; proyecto ronda los 4 millones - El Cardinal","isPartOf":{"@id":"https:\/\/elcardinal.com\/#website"},"primaryImageOfPage":{"@id":"https:\/\/elcardinal.com\/?p=4442#primaryimage"},"image":{"@id":"https:\/\/elcardinal.com\/?p=4442#primaryimage"},"thumbnailUrl":"https:\/\/elcardinal.com\/wp-content\/uploads\/2025\/05\/WhatsApp-Image-2025-05-08-at-5.02.22-PM.jpeg","datePublished":"2025-05-08T23:05:31+00:00","breadcrumb":{"@id":"https:\/\/elcardinal.com\/?p=4442#breadcrumb"},"inLanguage":"es","potentialAction":[{"@type":"ReadAction","target":["https:\/\/elcardinal.com\/?p=4442"]}]},{"@type":"ImageObject","inLanguage":"es","@id":"https:\/\/elcardinal.com\/?p=4442#primaryimage","url":"https:\/\/elcardinal.com\/wp-content\/uploads\/2025\/05\/WhatsApp-Image-2025-05-08-at-5.02.22-PM.jpeg","contentUrl":"https:\/\/elcardinal.com\/wp-content\/uploads\/2025\/05\/WhatsApp-Image-2025-05-08-at-5.02.22-PM.jpeg","width":1600,"height":897},{"@type":"BreadcrumbList","@id":"https:\/\/elcardinal.com\/?p=4442#breadcrumb","itemListElement":[{"@type":"ListItem","position":1,"name":"Inicio","item":"https:\/\/elcardinal.com\/"},{"@type":"ListItem","position":2,"name":"Dan primeros pasos para restaurar el Reloj Monumental; proyecto ronda los 4 millones"}]},{"@type":"WebSite","@id":"https:\/\/elcardinal.com\/#website","url":"https:\/\/elcardinal.com\/","name":"El Cardinal","description":"Periodismo honesto, con valor, sentido humano, a veces sarc\u00e1stico y divertido.","publisher":{"@id":"https:\/\/elcardinal.com\/#organization"},"alternateName":"El Cardinal Noticias","potentialAction":[{"@type":"SearchAction","target":{"@type":"EntryPoint","urlTemplate":"https:\/\/elcardinal.com\/?s={search_term_string}"},"query-input":{"@type":"PropertyValueSpecification","valueRequired":true,"valueName":"search_term_string"}}],"inLanguage":"es"},{"@type":"Organization","@id":"https:\/\/elcardinal.com\/#organization","name":"El Cardinal","url":"https:\/\/elcardinal.com\/","logo":{"@type":"ImageObject","inLanguage":"es","@id":"https:\/\/elcardinal.com\/#\/schema\/logo\/image\/","url":"https:\/\/elcardinal.com\/wp-content\/uploads\/2025\/04\/LOGO-EL-CARDINAL-Periodismo-con-valor.png","contentUrl":"https:\/\/elcardinal.com\/wp-content\/uploads\/2025\/04\/LOGO-EL-CARDINAL-Periodismo-con-valor.png","width":755,"height":636,"caption":"El Cardinal"},"image":{"@id":"https:\/\/elcardinal.com\/#\/schema\/logo\/image\/"},"sameAs":["https:\/\/www.facebook.com\/profile.php?id=100063093107011","https:\/\/x.com\/ElCardinal_Mx"]},{"@type":"Person","@id":"https:\/\/elcardinal.com\/#\/schema\/person\/3c352ec0a33987fe275c0e8a2ea69f8b","name":"Antonio Alcaraz","image":{"@type":"ImageObject","inLanguage":"es","@id":"https:\/\/elcardinal.com\/#\/schema\/person\/image\/","url":"https:\/\/elcardinal.com\/wp-content\/uploads\/2025\/05\/cropped-TONO-96x96.jpg","contentUrl":"https:\/\/elcardinal.com\/wp-content\/uploads\/2025\/05\/cropped-TONO-96x96.jpg","caption":"Antonio Alcaraz"},"url":"https:\/\/elcardinal.com\/?author=2"}]}},"_links":{"self":[{"href":"https:\/\/elcardinal.com\/index.php?rest_route=\/wp\/v2\/posts\/4442","targetHints":{"allow":["GET"]}}],"collection":[{"href":"https:\/\/elcardinal.com\/index.php?rest_route=\/wp\/v2\/posts"}],"about":[{"href":"https:\/\/elcardinal.com\/index.php?rest_route=\/wp\/v2\/types\/post"}],"author":[{"embeddable":true,"href":"https:\/\/elcardinal.com\/index.php?rest_route=\/wp\/v2\/users\/2"}],"replies":[{"embeddable":true,"href":"https:\/\/elcardinal.com\/index.php?rest_route=%2Fwp%2Fv2%2Fcomments&post=4442"}],"version-history":[{"count":1,"href":"https:\/\/elcardinal.com\/index.php?rest_route=\/wp\/v2\/posts\/4442\/revisions"}],"predecessor-version":[{"id":4445,"href":"https:\/\/elcardinal.com\/index.php?rest_route=\/wp\/v2\/posts\/4442\/revisions\/4445"}],"wp:featuredmedia":[{"embeddable":true,"href":"https:\/\/elcardinal.com\/index.php?rest_route=\/wp\/v2\/media\/4444"}],"wp:attachment":[{"href":"https:\/\/elcardinal.com\/index.php?rest_route=%2Fwp%2Fv2%2Fmedia&parent=4442"}],"wp:term":[{"taxonomy":"category","embeddable":true,"href":"https:\/\/elcardinal.com\/index.php?rest_route=%2Fwp%2Fv2%2Fcategories&post=4442"},{"taxonomy":"post_tag","embeddable":true,"href":"https:\/\/elcardinal.com\/index.php?rest_route=%2Fwp%2Fv2%2Ftags&post=4442"}],"curies":[{"name":"wp","href":"https:\/\/api.w.org\/{rel}","templated":true}]}}