{"id":4457,"date":"2025-05-08T23:58:43","date_gmt":"2025-05-09T05:58:43","guid":{"rendered":"https:\/\/elcardinal.com\/?p=4457"},"modified":"2025-05-08T23:58:43","modified_gmt":"2025-05-09T05:58:43","slug":"busca-diputado-del-pri-lenguaje-incluyente-en-constitucion-de-hidalgo","status":"publish","type":"post","link":"https:\/\/elcardinal.com\/?p=4457","title":{"rendered":"Busca diputado del PRI lenguaje incluyente en Constituci\u00f3n de Hidalgo"},"content":{"rendered":"<p class=\"\" data-start=\"0\" data-end=\"73\">Por: Jos\u00e9 Antonio Alcaraz Su\u00e1rez<\/p>\n<p class=\"\" data-start=\"75\" data-end=\"509\"><em data-start=\"75\" data-end=\"91\">Pachuca, Hgo.-<\/em> Con el prop\u00f3sito de garantizar el derecho de inclusi\u00f3n y reforzar el principio de dignidad humana en el marco jur\u00eddico del estado, el diputado priista Marco Antonio Mendoza Bustamante present\u00f3 una iniciativa para reformar el art\u00edculo 5 de la Constituci\u00f3n Pol\u00edtica de Hidalgo, proponiendo sustituir expresiones como \u201ctodas y todos\u201d, \u201cpadres\u201d, \u201clas mujeres y hombres\u201d e \u201cind\u00edgenas\u201d por el t\u00e9rmino neutro \u201ctoda persona\u201d.<\/p>\n<p class=\"\" data-start=\"511\" data-end=\"925\">Durante su intervenci\u00f3n ante el Pleno, Mendoza Bustamante argument\u00f3 que esta modificaci\u00f3n busca eliminar distinciones que limitan el reconocimiento pleno de los derechos humanos, particularmente en relaci\u00f3n con la identidad de g\u00e9nero y la libre autodefinici\u00f3n. \u201cNo se debe distinguir a las personas por su sexo o g\u00e9nero. Debemos reconocer sus derechos como seres humanos desde el principio de la dignidad\u201d, afirm\u00f3.<\/p>\n<p class=\"\" data-start=\"927\" data-end=\"1222\">El legislador se\u00f1al\u00f3 que el lenguaje neutro representa una herramienta clave para erradicar los estereotipos de g\u00e9nero y fomentar entornos de respeto, inclusi\u00f3n e igualdad. \u201cEstas nuevas formas de comunicaci\u00f3n pueden ayudar a crear espacios donde se respeten y valoren las diferencias\u201d, destac\u00f3.<\/p>\n<p class=\"\" data-start=\"1224\" data-end=\"1614\">Mendoza tambi\u00e9n cit\u00f3 instrumentos internacionales como la Declaraci\u00f3n Universal de los Derechos Humanos y tratados firmados por M\u00e9xico, para sustentar que el Estado tiene la obligaci\u00f3n de garantizar derechos sin discriminaci\u00f3n alguna. Asimismo, record\u00f3 que desde la reforma constitucional de 2011, el pa\u00eds asumi\u00f3 el principio de progresividad, que impide reducir o limitar derechos humanos.<\/p>\n<p class=\"\" data-start=\"1616\" data-end=\"1733\">La iniciativa fue turnada a la Primera Comisi\u00f3n Permanente de Legislaci\u00f3n y Puntos Constitucionales para su an\u00e1lisis.<\/p>\n","protected":false},"excerpt":{"rendered":"<p>Por: Jos\u00e9 Antonio Alcaraz Su\u00e1rez Pachuca, Hgo.- Con el prop\u00f3sito de garantizar el derecho de inclusi\u00f3n y reforzar el principio de dignidad humana en el marco jur\u00eddico del estado, el diputado priista Marco Antonio Mendoza Bustamante present\u00f3 una iniciativa para reformar el art\u00edculo 5 de la Constituci\u00f3n Pol\u00edtica de Hidalgo, proponiendo sustituir expresiones como \u201ctodas<\/p>\n","protected":false},"author":2,"featured_media":4458,"comment_status":"open","ping_status":"open","sticky":false,"template":"","format":"standard","meta":{"footnotes":""},"categories":[31,44,39],"tags":[76],"class_list":{"0":"post-4457","1":"post","2":"type-post","3":"status-publish","4":"format-standard","5":"has-post-thumbnail","7":"category-hidalgo","8":"category-minuto-a-minuto","9":"category-politica","10":"tag-marco-antonio-mendoza-bustamante"},"yoast_head":"<!-- This site is optimized with the Yoast SEO plugin v26.1.1 - https:\/\/yoast.com\/wordpress\/plugins\/seo\/ -->\n<title>Busca diputado del PRI lenguaje incluyente en Constituci\u00f3n de Hidalgo - El Cardinal<\/title>\n<meta name=\"robots\" content=\"index, follow, max-snippet:-1, max-image-preview:large, max-video-preview:-1\" \/>\n<link rel=\"canonical\" href=\"https:\/\/elcardinal.com\/?p=4457\" \/>\n<meta property=\"og:locale\" content=\"es_MX\" \/>\n<meta property=\"og:type\" content=\"article\" \/>\n<meta property=\"og:title\" content=\"Busca diputado del PRI lenguaje incluyente en Constituci\u00f3n de Hidalgo - El Cardinal\" \/>\n<meta property=\"og:description\" content=\"Por: Jos\u00e9 Antonio Alcaraz Su\u00e1rez Pachuca, Hgo.- Con el prop\u00f3sito de garantizar el derecho de inclusi\u00f3n y reforzar el principio de dignidad humana en el marco jur\u00eddico del estado, el diputado priista Marco Antonio Mendoza Bustamante present\u00f3 una iniciativa para reformar el art\u00edculo 5 de la Constituci\u00f3n Pol\u00edtica de Hidalgo, proponiendo sustituir expresiones como \u201ctodas\" \/>\n<meta property=\"og:url\" content=\"https:\/\/elcardinal.com\/?p=4457\" \/>\n<meta property=\"og:site_name\" content=\"El Cardinal\" \/>\n<meta property=\"article:publisher\" content=\"https:\/\/www.facebook.com\/profile.php?id=100063093107011\" \/>\n<meta property=\"article:published_time\" content=\"2025-05-09T05:58:43+00:00\" \/>\n<meta property=\"og:image\" content=\"https:\/\/elcardinal.com\/wp-content\/uploads\/2025\/05\/Sesion-08.05.2025-Ordinaria-101-.jpg\" \/>\n\t<meta property=\"og:image:width\" content=\"2400\" \/>\n\t<meta property=\"og:image:height\" content=\"1600\" \/>\n\t<meta property=\"og:image:type\" content=\"image\/jpeg\" \/>\n<meta name=\"author\" content=\"Antonio Alcaraz\" \/>\n<meta name=\"twitter:card\" content=\"summary_large_image\" \/>\n<meta name=\"twitter:creator\" content=\"@ElCardinal_Mx\" \/>\n<meta name=\"twitter:site\" content=\"@ElCardinal_Mx\" \/>\n<meta name=\"twitter:label1\" content=\"Escrito por\" \/>\n\t<meta name=\"twitter:data1\" content=\"Antonio Alcaraz\" \/>\n\t<meta name=\"twitter:label2\" content=\"Tiempo de lectura\" \/>\n\t<meta name=\"twitter:data2\" content=\"2 minutos\" \/>\n<script type=\"application\/ld+json\" class=\"yoast-schema-graph\">{\"@context\":\"https:\/\/schema.org\",\"@graph\":[{\"@type\":\"Article\",\"@id\":\"https:\/\/elcardinal.com\/?p=4457#article\",\"isPartOf\":{\"@id\":\"https:\/\/elcardinal.com\/?p=4457\"},\"author\":{\"name\":\"Antonio Alcaraz\",\"@id\":\"https:\/\/elcardinal.com\/#\/schema\/person\/3c352ec0a33987fe275c0e8a2ea69f8b\"},\"headline\":\"Busca diputado del PRI lenguaje incluyente en Constituci\u00f3n de Hidalgo\",\"datePublished\":\"2025-05-09T05:58:43+00:00\",\"mainEntityOfPage\":{\"@id\":\"https:\/\/elcardinal.com\/?p=4457\"},\"wordCount\":285,\"commentCount\":0,\"publisher\":{\"@id\":\"https:\/\/elcardinal.com\/#organization\"},\"image\":{\"@id\":\"https:\/\/elcardinal.com\/?p=4457#primaryimage\"},\"thumbnailUrl\":\"https:\/\/elcardinal.com\/wp-content\/uploads\/2025\/05\/Sesion-08.05.2025-Ordinaria-101-.jpg\",\"keywords\":[\"Marco Antonio Mendoza Bustamante\"],\"articleSection\":[\"Hidalgo\",\"Minuto a Minuto\",\"Pol\u00edtica\"],\"inLanguage\":\"es\",\"potentialAction\":[{\"@type\":\"CommentAction\",\"name\":\"Comment\",\"target\":[\"https:\/\/elcardinal.com\/?p=4457#respond\"]}]},{\"@type\":\"WebPage\",\"@id\":\"https:\/\/elcardinal.com\/?p=4457\",\"url\":\"https:\/\/elcardinal.com\/?p=4457\",\"name\":\"Busca diputado del PRI lenguaje incluyente en Constituci\u00f3n de Hidalgo - El Cardinal\",\"isPartOf\":{\"@id\":\"https:\/\/elcardinal.com\/#website\"},\"primaryImageOfPage\":{\"@id\":\"https:\/\/elcardinal.com\/?p=4457#primaryimage\"},\"image\":{\"@id\":\"https:\/\/elcardinal.com\/?p=4457#primaryimage\"},\"thumbnailUrl\":\"https:\/\/elcardinal.com\/wp-content\/uploads\/2025\/05\/Sesion-08.05.2025-Ordinaria-101-.jpg\",\"datePublished\":\"2025-05-09T05:58:43+00:00\",\"breadcrumb\":{\"@id\":\"https:\/\/elcardinal.com\/?p=4457#breadcrumb\"},\"inLanguage\":\"es\",\"potentialAction\":[{\"@type\":\"ReadAction\",\"target\":[\"https:\/\/elcardinal.com\/?p=4457\"]}]},{\"@type\":\"ImageObject\",\"inLanguage\":\"es\",\"@id\":\"https:\/\/elcardinal.com\/?p=4457#primaryimage\",\"url\":\"https:\/\/elcardinal.com\/wp-content\/uploads\/2025\/05\/Sesion-08.05.2025-Ordinaria-101-.jpg\",\"contentUrl\":\"https:\/\/elcardinal.com\/wp-content\/uploads\/2025\/05\/Sesion-08.05.2025-Ordinaria-101-.jpg\",\"width\":2400,\"height\":1600,\"caption\":\"CONGRESO_HIDALGO\"},{\"@type\":\"BreadcrumbList\",\"@id\":\"https:\/\/elcardinal.com\/?p=4457#breadcrumb\",\"itemListElement\":[{\"@type\":\"ListItem\",\"position\":1,\"name\":\"Inicio\",\"item\":\"https:\/\/elcardinal.com\/\"},{\"@type\":\"ListItem\",\"position\":2,\"name\":\"Busca diputado del PRI lenguaje incluyente en Constituci\u00f3n de Hidalgo\"}]},{\"@type\":\"WebSite\",\"@id\":\"https:\/\/elcardinal.com\/#website\",\"url\":\"https:\/\/elcardinal.com\/\",\"name\":\"El Cardinal\",\"description\":\"Periodismo honesto, con valor, sentido humano, a veces sarc\u00e1stico y divertido.\",\"publisher\":{\"@id\":\"https:\/\/elcardinal.com\/#organization\"},\"alternateName\":\"El Cardinal Noticias\",\"potentialAction\":[{\"@type\":\"SearchAction\",\"target\":{\"@type\":\"EntryPoint\",\"urlTemplate\":\"https:\/\/elcardinal.com\/?s={search_term_string}\"},\"query-input\":{\"@type\":\"PropertyValueSpecification\",\"valueRequired\":true,\"valueName\":\"search_term_string\"}}],\"inLanguage\":\"es\"},{\"@type\":\"Organization\",\"@id\":\"https:\/\/elcardinal.com\/#organization\",\"name\":\"El Cardinal\",\"url\":\"https:\/\/elcardinal.com\/\",\"logo\":{\"@type\":\"ImageObject\",\"inLanguage\":\"es\",\"@id\":\"https:\/\/elcardinal.com\/#\/schema\/logo\/image\/\",\"url\":\"https:\/\/elcardinal.com\/wp-content\/uploads\/2025\/04\/LOGO-EL-CARDINAL-Periodismo-con-valor.png\",\"contentUrl\":\"https:\/\/elcardinal.com\/wp-content\/uploads\/2025\/04\/LOGO-EL-CARDINAL-Periodismo-con-valor.png\",\"width\":755,\"height\":636,\"caption\":\"El Cardinal\"},\"image\":{\"@id\":\"https:\/\/elcardinal.com\/#\/schema\/logo\/image\/\"},\"sameAs\":[\"https:\/\/www.facebook.com\/profile.php?id=100063093107011\",\"https:\/\/x.com\/ElCardinal_Mx\"]},{\"@type\":\"Person\",\"@id\":\"https:\/\/elcardinal.com\/#\/schema\/person\/3c352ec0a33987fe275c0e8a2ea69f8b\",\"name\":\"Antonio Alcaraz\",\"image\":{\"@type\":\"ImageObject\",\"inLanguage\":\"es\",\"@id\":\"https:\/\/elcardinal.com\/#\/schema\/person\/image\/\",\"url\":\"https:\/\/elcardinal.com\/wp-content\/uploads\/2025\/05\/cropped-TONO-96x96.jpg\",\"contentUrl\":\"https:\/\/elcardinal.com\/wp-content\/uploads\/2025\/05\/cropped-TONO-96x96.jpg\",\"caption\":\"Antonio Alcaraz\"},\"url\":\"https:\/\/elcardinal.com\/?author=2\"}]}<\/script>\n<!-- \/ Yoast SEO plugin. -->","yoast_head_json":{"title":"Busca diputado del PRI lenguaje incluyente en Constituci\u00f3n de Hidalgo - El Cardinal","robots":{"index":"index","follow":"follow","max-snippet":"max-snippet:-1","max-image-preview":"max-image-preview:large","max-video-preview":"max-video-preview:-1"},"canonical":"https:\/\/elcardinal.com\/?p=4457","og_locale":"es_MX","og_type":"article","og_title":"Busca diputado del PRI lenguaje incluyente en Constituci\u00f3n de Hidalgo - El Cardinal","og_description":"Por: Jos\u00e9 Antonio Alcaraz Su\u00e1rez Pachuca, Hgo.- Con el prop\u00f3sito de garantizar el derecho de inclusi\u00f3n y reforzar el principio de dignidad humana en el marco jur\u00eddico del estado, el diputado priista Marco Antonio Mendoza Bustamante present\u00f3 una iniciativa para reformar el art\u00edculo 5 de la Constituci\u00f3n Pol\u00edtica de Hidalgo, proponiendo sustituir expresiones como \u201ctodas","og_url":"https:\/\/elcardinal.com\/?p=4457","og_site_name":"El Cardinal","article_publisher":"https:\/\/www.facebook.com\/profile.php?id=100063093107011","article_published_time":"2025-05-09T05:58:43+00:00","og_image":[{"width":2400,"height":1600,"url":"https:\/\/elcardinal.com\/wp-content\/uploads\/2025\/05\/Sesion-08.05.2025-Ordinaria-101-.jpg","type":"image\/jpeg"}],"author":"Antonio Alcaraz","twitter_card":"summary_large_image","twitter_creator":"@ElCardinal_Mx","twitter_site":"@ElCardinal_Mx","twitter_misc":{"Escrito por":"Antonio Alcaraz","Tiempo de lectura":"2 minutos"},"schema":{"@context":"https:\/\/schema.org","@graph":[{"@type":"Article","@id":"https:\/\/elcardinal.com\/?p=4457#article","isPartOf":{"@id":"https:\/\/elcardinal.com\/?p=4457"},"author":{"name":"Antonio Alcaraz","@id":"https:\/\/elcardinal.com\/#\/schema\/person\/3c352ec0a33987fe275c0e8a2ea69f8b"},"headline":"Busca diputado del PRI lenguaje incluyente en Constituci\u00f3n de Hidalgo","datePublished":"2025-05-09T05:58:43+00:00","mainEntityOfPage":{"@id":"https:\/\/elcardinal.com\/?p=4457"},"wordCount":285,"commentCount":0,"publisher":{"@id":"https:\/\/elcardinal.com\/#organization"},"image":{"@id":"https:\/\/elcardinal.com\/?p=4457#primaryimage"},"thumbnailUrl":"https:\/\/elcardinal.com\/wp-content\/uploads\/2025\/05\/Sesion-08.05.2025-Ordinaria-101-.jpg","keywords":["Marco Antonio Mendoza Bustamante"],"articleSection":["Hidalgo","Minuto a Minuto","Pol\u00edtica"],"inLanguage":"es","potentialAction":[{"@type":"CommentAction","name":"Comment","target":["https:\/\/elcardinal.com\/?p=4457#respond"]}]},{"@type":"WebPage","@id":"https:\/\/elcardinal.com\/?p=4457","url":"https:\/\/elcardinal.com\/?p=4457","name":"Busca diputado del PRI lenguaje incluyente en Constituci\u00f3n de Hidalgo - El Cardinal","isPartOf":{"@id":"https:\/\/elcardinal.com\/#website"},"primaryImageOfPage":{"@id":"https:\/\/elcardinal.com\/?p=4457#primaryimage"},"image":{"@id":"https:\/\/elcardinal.com\/?p=4457#primaryimage"},"thumbnailUrl":"https:\/\/elcardinal.com\/wp-content\/uploads\/2025\/05\/Sesion-08.05.2025-Ordinaria-101-.jpg","datePublished":"2025-05-09T05:58:43+00:00","breadcrumb":{"@id":"https:\/\/elcardinal.com\/?p=4457#breadcrumb"},"inLanguage":"es","potentialAction":[{"@type":"ReadAction","target":["https:\/\/elcardinal.com\/?p=4457"]}]},{"@type":"ImageObject","inLanguage":"es","@id":"https:\/\/elcardinal.com\/?p=4457#primaryimage","url":"https:\/\/elcardinal.com\/wp-content\/uploads\/2025\/05\/Sesion-08.05.2025-Ordinaria-101-.jpg","contentUrl":"https:\/\/elcardinal.com\/wp-content\/uploads\/2025\/05\/Sesion-08.05.2025-Ordinaria-101-.jpg","width":2400,"height":1600,"caption":"CONGRESO_HIDALGO"},{"@type":"BreadcrumbList","@id":"https:\/\/elcardinal.com\/?p=4457#breadcrumb","itemListElement":[{"@type":"ListItem","position":1,"name":"Inicio","item":"https:\/\/elcardinal.com\/"},{"@type":"ListItem","position":2,"name":"Busca diputado del PRI lenguaje incluyente en Constituci\u00f3n de Hidalgo"}]},{"@type":"WebSite","@id":"https:\/\/elcardinal.com\/#website","url":"https:\/\/elcardinal.com\/","name":"El Cardinal","description":"Periodismo honesto, con valor, sentido humano, a veces sarc\u00e1stico y divertido.","publisher":{"@id":"https:\/\/elcardinal.com\/#organization"},"alternateName":"El Cardinal Noticias","potentialAction":[{"@type":"SearchAction","target":{"@type":"EntryPoint","urlTemplate":"https:\/\/elcardinal.com\/?s={search_term_string}"},"query-input":{"@type":"PropertyValueSpecification","valueRequired":true,"valueName":"search_term_string"}}],"inLanguage":"es"},{"@type":"Organization","@id":"https:\/\/elcardinal.com\/#organization","name":"El Cardinal","url":"https:\/\/elcardinal.com\/","logo":{"@type":"ImageObject","inLanguage":"es","@id":"https:\/\/elcardinal.com\/#\/schema\/logo\/image\/","url":"https:\/\/elcardinal.com\/wp-content\/uploads\/2025\/04\/LOGO-EL-CARDINAL-Periodismo-con-valor.png","contentUrl":"https:\/\/elcardinal.com\/wp-content\/uploads\/2025\/04\/LOGO-EL-CARDINAL-Periodismo-con-valor.png","width":755,"height":636,"caption":"El Cardinal"},"image":{"@id":"https:\/\/elcardinal.com\/#\/schema\/logo\/image\/"},"sameAs":["https:\/\/www.facebook.com\/profile.php?id=100063093107011","https:\/\/x.com\/ElCardinal_Mx"]},{"@type":"Person","@id":"https:\/\/elcardinal.com\/#\/schema\/person\/3c352ec0a33987fe275c0e8a2ea69f8b","name":"Antonio Alcaraz","image":{"@type":"ImageObject","inLanguage":"es","@id":"https:\/\/elcardinal.com\/#\/schema\/person\/image\/","url":"https:\/\/elcardinal.com\/wp-content\/uploads\/2025\/05\/cropped-TONO-96x96.jpg","contentUrl":"https:\/\/elcardinal.com\/wp-content\/uploads\/2025\/05\/cropped-TONO-96x96.jpg","caption":"Antonio Alcaraz"},"url":"https:\/\/elcardinal.com\/?author=2"}]}},"_links":{"self":[{"href":"https:\/\/elcardinal.com\/index.php?rest_route=\/wp\/v2\/posts\/4457","targetHints":{"allow":["GET"]}}],"collection":[{"href":"https:\/\/elcardinal.com\/index.php?rest_route=\/wp\/v2\/posts"}],"about":[{"href":"https:\/\/elcardinal.com\/index.php?rest_route=\/wp\/v2\/types\/post"}],"author":[{"embeddable":true,"href":"https:\/\/elcardinal.com\/index.php?rest_route=\/wp\/v2\/users\/2"}],"replies":[{"embeddable":true,"href":"https:\/\/elcardinal.com\/index.php?rest_route=%2Fwp%2Fv2%2Fcomments&post=4457"}],"version-history":[{"count":1,"href":"https:\/\/elcardinal.com\/index.php?rest_route=\/wp\/v2\/posts\/4457\/revisions"}],"predecessor-version":[{"id":4460,"href":"https:\/\/elcardinal.com\/index.php?rest_route=\/wp\/v2\/posts\/4457\/revisions\/4460"}],"wp:featuredmedia":[{"embeddable":true,"href":"https:\/\/elcardinal.com\/index.php?rest_route=\/wp\/v2\/media\/4458"}],"wp:attachment":[{"href":"https:\/\/elcardinal.com\/index.php?rest_route=%2Fwp%2Fv2%2Fmedia&parent=4457"}],"wp:term":[{"taxonomy":"category","embeddable":true,"href":"https:\/\/elcardinal.com\/index.php?rest_route=%2Fwp%2Fv2%2Fcategories&post=4457"},{"taxonomy":"post_tag","embeddable":true,"href":"https:\/\/elcardinal.com\/index.php?rest_route=%2Fwp%2Fv2%2Ftags&post=4457"}],"curies":[{"name":"wp","href":"https:\/\/api.w.org\/{rel}","templated":true}]}}