{"id":4463,"date":"2025-05-09T13:33:08","date_gmt":"2025-05-09T19:33:08","guid":{"rendered":"https:\/\/elcardinal.com\/?p=4463"},"modified":"2025-05-09T13:34:58","modified_gmt":"2025-05-09T19:34:58","slug":"techumbre-del-salon-de-plenos-del-congreso-sufre-danos-tras-granizada","status":"publish","type":"post","link":"https:\/\/elcardinal.com\/?p=4463","title":{"rendered":"Granizada revienta techo del Congreso de Hidalgo: curules bajo escombros"},"content":{"rendered":"<p>Redacci\u00f3n<\/p>\n<p><span style=\"font-weight: 400;\">El \u00e1rea de Protecci\u00f3n Civil del <\/span><b>Congreso del Estado de Hidalgo<\/b><span style=\"font-weight: 400;\"> supervis\u00f3 la techumbre del Sal\u00f3n de Plenos, que sufri\u00f3 da\u00f1os producto de la ca\u00edda de granizo y lluvia registrada la tarde del jueves 8 de mayo en los municipios de Pachuca y Mineral de la Reforma.<\/span><\/p>\n<p><span style=\"font-weight: 400;\">Debido al tama\u00f1o de los granizos, la parte superior del techo presenta agujeros en su estructura, pedazos que cayeron mayormente en las curules y tribuna donde sesionan las diputadas y los diputados integrantes de la LXVI Legislatura, sin ocasionar da\u00f1o alguno a personal ni visitantes del Congreso, puesto que nadie se encontraba presente.<\/span><\/p>\n<p><span style=\"font-weight: 400;\">El presidente de la Junta de Gobierno, diputado <\/span><b>Andr\u00e9s Vel\u00e1zquez<\/b><span style=\"font-weight: 400;\"> record\u00f3 que es necesario contar con un nuevo Sal\u00f3n de Plenos austero y que cuente con lo necesario para cumplir con el trabajo legislativo, ya que el edificio actual representa un riesgo para trabajadores y visitantes al Congreso.<\/span><\/p>\n<p><span style=\"font-weight: 400;\">\u201cEl carril superior que da luz al Pleno fue totalmente destruido, estamos caminando sobre los fragmentos del techo y con las pr\u00f3ximas lluvias se podr\u00edan sufrir da\u00f1os m\u00e1s intensos, es urgente derrumbar este inmueble para no poner en riesgo la vida y la seguridad de quienes nos visitan\u201d, advirti\u00f3.<\/span><\/p>\n<p><span style=\"font-weight: 400;\">Trabajadores de Protecci\u00f3n Civil atendieron el incidente y realizaron recorrido de seguridad, en compa\u00f1\u00eda de compa\u00f1eros brigadistas, quienes continuar\u00e1n monitoreando el recinto durante esta temporada de lluvias.<\/span><\/p>\n","protected":false},"excerpt":{"rendered":"<p>Redacci\u00f3n El \u00e1rea de Protecci\u00f3n Civil del Congreso del Estado de Hidalgo supervis\u00f3 la techumbre del Sal\u00f3n de Plenos, que sufri\u00f3 da\u00f1os producto de la ca\u00edda de granizo y lluvia registrada la tarde del jueves 8 de mayo en los municipios de Pachuca y Mineral de la Reforma. Debido al tama\u00f1o de los granizos, la<\/p>\n","protected":false},"author":2,"featured_media":4465,"comment_status":"open","ping_status":"open","sticky":false,"template":"","format":"standard","meta":{"footnotes":""},"categories":[31,44,39],"tags":[62,141,65],"class_list":{"0":"post-4463","1":"post","2":"type-post","3":"status-publish","4":"format-standard","5":"has-post-thumbnail","7":"category-hidalgo","8":"category-minuto-a-minuto","9":"category-politica","10":"tag-congreso-de-hidalgo","11":"tag-granizada","12":"tag-pachuca"},"yoast_head":"<!-- This site is optimized with the Yoast SEO plugin v26.1.1 - https:\/\/yoast.com\/wordpress\/plugins\/seo\/ -->\n<title>Granizada revienta techo del Congreso de Hidalgo: curules bajo escombros - El Cardinal<\/title>\n<meta name=\"robots\" content=\"index, follow, max-snippet:-1, max-image-preview:large, max-video-preview:-1\" \/>\n<link rel=\"canonical\" href=\"https:\/\/elcardinal.com\/?p=4463\" \/>\n<meta property=\"og:locale\" content=\"es_MX\" \/>\n<meta property=\"og:type\" content=\"article\" \/>\n<meta property=\"og:title\" content=\"Granizada revienta techo del Congreso de Hidalgo: curules bajo escombros - El Cardinal\" \/>\n<meta property=\"og:description\" content=\"Redacci\u00f3n El \u00e1rea de Protecci\u00f3n Civil del Congreso del Estado de Hidalgo supervis\u00f3 la techumbre del Sal\u00f3n de Plenos, que sufri\u00f3 da\u00f1os producto de la ca\u00edda de granizo y lluvia registrada la tarde del jueves 8 de mayo en los municipios de Pachuca y Mineral de la Reforma. Debido al tama\u00f1o de los granizos, la\" \/>\n<meta property=\"og:url\" content=\"https:\/\/elcardinal.com\/?p=4463\" \/>\n<meta property=\"og:site_name\" content=\"El Cardinal\" \/>\n<meta property=\"article:publisher\" content=\"https:\/\/www.facebook.com\/profile.php?id=100063093107011\" \/>\n<meta property=\"article:published_time\" content=\"2025-05-09T19:33:08+00:00\" \/>\n<meta property=\"article:modified_time\" content=\"2025-05-09T19:34:58+00:00\" \/>\n<meta property=\"og:image\" content=\"https:\/\/elcardinal.com\/wp-content\/uploads\/2025\/05\/09.05.2025-Danos-Pleno-6-scaled.jpg\" \/>\n\t<meta property=\"og:image:width\" content=\"2560\" \/>\n\t<meta property=\"og:image:height\" content=\"1707\" \/>\n\t<meta property=\"og:image:type\" content=\"image\/jpeg\" \/>\n<meta name=\"author\" content=\"Antonio Alcaraz\" \/>\n<meta name=\"twitter:card\" content=\"summary_large_image\" \/>\n<meta name=\"twitter:creator\" content=\"@ElCardinal_Mx\" \/>\n<meta name=\"twitter:site\" content=\"@ElCardinal_Mx\" \/>\n<meta name=\"twitter:label1\" content=\"Escrito por\" \/>\n\t<meta name=\"twitter:data1\" content=\"Antonio Alcaraz\" \/>\n\t<meta name=\"twitter:label2\" content=\"Tiempo de lectura\" \/>\n\t<meta name=\"twitter:data2\" content=\"2 minutos\" \/>\n<script type=\"application\/ld+json\" class=\"yoast-schema-graph\">{\"@context\":\"https:\/\/schema.org\",\"@graph\":[{\"@type\":\"Article\",\"@id\":\"https:\/\/elcardinal.com\/?p=4463#article\",\"isPartOf\":{\"@id\":\"https:\/\/elcardinal.com\/?p=4463\"},\"author\":{\"name\":\"Antonio Alcaraz\",\"@id\":\"https:\/\/elcardinal.com\/#\/schema\/person\/3c352ec0a33987fe275c0e8a2ea69f8b\"},\"headline\":\"Granizada revienta techo del Congreso de Hidalgo: curules bajo escombros\",\"datePublished\":\"2025-05-09T19:33:08+00:00\",\"dateModified\":\"2025-05-09T19:34:58+00:00\",\"mainEntityOfPage\":{\"@id\":\"https:\/\/elcardinal.com\/?p=4463\"},\"wordCount\":252,\"commentCount\":0,\"publisher\":{\"@id\":\"https:\/\/elcardinal.com\/#organization\"},\"image\":{\"@id\":\"https:\/\/elcardinal.com\/?p=4463#primaryimage\"},\"thumbnailUrl\":\"https:\/\/elcardinal.com\/wp-content\/uploads\/2025\/05\/09.05.2025-Danos-Pleno-6-scaled.jpg\",\"keywords\":[\"Congreso de Hidalgo\",\"Granizada\",\"Pachuca\"],\"articleSection\":[\"Hidalgo\",\"Minuto a Minuto\",\"Pol\u00edtica\"],\"inLanguage\":\"es\",\"potentialAction\":[{\"@type\":\"CommentAction\",\"name\":\"Comment\",\"target\":[\"https:\/\/elcardinal.com\/?p=4463#respond\"]}]},{\"@type\":\"WebPage\",\"@id\":\"https:\/\/elcardinal.com\/?p=4463\",\"url\":\"https:\/\/elcardinal.com\/?p=4463\",\"name\":\"Granizada revienta techo del Congreso de Hidalgo: curules bajo escombros - El Cardinal\",\"isPartOf\":{\"@id\":\"https:\/\/elcardinal.com\/#website\"},\"primaryImageOfPage\":{\"@id\":\"https:\/\/elcardinal.com\/?p=4463#primaryimage\"},\"image\":{\"@id\":\"https:\/\/elcardinal.com\/?p=4463#primaryimage\"},\"thumbnailUrl\":\"https:\/\/elcardinal.com\/wp-content\/uploads\/2025\/05\/09.05.2025-Danos-Pleno-6-scaled.jpg\",\"datePublished\":\"2025-05-09T19:33:08+00:00\",\"dateModified\":\"2025-05-09T19:34:58+00:00\",\"breadcrumb\":{\"@id\":\"https:\/\/elcardinal.com\/?p=4463#breadcrumb\"},\"inLanguage\":\"es\",\"potentialAction\":[{\"@type\":\"ReadAction\",\"target\":[\"https:\/\/elcardinal.com\/?p=4463\"]}]},{\"@type\":\"ImageObject\",\"inLanguage\":\"es\",\"@id\":\"https:\/\/elcardinal.com\/?p=4463#primaryimage\",\"url\":\"https:\/\/elcardinal.com\/wp-content\/uploads\/2025\/05\/09.05.2025-Danos-Pleno-6-scaled.jpg\",\"contentUrl\":\"https:\/\/elcardinal.com\/wp-content\/uploads\/2025\/05\/09.05.2025-Danos-Pleno-6-scaled.jpg\",\"width\":2560,\"height\":1707},{\"@type\":\"BreadcrumbList\",\"@id\":\"https:\/\/elcardinal.com\/?p=4463#breadcrumb\",\"itemListElement\":[{\"@type\":\"ListItem\",\"position\":1,\"name\":\"Inicio\",\"item\":\"https:\/\/elcardinal.com\/\"},{\"@type\":\"ListItem\",\"position\":2,\"name\":\"Granizada revienta techo del Congreso de Hidalgo: curules bajo escombros\"}]},{\"@type\":\"WebSite\",\"@id\":\"https:\/\/elcardinal.com\/#website\",\"url\":\"https:\/\/elcardinal.com\/\",\"name\":\"El Cardinal\",\"description\":\"Periodismo honesto, con valor, sentido humano, a veces sarc\u00e1stico y divertido.\",\"publisher\":{\"@id\":\"https:\/\/elcardinal.com\/#organization\"},\"alternateName\":\"El Cardinal Noticias\",\"potentialAction\":[{\"@type\":\"SearchAction\",\"target\":{\"@type\":\"EntryPoint\",\"urlTemplate\":\"https:\/\/elcardinal.com\/?s={search_term_string}\"},\"query-input\":{\"@type\":\"PropertyValueSpecification\",\"valueRequired\":true,\"valueName\":\"search_term_string\"}}],\"inLanguage\":\"es\"},{\"@type\":\"Organization\",\"@id\":\"https:\/\/elcardinal.com\/#organization\",\"name\":\"El Cardinal\",\"url\":\"https:\/\/elcardinal.com\/\",\"logo\":{\"@type\":\"ImageObject\",\"inLanguage\":\"es\",\"@id\":\"https:\/\/elcardinal.com\/#\/schema\/logo\/image\/\",\"url\":\"https:\/\/elcardinal.com\/wp-content\/uploads\/2025\/04\/LOGO-EL-CARDINAL-Periodismo-con-valor.png\",\"contentUrl\":\"https:\/\/elcardinal.com\/wp-content\/uploads\/2025\/04\/LOGO-EL-CARDINAL-Periodismo-con-valor.png\",\"width\":755,\"height\":636,\"caption\":\"El Cardinal\"},\"image\":{\"@id\":\"https:\/\/elcardinal.com\/#\/schema\/logo\/image\/\"},\"sameAs\":[\"https:\/\/www.facebook.com\/profile.php?id=100063093107011\",\"https:\/\/x.com\/ElCardinal_Mx\"]},{\"@type\":\"Person\",\"@id\":\"https:\/\/elcardinal.com\/#\/schema\/person\/3c352ec0a33987fe275c0e8a2ea69f8b\",\"name\":\"Antonio Alcaraz\",\"image\":{\"@type\":\"ImageObject\",\"inLanguage\":\"es\",\"@id\":\"https:\/\/elcardinal.com\/#\/schema\/person\/image\/\",\"url\":\"https:\/\/elcardinal.com\/wp-content\/uploads\/2025\/05\/cropped-TONO-96x96.jpg\",\"contentUrl\":\"https:\/\/elcardinal.com\/wp-content\/uploads\/2025\/05\/cropped-TONO-96x96.jpg\",\"caption\":\"Antonio Alcaraz\"},\"url\":\"https:\/\/elcardinal.com\/?author=2\"}]}<\/script>\n<!-- \/ Yoast SEO plugin. -->","yoast_head_json":{"title":"Granizada revienta techo del Congreso de Hidalgo: curules bajo escombros - El Cardinal","robots":{"index":"index","follow":"follow","max-snippet":"max-snippet:-1","max-image-preview":"max-image-preview:large","max-video-preview":"max-video-preview:-1"},"canonical":"https:\/\/elcardinal.com\/?p=4463","og_locale":"es_MX","og_type":"article","og_title":"Granizada revienta techo del Congreso de Hidalgo: curules bajo escombros - El Cardinal","og_description":"Redacci\u00f3n El \u00e1rea de Protecci\u00f3n Civil del Congreso del Estado de Hidalgo supervis\u00f3 la techumbre del Sal\u00f3n de Plenos, que sufri\u00f3 da\u00f1os producto de la ca\u00edda de granizo y lluvia registrada la tarde del jueves 8 de mayo en los municipios de Pachuca y Mineral de la Reforma. Debido al tama\u00f1o de los granizos, la","og_url":"https:\/\/elcardinal.com\/?p=4463","og_site_name":"El Cardinal","article_publisher":"https:\/\/www.facebook.com\/profile.php?id=100063093107011","article_published_time":"2025-05-09T19:33:08+00:00","article_modified_time":"2025-05-09T19:34:58+00:00","og_image":[{"width":2560,"height":1707,"url":"https:\/\/elcardinal.com\/wp-content\/uploads\/2025\/05\/09.05.2025-Danos-Pleno-6-scaled.jpg","type":"image\/jpeg"}],"author":"Antonio Alcaraz","twitter_card":"summary_large_image","twitter_creator":"@ElCardinal_Mx","twitter_site":"@ElCardinal_Mx","twitter_misc":{"Escrito por":"Antonio Alcaraz","Tiempo de lectura":"2 minutos"},"schema":{"@context":"https:\/\/schema.org","@graph":[{"@type":"Article","@id":"https:\/\/elcardinal.com\/?p=4463#article","isPartOf":{"@id":"https:\/\/elcardinal.com\/?p=4463"},"author":{"name":"Antonio Alcaraz","@id":"https:\/\/elcardinal.com\/#\/schema\/person\/3c352ec0a33987fe275c0e8a2ea69f8b"},"headline":"Granizada revienta techo del Congreso de Hidalgo: curules bajo escombros","datePublished":"2025-05-09T19:33:08+00:00","dateModified":"2025-05-09T19:34:58+00:00","mainEntityOfPage":{"@id":"https:\/\/elcardinal.com\/?p=4463"},"wordCount":252,"commentCount":0,"publisher":{"@id":"https:\/\/elcardinal.com\/#organization"},"image":{"@id":"https:\/\/elcardinal.com\/?p=4463#primaryimage"},"thumbnailUrl":"https:\/\/elcardinal.com\/wp-content\/uploads\/2025\/05\/09.05.2025-Danos-Pleno-6-scaled.jpg","keywords":["Congreso de Hidalgo","Granizada","Pachuca"],"articleSection":["Hidalgo","Minuto a Minuto","Pol\u00edtica"],"inLanguage":"es","potentialAction":[{"@type":"CommentAction","name":"Comment","target":["https:\/\/elcardinal.com\/?p=4463#respond"]}]},{"@type":"WebPage","@id":"https:\/\/elcardinal.com\/?p=4463","url":"https:\/\/elcardinal.com\/?p=4463","name":"Granizada revienta techo del Congreso de Hidalgo: curules bajo escombros - El Cardinal","isPartOf":{"@id":"https:\/\/elcardinal.com\/#website"},"primaryImageOfPage":{"@id":"https:\/\/elcardinal.com\/?p=4463#primaryimage"},"image":{"@id":"https:\/\/elcardinal.com\/?p=4463#primaryimage"},"thumbnailUrl":"https:\/\/elcardinal.com\/wp-content\/uploads\/2025\/05\/09.05.2025-Danos-Pleno-6-scaled.jpg","datePublished":"2025-05-09T19:33:08+00:00","dateModified":"2025-05-09T19:34:58+00:00","breadcrumb":{"@id":"https:\/\/elcardinal.com\/?p=4463#breadcrumb"},"inLanguage":"es","potentialAction":[{"@type":"ReadAction","target":["https:\/\/elcardinal.com\/?p=4463"]}]},{"@type":"ImageObject","inLanguage":"es","@id":"https:\/\/elcardinal.com\/?p=4463#primaryimage","url":"https:\/\/elcardinal.com\/wp-content\/uploads\/2025\/05\/09.05.2025-Danos-Pleno-6-scaled.jpg","contentUrl":"https:\/\/elcardinal.com\/wp-content\/uploads\/2025\/05\/09.05.2025-Danos-Pleno-6-scaled.jpg","width":2560,"height":1707},{"@type":"BreadcrumbList","@id":"https:\/\/elcardinal.com\/?p=4463#breadcrumb","itemListElement":[{"@type":"ListItem","position":1,"name":"Inicio","item":"https:\/\/elcardinal.com\/"},{"@type":"ListItem","position":2,"name":"Granizada revienta techo del Congreso de Hidalgo: curules bajo escombros"}]},{"@type":"WebSite","@id":"https:\/\/elcardinal.com\/#website","url":"https:\/\/elcardinal.com\/","name":"El Cardinal","description":"Periodismo honesto, con valor, sentido humano, a veces sarc\u00e1stico y divertido.","publisher":{"@id":"https:\/\/elcardinal.com\/#organization"},"alternateName":"El Cardinal Noticias","potentialAction":[{"@type":"SearchAction","target":{"@type":"EntryPoint","urlTemplate":"https:\/\/elcardinal.com\/?s={search_term_string}"},"query-input":{"@type":"PropertyValueSpecification","valueRequired":true,"valueName":"search_term_string"}}],"inLanguage":"es"},{"@type":"Organization","@id":"https:\/\/elcardinal.com\/#organization","name":"El Cardinal","url":"https:\/\/elcardinal.com\/","logo":{"@type":"ImageObject","inLanguage":"es","@id":"https:\/\/elcardinal.com\/#\/schema\/logo\/image\/","url":"https:\/\/elcardinal.com\/wp-content\/uploads\/2025\/04\/LOGO-EL-CARDINAL-Periodismo-con-valor.png","contentUrl":"https:\/\/elcardinal.com\/wp-content\/uploads\/2025\/04\/LOGO-EL-CARDINAL-Periodismo-con-valor.png","width":755,"height":636,"caption":"El Cardinal"},"image":{"@id":"https:\/\/elcardinal.com\/#\/schema\/logo\/image\/"},"sameAs":["https:\/\/www.facebook.com\/profile.php?id=100063093107011","https:\/\/x.com\/ElCardinal_Mx"]},{"@type":"Person","@id":"https:\/\/elcardinal.com\/#\/schema\/person\/3c352ec0a33987fe275c0e8a2ea69f8b","name":"Antonio Alcaraz","image":{"@type":"ImageObject","inLanguage":"es","@id":"https:\/\/elcardinal.com\/#\/schema\/person\/image\/","url":"https:\/\/elcardinal.com\/wp-content\/uploads\/2025\/05\/cropped-TONO-96x96.jpg","contentUrl":"https:\/\/elcardinal.com\/wp-content\/uploads\/2025\/05\/cropped-TONO-96x96.jpg","caption":"Antonio Alcaraz"},"url":"https:\/\/elcardinal.com\/?author=2"}]}},"_links":{"self":[{"href":"https:\/\/elcardinal.com\/index.php?rest_route=\/wp\/v2\/posts\/4463","targetHints":{"allow":["GET"]}}],"collection":[{"href":"https:\/\/elcardinal.com\/index.php?rest_route=\/wp\/v2\/posts"}],"about":[{"href":"https:\/\/elcardinal.com\/index.php?rest_route=\/wp\/v2\/types\/post"}],"author":[{"embeddable":true,"href":"https:\/\/elcardinal.com\/index.php?rest_route=\/wp\/v2\/users\/2"}],"replies":[{"embeddable":true,"href":"https:\/\/elcardinal.com\/index.php?rest_route=%2Fwp%2Fv2%2Fcomments&post=4463"}],"version-history":[{"count":3,"href":"https:\/\/elcardinal.com\/index.php?rest_route=\/wp\/v2\/posts\/4463\/revisions"}],"predecessor-version":[{"id":4467,"href":"https:\/\/elcardinal.com\/index.php?rest_route=\/wp\/v2\/posts\/4463\/revisions\/4467"}],"wp:featuredmedia":[{"embeddable":true,"href":"https:\/\/elcardinal.com\/index.php?rest_route=\/wp\/v2\/media\/4465"}],"wp:attachment":[{"href":"https:\/\/elcardinal.com\/index.php?rest_route=%2Fwp%2Fv2%2Fmedia&parent=4463"}],"wp:term":[{"taxonomy":"category","embeddable":true,"href":"https:\/\/elcardinal.com\/index.php?rest_route=%2Fwp%2Fv2%2Fcategories&post=4463"},{"taxonomy":"post_tag","embeddable":true,"href":"https:\/\/elcardinal.com\/index.php?rest_route=%2Fwp%2Fv2%2Ftags&post=4463"}],"curies":[{"name":"wp","href":"https:\/\/api.w.org\/{rel}","templated":true}]}}