{"id":4471,"date":"2025-05-12T18:52:50","date_gmt":"2025-05-13T00:52:50","guid":{"rendered":"https:\/\/elcardinal.com\/?p=4471"},"modified":"2025-05-12T18:52:50","modified_gmt":"2025-05-13T00:52:50","slug":"congreso-del-estado-promueve-cultura-de-la-paz-con-exposicion-impactos-que-dejan-huella","status":"publish","type":"post","link":"https:\/\/elcardinal.com\/?p=4471","title":{"rendered":"Congreso del estado promueve cultura de la paz con exposici\u00f3n \u201cImpactos que dejan huella\u201d"},"content":{"rendered":"<p>&nbsp;<\/p>\n<p>&nbsp;<\/p>\n<p><span style=\"font-weight: 400;\">Como parte de la Estrategia de Cultura de Paz, el <\/span><b>Congreso del Estado de Hidalgo<\/b><span style=\"font-weight: 400;\"> inaugur\u00f3 la exposici\u00f3n \u201cImpactos que dejan huella\u201d, del artista \u00c1lvaro Cuevas, con el objetivo de promover la reflexi\u00f3n sobre la violencia y su impacto en la sociedad.<\/span><\/p>\n<p><span style=\"font-weight: 400;\">Ante la presencia de estudiantes de diferentes niveles educativos que participaron en el Lunes C\u00edvico, en el cual se rindieron honores a la bandera, el presidente de la Junta de Gobierno, diputado <\/span><b>Andr\u00e9s Vel\u00e1zquez V\u00e1zquez<\/b><span style=\"font-weight: 400;\">, precis\u00f3 que estas piezas art\u00edsticas han sido elaboradas a partir de armas reales entregadas voluntariamente por ciudadanos: \u201ceste acto ejemplar de responsabilidad ha permitido transformar instrumentos de violencia en impresionantes esculturas cargadas de simbolismo\u201d.<\/span><\/p>\n<p><b>Guillermo Olivares Reina<\/b><span style=\"font-weight: 400;\">, titular de la Secretar\u00eda de Gobierno del Estado de Hidalgo, en representaci\u00f3n del gobernador <\/span><b>Julio Menchaca Salazar<\/b><span style=\"font-weight: 400;\">, celebr\u00f3 que con esta exposici\u00f3n se transforma un arma que pudo haber sido utilizada para un homicidio o agresi\u00f3n. \u201cRepresenta la educaci\u00f3n y el esfuerzo, lo que como pa\u00eds y como hidalguenses debemos preservar siempre\u201d.<\/span><\/p>\n<p><span style=\"font-weight: 400;\">El escultor <\/span><b>\u00c1lvaro Cuevas<\/b><span style=\"font-weight: 400;\">, creador de las obras, explic\u00f3 a los estudiantes que \u201cImpactos que dejan huella\u201d es una colecci\u00f3n de ocho esculturas que simbolizan el poder del arte.<\/span><\/p>\n<p><span style=\"font-weight: 400;\">La diputada federal <\/span><b>Alma Lidia de la Vega S\u00e1nchez<\/b><span style=\"font-weight: 400;\">, presidenta de la Comisi\u00f3n de Cultura y Cinematograf\u00eda del Congreso de la Uni\u00f3n, mencion\u00f3 a cultura de paz \u201cimplica cambiar la forma en la que nos relacionamos, supone abandonar el lenguaje de odio y reemplazarlo con un di\u00e1logo, sustituir las armas f\u00edsicas y simb\u00f3licas por herramientas de entretenimiento\u201d.<\/span><\/p>\n<p><b>Nadia Yadira Sep\u00falveda Garc\u00eda<\/b><span style=\"font-weight: 400;\">, diputada federal por Jalisco, record\u00f3 que en estas obras se utilizaron 10 toneladas de material ferroso, recolectadas por la Secretar\u00eda de la Defensa Nacional y la Secretar\u00eda de Gobernaci\u00f3n, mediante la campa\u00f1a \u201cS\u00ed al desarme y s\u00ed a la paz\u201d. Esta exhibici\u00f3n, dijo, \u201cnos demuestra que incluso en la herida m\u00e1s profunda puede haber reconciliaci\u00f3n\u201d.<\/span><\/p>\n<p><span style=\"font-weight: 400;\">El diputado <\/span><b>Jos\u00e9 Mar\u00eda Alejandro P\u00e9rez Ram\u00edrez<\/b><span style=\"font-weight: 400;\">, presidente de la mesa directiva de mayo, en el marco del D\u00eda Internacional de la Convivencia en Paz, conmemorado el 16 de mayo, invit\u00f3 a recapacitar sobre las contribuciones que cada persona puede hacer para la construcci\u00f3n de un presente y un futuro feliz.<\/span><\/p>\n<p><span style=\"font-weight: 400;\">En el evento tambi\u00e9n estuvieron presentes la senadora <\/span><b>Simey Olvera Bautista<\/b><span style=\"font-weight: 400;\">, las diputadas <\/span><b>Lizbeth Irais Ordaz Islas<\/b><span style=\"font-weight: 400;\">,<\/span><b> Karla Perales Arrieta<\/b><span style=\"font-weight: 400;\">,<\/span><b> Orqu\u00eddea Larragoiti<\/b> <b>Osorio<\/b><span style=\"font-weight: 400;\">, los diputados <\/span><b>Jorge Arg\u00fcelles Salazar <\/b><span style=\"font-weight: 400;\">y<\/span><b> Carlos Alejandro Alc\u00e1ntara Carbajal<\/b><span style=\"font-weight: 400;\">.<\/span><\/p>\n<p><span style=\"font-weight: 400;\">Asimismo, <\/span><b>Julices Juli\u00e1n Tadeo Gonz\u00e1lez Calzada<\/b><span style=\"font-weight: 400;\">, comisario general de la Guardia Nacional; el general de brigada del Estado Mayor, <\/span><b>Hugo Humberto Pedroza Salazar<\/b><span style=\"font-weight: 400;\">, comandante de la 18 Zona Militar; <\/span><b>Neyda Naranjo Baltazar<\/b><span style=\"font-weight: 400;\">, titular de la Secretar\u00eda de Cultura de Hidalgo; <\/span><b>Salvador Cruz Neri<\/b><span style=\"font-weight: 400;\">, titular de la Secretar\u00eda de Seguridad P\u00fablica del Estado de Hidalgo, y <\/span><b>Mar\u00eda Fernanda Ibarra Pelcastre<\/b><span style=\"font-weight: 400;\">, directora general de promoci\u00f3n, en representaci\u00f3n de Elizabeth Quintanar G\u00f3mez, titular de la Secretar\u00eda de Turismo de Hidalgo; as\u00ed como presidentes municipales y personal del Congreso.<\/span><\/p>\n","protected":false},"excerpt":{"rendered":"<p>&nbsp; &nbsp; Como parte de la Estrategia de Cultura de Paz, el Congreso del Estado de Hidalgo inaugur\u00f3 la exposici\u00f3n \u201cImpactos que dejan huella\u201d, del artista \u00c1lvaro Cuevas, con el objetivo de promover la reflexi\u00f3n sobre la violencia y su impacto en la sociedad. Ante la presencia de estudiantes de diferentes niveles educativos que participaron<\/p>\n","protected":false},"author":2,"featured_media":4472,"comment_status":"open","ping_status":"open","sticky":false,"template":"","format":"standard","meta":{"footnotes":""},"categories":[31,44,39],"tags":[70,62],"class_list":{"0":"post-4471","1":"post","2":"type-post","3":"status-publish","4":"format-standard","5":"has-post-thumbnail","7":"category-hidalgo","8":"category-minuto-a-minuto","9":"category-politica","10":"tag-andres-velazquez","11":"tag-congreso-de-hidalgo"},"yoast_head":"<!-- This site is optimized with the Yoast SEO plugin v26.1.1 - https:\/\/yoast.com\/wordpress\/plugins\/seo\/ -->\n<title>Congreso del estado promueve cultura de la paz con exposici\u00f3n \u201cImpactos que dejan huella\u201d - El Cardinal<\/title>\n<meta name=\"robots\" content=\"index, follow, max-snippet:-1, max-image-preview:large, max-video-preview:-1\" \/>\n<link rel=\"canonical\" href=\"https:\/\/elcardinal.com\/?p=4471\" \/>\n<meta property=\"og:locale\" content=\"es_MX\" \/>\n<meta property=\"og:type\" content=\"article\" \/>\n<meta property=\"og:title\" content=\"Congreso del estado promueve cultura de la paz con exposici\u00f3n \u201cImpactos que dejan huella\u201d - El Cardinal\" \/>\n<meta property=\"og:description\" content=\"&nbsp; &nbsp; Como parte de la Estrategia de Cultura de Paz, el Congreso del Estado de Hidalgo inaugur\u00f3 la exposici\u00f3n \u201cImpactos que dejan huella\u201d, del artista \u00c1lvaro Cuevas, con el objetivo de promover la reflexi\u00f3n sobre la violencia y su impacto en la sociedad. Ante la presencia de estudiantes de diferentes niveles educativos que participaron\" \/>\n<meta property=\"og:url\" content=\"https:\/\/elcardinal.com\/?p=4471\" \/>\n<meta property=\"og:site_name\" content=\"El Cardinal\" \/>\n<meta property=\"article:publisher\" content=\"https:\/\/www.facebook.com\/profile.php?id=100063093107011\" \/>\n<meta property=\"article:published_time\" content=\"2025-05-13T00:52:50+00:00\" \/>\n<meta property=\"og:image\" content=\"https:\/\/elcardinal.com\/wp-content\/uploads\/2025\/05\/12.05.2025-Lunes-Civico-3021-scaled.jpg\" \/>\n\t<meta property=\"og:image:width\" content=\"2560\" \/>\n\t<meta property=\"og:image:height\" content=\"1707\" \/>\n\t<meta property=\"og:image:type\" content=\"image\/jpeg\" \/>\n<meta name=\"author\" content=\"Antonio Alcaraz\" \/>\n<meta name=\"twitter:card\" content=\"summary_large_image\" \/>\n<meta name=\"twitter:creator\" content=\"@ElCardinal_Mx\" \/>\n<meta name=\"twitter:site\" content=\"@ElCardinal_Mx\" \/>\n<meta name=\"twitter:label1\" content=\"Escrito por\" \/>\n\t<meta name=\"twitter:data1\" content=\"Antonio Alcaraz\" \/>\n\t<meta name=\"twitter:label2\" content=\"Tiempo de lectura\" \/>\n\t<meta name=\"twitter:data2\" content=\"3 minutos\" \/>\n<script type=\"application\/ld+json\" class=\"yoast-schema-graph\">{\"@context\":\"https:\/\/schema.org\",\"@graph\":[{\"@type\":\"Article\",\"@id\":\"https:\/\/elcardinal.com\/?p=4471#article\",\"isPartOf\":{\"@id\":\"https:\/\/elcardinal.com\/?p=4471\"},\"author\":{\"name\":\"Antonio Alcaraz\",\"@id\":\"https:\/\/elcardinal.com\/#\/schema\/person\/3c352ec0a33987fe275c0e8a2ea69f8b\"},\"headline\":\"Congreso del estado promueve cultura de la paz con exposici\u00f3n \u201cImpactos que dejan huella\u201d\",\"datePublished\":\"2025-05-13T00:52:50+00:00\",\"mainEntityOfPage\":{\"@id\":\"https:\/\/elcardinal.com\/?p=4471\"},\"wordCount\":543,\"commentCount\":0,\"publisher\":{\"@id\":\"https:\/\/elcardinal.com\/#organization\"},\"image\":{\"@id\":\"https:\/\/elcardinal.com\/?p=4471#primaryimage\"},\"thumbnailUrl\":\"https:\/\/elcardinal.com\/wp-content\/uploads\/2025\/05\/12.05.2025-Lunes-Civico-3021-scaled.jpg\",\"keywords\":[\"Andr\u00e9s Vel\u00e1zquez\",\"Congreso de Hidalgo\"],\"articleSection\":[\"Hidalgo\",\"Minuto a Minuto\",\"Pol\u00edtica\"],\"inLanguage\":\"es\",\"potentialAction\":[{\"@type\":\"CommentAction\",\"name\":\"Comment\",\"target\":[\"https:\/\/elcardinal.com\/?p=4471#respond\"]}]},{\"@type\":\"WebPage\",\"@id\":\"https:\/\/elcardinal.com\/?p=4471\",\"url\":\"https:\/\/elcardinal.com\/?p=4471\",\"name\":\"Congreso del estado promueve cultura de la paz con exposici\u00f3n \u201cImpactos que dejan huella\u201d - El Cardinal\",\"isPartOf\":{\"@id\":\"https:\/\/elcardinal.com\/#website\"},\"primaryImageOfPage\":{\"@id\":\"https:\/\/elcardinal.com\/?p=4471#primaryimage\"},\"image\":{\"@id\":\"https:\/\/elcardinal.com\/?p=4471#primaryimage\"},\"thumbnailUrl\":\"https:\/\/elcardinal.com\/wp-content\/uploads\/2025\/05\/12.05.2025-Lunes-Civico-3021-scaled.jpg\",\"datePublished\":\"2025-05-13T00:52:50+00:00\",\"breadcrumb\":{\"@id\":\"https:\/\/elcardinal.com\/?p=4471#breadcrumb\"},\"inLanguage\":\"es\",\"potentialAction\":[{\"@type\":\"ReadAction\",\"target\":[\"https:\/\/elcardinal.com\/?p=4471\"]}]},{\"@type\":\"ImageObject\",\"inLanguage\":\"es\",\"@id\":\"https:\/\/elcardinal.com\/?p=4471#primaryimage\",\"url\":\"https:\/\/elcardinal.com\/wp-content\/uploads\/2025\/05\/12.05.2025-Lunes-Civico-3021-scaled.jpg\",\"contentUrl\":\"https:\/\/elcardinal.com\/wp-content\/uploads\/2025\/05\/12.05.2025-Lunes-Civico-3021-scaled.jpg\",\"width\":2560,\"height\":1707},{\"@type\":\"BreadcrumbList\",\"@id\":\"https:\/\/elcardinal.com\/?p=4471#breadcrumb\",\"itemListElement\":[{\"@type\":\"ListItem\",\"position\":1,\"name\":\"Inicio\",\"item\":\"https:\/\/elcardinal.com\/\"},{\"@type\":\"ListItem\",\"position\":2,\"name\":\"Congreso del estado promueve cultura de la paz con exposici\u00f3n \u201cImpactos que dejan huella\u201d\"}]},{\"@type\":\"WebSite\",\"@id\":\"https:\/\/elcardinal.com\/#website\",\"url\":\"https:\/\/elcardinal.com\/\",\"name\":\"El Cardinal\",\"description\":\"Periodismo honesto, con valor, sentido humano, a veces sarc\u00e1stico y divertido.\",\"publisher\":{\"@id\":\"https:\/\/elcardinal.com\/#organization\"},\"alternateName\":\"El Cardinal Noticias\",\"potentialAction\":[{\"@type\":\"SearchAction\",\"target\":{\"@type\":\"EntryPoint\",\"urlTemplate\":\"https:\/\/elcardinal.com\/?s={search_term_string}\"},\"query-input\":{\"@type\":\"PropertyValueSpecification\",\"valueRequired\":true,\"valueName\":\"search_term_string\"}}],\"inLanguage\":\"es\"},{\"@type\":\"Organization\",\"@id\":\"https:\/\/elcardinal.com\/#organization\",\"name\":\"El Cardinal\",\"url\":\"https:\/\/elcardinal.com\/\",\"logo\":{\"@type\":\"ImageObject\",\"inLanguage\":\"es\",\"@id\":\"https:\/\/elcardinal.com\/#\/schema\/logo\/image\/\",\"url\":\"https:\/\/elcardinal.com\/wp-content\/uploads\/2025\/04\/LOGO-EL-CARDINAL-Periodismo-con-valor.png\",\"contentUrl\":\"https:\/\/elcardinal.com\/wp-content\/uploads\/2025\/04\/LOGO-EL-CARDINAL-Periodismo-con-valor.png\",\"width\":755,\"height\":636,\"caption\":\"El Cardinal\"},\"image\":{\"@id\":\"https:\/\/elcardinal.com\/#\/schema\/logo\/image\/\"},\"sameAs\":[\"https:\/\/www.facebook.com\/profile.php?id=100063093107011\",\"https:\/\/x.com\/ElCardinal_Mx\"]},{\"@type\":\"Person\",\"@id\":\"https:\/\/elcardinal.com\/#\/schema\/person\/3c352ec0a33987fe275c0e8a2ea69f8b\",\"name\":\"Antonio Alcaraz\",\"image\":{\"@type\":\"ImageObject\",\"inLanguage\":\"es\",\"@id\":\"https:\/\/elcardinal.com\/#\/schema\/person\/image\/\",\"url\":\"https:\/\/elcardinal.com\/wp-content\/uploads\/2025\/05\/cropped-TONO-96x96.jpg\",\"contentUrl\":\"https:\/\/elcardinal.com\/wp-content\/uploads\/2025\/05\/cropped-TONO-96x96.jpg\",\"caption\":\"Antonio Alcaraz\"},\"url\":\"https:\/\/elcardinal.com\/?author=2\"}]}<\/script>\n<!-- \/ Yoast SEO plugin. -->","yoast_head_json":{"title":"Congreso del estado promueve cultura de la paz con exposici\u00f3n \u201cImpactos que dejan huella\u201d - El Cardinal","robots":{"index":"index","follow":"follow","max-snippet":"max-snippet:-1","max-image-preview":"max-image-preview:large","max-video-preview":"max-video-preview:-1"},"canonical":"https:\/\/elcardinal.com\/?p=4471","og_locale":"es_MX","og_type":"article","og_title":"Congreso del estado promueve cultura de la paz con exposici\u00f3n \u201cImpactos que dejan huella\u201d - El Cardinal","og_description":"&nbsp; &nbsp; Como parte de la Estrategia de Cultura de Paz, el Congreso del Estado de Hidalgo inaugur\u00f3 la exposici\u00f3n \u201cImpactos que dejan huella\u201d, del artista \u00c1lvaro Cuevas, con el objetivo de promover la reflexi\u00f3n sobre la violencia y su impacto en la sociedad. Ante la presencia de estudiantes de diferentes niveles educativos que participaron","og_url":"https:\/\/elcardinal.com\/?p=4471","og_site_name":"El Cardinal","article_publisher":"https:\/\/www.facebook.com\/profile.php?id=100063093107011","article_published_time":"2025-05-13T00:52:50+00:00","og_image":[{"width":2560,"height":1707,"url":"https:\/\/elcardinal.com\/wp-content\/uploads\/2025\/05\/12.05.2025-Lunes-Civico-3021-scaled.jpg","type":"image\/jpeg"}],"author":"Antonio Alcaraz","twitter_card":"summary_large_image","twitter_creator":"@ElCardinal_Mx","twitter_site":"@ElCardinal_Mx","twitter_misc":{"Escrito por":"Antonio Alcaraz","Tiempo de lectura":"3 minutos"},"schema":{"@context":"https:\/\/schema.org","@graph":[{"@type":"Article","@id":"https:\/\/elcardinal.com\/?p=4471#article","isPartOf":{"@id":"https:\/\/elcardinal.com\/?p=4471"},"author":{"name":"Antonio Alcaraz","@id":"https:\/\/elcardinal.com\/#\/schema\/person\/3c352ec0a33987fe275c0e8a2ea69f8b"},"headline":"Congreso del estado promueve cultura de la paz con exposici\u00f3n \u201cImpactos que dejan huella\u201d","datePublished":"2025-05-13T00:52:50+00:00","mainEntityOfPage":{"@id":"https:\/\/elcardinal.com\/?p=4471"},"wordCount":543,"commentCount":0,"publisher":{"@id":"https:\/\/elcardinal.com\/#organization"},"image":{"@id":"https:\/\/elcardinal.com\/?p=4471#primaryimage"},"thumbnailUrl":"https:\/\/elcardinal.com\/wp-content\/uploads\/2025\/05\/12.05.2025-Lunes-Civico-3021-scaled.jpg","keywords":["Andr\u00e9s Vel\u00e1zquez","Congreso de Hidalgo"],"articleSection":["Hidalgo","Minuto a Minuto","Pol\u00edtica"],"inLanguage":"es","potentialAction":[{"@type":"CommentAction","name":"Comment","target":["https:\/\/elcardinal.com\/?p=4471#respond"]}]},{"@type":"WebPage","@id":"https:\/\/elcardinal.com\/?p=4471","url":"https:\/\/elcardinal.com\/?p=4471","name":"Congreso del estado promueve cultura de la paz con exposici\u00f3n \u201cImpactos que dejan huella\u201d - El Cardinal","isPartOf":{"@id":"https:\/\/elcardinal.com\/#website"},"primaryImageOfPage":{"@id":"https:\/\/elcardinal.com\/?p=4471#primaryimage"},"image":{"@id":"https:\/\/elcardinal.com\/?p=4471#primaryimage"},"thumbnailUrl":"https:\/\/elcardinal.com\/wp-content\/uploads\/2025\/05\/12.05.2025-Lunes-Civico-3021-scaled.jpg","datePublished":"2025-05-13T00:52:50+00:00","breadcrumb":{"@id":"https:\/\/elcardinal.com\/?p=4471#breadcrumb"},"inLanguage":"es","potentialAction":[{"@type":"ReadAction","target":["https:\/\/elcardinal.com\/?p=4471"]}]},{"@type":"ImageObject","inLanguage":"es","@id":"https:\/\/elcardinal.com\/?p=4471#primaryimage","url":"https:\/\/elcardinal.com\/wp-content\/uploads\/2025\/05\/12.05.2025-Lunes-Civico-3021-scaled.jpg","contentUrl":"https:\/\/elcardinal.com\/wp-content\/uploads\/2025\/05\/12.05.2025-Lunes-Civico-3021-scaled.jpg","width":2560,"height":1707},{"@type":"BreadcrumbList","@id":"https:\/\/elcardinal.com\/?p=4471#breadcrumb","itemListElement":[{"@type":"ListItem","position":1,"name":"Inicio","item":"https:\/\/elcardinal.com\/"},{"@type":"ListItem","position":2,"name":"Congreso del estado promueve cultura de la paz con exposici\u00f3n \u201cImpactos que dejan huella\u201d"}]},{"@type":"WebSite","@id":"https:\/\/elcardinal.com\/#website","url":"https:\/\/elcardinal.com\/","name":"El Cardinal","description":"Periodismo honesto, con valor, sentido humano, a veces sarc\u00e1stico y divertido.","publisher":{"@id":"https:\/\/elcardinal.com\/#organization"},"alternateName":"El Cardinal Noticias","potentialAction":[{"@type":"SearchAction","target":{"@type":"EntryPoint","urlTemplate":"https:\/\/elcardinal.com\/?s={search_term_string}"},"query-input":{"@type":"PropertyValueSpecification","valueRequired":true,"valueName":"search_term_string"}}],"inLanguage":"es"},{"@type":"Organization","@id":"https:\/\/elcardinal.com\/#organization","name":"El Cardinal","url":"https:\/\/elcardinal.com\/","logo":{"@type":"ImageObject","inLanguage":"es","@id":"https:\/\/elcardinal.com\/#\/schema\/logo\/image\/","url":"https:\/\/elcardinal.com\/wp-content\/uploads\/2025\/04\/LOGO-EL-CARDINAL-Periodismo-con-valor.png","contentUrl":"https:\/\/elcardinal.com\/wp-content\/uploads\/2025\/04\/LOGO-EL-CARDINAL-Periodismo-con-valor.png","width":755,"height":636,"caption":"El Cardinal"},"image":{"@id":"https:\/\/elcardinal.com\/#\/schema\/logo\/image\/"},"sameAs":["https:\/\/www.facebook.com\/profile.php?id=100063093107011","https:\/\/x.com\/ElCardinal_Mx"]},{"@type":"Person","@id":"https:\/\/elcardinal.com\/#\/schema\/person\/3c352ec0a33987fe275c0e8a2ea69f8b","name":"Antonio Alcaraz","image":{"@type":"ImageObject","inLanguage":"es","@id":"https:\/\/elcardinal.com\/#\/schema\/person\/image\/","url":"https:\/\/elcardinal.com\/wp-content\/uploads\/2025\/05\/cropped-TONO-96x96.jpg","contentUrl":"https:\/\/elcardinal.com\/wp-content\/uploads\/2025\/05\/cropped-TONO-96x96.jpg","caption":"Antonio Alcaraz"},"url":"https:\/\/elcardinal.com\/?author=2"}]}},"_links":{"self":[{"href":"https:\/\/elcardinal.com\/index.php?rest_route=\/wp\/v2\/posts\/4471","targetHints":{"allow":["GET"]}}],"collection":[{"href":"https:\/\/elcardinal.com\/index.php?rest_route=\/wp\/v2\/posts"}],"about":[{"href":"https:\/\/elcardinal.com\/index.php?rest_route=\/wp\/v2\/types\/post"}],"author":[{"embeddable":true,"href":"https:\/\/elcardinal.com\/index.php?rest_route=\/wp\/v2\/users\/2"}],"replies":[{"embeddable":true,"href":"https:\/\/elcardinal.com\/index.php?rest_route=%2Fwp%2Fv2%2Fcomments&post=4471"}],"version-history":[{"count":1,"href":"https:\/\/elcardinal.com\/index.php?rest_route=\/wp\/v2\/posts\/4471\/revisions"}],"predecessor-version":[{"id":4473,"href":"https:\/\/elcardinal.com\/index.php?rest_route=\/wp\/v2\/posts\/4471\/revisions\/4473"}],"wp:featuredmedia":[{"embeddable":true,"href":"https:\/\/elcardinal.com\/index.php?rest_route=\/wp\/v2\/media\/4472"}],"wp:attachment":[{"href":"https:\/\/elcardinal.com\/index.php?rest_route=%2Fwp%2Fv2%2Fmedia&parent=4471"}],"wp:term":[{"taxonomy":"category","embeddable":true,"href":"https:\/\/elcardinal.com\/index.php?rest_route=%2Fwp%2Fv2%2Fcategories&post=4471"},{"taxonomy":"post_tag","embeddable":true,"href":"https:\/\/elcardinal.com\/index.php?rest_route=%2Fwp%2Fv2%2Ftags&post=4471"}],"curies":[{"name":"wp","href":"https:\/\/api.w.org\/{rel}","templated":true}]}}