{"id":4477,"date":"2025-05-13T07:38:31","date_gmt":"2025-05-13T13:38:31","guid":{"rendered":"https:\/\/elcardinal.com\/?p=4477"},"modified":"2025-05-13T07:38:31","modified_gmt":"2025-05-13T13:38:31","slug":"grupo-criminal-intercepta-camion-de-los-angeles-azules-y-los-dejan-sin-instrumentos","status":"publish","type":"post","link":"https:\/\/elcardinal.com\/?p=4477","title":{"rendered":"Grupo criminal intercepta cami\u00f3n de Los \u00c1ngeles Azules y los dejan sin instrumentos"},"content":{"rendered":"<div class=\"xdj266r x11i5rnm xat24cr x1mh8g0r x1vvkbs x126k92a\">\n<div dir=\"auto\"><\/div>\n<div dir=\"auto\">By El Cardinalito<\/div>\n<\/div>\n<div class=\"x11i5rnm xat24cr x1mh8g0r x1vvkbs xtlvy1s x126k92a\">\n<div dir=\"auto\">La reconocida agrupaci\u00f3n musical Mexicana Los \u00c1ngeles Azules inform\u00f3, mediante un comunicado oficial, que uno de sus camiones fue v\u00edctima de un asalto el pasado viernes 9 de mayo, mientras regresaban de un concierto en Tabasco.<\/div>\n<\/div>\n<div class=\"x11i5rnm xat24cr x1mh8g0r x1vvkbs xtlvy1s x126k92a\">\n<div dir=\"auto\">De acuerdo con el documento difundido en redes sociales, el veh\u00edculo que transportaba sus instrumentos y equipo de audio fue interceptado por un falso ret\u00e9n en el kil\u00f3metro 61 de la carretera M\u00e9xico &#8211; Puebla, en direcci\u00f3n a la Ciudad de M\u00e9xico.<\/div>\n<\/div>\n<div class=\"x11i5rnm xat24cr x1mh8g0r x1vvkbs xtlvy1s x126k92a\">\n<div dir=\"auto\">El grupo asegur\u00f3 que ya se encuentran en el proceso de presentar la<\/div>\n<div dir=\"auto\">\u00a0denuncia correspondiente ante las autoridades competentes. Asimismo,<\/div>\n<p><img fetchpriority=\"high\" decoding=\"async\" class=\" wp-image-4478 alignright\" style=\"font-size: 14px; font-family: 'Public Sans', system-ui, sans-serif;\" src=\"https:\/\/elcardinal.com\/wp-content\/uploads\/2025\/05\/495712835_1016907500422344_8109419715473195645_n-169x300.jpg\" alt=\"\" width=\"202\" height=\"359\" srcset=\"https:\/\/elcardinal.com\/wp-content\/uploads\/2025\/05\/495712835_1016907500422344_8109419715473195645_n-169x300.jpg 169w, https:\/\/elcardinal.com\/wp-content\/uploads\/2025\/05\/495712835_1016907500422344_8109419715473195645_n-576x1024.jpg 576w, https:\/\/elcardinal.com\/wp-content\/uploads\/2025\/05\/495712835_1016907500422344_8109419715473195645_n-768x1365.jpg 768w, https:\/\/elcardinal.com\/wp-content\/uploads\/2025\/05\/495712835_1016907500422344_8109419715473195645_n-864x1536.jpg 864w, https:\/\/elcardinal.com\/wp-content\/uploads\/2025\/05\/495712835_1016907500422344_8109419715473195645_n-150x267.jpg 150w, https:\/\/elcardinal.com\/wp-content\/uploads\/2025\/05\/495712835_1016907500422344_8109419715473195645_n-450x800.jpg 450w, https:\/\/elcardinal.com\/wp-content\/uploads\/2025\/05\/495712835_1016907500422344_8109419715473195645_n.jpg 1080w\" sizes=\"(max-width: 202px) 100vw, 202px\" \/><\/p>\n<div dir=\"auto\">\u00a0hicieron un en\u00e9rgico llamado a las autoridades estatales y federales para que se implementen medidas urgentes que garanticen el tr\u00e1nsito seguro en las carreteras del pa\u00eds.<\/div>\n<\/div>\n<div class=\"x11i5rnm xat24cr x1mh8g0r x1vvkbs xtlvy1s x126k92a\">\n<div dir=\"auto\">Finalmente, Los \u00c1ngeles Azules agradecieron el apoyo y solidaridad de sus seguidores tras este lamentable hecho.<\/div>\n<\/div>\n","protected":false},"excerpt":{"rendered":"<p>By El Cardinalito La reconocida agrupaci\u00f3n musical Mexicana Los \u00c1ngeles Azules inform\u00f3, mediante un comunicado oficial, que uno de sus camiones fue v\u00edctima de un asalto el pasado viernes 9 de mayo, mientras regresaban de un concierto en Tabasco. De acuerdo con el documento difundido en redes sociales, el veh\u00edculo que transportaba sus instrumentos y<\/p>\n","protected":false},"author":2,"featured_media":4479,"comment_status":"open","ping_status":"open","sticky":false,"template":"","format":"standard","meta":{"footnotes":""},"categories":[34,44,38],"tags":[144,146,145],"class_list":{"0":"post-4477","1":"post","2":"type-post","3":"status-publish","4":"format-standard","5":"has-post-thumbnail","7":"category-mexico","8":"category-minuto-a-minuto","9":"category-seguridad","10":"tag-angeles-azules","11":"tag-asalto","12":"tag-mexico-puebla"},"yoast_head":"<!-- This site is optimized with the Yoast SEO plugin v26.1.1 - https:\/\/yoast.com\/wordpress\/plugins\/seo\/ -->\n<title>Grupo criminal intercepta cami\u00f3n de Los \u00c1ngeles Azules y los dejan sin instrumentos - El Cardinal<\/title>\n<meta name=\"robots\" content=\"index, follow, max-snippet:-1, max-image-preview:large, max-video-preview:-1\" \/>\n<link rel=\"canonical\" href=\"https:\/\/elcardinal.com\/?p=4477\" \/>\n<meta property=\"og:locale\" content=\"es_MX\" \/>\n<meta property=\"og:type\" content=\"article\" \/>\n<meta property=\"og:title\" content=\"Grupo criminal intercepta cami\u00f3n de Los \u00c1ngeles Azules y los dejan sin instrumentos - El Cardinal\" \/>\n<meta property=\"og:description\" content=\"By El Cardinalito La reconocida agrupaci\u00f3n musical Mexicana Los \u00c1ngeles Azules inform\u00f3, mediante un comunicado oficial, que uno de sus camiones fue v\u00edctima de un asalto el pasado viernes 9 de mayo, mientras regresaban de un concierto en Tabasco. De acuerdo con el documento difundido en redes sociales, el veh\u00edculo que transportaba sus instrumentos y\" \/>\n<meta property=\"og:url\" content=\"https:\/\/elcardinal.com\/?p=4477\" \/>\n<meta property=\"og:site_name\" content=\"El Cardinal\" \/>\n<meta property=\"article:publisher\" content=\"https:\/\/www.facebook.com\/profile.php?id=100063093107011\" \/>\n<meta property=\"article:published_time\" content=\"2025-05-13T13:38:31+00:00\" \/>\n<meta property=\"og:image\" content=\"https:\/\/elcardinal.com\/wp-content\/uploads\/2025\/05\/497812341_1016907463755681_679102622393705733_n.jpg\" \/>\n\t<meta property=\"og:image:width\" content=\"2048\" \/>\n\t<meta property=\"og:image:height\" content=\"1802\" \/>\n\t<meta property=\"og:image:type\" content=\"image\/jpeg\" \/>\n<meta name=\"author\" content=\"Antonio Alcaraz\" \/>\n<meta name=\"twitter:card\" content=\"summary_large_image\" \/>\n<meta name=\"twitter:creator\" content=\"@ElCardinal_Mx\" \/>\n<meta name=\"twitter:site\" content=\"@ElCardinal_Mx\" \/>\n<meta name=\"twitter:label1\" content=\"Escrito por\" \/>\n\t<meta name=\"twitter:data1\" content=\"Antonio Alcaraz\" \/>\n\t<meta name=\"twitter:label2\" content=\"Tiempo de lectura\" \/>\n\t<meta name=\"twitter:data2\" content=\"2 minutos\" \/>\n<script type=\"application\/ld+json\" class=\"yoast-schema-graph\">{\"@context\":\"https:\/\/schema.org\",\"@graph\":[{\"@type\":\"Article\",\"@id\":\"https:\/\/elcardinal.com\/?p=4477#article\",\"isPartOf\":{\"@id\":\"https:\/\/elcardinal.com\/?p=4477\"},\"author\":{\"name\":\"Antonio Alcaraz\",\"@id\":\"https:\/\/elcardinal.com\/#\/schema\/person\/3c352ec0a33987fe275c0e8a2ea69f8b\"},\"headline\":\"Grupo criminal intercepta cami\u00f3n de Los \u00c1ngeles Azules y los dejan sin instrumentos\",\"datePublished\":\"2025-05-13T13:38:31+00:00\",\"mainEntityOfPage\":{\"@id\":\"https:\/\/elcardinal.com\/?p=4477\"},\"wordCount\":166,\"commentCount\":0,\"publisher\":{\"@id\":\"https:\/\/elcardinal.com\/#organization\"},\"image\":{\"@id\":\"https:\/\/elcardinal.com\/?p=4477#primaryimage\"},\"thumbnailUrl\":\"https:\/\/elcardinal.com\/wp-content\/uploads\/2025\/05\/497812341_1016907463755681_679102622393705733_n.jpg\",\"keywords\":[\"\u00c1ngeles Azules\",\"Asalto\",\"M\u00e9xico Puebla\"],\"articleSection\":[\"M\u00e9xico\",\"Minuto a Minuto\",\"Seguridad\"],\"inLanguage\":\"es\",\"potentialAction\":[{\"@type\":\"CommentAction\",\"name\":\"Comment\",\"target\":[\"https:\/\/elcardinal.com\/?p=4477#respond\"]}]},{\"@type\":\"WebPage\",\"@id\":\"https:\/\/elcardinal.com\/?p=4477\",\"url\":\"https:\/\/elcardinal.com\/?p=4477\",\"name\":\"Grupo criminal intercepta cami\u00f3n de Los \u00c1ngeles Azules y los dejan sin instrumentos - El Cardinal\",\"isPartOf\":{\"@id\":\"https:\/\/elcardinal.com\/#website\"},\"primaryImageOfPage\":{\"@id\":\"https:\/\/elcardinal.com\/?p=4477#primaryimage\"},\"image\":{\"@id\":\"https:\/\/elcardinal.com\/?p=4477#primaryimage\"},\"thumbnailUrl\":\"https:\/\/elcardinal.com\/wp-content\/uploads\/2025\/05\/497812341_1016907463755681_679102622393705733_n.jpg\",\"datePublished\":\"2025-05-13T13:38:31+00:00\",\"breadcrumb\":{\"@id\":\"https:\/\/elcardinal.com\/?p=4477#breadcrumb\"},\"inLanguage\":\"es\",\"potentialAction\":[{\"@type\":\"ReadAction\",\"target\":[\"https:\/\/elcardinal.com\/?p=4477\"]}]},{\"@type\":\"ImageObject\",\"inLanguage\":\"es\",\"@id\":\"https:\/\/elcardinal.com\/?p=4477#primaryimage\",\"url\":\"https:\/\/elcardinal.com\/wp-content\/uploads\/2025\/05\/497812341_1016907463755681_679102622393705733_n.jpg\",\"contentUrl\":\"https:\/\/elcardinal.com\/wp-content\/uploads\/2025\/05\/497812341_1016907463755681_679102622393705733_n.jpg\",\"width\":2048,\"height\":1802},{\"@type\":\"BreadcrumbList\",\"@id\":\"https:\/\/elcardinal.com\/?p=4477#breadcrumb\",\"itemListElement\":[{\"@type\":\"ListItem\",\"position\":1,\"name\":\"Inicio\",\"item\":\"https:\/\/elcardinal.com\/\"},{\"@type\":\"ListItem\",\"position\":2,\"name\":\"Grupo criminal intercepta cami\u00f3n de Los \u00c1ngeles Azules y los dejan sin instrumentos\"}]},{\"@type\":\"WebSite\",\"@id\":\"https:\/\/elcardinal.com\/#website\",\"url\":\"https:\/\/elcardinal.com\/\",\"name\":\"El Cardinal\",\"description\":\"Periodismo honesto, con valor, sentido humano, a veces sarc\u00e1stico y divertido.\",\"publisher\":{\"@id\":\"https:\/\/elcardinal.com\/#organization\"},\"alternateName\":\"El Cardinal Noticias\",\"potentialAction\":[{\"@type\":\"SearchAction\",\"target\":{\"@type\":\"EntryPoint\",\"urlTemplate\":\"https:\/\/elcardinal.com\/?s={search_term_string}\"},\"query-input\":{\"@type\":\"PropertyValueSpecification\",\"valueRequired\":true,\"valueName\":\"search_term_string\"}}],\"inLanguage\":\"es\"},{\"@type\":\"Organization\",\"@id\":\"https:\/\/elcardinal.com\/#organization\",\"name\":\"El Cardinal\",\"url\":\"https:\/\/elcardinal.com\/\",\"logo\":{\"@type\":\"ImageObject\",\"inLanguage\":\"es\",\"@id\":\"https:\/\/elcardinal.com\/#\/schema\/logo\/image\/\",\"url\":\"https:\/\/elcardinal.com\/wp-content\/uploads\/2025\/04\/LOGO-EL-CARDINAL-Periodismo-con-valor.png\",\"contentUrl\":\"https:\/\/elcardinal.com\/wp-content\/uploads\/2025\/04\/LOGO-EL-CARDINAL-Periodismo-con-valor.png\",\"width\":755,\"height\":636,\"caption\":\"El Cardinal\"},\"image\":{\"@id\":\"https:\/\/elcardinal.com\/#\/schema\/logo\/image\/\"},\"sameAs\":[\"https:\/\/www.facebook.com\/profile.php?id=100063093107011\",\"https:\/\/x.com\/ElCardinal_Mx\"]},{\"@type\":\"Person\",\"@id\":\"https:\/\/elcardinal.com\/#\/schema\/person\/3c352ec0a33987fe275c0e8a2ea69f8b\",\"name\":\"Antonio Alcaraz\",\"image\":{\"@type\":\"ImageObject\",\"inLanguage\":\"es\",\"@id\":\"https:\/\/elcardinal.com\/#\/schema\/person\/image\/\",\"url\":\"https:\/\/elcardinal.com\/wp-content\/uploads\/2025\/05\/cropped-TONO-96x96.jpg\",\"contentUrl\":\"https:\/\/elcardinal.com\/wp-content\/uploads\/2025\/05\/cropped-TONO-96x96.jpg\",\"caption\":\"Antonio Alcaraz\"},\"url\":\"https:\/\/elcardinal.com\/?author=2\"}]}<\/script>\n<!-- \/ Yoast SEO plugin. -->","yoast_head_json":{"title":"Grupo criminal intercepta cami\u00f3n de Los \u00c1ngeles Azules y los dejan sin instrumentos - El Cardinal","robots":{"index":"index","follow":"follow","max-snippet":"max-snippet:-1","max-image-preview":"max-image-preview:large","max-video-preview":"max-video-preview:-1"},"canonical":"https:\/\/elcardinal.com\/?p=4477","og_locale":"es_MX","og_type":"article","og_title":"Grupo criminal intercepta cami\u00f3n de Los \u00c1ngeles Azules y los dejan sin instrumentos - El Cardinal","og_description":"By El Cardinalito La reconocida agrupaci\u00f3n musical Mexicana Los \u00c1ngeles Azules inform\u00f3, mediante un comunicado oficial, que uno de sus camiones fue v\u00edctima de un asalto el pasado viernes 9 de mayo, mientras regresaban de un concierto en Tabasco. De acuerdo con el documento difundido en redes sociales, el veh\u00edculo que transportaba sus instrumentos y","og_url":"https:\/\/elcardinal.com\/?p=4477","og_site_name":"El Cardinal","article_publisher":"https:\/\/www.facebook.com\/profile.php?id=100063093107011","article_published_time":"2025-05-13T13:38:31+00:00","og_image":[{"width":2048,"height":1802,"url":"https:\/\/elcardinal.com\/wp-content\/uploads\/2025\/05\/497812341_1016907463755681_679102622393705733_n.jpg","type":"image\/jpeg"}],"author":"Antonio Alcaraz","twitter_card":"summary_large_image","twitter_creator":"@ElCardinal_Mx","twitter_site":"@ElCardinal_Mx","twitter_misc":{"Escrito por":"Antonio Alcaraz","Tiempo de lectura":"2 minutos"},"schema":{"@context":"https:\/\/schema.org","@graph":[{"@type":"Article","@id":"https:\/\/elcardinal.com\/?p=4477#article","isPartOf":{"@id":"https:\/\/elcardinal.com\/?p=4477"},"author":{"name":"Antonio Alcaraz","@id":"https:\/\/elcardinal.com\/#\/schema\/person\/3c352ec0a33987fe275c0e8a2ea69f8b"},"headline":"Grupo criminal intercepta cami\u00f3n de Los \u00c1ngeles Azules y los dejan sin instrumentos","datePublished":"2025-05-13T13:38:31+00:00","mainEntityOfPage":{"@id":"https:\/\/elcardinal.com\/?p=4477"},"wordCount":166,"commentCount":0,"publisher":{"@id":"https:\/\/elcardinal.com\/#organization"},"image":{"@id":"https:\/\/elcardinal.com\/?p=4477#primaryimage"},"thumbnailUrl":"https:\/\/elcardinal.com\/wp-content\/uploads\/2025\/05\/497812341_1016907463755681_679102622393705733_n.jpg","keywords":["\u00c1ngeles Azules","Asalto","M\u00e9xico Puebla"],"articleSection":["M\u00e9xico","Minuto a Minuto","Seguridad"],"inLanguage":"es","potentialAction":[{"@type":"CommentAction","name":"Comment","target":["https:\/\/elcardinal.com\/?p=4477#respond"]}]},{"@type":"WebPage","@id":"https:\/\/elcardinal.com\/?p=4477","url":"https:\/\/elcardinal.com\/?p=4477","name":"Grupo criminal intercepta cami\u00f3n de Los \u00c1ngeles Azules y los dejan sin instrumentos - El Cardinal","isPartOf":{"@id":"https:\/\/elcardinal.com\/#website"},"primaryImageOfPage":{"@id":"https:\/\/elcardinal.com\/?p=4477#primaryimage"},"image":{"@id":"https:\/\/elcardinal.com\/?p=4477#primaryimage"},"thumbnailUrl":"https:\/\/elcardinal.com\/wp-content\/uploads\/2025\/05\/497812341_1016907463755681_679102622393705733_n.jpg","datePublished":"2025-05-13T13:38:31+00:00","breadcrumb":{"@id":"https:\/\/elcardinal.com\/?p=4477#breadcrumb"},"inLanguage":"es","potentialAction":[{"@type":"ReadAction","target":["https:\/\/elcardinal.com\/?p=4477"]}]},{"@type":"ImageObject","inLanguage":"es","@id":"https:\/\/elcardinal.com\/?p=4477#primaryimage","url":"https:\/\/elcardinal.com\/wp-content\/uploads\/2025\/05\/497812341_1016907463755681_679102622393705733_n.jpg","contentUrl":"https:\/\/elcardinal.com\/wp-content\/uploads\/2025\/05\/497812341_1016907463755681_679102622393705733_n.jpg","width":2048,"height":1802},{"@type":"BreadcrumbList","@id":"https:\/\/elcardinal.com\/?p=4477#breadcrumb","itemListElement":[{"@type":"ListItem","position":1,"name":"Inicio","item":"https:\/\/elcardinal.com\/"},{"@type":"ListItem","position":2,"name":"Grupo criminal intercepta cami\u00f3n de Los \u00c1ngeles Azules y los dejan sin instrumentos"}]},{"@type":"WebSite","@id":"https:\/\/elcardinal.com\/#website","url":"https:\/\/elcardinal.com\/","name":"El Cardinal","description":"Periodismo honesto, con valor, sentido humano, a veces sarc\u00e1stico y divertido.","publisher":{"@id":"https:\/\/elcardinal.com\/#organization"},"alternateName":"El Cardinal Noticias","potentialAction":[{"@type":"SearchAction","target":{"@type":"EntryPoint","urlTemplate":"https:\/\/elcardinal.com\/?s={search_term_string}"},"query-input":{"@type":"PropertyValueSpecification","valueRequired":true,"valueName":"search_term_string"}}],"inLanguage":"es"},{"@type":"Organization","@id":"https:\/\/elcardinal.com\/#organization","name":"El Cardinal","url":"https:\/\/elcardinal.com\/","logo":{"@type":"ImageObject","inLanguage":"es","@id":"https:\/\/elcardinal.com\/#\/schema\/logo\/image\/","url":"https:\/\/elcardinal.com\/wp-content\/uploads\/2025\/04\/LOGO-EL-CARDINAL-Periodismo-con-valor.png","contentUrl":"https:\/\/elcardinal.com\/wp-content\/uploads\/2025\/04\/LOGO-EL-CARDINAL-Periodismo-con-valor.png","width":755,"height":636,"caption":"El Cardinal"},"image":{"@id":"https:\/\/elcardinal.com\/#\/schema\/logo\/image\/"},"sameAs":["https:\/\/www.facebook.com\/profile.php?id=100063093107011","https:\/\/x.com\/ElCardinal_Mx"]},{"@type":"Person","@id":"https:\/\/elcardinal.com\/#\/schema\/person\/3c352ec0a33987fe275c0e8a2ea69f8b","name":"Antonio Alcaraz","image":{"@type":"ImageObject","inLanguage":"es","@id":"https:\/\/elcardinal.com\/#\/schema\/person\/image\/","url":"https:\/\/elcardinal.com\/wp-content\/uploads\/2025\/05\/cropped-TONO-96x96.jpg","contentUrl":"https:\/\/elcardinal.com\/wp-content\/uploads\/2025\/05\/cropped-TONO-96x96.jpg","caption":"Antonio Alcaraz"},"url":"https:\/\/elcardinal.com\/?author=2"}]}},"_links":{"self":[{"href":"https:\/\/elcardinal.com\/index.php?rest_route=\/wp\/v2\/posts\/4477","targetHints":{"allow":["GET"]}}],"collection":[{"href":"https:\/\/elcardinal.com\/index.php?rest_route=\/wp\/v2\/posts"}],"about":[{"href":"https:\/\/elcardinal.com\/index.php?rest_route=\/wp\/v2\/types\/post"}],"author":[{"embeddable":true,"href":"https:\/\/elcardinal.com\/index.php?rest_route=\/wp\/v2\/users\/2"}],"replies":[{"embeddable":true,"href":"https:\/\/elcardinal.com\/index.php?rest_route=%2Fwp%2Fv2%2Fcomments&post=4477"}],"version-history":[{"count":1,"href":"https:\/\/elcardinal.com\/index.php?rest_route=\/wp\/v2\/posts\/4477\/revisions"}],"predecessor-version":[{"id":4480,"href":"https:\/\/elcardinal.com\/index.php?rest_route=\/wp\/v2\/posts\/4477\/revisions\/4480"}],"wp:featuredmedia":[{"embeddable":true,"href":"https:\/\/elcardinal.com\/index.php?rest_route=\/wp\/v2\/media\/4479"}],"wp:attachment":[{"href":"https:\/\/elcardinal.com\/index.php?rest_route=%2Fwp%2Fv2%2Fmedia&parent=4477"}],"wp:term":[{"taxonomy":"category","embeddable":true,"href":"https:\/\/elcardinal.com\/index.php?rest_route=%2Fwp%2Fv2%2Fcategories&post=4477"},{"taxonomy":"post_tag","embeddable":true,"href":"https:\/\/elcardinal.com\/index.php?rest_route=%2Fwp%2Fv2%2Ftags&post=4477"}],"curies":[{"name":"wp","href":"https:\/\/api.w.org\/{rel}","templated":true}]}}