{"id":4481,"date":"2025-05-13T14:42:57","date_gmt":"2025-05-13T20:42:57","guid":{"rendered":"https:\/\/elcardinal.com\/?p=4481"},"modified":"2025-05-13T14:42:57","modified_gmt":"2025-05-13T20:42:57","slug":"de-la-porra-al-penal-pero-al-penal-de-pachuca-presentan-iniciativa-para-sancionar-violencia-deportiva","status":"publish","type":"post","link":"https:\/\/elcardinal.com\/?p=4481","title":{"rendered":"De la porra al penal&#8230; pero al penal de Pachuca: presentan iniciativa para sancionar violencia deportiva"},"content":{"rendered":"<p class=\"\" data-start=\"141\" data-end=\"180\">\ud83d\udcdd <em data-start=\"144\" data-end=\"178\">Por: <strong>Jos\u00e9 Antonio Alcaraz Su\u00e1rez<\/strong><\/em><\/p>\n<p class=\"\" data-start=\"182\" data-end=\"536\">\ud83d\udccd <em data-start=\"185\" data-end=\"220\">Pachuca, Hgo., 13 de mayo de 2025<\/em> \u2014 Con el firme objetivo de frenar la violencia dentro y fuera de las canchas, el diputado local <strong data-start=\"317\" data-end=\"347\">Miguel \u00c1ngel Moreno Zamora<\/strong> present\u00f3 una <strong data-start=\"361\" data-end=\"386\">iniciativa de reforma<\/strong> ante el Congreso del Estado de Hidalgo que busca castigar de forma ejemplar las agresiones en eventos deportivos, tanto profesionales como amateur.<\/p>\n<p class=\"\" data-start=\"538\" data-end=\"803\">\ud83c\udfdb\ufe0f La propuesta contempla cambios a la <strong data-start=\"578\" data-end=\"625\">Ley de Cultura F\u00edsica, Deporte y Recreaci\u00f3n<\/strong>, as\u00ed como al <strong data-start=\"639\" data-end=\"663\">C\u00f3digo Penal estatal<\/strong>, enfoc\u00e1ndose en proteger a \u00e1rbitros, jueces, jugadores, entrenadores y asistentes de cualquier tipo de violencia, ya sea f\u00edsica o verbal.<\/p>\n<h3 class=\"\" data-start=\"805\" data-end=\"843\">\u2696\ufe0f Puntos clave de la iniciativa<\/h3>\n<p class=\"\" data-start=\"845\" data-end=\"1017\">\ud83d\udd39 <strong data-start=\"848\" data-end=\"876\">Fomento al juego limpio:<\/strong> Se promover\u00e1n valores como el respeto, la empat\u00eda y el autocontrol, desde la formaci\u00f3n deportiva infantil hasta los niveles profesionales.<\/p>\n<p class=\"\" data-start=\"1019\" data-end=\"1164\">\ud83d\udd39 <strong data-start=\"1022\" data-end=\"1058\">Cat\u00e1logo de conductas violentas:<\/strong> Se enlistan actos como arrojar objetos, provocar ri\u00f1as o ingresar sin autorizaci\u00f3n al terreno de juego.<\/p>\n<p class=\"\" data-start=\"1166\" data-end=\"1350\">\ud83d\udd39 <strong data-start=\"1169\" data-end=\"1191\">Sanciones penales:<\/strong> Se plantea la creaci\u00f3n de un apartado especial en el C\u00f3digo Penal de Hidalgo con <strong data-start=\"1273\" data-end=\"1293\">penas de prisi\u00f3n<\/strong> y <strong data-start=\"1296\" data-end=\"1347\">restricciones para asistir a eventos deportivos<\/strong>.<\/p>\n<p class=\"\" data-start=\"1352\" data-end=\"1538\">\ud83d\udd39 <strong data-start=\"1355\" data-end=\"1393\">Violencia de g\u00e9nero en el deporte:<\/strong> La iniciativa reconoce y combate la violencia hacia mujeres \u00e1rbitras, jugadoras y entrenadoras, proponiendo medidas espec\u00edficas de protecci\u00f3n.<\/p>\n<p class=\"\" data-start=\"1540\" data-end=\"1706\">\ud83d\udd39 <strong data-start=\"1543\" data-end=\"1582\">Eventos no masivos tambi\u00e9n cuentan:<\/strong> No se dejar\u00e1n de lado los torneos escolares o vecinales, donde muchas veces ocurren agresiones sin consecuencias legales.<\/p>\n<p class=\"\" data-start=\"1708\" data-end=\"2024\">\ud83d\udde3\ufe0f \u201cLa violencia en el deporte no solo pone en riesgo la seguridad de las personas, sino que tambi\u00e9n vulnera el valor formativo y social de estas actividades\u201d, se\u00f1al\u00f3 Moreno Zamora, quien llam\u00f3 a garantizar espacios seguros para el desarrollo f\u00edsico y emocional de ni\u00f1as, ni\u00f1os, j\u00f3venes y la comunidad en general.<\/p>\n<p class=\"\" data-start=\"2026\" data-end=\"2169\">\ud83d\udcda La propuesta tambi\u00e9n contempla un <strong data-start=\"2063\" data-end=\"2106\">padr\u00f3n nacional de personas sancionadas<\/strong>, en sinton\u00eda con la Ley General de Cultura F\u00edsica y Deporte.<\/p>\n<p class=\"\" data-start=\"2171\" data-end=\"2373\">\u2705 Si esta reforma es aprobada, <strong data-start=\"2202\" data-end=\"2282\">Hidalgo se sumar\u00eda a estados como Nuevo Le\u00f3n, Puebla, Quer\u00e9taro y Tamaulipas<\/strong> que ya cuentan con marcos legales espec\u00edficos para erradicar la violencia en el deporte.<\/p>\n<p class=\"\" data-start=\"2375\" data-end=\"2482\">\ud83d\udcac \u00bfQu\u00e9 opinas de esta iniciativa? \u00bfCrees que ayudar\u00e1 a recuperar la paz en los estadios y canchas locales?<\/p>\n","protected":false},"excerpt":{"rendered":"<p>\ud83d\udcdd Por: Jos\u00e9 Antonio Alcaraz Su\u00e1rez \ud83d\udccd Pachuca, Hgo., 13 de mayo de 2025 \u2014 Con el firme objetivo de frenar la violencia dentro y fuera de las canchas, el diputado local Miguel \u00c1ngel Moreno Zamora present\u00f3 una iniciativa de reforma ante el Congreso del Estado de Hidalgo que busca castigar de forma ejemplar las<\/p>\n","protected":false},"author":2,"featured_media":4482,"comment_status":"open","ping_status":"open","sticky":false,"template":"","format":"standard","meta":{"footnotes":""},"categories":[31,44,39],"tags":[62,147],"class_list":{"0":"post-4481","1":"post","2":"type-post","3":"status-publish","4":"format-standard","5":"has-post-thumbnail","7":"category-hidalgo","8":"category-minuto-a-minuto","9":"category-politica","10":"tag-congreso-de-hidalgo","11":"tag-violencia-deportiva"},"yoast_head":"<!-- This site is optimized with the Yoast SEO plugin v26.1.1 - https:\/\/yoast.com\/wordpress\/plugins\/seo\/ -->\n<title>De la porra al penal... pero al penal de Pachuca: presentan iniciativa para sancionar violencia deportiva - El Cardinal<\/title>\n<meta name=\"robots\" content=\"index, follow, max-snippet:-1, max-image-preview:large, max-video-preview:-1\" \/>\n<link rel=\"canonical\" href=\"https:\/\/elcardinal.com\/?p=4481\" \/>\n<meta property=\"og:locale\" content=\"es_MX\" \/>\n<meta property=\"og:type\" content=\"article\" \/>\n<meta property=\"og:title\" content=\"De la porra al penal... pero al penal de Pachuca: presentan iniciativa para sancionar violencia deportiva - El Cardinal\" \/>\n<meta property=\"og:description\" content=\"\ud83d\udcdd Por: Jos\u00e9 Antonio Alcaraz Su\u00e1rez \ud83d\udccd Pachuca, Hgo., 13 de mayo de 2025 \u2014 Con el firme objetivo de frenar la violencia dentro y fuera de las canchas, el diputado local Miguel \u00c1ngel Moreno Zamora present\u00f3 una iniciativa de reforma ante el Congreso del Estado de Hidalgo que busca castigar de forma ejemplar las\" \/>\n<meta property=\"og:url\" content=\"https:\/\/elcardinal.com\/?p=4481\" \/>\n<meta property=\"og:site_name\" content=\"El Cardinal\" \/>\n<meta property=\"article:publisher\" content=\"https:\/\/www.facebook.com\/profile.php?id=100063093107011\" \/>\n<meta property=\"article:published_time\" content=\"2025-05-13T20:42:57+00:00\" \/>\n<meta property=\"og:image\" content=\"https:\/\/elcardinal.com\/wp-content\/uploads\/2025\/05\/unnamed.jpg\" \/>\n\t<meta property=\"og:image:width\" content=\"512\" \/>\n\t<meta property=\"og:image:height\" content=\"340\" \/>\n\t<meta property=\"og:image:type\" content=\"image\/jpeg\" \/>\n<meta name=\"author\" content=\"Antonio Alcaraz\" \/>\n<meta name=\"twitter:card\" content=\"summary_large_image\" \/>\n<meta name=\"twitter:creator\" content=\"@ElCardinal_Mx\" \/>\n<meta name=\"twitter:site\" content=\"@ElCardinal_Mx\" \/>\n<meta name=\"twitter:label1\" content=\"Escrito por\" \/>\n\t<meta name=\"twitter:data1\" content=\"Antonio Alcaraz\" \/>\n\t<meta name=\"twitter:label2\" content=\"Tiempo de lectura\" \/>\n\t<meta name=\"twitter:data2\" content=\"2 minutos\" \/>\n<script type=\"application\/ld+json\" class=\"yoast-schema-graph\">{\"@context\":\"https:\/\/schema.org\",\"@graph\":[{\"@type\":\"Article\",\"@id\":\"https:\/\/elcardinal.com\/?p=4481#article\",\"isPartOf\":{\"@id\":\"https:\/\/elcardinal.com\/?p=4481\"},\"author\":{\"name\":\"Antonio Alcaraz\",\"@id\":\"https:\/\/elcardinal.com\/#\/schema\/person\/3c352ec0a33987fe275c0e8a2ea69f8b\"},\"headline\":\"De la porra al penal&#8230; pero al penal de Pachuca: presentan iniciativa para sancionar violencia deportiva\",\"datePublished\":\"2025-05-13T20:42:57+00:00\",\"mainEntityOfPage\":{\"@id\":\"https:\/\/elcardinal.com\/?p=4481\"},\"wordCount\":391,\"commentCount\":0,\"publisher\":{\"@id\":\"https:\/\/elcardinal.com\/#organization\"},\"image\":{\"@id\":\"https:\/\/elcardinal.com\/?p=4481#primaryimage\"},\"thumbnailUrl\":\"https:\/\/elcardinal.com\/wp-content\/uploads\/2025\/05\/unnamed.jpg\",\"keywords\":[\"Congreso de Hidalgo\",\"Violencia deportiva\"],\"articleSection\":[\"Hidalgo\",\"Minuto a Minuto\",\"Pol\u00edtica\"],\"inLanguage\":\"es\",\"potentialAction\":[{\"@type\":\"CommentAction\",\"name\":\"Comment\",\"target\":[\"https:\/\/elcardinal.com\/?p=4481#respond\"]}]},{\"@type\":\"WebPage\",\"@id\":\"https:\/\/elcardinal.com\/?p=4481\",\"url\":\"https:\/\/elcardinal.com\/?p=4481\",\"name\":\"De la porra al penal... pero al penal de Pachuca: presentan iniciativa para sancionar violencia deportiva - El Cardinal\",\"isPartOf\":{\"@id\":\"https:\/\/elcardinal.com\/#website\"},\"primaryImageOfPage\":{\"@id\":\"https:\/\/elcardinal.com\/?p=4481#primaryimage\"},\"image\":{\"@id\":\"https:\/\/elcardinal.com\/?p=4481#primaryimage\"},\"thumbnailUrl\":\"https:\/\/elcardinal.com\/wp-content\/uploads\/2025\/05\/unnamed.jpg\",\"datePublished\":\"2025-05-13T20:42:57+00:00\",\"breadcrumb\":{\"@id\":\"https:\/\/elcardinal.com\/?p=4481#breadcrumb\"},\"inLanguage\":\"es\",\"potentialAction\":[{\"@type\":\"ReadAction\",\"target\":[\"https:\/\/elcardinal.com\/?p=4481\"]}]},{\"@type\":\"ImageObject\",\"inLanguage\":\"es\",\"@id\":\"https:\/\/elcardinal.com\/?p=4481#primaryimage\",\"url\":\"https:\/\/elcardinal.com\/wp-content\/uploads\/2025\/05\/unnamed.jpg\",\"contentUrl\":\"https:\/\/elcardinal.com\/wp-content\/uploads\/2025\/05\/unnamed.jpg\",\"width\":512,\"height\":340},{\"@type\":\"BreadcrumbList\",\"@id\":\"https:\/\/elcardinal.com\/?p=4481#breadcrumb\",\"itemListElement\":[{\"@type\":\"ListItem\",\"position\":1,\"name\":\"Inicio\",\"item\":\"https:\/\/elcardinal.com\/\"},{\"@type\":\"ListItem\",\"position\":2,\"name\":\"De la porra al penal&#8230; pero al penal de Pachuca: presentan iniciativa para sancionar violencia deportiva\"}]},{\"@type\":\"WebSite\",\"@id\":\"https:\/\/elcardinal.com\/#website\",\"url\":\"https:\/\/elcardinal.com\/\",\"name\":\"El Cardinal\",\"description\":\"Periodismo honesto, con valor, sentido humano, a veces sarc\u00e1stico y divertido.\",\"publisher\":{\"@id\":\"https:\/\/elcardinal.com\/#organization\"},\"alternateName\":\"El Cardinal Noticias\",\"potentialAction\":[{\"@type\":\"SearchAction\",\"target\":{\"@type\":\"EntryPoint\",\"urlTemplate\":\"https:\/\/elcardinal.com\/?s={search_term_string}\"},\"query-input\":{\"@type\":\"PropertyValueSpecification\",\"valueRequired\":true,\"valueName\":\"search_term_string\"}}],\"inLanguage\":\"es\"},{\"@type\":\"Organization\",\"@id\":\"https:\/\/elcardinal.com\/#organization\",\"name\":\"El Cardinal\",\"url\":\"https:\/\/elcardinal.com\/\",\"logo\":{\"@type\":\"ImageObject\",\"inLanguage\":\"es\",\"@id\":\"https:\/\/elcardinal.com\/#\/schema\/logo\/image\/\",\"url\":\"https:\/\/elcardinal.com\/wp-content\/uploads\/2025\/04\/LOGO-EL-CARDINAL-Periodismo-con-valor.png\",\"contentUrl\":\"https:\/\/elcardinal.com\/wp-content\/uploads\/2025\/04\/LOGO-EL-CARDINAL-Periodismo-con-valor.png\",\"width\":755,\"height\":636,\"caption\":\"El Cardinal\"},\"image\":{\"@id\":\"https:\/\/elcardinal.com\/#\/schema\/logo\/image\/\"},\"sameAs\":[\"https:\/\/www.facebook.com\/profile.php?id=100063093107011\",\"https:\/\/x.com\/ElCardinal_Mx\"]},{\"@type\":\"Person\",\"@id\":\"https:\/\/elcardinal.com\/#\/schema\/person\/3c352ec0a33987fe275c0e8a2ea69f8b\",\"name\":\"Antonio Alcaraz\",\"image\":{\"@type\":\"ImageObject\",\"inLanguage\":\"es\",\"@id\":\"https:\/\/elcardinal.com\/#\/schema\/person\/image\/\",\"url\":\"https:\/\/elcardinal.com\/wp-content\/uploads\/2025\/05\/cropped-TONO-96x96.jpg\",\"contentUrl\":\"https:\/\/elcardinal.com\/wp-content\/uploads\/2025\/05\/cropped-TONO-96x96.jpg\",\"caption\":\"Antonio Alcaraz\"},\"url\":\"https:\/\/elcardinal.com\/?author=2\"}]}<\/script>\n<!-- \/ Yoast SEO plugin. -->","yoast_head_json":{"title":"De la porra al penal... pero al penal de Pachuca: presentan iniciativa para sancionar violencia deportiva - El Cardinal","robots":{"index":"index","follow":"follow","max-snippet":"max-snippet:-1","max-image-preview":"max-image-preview:large","max-video-preview":"max-video-preview:-1"},"canonical":"https:\/\/elcardinal.com\/?p=4481","og_locale":"es_MX","og_type":"article","og_title":"De la porra al penal... pero al penal de Pachuca: presentan iniciativa para sancionar violencia deportiva - El Cardinal","og_description":"\ud83d\udcdd Por: Jos\u00e9 Antonio Alcaraz Su\u00e1rez \ud83d\udccd Pachuca, Hgo., 13 de mayo de 2025 \u2014 Con el firme objetivo de frenar la violencia dentro y fuera de las canchas, el diputado local Miguel \u00c1ngel Moreno Zamora present\u00f3 una iniciativa de reforma ante el Congreso del Estado de Hidalgo que busca castigar de forma ejemplar las","og_url":"https:\/\/elcardinal.com\/?p=4481","og_site_name":"El Cardinal","article_publisher":"https:\/\/www.facebook.com\/profile.php?id=100063093107011","article_published_time":"2025-05-13T20:42:57+00:00","og_image":[{"width":512,"height":340,"url":"https:\/\/elcardinal.com\/wp-content\/uploads\/2025\/05\/unnamed.jpg","type":"image\/jpeg"}],"author":"Antonio Alcaraz","twitter_card":"summary_large_image","twitter_creator":"@ElCardinal_Mx","twitter_site":"@ElCardinal_Mx","twitter_misc":{"Escrito por":"Antonio Alcaraz","Tiempo de lectura":"2 minutos"},"schema":{"@context":"https:\/\/schema.org","@graph":[{"@type":"Article","@id":"https:\/\/elcardinal.com\/?p=4481#article","isPartOf":{"@id":"https:\/\/elcardinal.com\/?p=4481"},"author":{"name":"Antonio Alcaraz","@id":"https:\/\/elcardinal.com\/#\/schema\/person\/3c352ec0a33987fe275c0e8a2ea69f8b"},"headline":"De la porra al penal&#8230; pero al penal de Pachuca: presentan iniciativa para sancionar violencia deportiva","datePublished":"2025-05-13T20:42:57+00:00","mainEntityOfPage":{"@id":"https:\/\/elcardinal.com\/?p=4481"},"wordCount":391,"commentCount":0,"publisher":{"@id":"https:\/\/elcardinal.com\/#organization"},"image":{"@id":"https:\/\/elcardinal.com\/?p=4481#primaryimage"},"thumbnailUrl":"https:\/\/elcardinal.com\/wp-content\/uploads\/2025\/05\/unnamed.jpg","keywords":["Congreso de Hidalgo","Violencia deportiva"],"articleSection":["Hidalgo","Minuto a Minuto","Pol\u00edtica"],"inLanguage":"es","potentialAction":[{"@type":"CommentAction","name":"Comment","target":["https:\/\/elcardinal.com\/?p=4481#respond"]}]},{"@type":"WebPage","@id":"https:\/\/elcardinal.com\/?p=4481","url":"https:\/\/elcardinal.com\/?p=4481","name":"De la porra al penal... pero al penal de Pachuca: presentan iniciativa para sancionar violencia deportiva - El Cardinal","isPartOf":{"@id":"https:\/\/elcardinal.com\/#website"},"primaryImageOfPage":{"@id":"https:\/\/elcardinal.com\/?p=4481#primaryimage"},"image":{"@id":"https:\/\/elcardinal.com\/?p=4481#primaryimage"},"thumbnailUrl":"https:\/\/elcardinal.com\/wp-content\/uploads\/2025\/05\/unnamed.jpg","datePublished":"2025-05-13T20:42:57+00:00","breadcrumb":{"@id":"https:\/\/elcardinal.com\/?p=4481#breadcrumb"},"inLanguage":"es","potentialAction":[{"@type":"ReadAction","target":["https:\/\/elcardinal.com\/?p=4481"]}]},{"@type":"ImageObject","inLanguage":"es","@id":"https:\/\/elcardinal.com\/?p=4481#primaryimage","url":"https:\/\/elcardinal.com\/wp-content\/uploads\/2025\/05\/unnamed.jpg","contentUrl":"https:\/\/elcardinal.com\/wp-content\/uploads\/2025\/05\/unnamed.jpg","width":512,"height":340},{"@type":"BreadcrumbList","@id":"https:\/\/elcardinal.com\/?p=4481#breadcrumb","itemListElement":[{"@type":"ListItem","position":1,"name":"Inicio","item":"https:\/\/elcardinal.com\/"},{"@type":"ListItem","position":2,"name":"De la porra al penal&#8230; pero al penal de Pachuca: presentan iniciativa para sancionar violencia deportiva"}]},{"@type":"WebSite","@id":"https:\/\/elcardinal.com\/#website","url":"https:\/\/elcardinal.com\/","name":"El Cardinal","description":"Periodismo honesto, con valor, sentido humano, a veces sarc\u00e1stico y divertido.","publisher":{"@id":"https:\/\/elcardinal.com\/#organization"},"alternateName":"El Cardinal Noticias","potentialAction":[{"@type":"SearchAction","target":{"@type":"EntryPoint","urlTemplate":"https:\/\/elcardinal.com\/?s={search_term_string}"},"query-input":{"@type":"PropertyValueSpecification","valueRequired":true,"valueName":"search_term_string"}}],"inLanguage":"es"},{"@type":"Organization","@id":"https:\/\/elcardinal.com\/#organization","name":"El Cardinal","url":"https:\/\/elcardinal.com\/","logo":{"@type":"ImageObject","inLanguage":"es","@id":"https:\/\/elcardinal.com\/#\/schema\/logo\/image\/","url":"https:\/\/elcardinal.com\/wp-content\/uploads\/2025\/04\/LOGO-EL-CARDINAL-Periodismo-con-valor.png","contentUrl":"https:\/\/elcardinal.com\/wp-content\/uploads\/2025\/04\/LOGO-EL-CARDINAL-Periodismo-con-valor.png","width":755,"height":636,"caption":"El Cardinal"},"image":{"@id":"https:\/\/elcardinal.com\/#\/schema\/logo\/image\/"},"sameAs":["https:\/\/www.facebook.com\/profile.php?id=100063093107011","https:\/\/x.com\/ElCardinal_Mx"]},{"@type":"Person","@id":"https:\/\/elcardinal.com\/#\/schema\/person\/3c352ec0a33987fe275c0e8a2ea69f8b","name":"Antonio Alcaraz","image":{"@type":"ImageObject","inLanguage":"es","@id":"https:\/\/elcardinal.com\/#\/schema\/person\/image\/","url":"https:\/\/elcardinal.com\/wp-content\/uploads\/2025\/05\/cropped-TONO-96x96.jpg","contentUrl":"https:\/\/elcardinal.com\/wp-content\/uploads\/2025\/05\/cropped-TONO-96x96.jpg","caption":"Antonio Alcaraz"},"url":"https:\/\/elcardinal.com\/?author=2"}]}},"_links":{"self":[{"href":"https:\/\/elcardinal.com\/index.php?rest_route=\/wp\/v2\/posts\/4481","targetHints":{"allow":["GET"]}}],"collection":[{"href":"https:\/\/elcardinal.com\/index.php?rest_route=\/wp\/v2\/posts"}],"about":[{"href":"https:\/\/elcardinal.com\/index.php?rest_route=\/wp\/v2\/types\/post"}],"author":[{"embeddable":true,"href":"https:\/\/elcardinal.com\/index.php?rest_route=\/wp\/v2\/users\/2"}],"replies":[{"embeddable":true,"href":"https:\/\/elcardinal.com\/index.php?rest_route=%2Fwp%2Fv2%2Fcomments&post=4481"}],"version-history":[{"count":1,"href":"https:\/\/elcardinal.com\/index.php?rest_route=\/wp\/v2\/posts\/4481\/revisions"}],"predecessor-version":[{"id":4483,"href":"https:\/\/elcardinal.com\/index.php?rest_route=\/wp\/v2\/posts\/4481\/revisions\/4483"}],"wp:featuredmedia":[{"embeddable":true,"href":"https:\/\/elcardinal.com\/index.php?rest_route=\/wp\/v2\/media\/4482"}],"wp:attachment":[{"href":"https:\/\/elcardinal.com\/index.php?rest_route=%2Fwp%2Fv2%2Fmedia&parent=4481"}],"wp:term":[{"taxonomy":"category","embeddable":true,"href":"https:\/\/elcardinal.com\/index.php?rest_route=%2Fwp%2Fv2%2Fcategories&post=4481"},{"taxonomy":"post_tag","embeddable":true,"href":"https:\/\/elcardinal.com\/index.php?rest_route=%2Fwp%2Fv2%2Ftags&post=4481"}],"curies":[{"name":"wp","href":"https:\/\/api.w.org\/{rel}","templated":true}]}}