{"id":4491,"date":"2025-05-13T21:24:27","date_gmt":"2025-05-14T03:24:27","guid":{"rendered":"https:\/\/elcardinal.com\/?p=4491"},"modified":"2025-05-13T21:24:27","modified_gmt":"2025-05-14T03:24:27","slug":"con-iniciativas-lxvi-legislatura-reconoce-y-protege-a-maestras-y-maestros","status":"publish","type":"post","link":"https:\/\/elcardinal.com\/?p=4491","title":{"rendered":"Con iniciativas, LXVI Legislatura reconoce y protege a maestras y maestros"},"content":{"rendered":"<p>By <strong>El Cardinalito\u00a0<\/strong><\/p>\n<p><span style=\"font-weight: 400;\">En sesi\u00f3n ordinaria, los diputados <\/span><b>Andr\u00e9s Vel\u00e1zquez V\u00e1zquez<\/b><span style=\"font-weight: 400;\"> (Morena) y <\/span><b>Jos\u00e9 Mar\u00eda Alejandro P\u00e9rez Ram\u00edrez<\/b><span style=\"font-weight: 400;\"> (Nueva Alianza) presentaron la iniciativa para que se inscriba con letras de oro en el muro del Sal\u00f3n de Plenos del Congreso del Estado Libre y Soberano de Hidalgo la leyenda: \u201cA las maestras y maestros por su contribuci\u00f3n a la transformaci\u00f3n de Hidalgo\u201d, con el fin de rendir homenaje a quienes con su dedicaci\u00f3n y pasi\u00f3n, se han convertido en faros de esperanza y transformaci\u00f3n en la sociedad: las maestras y los maestros hidalguenses.<\/span><\/p>\n<p><span style=\"font-weight: 400;\">Ante la presencia de la senadora de la Rep\u00fablica, <\/span><b>Simey Olvera Bautista<\/b><span style=\"font-weight: 400;\">, del secretario de Educaci\u00f3n P\u00fablica del Estado, <\/span><b>Natividad Castrej\u00f3n Valdez<\/b><span style=\"font-weight: 400;\">, del secretario general de la Secci\u00f3n 15 del Sindicato Nacional de Trabajadores de la Educaci\u00f3n (SNTE), <\/span><b>Said Vargas S\u00e1enz<\/b><span style=\"font-weight: 400;\">, as\u00ed como de profesores,<\/span> <span style=\"font-weight: 400;\">los legisladores <\/span><b>Jorge Arg\u00fcelles Salazar y Jos\u00e9 Mar\u00eda Alejandro P\u00e9rez Ram\u00edrez<\/b><span style=\"font-weight: 400;\"> (Nueva Alianza) detallaron la iniciativa que modifica la Ley de Educaci\u00f3n del Estado de Hidalgo, en materia de protecci\u00f3n a las maestras y los maestros frente a la violencia en el entorno escolar.<\/span><\/p>\n<p><span style=\"font-weight: 400;\">El fin de este proyecto es garantizar el respeto, la protecci\u00f3n y la salvaguarda de la dignidad, integridad f\u00edsica, emocional y profesional de las maestras y los maestros en el ejercicio de sus funciones, mediante la creaci\u00f3n de mecanismos legales y administrativos para prevenir, atender y sancionar cualquier forma de violencia en su contra dentro del entorno escolar.<\/span><\/p>\n<p><b>Combate a la violencia en el deporte<\/b><\/p>\n<p><span style=\"font-weight: 400;\">Los legisladores <\/span><b>Miguel \u00c1ngel Moreno Zamora<\/b><span style=\"font-weight: 400;\">,<\/span><b> Andr\u00e9s Vel\u00e1zquez V\u00e1zquez<\/b><span style=\"font-weight: 400;\">,<\/span><b> Juan Pablo Escalante Urb\u00e1n<\/b><span style=\"font-weight: 400;\"> (Morena), <\/span><b>Jos\u00e9 Mar\u00eda Alejandro P\u00e9rez Ram\u00edrez <\/b><span style=\"font-weight: 400;\">y<\/span><b> Jorge Arg\u00fcelles Salazar<\/b><span style=\"font-weight: 400;\"> (Nueva Alianza) propusieron la iniciativa que modifica la Ley de Cultura F\u00edsica, Deporte y Recreaci\u00f3n para el Estado de Hidalgo y el C\u00f3digo Penal para el Estado de Hidalgo, con el prop\u00f3sito de fortalecer los mecanismos existentes para prevenir y sancionar la violencia en el deporte, adem\u00e1s de garantizar la integridad de las personas que se desempe\u00f1an como \u00e1rbitros y jueces deportivos, jugadores y equipos t\u00e9cnicos, as\u00ed como aquellas que acuden a los eventos y espect\u00e1culos deportivos en el estado.<\/span><\/p>\n<p>&nbsp;<\/p>\n<p><b>Incorporaci\u00f3n de modelo de compra p\u00fablica<\/b><\/p>\n<p><span style=\"font-weight: 400;\">La legisladora <\/span><b>Paloma Barrag\u00e1n Santos<\/b><span style=\"font-weight: 400;\"> (Morena) present\u00f3 la iniciativa que reforma la Ley de Adquisiciones, Arrendamientos y Servicios del Sector P\u00fablico del Estado de Hidalgo para establecer disposiciones que permitan incorporar un modelo de compra p\u00fablica, con el objetivo de impulsar la innovaci\u00f3n, la creaci\u00f3n y consolidaci\u00f3n de empresas de base tecnol\u00f3gica locales y para incrementar la participaci\u00f3n de universidades y centros de investigaci\u00f3n en la resoluci\u00f3n de los problemas que enfrenta la gesti\u00f3n p\u00fablica.<\/span><\/p>\n<p>&nbsp;<\/p>\n<p><b>Derecho de mujeres a recursos para su protecci\u00f3n<\/b><\/p>\n<p><span style=\"font-weight: 400;\">El diputado <\/span><b>Francisco Javier T\u00e9llez S\u00e1nchez<\/b><span style=\"font-weight: 400;\"> (PT) propuso la iniciativa que modifica la Ley de Acceso de las Mujeres a una Vida Libre de Violencia del Estado de Hidalgo, con el fin de garantizar un marco normativo que reconozca y refuerce el derecho de las mujeres v\u00edctimas de violencia de g\u00e9nero a acceder de manera integral a informaci\u00f3n y recursos esenciales para su protecci\u00f3n y recuperaci\u00f3n.<\/span><\/p>\n<p>&nbsp;<\/p>\n<p><b>Dict\u00e1menes<\/b><\/p>\n<p><b>Derechos de las personas quejosas o denunciantes<\/b><\/p>\n<p><span style=\"font-weight: 400;\">Diputadas y diputados integrantes de la <\/span><b>LXVI Legislatura<\/b><span style=\"font-weight: 400;\"> avalaron con 25 votos a favor, cero en contra y cero abstenciones, el dictamen que aprueba la iniciativa que reforma la Ley de los Derechos Humanos del Estado de Hidalgo, emitido por la primera Comisi\u00f3n Permanente de Legislaci\u00f3n y Puntos Constitucionales.<\/span><\/p>\n<p><span style=\"font-weight: 400;\">El legislador <\/span><b>Leonel Perusqu\u00eda Muedano<\/b><span style=\"font-weight: 400;\"> (PRD) record\u00f3 que la iniciativa pretende incorporar a la ley el derecho de las personas quejosas o denunciantes, a designar personas que les asesoren respecto de la materia de la queja o denuncia, a que las personas asesoras puedan tener acceso al expediente, o\u00edr y recibir notificaciones.<\/span><\/p>\n<p>&nbsp;<\/p>\n<p><b>Reconocimiento a j\u00f3venes por aportaciones a la pol\u00edtica<\/b><\/p>\n<p><span style=\"font-weight: 400;\">Tambi\u00e9n avalaron con 23 votos a favor, cero en contra y cero abstenciones, el dictamen que aprueba la iniciativa que modifica la Ley de Derechos de las Personas J\u00f3venes del Estado de Hidalgo, emitido por la primera Comisi\u00f3n Permanente de Legislaci\u00f3n y Puntos Constitucionales.<\/span><\/p>\n<p><span style=\"font-weight: 400;\">El diputado <\/span><b>Avelino Tovar Iglesias<\/b><span style=\"font-weight: 400;\"> (PVEM) mencion\u00f3 que el fin es fomentar la participaci\u00f3n pol\u00edtica de los j\u00f3venes mediante la implementaci\u00f3n de la categor\u00eda \u201cAportaci\u00f3n a la cultura pol\u00edtica y la democracia\u201d en el Premio Estatal de la Juventud.<\/span><\/p>\n<p>&nbsp;<\/p>\n<p><b>Atribuciones del Instituto Hidalguense de las Mujeres<\/b><\/p>\n<p><span style=\"font-weight: 400;\">Asimismo, las y los legisladores avalaron con 25 votos a favor, cero en contra y cero abstenciones, el dictamen que aprueba con modificaciones la iniciativa que modifica la Ley de los Derechos de las Personas Adultas Mayores del Estado de Hidalgo, emitido por la primera Comisi\u00f3n Permanente de Legislaci\u00f3n y Puntos Constitucionales.<\/span><\/p>\n<p><span style=\"font-weight: 400;\">El diputado <\/span><b>Juan Pablo Escalante Urb\u00e1n <\/b><span style=\"font-weight: 400;\">(Morena) precis\u00f3 que persisten brechas significativas que afectan el bienestar de las mujeres adultas mayores, limitando su acceso a derechos fundamentales como la seguridad social, la atenci\u00f3n m\u00e9dica y el reconocimiento de su papel en la sociedad, por lo que la inclusi\u00f3n de la perspectiva de g\u00e9nero en la legislaci\u00f3n permitir\u00e1 desarrollar estrategias m\u00e1s eficaces para atender estas problem\u00e1ticas.<\/span><\/p>\n<p>&nbsp;<\/p>\n<p><b>Protecci\u00f3n a hidalguenses repatriados<\/b><\/p>\n<p><span style=\"font-weight: 400;\">Por otro lado, avalaron con 24 votos a favor, cero en contra y cero abstenciones el dictamen que aprueba con modificaciones la iniciativa que reforma la Ley de Migrantes Hidalguenses y en Contexto de Movilidad, la Ley de Asistencia Social para el Estado de Hidalgo y la Ley Estatal de Fomento y Fortalecimiento a las Acciones de las Organizaciones de la Sociedad Civil del Estado de Hidalgo, emitido por la primera Comisi\u00f3n Permanente de Legislaci\u00f3n y Puntos Constitucionales<\/span><\/p>\n<p><span style=\"font-weight: 400;\">El legislador <\/span><b>Miguel \u00c1ngel Moreno Zamora<\/b><span style=\"font-weight: 400;\"> (Morena) manifest\u00f3 que el objetivo es garantizar un trato seguro y digno, con respeto irrestricto a los derechos humanos de las personas hidalguenses repatriadas, as\u00ed como proporcionarles la asistencia necesaria y considerarlas sujetas de asistencia social.<\/span><\/p>\n<p><span style=\"font-weight: 400;\">El presidente de la Junta de Gobierno, diputado <\/span><b>Andr\u00e9s Vel\u00e1zquez V\u00e1zquez<\/b><span style=\"font-weight: 400;\"> asegur\u00f3 que esta reforma garantiza que las personas migrantes y sus familias tengan bienestar y seguridad, as\u00ed como la tranquilidad de regresar a casa.<\/span><\/p>\n<p>&nbsp;<\/p>\n<p><b>Interacci\u00f3n de personas con discapacidad y servicios<\/b><\/p>\n<p><span style=\"font-weight: 400;\">Las y los diputados tambi\u00e9n avalaron con 24 votos a favor, cero en contra y cero abstenciones, el dictamen que aprueba con modificaciones la iniciativa que reforma la Ley Integral para las Personas con Discapacidad del Estado de Hidalgo, emitido por la primera Comisi\u00f3n Permanente de Legislaci\u00f3n y Puntos Constitucionales<\/span><\/p>\n<p><span style=\"font-weight: 400;\">La legisladora <\/span><b>Claudia Lilia Luna Islas<\/b><span style=\"font-weight: 400;\"> (PAN) indic\u00f3 que esta reforma propone la implementaci\u00f3n de mecanismos tecnol\u00f3gicos avanzados que faciliten la interacci\u00f3n de las personas con discapacidad con los servicios p\u00fablicos, a la par de contar con el personal suficiente y debidamente capacitado, con los conocimientos necesarios para ofrecer un trato preferencial y adecuado, ajustado a las necesidades espec\u00edficas de este grupo social.<\/span><\/p>\n<p>&nbsp;<\/p>\n<p><b>Asuntos generales<\/b><\/p>\n<p><b>Recursos para el Centro Estatal de Trasplantes<\/b><\/p>\n<p><span style=\"font-weight: 400;\">La diputada <\/span><b>Claudia Lilia Luna Islas<\/b><span style=\"font-weight: 400;\"> (PAN) solicit\u00f3 recursos para el Centro Estatal de Trasplantes y que del presupuesto que queda sin asignar, una parte se destine a dicho centro en beneficio de la salud de las y los hidalguenses.<\/span><\/p>\n<p>&nbsp;<\/p>\n<p><b>Alianza entre Tulancingo- Pleasanton<\/b><\/p>\n<p><span style=\"font-weight: 400;\">El legislador <\/span><b>Arturo G\u00f3mez Canales<\/b><span style=\"font-weight: 400;\"> (Morena) reconoci\u00f3 a todas y todos los que han contribuido a fortalecer el lazo entre Tulancingo con la ciudad de Pleasanton, California, \u201ceste hermanamiento ha sido desde su origen una expresi\u00f3n genuina de solidaridad, entendimiento y respeto mutuo entre dos comunidades, que pese a estar separadas por la geograf\u00eda, comparten un mismo esp\u00edritu de colaboraci\u00f3n, generosidad y compromiso con el bienestar com\u00fan. A lo largo de estos a\u00f1os, Tulancingo ha contado con la mano amiga de Pleasanton en m\u00faltiples formas, desde el intercambio cultural, en proyectos de salud, donaci\u00f3n de equipo m\u00e9dico y fortalecimiento de nuestras instituciones\u201d.<\/span><\/p>\n","protected":false},"excerpt":{"rendered":"<p>By El Cardinalito\u00a0 En sesi\u00f3n ordinaria, los diputados Andr\u00e9s Vel\u00e1zquez V\u00e1zquez (Morena) y Jos\u00e9 Mar\u00eda Alejandro P\u00e9rez Ram\u00edrez (Nueva Alianza) presentaron la iniciativa para que se inscriba con letras de oro en el muro del Sal\u00f3n de Plenos del Congreso del Estado Libre y Soberano de Hidalgo la leyenda: \u201cA las maestras y maestros por<\/p>\n","protected":false},"author":2,"featured_media":4492,"comment_status":"open","ping_status":"open","sticky":false,"template":"","format":"standard","meta":{"footnotes":""},"categories":[31,44,39],"tags":[150,62],"class_list":{"0":"post-4491","1":"post","2":"type-post","3":"status-publish","4":"format-standard","5":"has-post-thumbnail","7":"category-hidalgo","8":"category-minuto-a-minuto","9":"category-politica","10":"tag-andres-velazquez-vazquez","11":"tag-congreso-de-hidalgo"},"yoast_head":"<!-- This site is optimized with the Yoast SEO plugin v26.1.1 - https:\/\/yoast.com\/wordpress\/plugins\/seo\/ -->\n<title>Con iniciativas, LXVI Legislatura reconoce y protege a maestras y maestros - El Cardinal<\/title>\n<meta name=\"robots\" content=\"index, follow, max-snippet:-1, max-image-preview:large, max-video-preview:-1\" \/>\n<link rel=\"canonical\" href=\"https:\/\/elcardinal.com\/?p=4491\" \/>\n<meta property=\"og:locale\" content=\"es_MX\" \/>\n<meta property=\"og:type\" content=\"article\" \/>\n<meta property=\"og:title\" content=\"Con iniciativas, LXVI Legislatura reconoce y protege a maestras y maestros - El Cardinal\" \/>\n<meta property=\"og:description\" content=\"By El Cardinalito\u00a0 En sesi\u00f3n ordinaria, los diputados Andr\u00e9s Vel\u00e1zquez V\u00e1zquez (Morena) y Jos\u00e9 Mar\u00eda Alejandro P\u00e9rez Ram\u00edrez (Nueva Alianza) presentaron la iniciativa para que se inscriba con letras de oro en el muro del Sal\u00f3n de Plenos del Congreso del Estado Libre y Soberano de Hidalgo la leyenda: \u201cA las maestras y maestros por\" \/>\n<meta property=\"og:url\" content=\"https:\/\/elcardinal.com\/?p=4491\" \/>\n<meta property=\"og:site_name\" content=\"El Cardinal\" \/>\n<meta property=\"article:publisher\" content=\"https:\/\/www.facebook.com\/profile.php?id=100063093107011\" \/>\n<meta property=\"article:published_time\" content=\"2025-05-14T03:24:27+00:00\" \/>\n<meta property=\"og:image\" content=\"https:\/\/elcardinal.com\/wp-content\/uploads\/2025\/05\/Sesion-13.05.2025-Ordinaria-197--scaled.jpg\" \/>\n\t<meta property=\"og:image:width\" content=\"2560\" \/>\n\t<meta property=\"og:image:height\" content=\"1768\" \/>\n\t<meta property=\"og:image:type\" content=\"image\/jpeg\" \/>\n<meta name=\"author\" content=\"Antonio Alcaraz\" \/>\n<meta name=\"twitter:card\" content=\"summary_large_image\" \/>\n<meta name=\"twitter:creator\" content=\"@ElCardinal_Mx\" \/>\n<meta name=\"twitter:site\" content=\"@ElCardinal_Mx\" \/>\n<meta name=\"twitter:label1\" content=\"Escrito por\" \/>\n\t<meta name=\"twitter:data1\" content=\"Antonio Alcaraz\" \/>\n\t<meta name=\"twitter:label2\" content=\"Tiempo de lectura\" \/>\n\t<meta name=\"twitter:data2\" content=\"6 minutos\" \/>\n<script type=\"application\/ld+json\" class=\"yoast-schema-graph\">{\"@context\":\"https:\/\/schema.org\",\"@graph\":[{\"@type\":\"Article\",\"@id\":\"https:\/\/elcardinal.com\/?p=4491#article\",\"isPartOf\":{\"@id\":\"https:\/\/elcardinal.com\/?p=4491\"},\"author\":{\"name\":\"Antonio Alcaraz\",\"@id\":\"https:\/\/elcardinal.com\/#\/schema\/person\/3c352ec0a33987fe275c0e8a2ea69f8b\"},\"headline\":\"Con iniciativas, LXVI Legislatura reconoce y protege a maestras y maestros\",\"datePublished\":\"2025-05-14T03:24:27+00:00\",\"mainEntityOfPage\":{\"@id\":\"https:\/\/elcardinal.com\/?p=4491\"},\"wordCount\":1397,\"commentCount\":0,\"publisher\":{\"@id\":\"https:\/\/elcardinal.com\/#organization\"},\"image\":{\"@id\":\"https:\/\/elcardinal.com\/?p=4491#primaryimage\"},\"thumbnailUrl\":\"https:\/\/elcardinal.com\/wp-content\/uploads\/2025\/05\/Sesion-13.05.2025-Ordinaria-197--scaled.jpg\",\"keywords\":[\"Andr\u00e9s Vel\u00e1zquez V\u00e1zquez\",\"Congreso de Hidalgo\"],\"articleSection\":[\"Hidalgo\",\"Minuto a Minuto\",\"Pol\u00edtica\"],\"inLanguage\":\"es\",\"potentialAction\":[{\"@type\":\"CommentAction\",\"name\":\"Comment\",\"target\":[\"https:\/\/elcardinal.com\/?p=4491#respond\"]}]},{\"@type\":\"WebPage\",\"@id\":\"https:\/\/elcardinal.com\/?p=4491\",\"url\":\"https:\/\/elcardinal.com\/?p=4491\",\"name\":\"Con iniciativas, LXVI Legislatura reconoce y protege a maestras y maestros - El Cardinal\",\"isPartOf\":{\"@id\":\"https:\/\/elcardinal.com\/#website\"},\"primaryImageOfPage\":{\"@id\":\"https:\/\/elcardinal.com\/?p=4491#primaryimage\"},\"image\":{\"@id\":\"https:\/\/elcardinal.com\/?p=4491#primaryimage\"},\"thumbnailUrl\":\"https:\/\/elcardinal.com\/wp-content\/uploads\/2025\/05\/Sesion-13.05.2025-Ordinaria-197--scaled.jpg\",\"datePublished\":\"2025-05-14T03:24:27+00:00\",\"breadcrumb\":{\"@id\":\"https:\/\/elcardinal.com\/?p=4491#breadcrumb\"},\"inLanguage\":\"es\",\"potentialAction\":[{\"@type\":\"ReadAction\",\"target\":[\"https:\/\/elcardinal.com\/?p=4491\"]}]},{\"@type\":\"ImageObject\",\"inLanguage\":\"es\",\"@id\":\"https:\/\/elcardinal.com\/?p=4491#primaryimage\",\"url\":\"https:\/\/elcardinal.com\/wp-content\/uploads\/2025\/05\/Sesion-13.05.2025-Ordinaria-197--scaled.jpg\",\"contentUrl\":\"https:\/\/elcardinal.com\/wp-content\/uploads\/2025\/05\/Sesion-13.05.2025-Ordinaria-197--scaled.jpg\",\"width\":2560,\"height\":1768},{\"@type\":\"BreadcrumbList\",\"@id\":\"https:\/\/elcardinal.com\/?p=4491#breadcrumb\",\"itemListElement\":[{\"@type\":\"ListItem\",\"position\":1,\"name\":\"Inicio\",\"item\":\"https:\/\/elcardinal.com\/\"},{\"@type\":\"ListItem\",\"position\":2,\"name\":\"Con iniciativas, LXVI Legislatura reconoce y protege a maestras y maestros\"}]},{\"@type\":\"WebSite\",\"@id\":\"https:\/\/elcardinal.com\/#website\",\"url\":\"https:\/\/elcardinal.com\/\",\"name\":\"El Cardinal\",\"description\":\"Periodismo honesto, con valor, sentido humano, a veces sarc\u00e1stico y divertido.\",\"publisher\":{\"@id\":\"https:\/\/elcardinal.com\/#organization\"},\"alternateName\":\"El Cardinal Noticias\",\"potentialAction\":[{\"@type\":\"SearchAction\",\"target\":{\"@type\":\"EntryPoint\",\"urlTemplate\":\"https:\/\/elcardinal.com\/?s={search_term_string}\"},\"query-input\":{\"@type\":\"PropertyValueSpecification\",\"valueRequired\":true,\"valueName\":\"search_term_string\"}}],\"inLanguage\":\"es\"},{\"@type\":\"Organization\",\"@id\":\"https:\/\/elcardinal.com\/#organization\",\"name\":\"El Cardinal\",\"url\":\"https:\/\/elcardinal.com\/\",\"logo\":{\"@type\":\"ImageObject\",\"inLanguage\":\"es\",\"@id\":\"https:\/\/elcardinal.com\/#\/schema\/logo\/image\/\",\"url\":\"https:\/\/elcardinal.com\/wp-content\/uploads\/2025\/04\/LOGO-EL-CARDINAL-Periodismo-con-valor.png\",\"contentUrl\":\"https:\/\/elcardinal.com\/wp-content\/uploads\/2025\/04\/LOGO-EL-CARDINAL-Periodismo-con-valor.png\",\"width\":755,\"height\":636,\"caption\":\"El Cardinal\"},\"image\":{\"@id\":\"https:\/\/elcardinal.com\/#\/schema\/logo\/image\/\"},\"sameAs\":[\"https:\/\/www.facebook.com\/profile.php?id=100063093107011\",\"https:\/\/x.com\/ElCardinal_Mx\"]},{\"@type\":\"Person\",\"@id\":\"https:\/\/elcardinal.com\/#\/schema\/person\/3c352ec0a33987fe275c0e8a2ea69f8b\",\"name\":\"Antonio Alcaraz\",\"image\":{\"@type\":\"ImageObject\",\"inLanguage\":\"es\",\"@id\":\"https:\/\/elcardinal.com\/#\/schema\/person\/image\/\",\"url\":\"https:\/\/elcardinal.com\/wp-content\/uploads\/2025\/05\/cropped-TONO-96x96.jpg\",\"contentUrl\":\"https:\/\/elcardinal.com\/wp-content\/uploads\/2025\/05\/cropped-TONO-96x96.jpg\",\"caption\":\"Antonio Alcaraz\"},\"url\":\"https:\/\/elcardinal.com\/?author=2\"}]}<\/script>\n<!-- \/ Yoast SEO plugin. -->","yoast_head_json":{"title":"Con iniciativas, LXVI Legislatura reconoce y protege a maestras y maestros - El Cardinal","robots":{"index":"index","follow":"follow","max-snippet":"max-snippet:-1","max-image-preview":"max-image-preview:large","max-video-preview":"max-video-preview:-1"},"canonical":"https:\/\/elcardinal.com\/?p=4491","og_locale":"es_MX","og_type":"article","og_title":"Con iniciativas, LXVI Legislatura reconoce y protege a maestras y maestros - El Cardinal","og_description":"By El Cardinalito\u00a0 En sesi\u00f3n ordinaria, los diputados Andr\u00e9s Vel\u00e1zquez V\u00e1zquez (Morena) y Jos\u00e9 Mar\u00eda Alejandro P\u00e9rez Ram\u00edrez (Nueva Alianza) presentaron la iniciativa para que se inscriba con letras de oro en el muro del Sal\u00f3n de Plenos del Congreso del Estado Libre y Soberano de Hidalgo la leyenda: \u201cA las maestras y maestros por","og_url":"https:\/\/elcardinal.com\/?p=4491","og_site_name":"El Cardinal","article_publisher":"https:\/\/www.facebook.com\/profile.php?id=100063093107011","article_published_time":"2025-05-14T03:24:27+00:00","og_image":[{"width":2560,"height":1768,"url":"https:\/\/elcardinal.com\/wp-content\/uploads\/2025\/05\/Sesion-13.05.2025-Ordinaria-197--scaled.jpg","type":"image\/jpeg"}],"author":"Antonio Alcaraz","twitter_card":"summary_large_image","twitter_creator":"@ElCardinal_Mx","twitter_site":"@ElCardinal_Mx","twitter_misc":{"Escrito por":"Antonio Alcaraz","Tiempo de lectura":"6 minutos"},"schema":{"@context":"https:\/\/schema.org","@graph":[{"@type":"Article","@id":"https:\/\/elcardinal.com\/?p=4491#article","isPartOf":{"@id":"https:\/\/elcardinal.com\/?p=4491"},"author":{"name":"Antonio Alcaraz","@id":"https:\/\/elcardinal.com\/#\/schema\/person\/3c352ec0a33987fe275c0e8a2ea69f8b"},"headline":"Con iniciativas, LXVI Legislatura reconoce y protege a maestras y maestros","datePublished":"2025-05-14T03:24:27+00:00","mainEntityOfPage":{"@id":"https:\/\/elcardinal.com\/?p=4491"},"wordCount":1397,"commentCount":0,"publisher":{"@id":"https:\/\/elcardinal.com\/#organization"},"image":{"@id":"https:\/\/elcardinal.com\/?p=4491#primaryimage"},"thumbnailUrl":"https:\/\/elcardinal.com\/wp-content\/uploads\/2025\/05\/Sesion-13.05.2025-Ordinaria-197--scaled.jpg","keywords":["Andr\u00e9s Vel\u00e1zquez V\u00e1zquez","Congreso de Hidalgo"],"articleSection":["Hidalgo","Minuto a Minuto","Pol\u00edtica"],"inLanguage":"es","potentialAction":[{"@type":"CommentAction","name":"Comment","target":["https:\/\/elcardinal.com\/?p=4491#respond"]}]},{"@type":"WebPage","@id":"https:\/\/elcardinal.com\/?p=4491","url":"https:\/\/elcardinal.com\/?p=4491","name":"Con iniciativas, LXVI Legislatura reconoce y protege a maestras y maestros - El Cardinal","isPartOf":{"@id":"https:\/\/elcardinal.com\/#website"},"primaryImageOfPage":{"@id":"https:\/\/elcardinal.com\/?p=4491#primaryimage"},"image":{"@id":"https:\/\/elcardinal.com\/?p=4491#primaryimage"},"thumbnailUrl":"https:\/\/elcardinal.com\/wp-content\/uploads\/2025\/05\/Sesion-13.05.2025-Ordinaria-197--scaled.jpg","datePublished":"2025-05-14T03:24:27+00:00","breadcrumb":{"@id":"https:\/\/elcardinal.com\/?p=4491#breadcrumb"},"inLanguage":"es","potentialAction":[{"@type":"ReadAction","target":["https:\/\/elcardinal.com\/?p=4491"]}]},{"@type":"ImageObject","inLanguage":"es","@id":"https:\/\/elcardinal.com\/?p=4491#primaryimage","url":"https:\/\/elcardinal.com\/wp-content\/uploads\/2025\/05\/Sesion-13.05.2025-Ordinaria-197--scaled.jpg","contentUrl":"https:\/\/elcardinal.com\/wp-content\/uploads\/2025\/05\/Sesion-13.05.2025-Ordinaria-197--scaled.jpg","width":2560,"height":1768},{"@type":"BreadcrumbList","@id":"https:\/\/elcardinal.com\/?p=4491#breadcrumb","itemListElement":[{"@type":"ListItem","position":1,"name":"Inicio","item":"https:\/\/elcardinal.com\/"},{"@type":"ListItem","position":2,"name":"Con iniciativas, LXVI Legislatura reconoce y protege a maestras y maestros"}]},{"@type":"WebSite","@id":"https:\/\/elcardinal.com\/#website","url":"https:\/\/elcardinal.com\/","name":"El Cardinal","description":"Periodismo honesto, con valor, sentido humano, a veces sarc\u00e1stico y divertido.","publisher":{"@id":"https:\/\/elcardinal.com\/#organization"},"alternateName":"El Cardinal Noticias","potentialAction":[{"@type":"SearchAction","target":{"@type":"EntryPoint","urlTemplate":"https:\/\/elcardinal.com\/?s={search_term_string}"},"query-input":{"@type":"PropertyValueSpecification","valueRequired":true,"valueName":"search_term_string"}}],"inLanguage":"es"},{"@type":"Organization","@id":"https:\/\/elcardinal.com\/#organization","name":"El Cardinal","url":"https:\/\/elcardinal.com\/","logo":{"@type":"ImageObject","inLanguage":"es","@id":"https:\/\/elcardinal.com\/#\/schema\/logo\/image\/","url":"https:\/\/elcardinal.com\/wp-content\/uploads\/2025\/04\/LOGO-EL-CARDINAL-Periodismo-con-valor.png","contentUrl":"https:\/\/elcardinal.com\/wp-content\/uploads\/2025\/04\/LOGO-EL-CARDINAL-Periodismo-con-valor.png","width":755,"height":636,"caption":"El Cardinal"},"image":{"@id":"https:\/\/elcardinal.com\/#\/schema\/logo\/image\/"},"sameAs":["https:\/\/www.facebook.com\/profile.php?id=100063093107011","https:\/\/x.com\/ElCardinal_Mx"]},{"@type":"Person","@id":"https:\/\/elcardinal.com\/#\/schema\/person\/3c352ec0a33987fe275c0e8a2ea69f8b","name":"Antonio Alcaraz","image":{"@type":"ImageObject","inLanguage":"es","@id":"https:\/\/elcardinal.com\/#\/schema\/person\/image\/","url":"https:\/\/elcardinal.com\/wp-content\/uploads\/2025\/05\/cropped-TONO-96x96.jpg","contentUrl":"https:\/\/elcardinal.com\/wp-content\/uploads\/2025\/05\/cropped-TONO-96x96.jpg","caption":"Antonio Alcaraz"},"url":"https:\/\/elcardinal.com\/?author=2"}]}},"_links":{"self":[{"href":"https:\/\/elcardinal.com\/index.php?rest_route=\/wp\/v2\/posts\/4491","targetHints":{"allow":["GET"]}}],"collection":[{"href":"https:\/\/elcardinal.com\/index.php?rest_route=\/wp\/v2\/posts"}],"about":[{"href":"https:\/\/elcardinal.com\/index.php?rest_route=\/wp\/v2\/types\/post"}],"author":[{"embeddable":true,"href":"https:\/\/elcardinal.com\/index.php?rest_route=\/wp\/v2\/users\/2"}],"replies":[{"embeddable":true,"href":"https:\/\/elcardinal.com\/index.php?rest_route=%2Fwp%2Fv2%2Fcomments&post=4491"}],"version-history":[{"count":1,"href":"https:\/\/elcardinal.com\/index.php?rest_route=\/wp\/v2\/posts\/4491\/revisions"}],"predecessor-version":[{"id":4493,"href":"https:\/\/elcardinal.com\/index.php?rest_route=\/wp\/v2\/posts\/4491\/revisions\/4493"}],"wp:featuredmedia":[{"embeddable":true,"href":"https:\/\/elcardinal.com\/index.php?rest_route=\/wp\/v2\/media\/4492"}],"wp:attachment":[{"href":"https:\/\/elcardinal.com\/index.php?rest_route=%2Fwp%2Fv2%2Fmedia&parent=4491"}],"wp:term":[{"taxonomy":"category","embeddable":true,"href":"https:\/\/elcardinal.com\/index.php?rest_route=%2Fwp%2Fv2%2Fcategories&post=4491"},{"taxonomy":"post_tag","embeddable":true,"href":"https:\/\/elcardinal.com\/index.php?rest_route=%2Fwp%2Fv2%2Ftags&post=4491"}],"curies":[{"name":"wp","href":"https:\/\/api.w.org\/{rel}","templated":true}]}}