{"id":4494,"date":"2025-05-14T07:06:50","date_gmt":"2025-05-14T13:06:50","guid":{"rendered":"https:\/\/elcardinal.com\/?p=4494"},"modified":"2025-05-14T10:50:41","modified_gmt":"2025-05-14T16:50:41","slug":"amalgama","status":"publish","type":"post","link":"https:\/\/elcardinal.com\/?p=4494","title":{"rendered":"Amalgama"},"content":{"rendered":"<p class=\"\" data-start=\"0\" data-end=\"45\"><br data-start=\"12\" data-end=\"15\" \/><em data-start=\"15\" data-end=\"43\">Por: Tania Mart\u00ednez Su\u00e1rez<\/em><\/p>\n<p>Mayo, con todos sus d\u00edas festivos y puentes vacacionales, trae tambi\u00e9n sus avisos.<\/p>\n<p><strong>Mam\u00e1<\/strong><\/p>\n<p>Se festeja a las mam\u00e1s, y se espera que sigamos cumpliendo los est\u00e1ndares de todos los dem\u00e1s \u00bfY nosotras? \u00bfQu\u00e9 queremos nosotras? \u00bfQu\u00e9 carajos significa en pleno a\u00f1o 2024 el festejo multitudinario y tem\u00e1tico\u00a0 en una primaria para festejar a las mam\u00e1s? Es cierto, ya no bailaron <em>El<\/em> <em>Rat\u00f3n Vaquero, <\/em>pero, \u00bfEsa es la forma de homenajear a las madres que nos han dado Matria y Libertad? cada a\u00f1o me siento m\u00e1s lejana de este tipo de eventos, como de muchas cosas de la <em>Agenda setting<\/em> de nuestras urgencias.<\/p>\n<p>Ah\u00ed estaba yo, en la \u00faltima fila de un Auditorio, imposibilitada a moverme hasta que todo acabar\u00e1\u2026 vi desfilar a Barbie y Ken personificados en una veintena de impostores, vi vueltas de carro y otras acrobacias \u00e9picas, la llamada m\u00fasica moderna y hasta vals con peque\u00f1os universos de luces flotando sobre las cabezas de las bailarinas, vi un color rosa que permeaba el ambiente, estaba:\u00a0 en playeras, zapatillas de las maestras, decenas de globos a medio colgar, letras destellantes \u00a1Feliz d\u00eda Mama! y pompones hechos ayer elev\u00e1ndose como plegarias. Vi ni\u00f1as y ni\u00f1os nerviosos, algunos con pasos rob\u00f3ticos, \u00e1tonos, esas extremidades podr\u00edan haberse quebrado ah\u00ed mismo por su rigidez, pero cada cual dio el mejor baile de su vida. Vi al \u00fanico profesor de la escuela vestido de traje como cada a\u00f1o, con la sonrisa de cada tambi\u00e9n al recibirnos a todas. Otra vez acompa\u00f1\u00e9 a mi hija y me sent\u00ed inc\u00f3moda, entre las rimas le\u00eddas a trastabillos de Sor Juana In\u00e9s de la Cruz, el minuto de silencio y luego el de aplausos por todas la Madres que ya no viven, o con la infaltable canci\u00f3n de Denise de Kalafe sonando como mantra redentor.<\/p>\n<p>\u00bfQu\u00e9 se yo de maternidad, sin caer en estigmas? Nada, porque sigo siendo una mam\u00e1 primeriza de una ni\u00f1a de 9 a\u00f1os, que muchas veces\u00a0 no entiende las exigencias vacuas y los roles infundados que se le interponen. S\u00f3lo s\u00e9 que maternar desde la orfandad es todav\u00eda m\u00e1s complicado o m\u00e1s libre y m\u00e1s atemorizante. \u00a1Qu\u00e9 la maternidad no nos anule como mujeres, qu\u00e9 tengamos\u00a0 oportunidades para seguir conquistando sue\u00f1os en lo personal\u00a0 y profesional, qu\u00e9 podamos contribuir al crecimiento integral de nuestrxs hijxs, qu\u00e9 nos acompa\u00f1emos m\u00e1s y nos juzguemos menos, qu\u00e9 la maternidad sea deseada o no sea!<\/p>\n<p><strong>Comunic\u00f3loga <\/strong><\/p>\n<p>Comunicaci\u00f3n, comunicaci\u00f3n, comunicaci\u00f3n\u2026 as\u00ed reza, o rezaba la porra universitaria que core\u00e1bamos, y seguimos en la incertidumbre de la definici\u00f3n \u00fanica y exacta de qu\u00e9 implica ser un comunic\u00f3logo (a) \u2026 pienso que la m\u00e1s acertada siempre ser\u00e1 ser un tod\u00f3logo (a), porque, as\u00ed como no contamos con teor\u00edas propias y tomamos todas las de las humanidades y otros campos a pr\u00e9stamo, cada profesional de la comunicaci\u00f3n se desarrolla o se hace bolas tanto como sus habilidades se lo permitan. De tal suerte que estamos insertos en casi todas las ramas, todos los rubros y asignaciones. Esa materia no la vemos en la licenciatura, pero s\u00ed de adaptabilidad se trata, somos los mejores.<\/p>\n<p>Para m\u00ed, la comunicaci\u00f3n est\u00e1 ligada a la educaci\u00f3n, y en espec\u00edfico a la Educaci\u00f3n Continua, otra vaguedad en su \u00e1mbito. Est\u00e1 ligada a la ense\u00f1anza, a la palabra y el di\u00e1logo, a la cultura, a la gesti\u00f3n del patrimonio, al arte, a la fotograf\u00eda, al radio, a la producci\u00f3n, a la escritura, a la profesionalizaci\u00f3n, a la divulgaci\u00f3n, a la vinculaci\u00f3n, a la comunidad, a la defensa de los derechos, al alcance y nuevas aplicaciones de la tecnolog\u00eda, a la preservaci\u00f3n de la identidad, a la memoria, a la b\u00fasqueda de la paz, a la confabulaci\u00f3n de historias y a la lucha feminista.<\/p>\n<p>S\u00ed el sentido de interpretaci\u00f3n es amplio, tambi\u00e9n lo son las oportunidades.<\/p>\n<p><strong>Maestra <\/strong><\/p>\n<p>Tuvo que pasar m\u00e1s de una d\u00e9cada para que esas siete letras volvieran a resonar en m\u00ed, de las primeras labores profesionales que realic\u00e9 fue dar clases, y de manera intermitente siempre he podido dar una u otra clase por aqu\u00ed y por all\u00e1. Luego me centr\u00e9 m\u00e1s en la capacitaci\u00f3n y en ser facilitadora, mediadora, o acaso gu\u00eda en los procesos educativos. Pero ahora s\u00e9, que soy una sembradora, ya sea en una escuela, o coordinado procesos formativos, dando talleres, tom\u00e1ndolos o generando espacios para la divulgaci\u00f3n del trabajo de las mujeres, investigando\u2026 s\u00e9 qu\u00e9 por convicci\u00f3n mi trabajo est\u00e1 al servicio de las personas, que puedo ayudar a que otras personas florezcan.<\/p>\n<p>Cuando era ni\u00f1a yo dec\u00eda que iba a ser maestra cuando fuera adulta, quiz\u00e1 lo dec\u00eda sin mucho pensar, porque tambi\u00e9n dec\u00eda que ser\u00eda bailarina, astronauta o veterinaria, lo que s\u00ed sab\u00eda desde entonces es que soy curiosa, la comunicaci\u00f3n cuestiona, indaga, escudri\u00f1a, pero de nada vale si no se comparte, por eso escribo esto, soy estudiante y maestra.<\/p>\n<p>&nbsp;<\/p>\n<p>&nbsp;<\/p>\n<p>&nbsp;<\/p>\n<p>&nbsp;<\/p>\n<p>&nbsp;<\/p>\n<p>&nbsp;<\/p>\n","protected":false},"excerpt":{"rendered":"<p>Por: Tania Mart\u00ednez Su\u00e1rez Mayo, con todos sus d\u00edas festivos y puentes vacacionales, trae tambi\u00e9n sus avisos. Mam\u00e1 Se festeja a las mam\u00e1s, y se espera que sigamos cumpliendo los est\u00e1ndares de todos los dem\u00e1s \u00bfY nosotras? \u00bfQu\u00e9 queremos nosotras? \u00bfQu\u00e9 carajos significa en pleno a\u00f1o 2024 el festejo multitudinario y tem\u00e1tico\u00a0 en una primaria<\/p>\n","protected":false},"author":2,"featured_media":4234,"comment_status":"open","ping_status":"open","sticky":false,"template":"","format":"standard","meta":{"footnotes":""},"categories":[44,35],"tags":[151,54,55],"class_list":{"0":"post-4494","1":"post","2":"type-post","3":"status-publish","4":"format-standard","5":"has-post-thumbnail","7":"category-minuto-a-minuto","8":"category-opinion","9":"tag-opinion","10":"tag-proscrita","11":"tag-tania-martinez-suarez"},"yoast_head":"<!-- This site is optimized with the Yoast SEO plugin v26.1.1 - https:\/\/yoast.com\/wordpress\/plugins\/seo\/ -->\n<title>Amalgama - El Cardinal<\/title>\n<meta name=\"robots\" content=\"index, follow, max-snippet:-1, max-image-preview:large, max-video-preview:-1\" \/>\n<link rel=\"canonical\" href=\"https:\/\/elcardinal.com\/?p=4494\" \/>\n<meta property=\"og:locale\" content=\"es_MX\" \/>\n<meta property=\"og:type\" content=\"article\" \/>\n<meta property=\"og:title\" content=\"Amalgama - El Cardinal\" \/>\n<meta property=\"og:description\" content=\"Por: Tania Mart\u00ednez Su\u00e1rez Mayo, con todos sus d\u00edas festivos y puentes vacacionales, trae tambi\u00e9n sus avisos. Mam\u00e1 Se festeja a las mam\u00e1s, y se espera que sigamos cumpliendo los est\u00e1ndares de todos los dem\u00e1s \u00bfY nosotras? \u00bfQu\u00e9 queremos nosotras? \u00bfQu\u00e9 carajos significa en pleno a\u00f1o 2024 el festejo multitudinario y tem\u00e1tico\u00a0 en una primaria\" \/>\n<meta property=\"og:url\" content=\"https:\/\/elcardinal.com\/?p=4494\" \/>\n<meta property=\"og:site_name\" content=\"El Cardinal\" \/>\n<meta property=\"article:publisher\" content=\"https:\/\/www.facebook.com\/profile.php?id=100063093107011\" \/>\n<meta property=\"article:published_time\" content=\"2025-05-14T13:06:50+00:00\" \/>\n<meta property=\"article:modified_time\" content=\"2025-05-14T16:50:41+00:00\" \/>\n<meta property=\"og:image\" content=\"https:\/\/elcardinal.com\/wp-content\/uploads\/2025\/04\/Semillas-Esterales.png\" \/>\n\t<meta property=\"og:image:width\" content=\"940\" \/>\n\t<meta property=\"og:image:height\" content=\"788\" \/>\n\t<meta property=\"og:image:type\" content=\"image\/png\" \/>\n<meta name=\"author\" content=\"Antonio Alcaraz\" \/>\n<meta name=\"twitter:card\" content=\"summary_large_image\" \/>\n<meta name=\"twitter:creator\" content=\"@ElCardinal_Mx\" \/>\n<meta name=\"twitter:site\" content=\"@ElCardinal_Mx\" \/>\n<meta name=\"twitter:label1\" content=\"Escrito por\" \/>\n\t<meta name=\"twitter:data1\" content=\"Antonio Alcaraz\" \/>\n\t<meta name=\"twitter:label2\" content=\"Tiempo de lectura\" \/>\n\t<meta name=\"twitter:data2\" content=\"4 minutos\" \/>\n<script type=\"application\/ld+json\" class=\"yoast-schema-graph\">{\"@context\":\"https:\/\/schema.org\",\"@graph\":[{\"@type\":\"Article\",\"@id\":\"https:\/\/elcardinal.com\/?p=4494#article\",\"isPartOf\":{\"@id\":\"https:\/\/elcardinal.com\/?p=4494\"},\"author\":{\"name\":\"Antonio Alcaraz\",\"@id\":\"https:\/\/elcardinal.com\/#\/schema\/person\/3c352ec0a33987fe275c0e8a2ea69f8b\"},\"headline\":\"Amalgama\",\"datePublished\":\"2025-05-14T13:06:50+00:00\",\"dateModified\":\"2025-05-14T16:50:41+00:00\",\"mainEntityOfPage\":{\"@id\":\"https:\/\/elcardinal.com\/?p=4494\"},\"wordCount\":894,\"commentCount\":0,\"publisher\":{\"@id\":\"https:\/\/elcardinal.com\/#organization\"},\"image\":{\"@id\":\"https:\/\/elcardinal.com\/?p=4494#primaryimage\"},\"thumbnailUrl\":\"https:\/\/elcardinal.com\/wp-content\/uploads\/2025\/04\/Semillas-Esterales.png\",\"keywords\":[\"Opini\u00f3n\",\"Proscrita\",\"Tania Mart\u00ednez Su\u00e1rez\"],\"articleSection\":[\"Minuto a Minuto\",\"Opini\u00f3n\"],\"inLanguage\":\"es\",\"potentialAction\":[{\"@type\":\"CommentAction\",\"name\":\"Comment\",\"target\":[\"https:\/\/elcardinal.com\/?p=4494#respond\"]}]},{\"@type\":\"WebPage\",\"@id\":\"https:\/\/elcardinal.com\/?p=4494\",\"url\":\"https:\/\/elcardinal.com\/?p=4494\",\"name\":\"Amalgama - El Cardinal\",\"isPartOf\":{\"@id\":\"https:\/\/elcardinal.com\/#website\"},\"primaryImageOfPage\":{\"@id\":\"https:\/\/elcardinal.com\/?p=4494#primaryimage\"},\"image\":{\"@id\":\"https:\/\/elcardinal.com\/?p=4494#primaryimage\"},\"thumbnailUrl\":\"https:\/\/elcardinal.com\/wp-content\/uploads\/2025\/04\/Semillas-Esterales.png\",\"datePublished\":\"2025-05-14T13:06:50+00:00\",\"dateModified\":\"2025-05-14T16:50:41+00:00\",\"breadcrumb\":{\"@id\":\"https:\/\/elcardinal.com\/?p=4494#breadcrumb\"},\"inLanguage\":\"es\",\"potentialAction\":[{\"@type\":\"ReadAction\",\"target\":[\"https:\/\/elcardinal.com\/?p=4494\"]}]},{\"@type\":\"ImageObject\",\"inLanguage\":\"es\",\"@id\":\"https:\/\/elcardinal.com\/?p=4494#primaryimage\",\"url\":\"https:\/\/elcardinal.com\/wp-content\/uploads\/2025\/04\/Semillas-Esterales.png\",\"contentUrl\":\"https:\/\/elcardinal.com\/wp-content\/uploads\/2025\/04\/Semillas-Esterales.png\",\"width\":940,\"height\":788},{\"@type\":\"BreadcrumbList\",\"@id\":\"https:\/\/elcardinal.com\/?p=4494#breadcrumb\",\"itemListElement\":[{\"@type\":\"ListItem\",\"position\":1,\"name\":\"Inicio\",\"item\":\"https:\/\/elcardinal.com\/\"},{\"@type\":\"ListItem\",\"position\":2,\"name\":\"Amalgama\"}]},{\"@type\":\"WebSite\",\"@id\":\"https:\/\/elcardinal.com\/#website\",\"url\":\"https:\/\/elcardinal.com\/\",\"name\":\"El Cardinal\",\"description\":\"Periodismo honesto, con valor, sentido humano, a veces sarc\u00e1stico y divertido.\",\"publisher\":{\"@id\":\"https:\/\/elcardinal.com\/#organization\"},\"alternateName\":\"El Cardinal Noticias\",\"potentialAction\":[{\"@type\":\"SearchAction\",\"target\":{\"@type\":\"EntryPoint\",\"urlTemplate\":\"https:\/\/elcardinal.com\/?s={search_term_string}\"},\"query-input\":{\"@type\":\"PropertyValueSpecification\",\"valueRequired\":true,\"valueName\":\"search_term_string\"}}],\"inLanguage\":\"es\"},{\"@type\":\"Organization\",\"@id\":\"https:\/\/elcardinal.com\/#organization\",\"name\":\"El Cardinal\",\"url\":\"https:\/\/elcardinal.com\/\",\"logo\":{\"@type\":\"ImageObject\",\"inLanguage\":\"es\",\"@id\":\"https:\/\/elcardinal.com\/#\/schema\/logo\/image\/\",\"url\":\"https:\/\/elcardinal.com\/wp-content\/uploads\/2025\/04\/LOGO-EL-CARDINAL-Periodismo-con-valor.png\",\"contentUrl\":\"https:\/\/elcardinal.com\/wp-content\/uploads\/2025\/04\/LOGO-EL-CARDINAL-Periodismo-con-valor.png\",\"width\":755,\"height\":636,\"caption\":\"El Cardinal\"},\"image\":{\"@id\":\"https:\/\/elcardinal.com\/#\/schema\/logo\/image\/\"},\"sameAs\":[\"https:\/\/www.facebook.com\/profile.php?id=100063093107011\",\"https:\/\/x.com\/ElCardinal_Mx\"]},{\"@type\":\"Person\",\"@id\":\"https:\/\/elcardinal.com\/#\/schema\/person\/3c352ec0a33987fe275c0e8a2ea69f8b\",\"name\":\"Antonio Alcaraz\",\"image\":{\"@type\":\"ImageObject\",\"inLanguage\":\"es\",\"@id\":\"https:\/\/elcardinal.com\/#\/schema\/person\/image\/\",\"url\":\"https:\/\/elcardinal.com\/wp-content\/uploads\/2025\/05\/cropped-TONO-96x96.jpg\",\"contentUrl\":\"https:\/\/elcardinal.com\/wp-content\/uploads\/2025\/05\/cropped-TONO-96x96.jpg\",\"caption\":\"Antonio Alcaraz\"},\"url\":\"https:\/\/elcardinal.com\/?author=2\"}]}<\/script>\n<!-- \/ Yoast SEO plugin. -->","yoast_head_json":{"title":"Amalgama - El Cardinal","robots":{"index":"index","follow":"follow","max-snippet":"max-snippet:-1","max-image-preview":"max-image-preview:large","max-video-preview":"max-video-preview:-1"},"canonical":"https:\/\/elcardinal.com\/?p=4494","og_locale":"es_MX","og_type":"article","og_title":"Amalgama - El Cardinal","og_description":"Por: Tania Mart\u00ednez Su\u00e1rez Mayo, con todos sus d\u00edas festivos y puentes vacacionales, trae tambi\u00e9n sus avisos. Mam\u00e1 Se festeja a las mam\u00e1s, y se espera que sigamos cumpliendo los est\u00e1ndares de todos los dem\u00e1s \u00bfY nosotras? \u00bfQu\u00e9 queremos nosotras? \u00bfQu\u00e9 carajos significa en pleno a\u00f1o 2024 el festejo multitudinario y tem\u00e1tico\u00a0 en una primaria","og_url":"https:\/\/elcardinal.com\/?p=4494","og_site_name":"El Cardinal","article_publisher":"https:\/\/www.facebook.com\/profile.php?id=100063093107011","article_published_time":"2025-05-14T13:06:50+00:00","article_modified_time":"2025-05-14T16:50:41+00:00","og_image":[{"width":940,"height":788,"url":"https:\/\/elcardinal.com\/wp-content\/uploads\/2025\/04\/Semillas-Esterales.png","type":"image\/png"}],"author":"Antonio Alcaraz","twitter_card":"summary_large_image","twitter_creator":"@ElCardinal_Mx","twitter_site":"@ElCardinal_Mx","twitter_misc":{"Escrito por":"Antonio Alcaraz","Tiempo de lectura":"4 minutos"},"schema":{"@context":"https:\/\/schema.org","@graph":[{"@type":"Article","@id":"https:\/\/elcardinal.com\/?p=4494#article","isPartOf":{"@id":"https:\/\/elcardinal.com\/?p=4494"},"author":{"name":"Antonio Alcaraz","@id":"https:\/\/elcardinal.com\/#\/schema\/person\/3c352ec0a33987fe275c0e8a2ea69f8b"},"headline":"Amalgama","datePublished":"2025-05-14T13:06:50+00:00","dateModified":"2025-05-14T16:50:41+00:00","mainEntityOfPage":{"@id":"https:\/\/elcardinal.com\/?p=4494"},"wordCount":894,"commentCount":0,"publisher":{"@id":"https:\/\/elcardinal.com\/#organization"},"image":{"@id":"https:\/\/elcardinal.com\/?p=4494#primaryimage"},"thumbnailUrl":"https:\/\/elcardinal.com\/wp-content\/uploads\/2025\/04\/Semillas-Esterales.png","keywords":["Opini\u00f3n","Proscrita","Tania Mart\u00ednez Su\u00e1rez"],"articleSection":["Minuto a Minuto","Opini\u00f3n"],"inLanguage":"es","potentialAction":[{"@type":"CommentAction","name":"Comment","target":["https:\/\/elcardinal.com\/?p=4494#respond"]}]},{"@type":"WebPage","@id":"https:\/\/elcardinal.com\/?p=4494","url":"https:\/\/elcardinal.com\/?p=4494","name":"Amalgama - El Cardinal","isPartOf":{"@id":"https:\/\/elcardinal.com\/#website"},"primaryImageOfPage":{"@id":"https:\/\/elcardinal.com\/?p=4494#primaryimage"},"image":{"@id":"https:\/\/elcardinal.com\/?p=4494#primaryimage"},"thumbnailUrl":"https:\/\/elcardinal.com\/wp-content\/uploads\/2025\/04\/Semillas-Esterales.png","datePublished":"2025-05-14T13:06:50+00:00","dateModified":"2025-05-14T16:50:41+00:00","breadcrumb":{"@id":"https:\/\/elcardinal.com\/?p=4494#breadcrumb"},"inLanguage":"es","potentialAction":[{"@type":"ReadAction","target":["https:\/\/elcardinal.com\/?p=4494"]}]},{"@type":"ImageObject","inLanguage":"es","@id":"https:\/\/elcardinal.com\/?p=4494#primaryimage","url":"https:\/\/elcardinal.com\/wp-content\/uploads\/2025\/04\/Semillas-Esterales.png","contentUrl":"https:\/\/elcardinal.com\/wp-content\/uploads\/2025\/04\/Semillas-Esterales.png","width":940,"height":788},{"@type":"BreadcrumbList","@id":"https:\/\/elcardinal.com\/?p=4494#breadcrumb","itemListElement":[{"@type":"ListItem","position":1,"name":"Inicio","item":"https:\/\/elcardinal.com\/"},{"@type":"ListItem","position":2,"name":"Amalgama"}]},{"@type":"WebSite","@id":"https:\/\/elcardinal.com\/#website","url":"https:\/\/elcardinal.com\/","name":"El Cardinal","description":"Periodismo honesto, con valor, sentido humano, a veces sarc\u00e1stico y divertido.","publisher":{"@id":"https:\/\/elcardinal.com\/#organization"},"alternateName":"El Cardinal Noticias","potentialAction":[{"@type":"SearchAction","target":{"@type":"EntryPoint","urlTemplate":"https:\/\/elcardinal.com\/?s={search_term_string}"},"query-input":{"@type":"PropertyValueSpecification","valueRequired":true,"valueName":"search_term_string"}}],"inLanguage":"es"},{"@type":"Organization","@id":"https:\/\/elcardinal.com\/#organization","name":"El Cardinal","url":"https:\/\/elcardinal.com\/","logo":{"@type":"ImageObject","inLanguage":"es","@id":"https:\/\/elcardinal.com\/#\/schema\/logo\/image\/","url":"https:\/\/elcardinal.com\/wp-content\/uploads\/2025\/04\/LOGO-EL-CARDINAL-Periodismo-con-valor.png","contentUrl":"https:\/\/elcardinal.com\/wp-content\/uploads\/2025\/04\/LOGO-EL-CARDINAL-Periodismo-con-valor.png","width":755,"height":636,"caption":"El Cardinal"},"image":{"@id":"https:\/\/elcardinal.com\/#\/schema\/logo\/image\/"},"sameAs":["https:\/\/www.facebook.com\/profile.php?id=100063093107011","https:\/\/x.com\/ElCardinal_Mx"]},{"@type":"Person","@id":"https:\/\/elcardinal.com\/#\/schema\/person\/3c352ec0a33987fe275c0e8a2ea69f8b","name":"Antonio Alcaraz","image":{"@type":"ImageObject","inLanguage":"es","@id":"https:\/\/elcardinal.com\/#\/schema\/person\/image\/","url":"https:\/\/elcardinal.com\/wp-content\/uploads\/2025\/05\/cropped-TONO-96x96.jpg","contentUrl":"https:\/\/elcardinal.com\/wp-content\/uploads\/2025\/05\/cropped-TONO-96x96.jpg","caption":"Antonio Alcaraz"},"url":"https:\/\/elcardinal.com\/?author=2"}]}},"_links":{"self":[{"href":"https:\/\/elcardinal.com\/index.php?rest_route=\/wp\/v2\/posts\/4494","targetHints":{"allow":["GET"]}}],"collection":[{"href":"https:\/\/elcardinal.com\/index.php?rest_route=\/wp\/v2\/posts"}],"about":[{"href":"https:\/\/elcardinal.com\/index.php?rest_route=\/wp\/v2\/types\/post"}],"author":[{"embeddable":true,"href":"https:\/\/elcardinal.com\/index.php?rest_route=\/wp\/v2\/users\/2"}],"replies":[{"embeddable":true,"href":"https:\/\/elcardinal.com\/index.php?rest_route=%2Fwp%2Fv2%2Fcomments&post=4494"}],"version-history":[{"count":5,"href":"https:\/\/elcardinal.com\/index.php?rest_route=\/wp\/v2\/posts\/4494\/revisions"}],"predecessor-version":[{"id":4502,"href":"https:\/\/elcardinal.com\/index.php?rest_route=\/wp\/v2\/posts\/4494\/revisions\/4502"}],"wp:featuredmedia":[{"embeddable":true,"href":"https:\/\/elcardinal.com\/index.php?rest_route=\/wp\/v2\/media\/4234"}],"wp:attachment":[{"href":"https:\/\/elcardinal.com\/index.php?rest_route=%2Fwp%2Fv2%2Fmedia&parent=4494"}],"wp:term":[{"taxonomy":"category","embeddable":true,"href":"https:\/\/elcardinal.com\/index.php?rest_route=%2Fwp%2Fv2%2Fcategories&post=4494"},{"taxonomy":"post_tag","embeddable":true,"href":"https:\/\/elcardinal.com\/index.php?rest_route=%2Fwp%2Fv2%2Ftags&post=4494"}],"curies":[{"name":"wp","href":"https:\/\/api.w.org\/{rel}","templated":true}]}}