{"id":4503,"date":"2025-05-14T13:47:33","date_gmt":"2025-05-14T19:47:33","guid":{"rendered":"https:\/\/elcardinal.com\/?p=4503"},"modified":"2025-05-14T13:56:32","modified_gmt":"2025-05-14T19:56:32","slug":"se-restaurara-el-macro-pisal-del-parque-ben-gurion-julio-menchaca-asegura-que-danos-no-fueron-por-remodelacion","status":"publish","type":"post","link":"https:\/\/elcardinal.com\/?p=4503","title":{"rendered":"Se restaurar\u00e1 el macro pisal del parque Ben Guri\u00f3n: Julio Menchaca asegura que da\u00f1os no fueron por remodelaci\u00f3n"},"content":{"rendered":"<div class=\"flex basis-auto flex-col -mb-(--composer-overlap-px) [--composer-overlap-px:24px] grow overflow-hidden\">\n<div class=\"relative h-full\">\n<div class=\"flex h-full flex-col overflow-y-auto [scrollbar-gutter:stable_both-edges] @[84rem]\/thread:pt-(--header-height)\">\n<div class=\"@thread-xl\/thread:pt-header-height mt-1.5 flex flex-col text-sm pb-25\">\n<article class=\"text-token-text-primary w-full\" dir=\"auto\" data-testid=\"conversation-turn-4\" data-scroll-anchor=\"true\">\n<div class=\"text-base my-auto mx-auto py-5 [--thread-content-margin:--spacing(4)] @[37rem]:[--thread-content-margin:--spacing(6)] @[72rem]:[--thread-content-margin:--spacing(16)] px-(--thread-content-margin)\">\n<div class=\"[--thread-content-max-width:32rem] @[34rem]:[--thread-content-max-width:40rem] @[64rem]:[--thread-content-max-width:48rem] mx-auto flex max-w-(--thread-content-max-width) flex-1 text-base gap-4 md:gap-5 lg:gap-6 group\/turn-messages focus-visible:outline-hidden\" tabindex=\"-1\">\n<div class=\"group\/conversation-turn relative flex w-full min-w-0 flex-col agent-turn\">\n<div class=\"relative flex-col gap-1 md:gap-3\">\n<div class=\"flex max-w-full flex-col grow\">\n<div class=\"min-h-8 text-message relative flex w-full flex-col items-end gap-2 text-start break-words whitespace-normal [.text-message+&amp;]:mt-5\" dir=\"auto\" data-message-author-role=\"assistant\" data-message-id=\"f61957c9-ff61-4bd4-8376-c8c89bb3afe0\" data-message-model-slug=\"gpt-4o\">\n<div class=\"flex w-full flex-col gap-1 empty:hidden first:pt-[3px]\">\n<div class=\"markdown prose dark:prose-invert w-full break-words dark\">\n<p style=\"text-align: left;\" data-start=\"117\" data-end=\"443\">Por: Jos\u00e9 Antonio Alcaraz Su\u00e1rez<\/p>\n<p class=\"\" data-start=\"117\" data-end=\"443\"><em data-start=\"117\" data-end=\"133\">Pachuca, Hgo.\u2014<\/em> Durante los festejos a las y los maestros, el gobernador de Hidalgo Julio Menchaca Salazar aclar\u00f3 que los da\u00f1os visibles en el macro pisal del parque David Ben Guri\u00f3n no fueron ocasionados por la reciente rehabilitaci\u00f3n del Parque Cultural Hidalgoense, sino que son resultado de a\u00f1os de descuido por parte de administraciones pasadas.<\/p>\n<p class=\"\" data-start=\"445\" data-end=\"668\">\u201cTenemos un acta notarial certificada ante la fe p\u00fablica de c\u00f3mo estaba antes de que se iniciaran los trabajos. Ese ha sido un descuido de muchos a\u00f1os. No se afect\u00f3 por la construcci\u00f3n del parque\u201d, puntualiz\u00f3 el mandatario.<\/p>\n<p class=\"\" data-start=\"670\" data-end=\"1014\">Explic\u00f3 que, por tratarse de una obra con propiedad intelectual registrada a nombre de un particular, se debe seguir un protocolo legal espec\u00edfico para poder intervenirlo. \u201cVamos a platicar con Eva, quien tiene los derechos, para que formen parte del Estado\u201d, dijo en referencia a la viuda del artista Byron G\u00e1lvez, autor de la monumental obra.<\/p>\n<p class=\"\" data-start=\"1016\" data-end=\"1281\">Menchaca destac\u00f3 que se ha tenido especial cuidado en preservar el pisal durante los trabajos de rehabilitaci\u00f3n del parque. \u201cTan as\u00ed que, en lugar de usar vibradores o maquinaria pesada, fue hecho a mano. Fue lo menos invasivo posible para cuidar el pisal\u201d, afirm\u00f3.<\/p>\n<p class=\"\" data-start=\"1283\" data-end=\"1579\">Sobre los posibles costos de restauraci\u00f3n, el gobernador indic\u00f3 que a\u00fan se deben obtener las autorizaciones necesarias antes de definir el presupuesto. No obstante, asegur\u00f3 que \u201clo vamos a dejar en buenas condiciones\u201d. La \u00faltima restauraci\u00f3n de esta obra cost\u00f3 alrededor de 1.5 millones de pesos.<\/p>\n<p class=\"\" data-start=\"1581\" data-end=\"1837\">Finalmente, el mandatario se\u00f1al\u00f3 que el nuevo espacio fue concebido como un lugar de convivencia y recreaci\u00f3n para las familias hidalguenses y visitantes. \u201cPachuca ten\u00eda pocas opciones de diversi\u00f3n para la familia. Nos merecemos espacios dignos\u201d, concluy\u00f3.<\/p>\n<\/div>\n<\/div>\n<\/div>\n<\/div>\n<\/div>\n<div class=\"absolute\">\n<div class=\"flex items-center justify-center\"><\/div>\n<\/div>\n<\/div>\n<\/div>\n<\/div>\n<\/article>\n<div class=\"pointer-events-none h-px w-px\" aria-hidden=\"true\" data-edge=\"true\"><\/div>\n<div><\/div>\n<\/div>\n<\/div>\n<\/div>\n<\/div>\n<div id=\"thread-bottom-container\" class=\"isolate z-3 w-full basis-auto has-data-has-thread-error:pt-2 has-data-has-thread-error:[box-shadow:var(--sharp-edge-bottom-shadow)] md:border-transparent md:pt-0 dark:border-white\/20 md:dark:border-transparent flex flex-col\">\n<div id=\"thread-bottom\">\n<div class=\"text-base mx-auto [--thread-content-margin:--spacing(4)] @[37rem]:[--thread-content-margin:--spacing(6)] @[72rem]:[--thread-content-margin:--spacing(16)] px-(--thread-content-margin)\">\n<div class=\"[--thread-content-max-width:32rem] @[34rem]:[--thread-content-max-width:40rem] @[64rem]:[--thread-content-max-width:48rem] mx-auto flex max-w-(--thread-content-max-width) flex-1 text-base gap-4 md:gap-5 lg:gap-6\">\n<div class=\"flex justify-center empty:hidden\"><\/div>\n<div class=\"max-xs:[--force-hide-label:none] relative z-1 flex h-full max-w-full flex-1 flex-col\" aria-haspopup=\"dialog\" aria-expanded=\"false\" aria-controls=\"radix-\u00abR1i9ckukkth95j5\u00bb\" data-state=\"closed\">\n<div class=\"absolute start-0 end-0 bottom-full z-20\"><\/div>\n<form class=\"w-full [view-transition-name:var(--vt-composer)]\" data-type=\"unified-composer\">\n<div class=\"flex w-full cursor-text flex-col items-center justify-center rounded-[28px] bg-clip-padding contain-inline-size overflow-clip border-token-border-default border shadow-sm sm:shadow-lg dark:shadow-none! bg-token-bg-primary dark:bg-[#303030]\">\n<div class=\"relative flex w-full items-end px-3 py-3\">\n<div class=\"relative flex w-full flex-auto flex-col\">\n<div class=\"relative ms-1.5 grid grid-cols-[auto_minmax(0,1fr)]\">\n<div class=\"items-top flex justify-center\">\n<div><\/div>\n<\/div>\n<\/div>\n<\/div>\n<\/div>\n<\/div>\n<\/form>\n<\/div>\n<\/div>\n<\/div>\n<\/div>\n<\/div>\n","protected":false},"excerpt":{"rendered":"<p>Por: Jos\u00e9 Antonio Alcaraz Su\u00e1rez Pachuca, Hgo.\u2014 Durante los festejos a las y los maestros, el gobernador de Hidalgo Julio Menchaca Salazar aclar\u00f3 que los da\u00f1os visibles en el macro pisal del parque David Ben Guri\u00f3n no fueron ocasionados por la reciente rehabilitaci\u00f3n del Parque Cultural Hidalgoense, sino que son resultado de a\u00f1os de descuido<\/p>\n","protected":false},"author":2,"featured_media":4504,"comment_status":"open","ping_status":"open","sticky":false,"template":"","format":"standard","meta":{"footnotes":""},"categories":[31,44],"tags":[91,85,152],"class_list":{"0":"post-4503","1":"post","2":"type-post","3":"status-publish","4":"format-standard","5":"has-post-thumbnail","7":"category-hidalgo","8":"category-minuto-a-minuto","9":"tag-david-ben-gurion","10":"tag-julio-menchaca","11":"tag-macromural"},"yoast_head":"<!-- This site is optimized with the Yoast SEO plugin v26.1.1 - https:\/\/yoast.com\/wordpress\/plugins\/seo\/ -->\n<title>Se restaurar\u00e1 el macro pisal del parque Ben Guri\u00f3n: Julio Menchaca asegura que da\u00f1os no fueron por remodelaci\u00f3n - El Cardinal<\/title>\n<meta name=\"robots\" content=\"index, follow, max-snippet:-1, max-image-preview:large, max-video-preview:-1\" \/>\n<link rel=\"canonical\" href=\"https:\/\/elcardinal.com\/?p=4503\" \/>\n<meta property=\"og:locale\" content=\"es_MX\" \/>\n<meta property=\"og:type\" content=\"article\" \/>\n<meta property=\"og:title\" content=\"Se restaurar\u00e1 el macro pisal del parque Ben Guri\u00f3n: Julio Menchaca asegura que da\u00f1os no fueron por remodelaci\u00f3n - El Cardinal\" \/>\n<meta property=\"og:description\" content=\"Por: Jos\u00e9 Antonio Alcaraz Su\u00e1rez Pachuca, Hgo.\u2014 Durante los festejos a las y los maestros, el gobernador de Hidalgo Julio Menchaca Salazar aclar\u00f3 que los da\u00f1os visibles en el macro pisal del parque David Ben Guri\u00f3n no fueron ocasionados por la reciente rehabilitaci\u00f3n del Parque Cultural Hidalgoense, sino que son resultado de a\u00f1os de descuido\" \/>\n<meta property=\"og:url\" content=\"https:\/\/elcardinal.com\/?p=4503\" \/>\n<meta property=\"og:site_name\" content=\"El Cardinal\" \/>\n<meta property=\"article:publisher\" content=\"https:\/\/www.facebook.com\/profile.php?id=100063093107011\" \/>\n<meta property=\"article:published_time\" content=\"2025-05-14T19:47:33+00:00\" \/>\n<meta property=\"article:modified_time\" content=\"2025-05-14T19:56:32+00:00\" \/>\n<meta property=\"og:image\" content=\"https:\/\/elcardinal.com\/wp-content\/uploads\/2025\/05\/WhatsApp-Image-2025-05-14-at-1.44.19-PM.jpeg\" \/>\n\t<meta property=\"og:image:width\" content=\"1600\" \/>\n\t<meta property=\"og:image:height\" content=\"899\" \/>\n\t<meta property=\"og:image:type\" content=\"image\/jpeg\" \/>\n<meta name=\"author\" content=\"Antonio Alcaraz\" \/>\n<meta name=\"twitter:card\" content=\"summary_large_image\" \/>\n<meta name=\"twitter:creator\" content=\"@ElCardinal_Mx\" \/>\n<meta name=\"twitter:site\" content=\"@ElCardinal_Mx\" \/>\n<meta name=\"twitter:label1\" content=\"Escrito por\" \/>\n\t<meta name=\"twitter:data1\" content=\"Antonio Alcaraz\" \/>\n\t<meta name=\"twitter:label2\" content=\"Tiempo de lectura\" \/>\n\t<meta name=\"twitter:data2\" content=\"2 minutos\" \/>\n<script type=\"application\/ld+json\" class=\"yoast-schema-graph\">{\"@context\":\"https:\/\/schema.org\",\"@graph\":[{\"@type\":\"Article\",\"@id\":\"https:\/\/elcardinal.com\/?p=4503#article\",\"isPartOf\":{\"@id\":\"https:\/\/elcardinal.com\/?p=4503\"},\"author\":{\"name\":\"Antonio Alcaraz\",\"@id\":\"https:\/\/elcardinal.com\/#\/schema\/person\/3c352ec0a33987fe275c0e8a2ea69f8b\"},\"headline\":\"Se restaurar\u00e1 el macro pisal del parque Ben Guri\u00f3n: Julio Menchaca asegura que da\u00f1os no fueron por remodelaci\u00f3n\",\"datePublished\":\"2025-05-14T19:47:33+00:00\",\"dateModified\":\"2025-05-14T19:56:32+00:00\",\"mainEntityOfPage\":{\"@id\":\"https:\/\/elcardinal.com\/?p=4503\"},\"wordCount\":320,\"commentCount\":0,\"publisher\":{\"@id\":\"https:\/\/elcardinal.com\/#organization\"},\"image\":{\"@id\":\"https:\/\/elcardinal.com\/?p=4503#primaryimage\"},\"thumbnailUrl\":\"https:\/\/elcardinal.com\/wp-content\/uploads\/2025\/05\/WhatsApp-Image-2025-05-14-at-1.44.19-PM.jpeg\",\"keywords\":[\"David Ben Guri\u00f3n\",\"Julio Menchaca\",\"Macromural\"],\"articleSection\":[\"Hidalgo\",\"Minuto a Minuto\"],\"inLanguage\":\"es\",\"potentialAction\":[{\"@type\":\"CommentAction\",\"name\":\"Comment\",\"target\":[\"https:\/\/elcardinal.com\/?p=4503#respond\"]}]},{\"@type\":\"WebPage\",\"@id\":\"https:\/\/elcardinal.com\/?p=4503\",\"url\":\"https:\/\/elcardinal.com\/?p=4503\",\"name\":\"Se restaurar\u00e1 el macro pisal del parque Ben Guri\u00f3n: Julio Menchaca asegura que da\u00f1os no fueron por remodelaci\u00f3n - El Cardinal\",\"isPartOf\":{\"@id\":\"https:\/\/elcardinal.com\/#website\"},\"primaryImageOfPage\":{\"@id\":\"https:\/\/elcardinal.com\/?p=4503#primaryimage\"},\"image\":{\"@id\":\"https:\/\/elcardinal.com\/?p=4503#primaryimage\"},\"thumbnailUrl\":\"https:\/\/elcardinal.com\/wp-content\/uploads\/2025\/05\/WhatsApp-Image-2025-05-14-at-1.44.19-PM.jpeg\",\"datePublished\":\"2025-05-14T19:47:33+00:00\",\"dateModified\":\"2025-05-14T19:56:32+00:00\",\"breadcrumb\":{\"@id\":\"https:\/\/elcardinal.com\/?p=4503#breadcrumb\"},\"inLanguage\":\"es\",\"potentialAction\":[{\"@type\":\"ReadAction\",\"target\":[\"https:\/\/elcardinal.com\/?p=4503\"]}]},{\"@type\":\"ImageObject\",\"inLanguage\":\"es\",\"@id\":\"https:\/\/elcardinal.com\/?p=4503#primaryimage\",\"url\":\"https:\/\/elcardinal.com\/wp-content\/uploads\/2025\/05\/WhatsApp-Image-2025-05-14-at-1.44.19-PM.jpeg\",\"contentUrl\":\"https:\/\/elcardinal.com\/wp-content\/uploads\/2025\/05\/WhatsApp-Image-2025-05-14-at-1.44.19-PM.jpeg\",\"width\":1600,\"height\":899},{\"@type\":\"BreadcrumbList\",\"@id\":\"https:\/\/elcardinal.com\/?p=4503#breadcrumb\",\"itemListElement\":[{\"@type\":\"ListItem\",\"position\":1,\"name\":\"Inicio\",\"item\":\"https:\/\/elcardinal.com\/\"},{\"@type\":\"ListItem\",\"position\":2,\"name\":\"Se restaurar\u00e1 el macro pisal del parque Ben Guri\u00f3n: Julio Menchaca asegura que da\u00f1os no fueron por remodelaci\u00f3n\"}]},{\"@type\":\"WebSite\",\"@id\":\"https:\/\/elcardinal.com\/#website\",\"url\":\"https:\/\/elcardinal.com\/\",\"name\":\"El Cardinal\",\"description\":\"Periodismo honesto, con valor, sentido humano, a veces sarc\u00e1stico y divertido.\",\"publisher\":{\"@id\":\"https:\/\/elcardinal.com\/#organization\"},\"alternateName\":\"El Cardinal Noticias\",\"potentialAction\":[{\"@type\":\"SearchAction\",\"target\":{\"@type\":\"EntryPoint\",\"urlTemplate\":\"https:\/\/elcardinal.com\/?s={search_term_string}\"},\"query-input\":{\"@type\":\"PropertyValueSpecification\",\"valueRequired\":true,\"valueName\":\"search_term_string\"}}],\"inLanguage\":\"es\"},{\"@type\":\"Organization\",\"@id\":\"https:\/\/elcardinal.com\/#organization\",\"name\":\"El Cardinal\",\"url\":\"https:\/\/elcardinal.com\/\",\"logo\":{\"@type\":\"ImageObject\",\"inLanguage\":\"es\",\"@id\":\"https:\/\/elcardinal.com\/#\/schema\/logo\/image\/\",\"url\":\"https:\/\/elcardinal.com\/wp-content\/uploads\/2025\/04\/LOGO-EL-CARDINAL-Periodismo-con-valor.png\",\"contentUrl\":\"https:\/\/elcardinal.com\/wp-content\/uploads\/2025\/04\/LOGO-EL-CARDINAL-Periodismo-con-valor.png\",\"width\":755,\"height\":636,\"caption\":\"El Cardinal\"},\"image\":{\"@id\":\"https:\/\/elcardinal.com\/#\/schema\/logo\/image\/\"},\"sameAs\":[\"https:\/\/www.facebook.com\/profile.php?id=100063093107011\",\"https:\/\/x.com\/ElCardinal_Mx\"]},{\"@type\":\"Person\",\"@id\":\"https:\/\/elcardinal.com\/#\/schema\/person\/3c352ec0a33987fe275c0e8a2ea69f8b\",\"name\":\"Antonio Alcaraz\",\"image\":{\"@type\":\"ImageObject\",\"inLanguage\":\"es\",\"@id\":\"https:\/\/elcardinal.com\/#\/schema\/person\/image\/\",\"url\":\"https:\/\/elcardinal.com\/wp-content\/uploads\/2025\/05\/cropped-TONO-96x96.jpg\",\"contentUrl\":\"https:\/\/elcardinal.com\/wp-content\/uploads\/2025\/05\/cropped-TONO-96x96.jpg\",\"caption\":\"Antonio Alcaraz\"},\"url\":\"https:\/\/elcardinal.com\/?author=2\"}]}<\/script>\n<!-- \/ Yoast SEO plugin. -->","yoast_head_json":{"title":"Se restaurar\u00e1 el macro pisal del parque Ben Guri\u00f3n: Julio Menchaca asegura que da\u00f1os no fueron por remodelaci\u00f3n - El Cardinal","robots":{"index":"index","follow":"follow","max-snippet":"max-snippet:-1","max-image-preview":"max-image-preview:large","max-video-preview":"max-video-preview:-1"},"canonical":"https:\/\/elcardinal.com\/?p=4503","og_locale":"es_MX","og_type":"article","og_title":"Se restaurar\u00e1 el macro pisal del parque Ben Guri\u00f3n: Julio Menchaca asegura que da\u00f1os no fueron por remodelaci\u00f3n - El Cardinal","og_description":"Por: Jos\u00e9 Antonio Alcaraz Su\u00e1rez Pachuca, Hgo.\u2014 Durante los festejos a las y los maestros, el gobernador de Hidalgo Julio Menchaca Salazar aclar\u00f3 que los da\u00f1os visibles en el macro pisal del parque David Ben Guri\u00f3n no fueron ocasionados por la reciente rehabilitaci\u00f3n del Parque Cultural Hidalgoense, sino que son resultado de a\u00f1os de descuido","og_url":"https:\/\/elcardinal.com\/?p=4503","og_site_name":"El Cardinal","article_publisher":"https:\/\/www.facebook.com\/profile.php?id=100063093107011","article_published_time":"2025-05-14T19:47:33+00:00","article_modified_time":"2025-05-14T19:56:32+00:00","og_image":[{"width":1600,"height":899,"url":"https:\/\/elcardinal.com\/wp-content\/uploads\/2025\/05\/WhatsApp-Image-2025-05-14-at-1.44.19-PM.jpeg","type":"image\/jpeg"}],"author":"Antonio Alcaraz","twitter_card":"summary_large_image","twitter_creator":"@ElCardinal_Mx","twitter_site":"@ElCardinal_Mx","twitter_misc":{"Escrito por":"Antonio Alcaraz","Tiempo de lectura":"2 minutos"},"schema":{"@context":"https:\/\/schema.org","@graph":[{"@type":"Article","@id":"https:\/\/elcardinal.com\/?p=4503#article","isPartOf":{"@id":"https:\/\/elcardinal.com\/?p=4503"},"author":{"name":"Antonio Alcaraz","@id":"https:\/\/elcardinal.com\/#\/schema\/person\/3c352ec0a33987fe275c0e8a2ea69f8b"},"headline":"Se restaurar\u00e1 el macro pisal del parque Ben Guri\u00f3n: Julio Menchaca asegura que da\u00f1os no fueron por remodelaci\u00f3n","datePublished":"2025-05-14T19:47:33+00:00","dateModified":"2025-05-14T19:56:32+00:00","mainEntityOfPage":{"@id":"https:\/\/elcardinal.com\/?p=4503"},"wordCount":320,"commentCount":0,"publisher":{"@id":"https:\/\/elcardinal.com\/#organization"},"image":{"@id":"https:\/\/elcardinal.com\/?p=4503#primaryimage"},"thumbnailUrl":"https:\/\/elcardinal.com\/wp-content\/uploads\/2025\/05\/WhatsApp-Image-2025-05-14-at-1.44.19-PM.jpeg","keywords":["David Ben Guri\u00f3n","Julio Menchaca","Macromural"],"articleSection":["Hidalgo","Minuto a Minuto"],"inLanguage":"es","potentialAction":[{"@type":"CommentAction","name":"Comment","target":["https:\/\/elcardinal.com\/?p=4503#respond"]}]},{"@type":"WebPage","@id":"https:\/\/elcardinal.com\/?p=4503","url":"https:\/\/elcardinal.com\/?p=4503","name":"Se restaurar\u00e1 el macro pisal del parque Ben Guri\u00f3n: Julio Menchaca asegura que da\u00f1os no fueron por remodelaci\u00f3n - El Cardinal","isPartOf":{"@id":"https:\/\/elcardinal.com\/#website"},"primaryImageOfPage":{"@id":"https:\/\/elcardinal.com\/?p=4503#primaryimage"},"image":{"@id":"https:\/\/elcardinal.com\/?p=4503#primaryimage"},"thumbnailUrl":"https:\/\/elcardinal.com\/wp-content\/uploads\/2025\/05\/WhatsApp-Image-2025-05-14-at-1.44.19-PM.jpeg","datePublished":"2025-05-14T19:47:33+00:00","dateModified":"2025-05-14T19:56:32+00:00","breadcrumb":{"@id":"https:\/\/elcardinal.com\/?p=4503#breadcrumb"},"inLanguage":"es","potentialAction":[{"@type":"ReadAction","target":["https:\/\/elcardinal.com\/?p=4503"]}]},{"@type":"ImageObject","inLanguage":"es","@id":"https:\/\/elcardinal.com\/?p=4503#primaryimage","url":"https:\/\/elcardinal.com\/wp-content\/uploads\/2025\/05\/WhatsApp-Image-2025-05-14-at-1.44.19-PM.jpeg","contentUrl":"https:\/\/elcardinal.com\/wp-content\/uploads\/2025\/05\/WhatsApp-Image-2025-05-14-at-1.44.19-PM.jpeg","width":1600,"height":899},{"@type":"BreadcrumbList","@id":"https:\/\/elcardinal.com\/?p=4503#breadcrumb","itemListElement":[{"@type":"ListItem","position":1,"name":"Inicio","item":"https:\/\/elcardinal.com\/"},{"@type":"ListItem","position":2,"name":"Se restaurar\u00e1 el macro pisal del parque Ben Guri\u00f3n: Julio Menchaca asegura que da\u00f1os no fueron por remodelaci\u00f3n"}]},{"@type":"WebSite","@id":"https:\/\/elcardinal.com\/#website","url":"https:\/\/elcardinal.com\/","name":"El Cardinal","description":"Periodismo honesto, con valor, sentido humano, a veces sarc\u00e1stico y divertido.","publisher":{"@id":"https:\/\/elcardinal.com\/#organization"},"alternateName":"El Cardinal Noticias","potentialAction":[{"@type":"SearchAction","target":{"@type":"EntryPoint","urlTemplate":"https:\/\/elcardinal.com\/?s={search_term_string}"},"query-input":{"@type":"PropertyValueSpecification","valueRequired":true,"valueName":"search_term_string"}}],"inLanguage":"es"},{"@type":"Organization","@id":"https:\/\/elcardinal.com\/#organization","name":"El Cardinal","url":"https:\/\/elcardinal.com\/","logo":{"@type":"ImageObject","inLanguage":"es","@id":"https:\/\/elcardinal.com\/#\/schema\/logo\/image\/","url":"https:\/\/elcardinal.com\/wp-content\/uploads\/2025\/04\/LOGO-EL-CARDINAL-Periodismo-con-valor.png","contentUrl":"https:\/\/elcardinal.com\/wp-content\/uploads\/2025\/04\/LOGO-EL-CARDINAL-Periodismo-con-valor.png","width":755,"height":636,"caption":"El Cardinal"},"image":{"@id":"https:\/\/elcardinal.com\/#\/schema\/logo\/image\/"},"sameAs":["https:\/\/www.facebook.com\/profile.php?id=100063093107011","https:\/\/x.com\/ElCardinal_Mx"]},{"@type":"Person","@id":"https:\/\/elcardinal.com\/#\/schema\/person\/3c352ec0a33987fe275c0e8a2ea69f8b","name":"Antonio Alcaraz","image":{"@type":"ImageObject","inLanguage":"es","@id":"https:\/\/elcardinal.com\/#\/schema\/person\/image\/","url":"https:\/\/elcardinal.com\/wp-content\/uploads\/2025\/05\/cropped-TONO-96x96.jpg","contentUrl":"https:\/\/elcardinal.com\/wp-content\/uploads\/2025\/05\/cropped-TONO-96x96.jpg","caption":"Antonio Alcaraz"},"url":"https:\/\/elcardinal.com\/?author=2"}]}},"_links":{"self":[{"href":"https:\/\/elcardinal.com\/index.php?rest_route=\/wp\/v2\/posts\/4503","targetHints":{"allow":["GET"]}}],"collection":[{"href":"https:\/\/elcardinal.com\/index.php?rest_route=\/wp\/v2\/posts"}],"about":[{"href":"https:\/\/elcardinal.com\/index.php?rest_route=\/wp\/v2\/types\/post"}],"author":[{"embeddable":true,"href":"https:\/\/elcardinal.com\/index.php?rest_route=\/wp\/v2\/users\/2"}],"replies":[{"embeddable":true,"href":"https:\/\/elcardinal.com\/index.php?rest_route=%2Fwp%2Fv2%2Fcomments&post=4503"}],"version-history":[{"count":2,"href":"https:\/\/elcardinal.com\/index.php?rest_route=\/wp\/v2\/posts\/4503\/revisions"}],"predecessor-version":[{"id":4506,"href":"https:\/\/elcardinal.com\/index.php?rest_route=\/wp\/v2\/posts\/4503\/revisions\/4506"}],"wp:featuredmedia":[{"embeddable":true,"href":"https:\/\/elcardinal.com\/index.php?rest_route=\/wp\/v2\/media\/4504"}],"wp:attachment":[{"href":"https:\/\/elcardinal.com\/index.php?rest_route=%2Fwp%2Fv2%2Fmedia&parent=4503"}],"wp:term":[{"taxonomy":"category","embeddable":true,"href":"https:\/\/elcardinal.com\/index.php?rest_route=%2Fwp%2Fv2%2Fcategories&post=4503"},{"taxonomy":"post_tag","embeddable":true,"href":"https:\/\/elcardinal.com\/index.php?rest_route=%2Fwp%2Fv2%2Ftags&post=4503"}],"curies":[{"name":"wp","href":"https:\/\/api.w.org\/{rel}","templated":true}]}}