{"id":4507,"date":"2025-05-14T16:40:02","date_gmt":"2025-05-14T22:40:02","guid":{"rendered":"https:\/\/elcardinal.com\/?p=4507"},"modified":"2025-05-14T16:40:53","modified_gmt":"2025-05-14T22:40:53","slug":"con-dictamen-legisladores-reconocen-derechos-de-pueblos-indigenas-y-afromexicanos","status":"publish","type":"post","link":"https:\/\/elcardinal.com\/?p=4507","title":{"rendered":"Con dictamen, diputados reconocen derechos de pueblos ind\u00edgenas y afromexicanos"},"content":{"rendered":"<p>By <strong>El Cardinalito\u00a0<\/strong><\/p>\n<p>En sesi\u00f3n ordinaria, diputadas y diputados integrantes de la LXVI Legislatura avalaron con 29 votos a favor, cero en contra y cero abstenciones, el dictamen que aprueba con modificaciones la iniciativa con que modifica la Constituci\u00f3n Pol\u00edtica del Estado de Hidalgo, en materia de derechos de pueblos y comunidades <strong>ind\u00edgenas<\/strong> y <strong>afromexicanas<\/strong>, emitido por la primera Comisi\u00f3n Permanente de Legislaci\u00f3n y Puntos Constitucionales.<\/p>\n<p>Desde tribuna ante presidentes municipales y representantes de comunidades ind\u00edgenas, la diputada <strong>Yarabi Gonz\u00e1lez Mart\u00ednez (Morena)<\/strong> record\u00f3 que la inclusi\u00f3n de estos pueblos sentar\u00e1 un precedente significativo en el orden jur\u00eddico para exigir derechos y una nueva percepci\u00f3n social de la conformaci\u00f3n nacional.<\/p>\n<p>La legisladora <strong>Alma Rosa El\u00edas Paso (Morena)<\/strong> asegur\u00f3 que reconocer constitucionalmente a los pueblos ind\u00edgenas y al pueblo afromexicano como sujetos de derecho p\u00fablico, significa dotarles una personalidad jur\u00eddica con amplitud suficiente que permita ejercer sus derechos y atribuciones que hagan viable la libre determinaci\u00f3n, el ejercicio de la jurisdicci\u00f3n ind\u00edgena y adoptar sus formas propias de organizaci\u00f3n.<\/p>\n<p>El diputado <strong>Marco Antonio Mendoza Bustamante (PRI)<\/strong> indic\u00f3: \u201clos pueblos ind\u00edgenas no necesitan que hablemos por ellos, pero s\u00ed necesitan que les devolvamos el espacio que siempre ha sido suyo para que su voz se haga escuchar. Es tiempo de escuchar sus demandas, de respetar sus territorios, proteger su cultura y garantizar que tengan las mismas oportunidades que cualquier otro mexicano o mexicana\u201d.<\/p>\n<p>Iniciativas<\/p>\n<p><strong>Agricultura regenerativa<\/strong><\/p>\n<p>El legislador Leonel Perusqu\u00eda Muedano (PRD) propuso la iniciativa que reforma la Ley de Desarrollo Agr\u00edcola Sustentable para el Estado de Hidalgo, con el fin de incorporar la definici\u00f3n de agricultura regenerativa en la ley, su promoci\u00f3n como pol\u00edtica p\u00fablica estatal y la creaci\u00f3n de esquemas de capacitaci\u00f3n t\u00e9cnica, incentivos econ\u00f3micos y seguimiento.<\/p>\n<p>Cultura de la paz<\/p>\n<p>El diputado Marco Antonio Mendoza Bustamante (PRI) detall\u00f3 la iniciativa que reforma la Ley de Educaci\u00f3n del Estado de Hidalgo, con el objetivo de fomentar una convivencia pac\u00edfica y respetuosa entre los estudiantes y el personal educativo, as\u00ed como prevenir y resolver conflictos de manera no violenta.<\/p>\n<p>Armonizaci\u00f3n de decreto<\/p>\n<p>Las legisladoras Tania Er\u00e9ndira Meza Escorza y Diana Rangel Z\u00fa\u00f1iga (Morena) presentaron la iniciativa que modifica la Ley de los Derechos de las Personas Adultas Mayores del Estado de Hidalgo y a la Ley Integral para las Personas con Discapacidad del Estado de Hidalgo, con el prop\u00f3sito de armonizar el mandato emanado del decreto de fecha 2 de diciembre de 2024, por el que se reforma y adiciona el art\u00edculo cuarto de la Constituci\u00f3n Pol\u00edtica de los Estados Unidos Mexicanos, en materia de bienestar.<\/p>\n<p>Transparencia y acceso a la informaci\u00f3n<\/p>\n<p>La diputada Lizbeth Ira\u00eds Ordaz Islas y los diputados Juan Pablo Escalante Urb\u00e1n, Miguel \u00c1ngel Moreno Zamora (Morena), Jorge Arg\u00fcelles Salazar y Jos\u00e9 Mar\u00eda Alejandro P\u00e9rez Ram\u00edrez (Nueva Alianza) propusieron la iniciativa que reforma la Ley de Asentamientos Humanos, Desarrollo Urbano y Ordenamiento Territorial del Estado de Hidalgo, con el fin de armonizar el contenido de transparencia y acceso a la informaci\u00f3n de la ley general con la estatal, as\u00ed como asegurar la traducci\u00f3n de la informaci\u00f3n p\u00fablica a lengua ind\u00edgena cuando as\u00ed corresponda a su naturaleza.<\/p>\n<p>Tipificaci\u00f3n del delito de acecho<\/p>\n<p>La legisladora Claudia Lilia Luna Islas (PAN) detall\u00f3 la iniciativa que modifica el C\u00f3digo Penal para el Estado de Hidalgo, para tipificar de manera aut\u00f3noma el delito de acecho como una conducta reiterada e intencional de vigilancia, hostigamiento, persecuci\u00f3n o contacto no deseado, que provoque en la v\u00edctima temor, angustia o afectaci\u00f3n significativa en su vida cotidiana, aun sin la existencia de violencia f\u00edsica directa.<\/p>\n<p>Asuntos generales<\/p>\n<p>Incremento de aguinaldo al Sector Salud<\/p>\n<p>La legisladora Mar\u00eda Guadalupe Cruz Monta\u00f1o y el legislador Avelino Tovar Iglesias (PVEM) propuso un acuerdo econ\u00f3mico que exhorta a la titular del Ejecutivo federal, para que a trav\u00e9s de los titulares de las Secretar\u00edas de Hacienda y Cr\u00e9dito P\u00fablico, de Salud, IMSS Bienestar, ISSSTE y del Instituto de Salud para el Bienestar, as\u00ed como de sus hom\u00f3logos en las entidades federativas, a que otorguen el equivalente a 80 d\u00edas de salario por concepto de aguinaldos al personal m\u00e9dico, param\u00e9dico y administrativo.<\/p>\n<p>Fomento de la cultura vial<\/p>\n<p>La diputada Paloma Barrag\u00e1n Santos (Morena) present\u00f3 el acuerdo econ\u00f3mico que exhorta a los 84 ayuntamientos a efecto de que realicen programas permanentes para el fomento de la cultura vial en coordinaci\u00f3n con la Secretar\u00eda de Seguridad P\u00fablica.<\/p>\n<p>Funcionamiento de plantas tratadoras de aguas residuales<\/p>\n<p>La legisladora Orqu\u00eddea Larragoiti Osorio (PT) y el legislador Avelino Tovar Iglesias (PVEM) presentaron un exhorto dirigido a los ayuntamientos de los municipios que cuentan con plantas tratadoras de aguas residuales en operaci\u00f3n, para que, a trav\u00e9s de sus respectivas \u00e1reas responsables de los servicios p\u00fablicos municipales, realicen las acciones necesarias para garantizar el funcionamiento eficiente, mantenimiento preventivo y correctivo, as\u00ed como la supervisi\u00f3n t\u00e9cnica de dichas instalaciones.<\/p>\n<p>Conservaci\u00f3n de los espacios deportivos<\/p>\n<p>La diputada Karla Perales Arrieta y el diputado Carlos Alejandro Alc\u00e1ntara Carbajal (Movimiento Ciudadano) propusieron un acuerdo econ\u00f3mico que exhorta a los 84 ayuntamientos de la entidad para que realicen acciones encaminadas al acondicionamiento, rehabilitaci\u00f3n y conservaci\u00f3n de los espacios deportivos p\u00fablicos, garantizando el acceso de la poblaci\u00f3n a lugares adecuados para el sano esparcimiento y la actividad f\u00edsica.<\/p>\n<p>Posicionamientos<\/p>\n<p>Reconocimiento a maestras y maestros<\/p>\n<p>En el marco del D\u00eda del Maestro (15 de mayo), la legisladora Lizbeth Ira\u00eds Ordaz Islas (Morena) expres\u00f3 un reconocimiento a las y los maestros que d\u00eda a d\u00eda transforman vidas desde las aulas. \u201cGracias por su entrega, ejemplo y su inquebrantable vocaci\u00f3n. Educar es construir futuro y ustedes son los verdaderos arquitectos de este porvenir\u201d.<\/p>\n<p>A favor de la diversidad<\/p>\n<p>En el marco del D\u00eda Internacional contra la Homofobia, Transfobia y Bifobia (17 de mayo), el diputado Carlos Alejandro Alc\u00e1ntara Carbajal (Movimiento Ciudadano) present\u00f3 un posicionamiento<\/p>\n<p>La legisladora Tania Er\u00e9ndira Meza Escorza (Morena) se sum\u00f3 al posicionamiento y solicit\u00f3 a las y los fundadores de la cuarta transformaci\u00f3n, \u201ca quienes se incorporaron despu\u00e9s y a quienes vienen llegando, que no se nos olvide de d\u00f3nde viene nuestro movimiento y a qui\u00e9n nos debemos. La izquierda de ninguna manera puede ser discriminatoria, no puede ser trans excluyente ni odiadora de la diversidad\u201d.<\/p>\n<p>Mejoramiento a condiciones laborales de profesores<\/p>\n<p>La legisladora Orqu\u00eddea Larragoiti Osorio (PT) urgi\u00f3 a mejorar las condiciones laborales de docentes, garantizarles estabilidad, capacitaciones continuas, sueldos dignos, acceso a la tecnolog\u00eda y salud emocional. \u201cEs urgente que los planes de estudio, las pol\u00edticas p\u00fablicas y las reformas educativas escuchen al magisterio, lo incluyan y lo respeten\u201d.<\/p>\n<p>Acompa\u00f1amiento a docentes<\/p>\n<p>Tambi\u00e9n por el D\u00eda del Maestro, la diputada Juana Olivia Alarc\u00f3n Rivera (Nueva Alianza), destac\u00f3 el esfuerzo incansable de las y los docentes de Hidalgo. \u201cSu lucha es justa, su causa es leg\u00edtima y su voz merece ser escuchada. A ustedes, maestras y maes<\/p>\n<p>tros, les reitero: no est\u00e1n solos\u201d.<\/p>\n","protected":false},"excerpt":{"rendered":"<p>By El Cardinalito\u00a0 En sesi\u00f3n ordinaria, diputadas y diputados integrantes de la LXVI Legislatura avalaron con 29 votos a favor, cero en contra y cero abstenciones, el dictamen que aprueba con modificaciones la iniciativa con que modifica la Constituci\u00f3n Pol\u00edtica del Estado de Hidalgo, en materia de derechos de pueblos y comunidades ind\u00edgenas y afromexicanas,<\/p>\n","protected":false},"author":2,"featured_media":4508,"comment_status":"open","ping_status":"open","sticky":false,"template":"","format":"standard","meta":{"footnotes":""},"categories":[31,44,39],"tags":[62],"class_list":{"0":"post-4507","1":"post","2":"type-post","3":"status-publish","4":"format-standard","5":"has-post-thumbnail","7":"category-hidalgo","8":"category-minuto-a-minuto","9":"category-politica","10":"tag-congreso-de-hidalgo"},"yoast_head":"<!-- This site is optimized with the Yoast SEO plugin v26.1.1 - https:\/\/yoast.com\/wordpress\/plugins\/seo\/ -->\n<title>Con dictamen, diputados reconocen derechos de pueblos ind\u00edgenas y afromexicanos - El Cardinal<\/title>\n<meta name=\"robots\" content=\"index, follow, max-snippet:-1, max-image-preview:large, max-video-preview:-1\" \/>\n<link rel=\"canonical\" href=\"https:\/\/elcardinal.com\/?p=4507\" \/>\n<meta property=\"og:locale\" content=\"es_MX\" \/>\n<meta property=\"og:type\" content=\"article\" \/>\n<meta property=\"og:title\" content=\"Con dictamen, diputados reconocen derechos de pueblos ind\u00edgenas y afromexicanos - El Cardinal\" \/>\n<meta property=\"og:description\" content=\"By El Cardinalito\u00a0 En sesi\u00f3n ordinaria, diputadas y diputados integrantes de la LXVI Legislatura avalaron con 29 votos a favor, cero en contra y cero abstenciones, el dictamen que aprueba con modificaciones la iniciativa con que modifica la Constituci\u00f3n Pol\u00edtica del Estado de Hidalgo, en materia de derechos de pueblos y comunidades ind\u00edgenas y afromexicanas,\" \/>\n<meta property=\"og:url\" content=\"https:\/\/elcardinal.com\/?p=4507\" \/>\n<meta property=\"og:site_name\" content=\"El Cardinal\" \/>\n<meta property=\"article:publisher\" content=\"https:\/\/www.facebook.com\/profile.php?id=100063093107011\" \/>\n<meta property=\"article:published_time\" content=\"2025-05-14T22:40:02+00:00\" \/>\n<meta property=\"article:modified_time\" content=\"2025-05-14T22:40:53+00:00\" \/>\n<meta property=\"og:image\" content=\"https:\/\/elcardinal.com\/wp-content\/uploads\/2025\/05\/Sesion-14.05.2025-Ordinaria-103--scaled.jpg\" \/>\n\t<meta property=\"og:image:width\" content=\"2560\" \/>\n\t<meta property=\"og:image:height\" content=\"1707\" \/>\n\t<meta property=\"og:image:type\" content=\"image\/jpeg\" \/>\n<meta name=\"author\" content=\"Antonio Alcaraz\" \/>\n<meta name=\"twitter:card\" content=\"summary_large_image\" \/>\n<meta name=\"twitter:creator\" content=\"@ElCardinal_Mx\" \/>\n<meta name=\"twitter:site\" content=\"@ElCardinal_Mx\" \/>\n<meta name=\"twitter:label1\" content=\"Escrito por\" \/>\n\t<meta name=\"twitter:data1\" content=\"Antonio Alcaraz\" \/>\n\t<meta name=\"twitter:label2\" content=\"Tiempo de lectura\" \/>\n\t<meta name=\"twitter:data2\" content=\"6 minutos\" \/>\n<script type=\"application\/ld+json\" class=\"yoast-schema-graph\">{\"@context\":\"https:\/\/schema.org\",\"@graph\":[{\"@type\":\"Article\",\"@id\":\"https:\/\/elcardinal.com\/?p=4507#article\",\"isPartOf\":{\"@id\":\"https:\/\/elcardinal.com\/?p=4507\"},\"author\":{\"name\":\"Antonio Alcaraz\",\"@id\":\"https:\/\/elcardinal.com\/#\/schema\/person\/3c352ec0a33987fe275c0e8a2ea69f8b\"},\"headline\":\"Con dictamen, diputados reconocen derechos de pueblos ind\u00edgenas y afromexicanos\",\"datePublished\":\"2025-05-14T22:40:02+00:00\",\"dateModified\":\"2025-05-14T22:40:53+00:00\",\"mainEntityOfPage\":{\"@id\":\"https:\/\/elcardinal.com\/?p=4507\"},\"wordCount\":1240,\"commentCount\":0,\"publisher\":{\"@id\":\"https:\/\/elcardinal.com\/#organization\"},\"image\":{\"@id\":\"https:\/\/elcardinal.com\/?p=4507#primaryimage\"},\"thumbnailUrl\":\"https:\/\/elcardinal.com\/wp-content\/uploads\/2025\/05\/Sesion-14.05.2025-Ordinaria-103--scaled.jpg\",\"keywords\":[\"Congreso de Hidalgo\"],\"articleSection\":[\"Hidalgo\",\"Minuto a Minuto\",\"Pol\u00edtica\"],\"inLanguage\":\"es\",\"potentialAction\":[{\"@type\":\"CommentAction\",\"name\":\"Comment\",\"target\":[\"https:\/\/elcardinal.com\/?p=4507#respond\"]}]},{\"@type\":\"WebPage\",\"@id\":\"https:\/\/elcardinal.com\/?p=4507\",\"url\":\"https:\/\/elcardinal.com\/?p=4507\",\"name\":\"Con dictamen, diputados reconocen derechos de pueblos ind\u00edgenas y afromexicanos - El Cardinal\",\"isPartOf\":{\"@id\":\"https:\/\/elcardinal.com\/#website\"},\"primaryImageOfPage\":{\"@id\":\"https:\/\/elcardinal.com\/?p=4507#primaryimage\"},\"image\":{\"@id\":\"https:\/\/elcardinal.com\/?p=4507#primaryimage\"},\"thumbnailUrl\":\"https:\/\/elcardinal.com\/wp-content\/uploads\/2025\/05\/Sesion-14.05.2025-Ordinaria-103--scaled.jpg\",\"datePublished\":\"2025-05-14T22:40:02+00:00\",\"dateModified\":\"2025-05-14T22:40:53+00:00\",\"breadcrumb\":{\"@id\":\"https:\/\/elcardinal.com\/?p=4507#breadcrumb\"},\"inLanguage\":\"es\",\"potentialAction\":[{\"@type\":\"ReadAction\",\"target\":[\"https:\/\/elcardinal.com\/?p=4507\"]}]},{\"@type\":\"ImageObject\",\"inLanguage\":\"es\",\"@id\":\"https:\/\/elcardinal.com\/?p=4507#primaryimage\",\"url\":\"https:\/\/elcardinal.com\/wp-content\/uploads\/2025\/05\/Sesion-14.05.2025-Ordinaria-103--scaled.jpg\",\"contentUrl\":\"https:\/\/elcardinal.com\/wp-content\/uploads\/2025\/05\/Sesion-14.05.2025-Ordinaria-103--scaled.jpg\",\"width\":2560,\"height\":1707},{\"@type\":\"BreadcrumbList\",\"@id\":\"https:\/\/elcardinal.com\/?p=4507#breadcrumb\",\"itemListElement\":[{\"@type\":\"ListItem\",\"position\":1,\"name\":\"Inicio\",\"item\":\"https:\/\/elcardinal.com\/\"},{\"@type\":\"ListItem\",\"position\":2,\"name\":\"Con dictamen, diputados reconocen derechos de pueblos ind\u00edgenas y afromexicanos\"}]},{\"@type\":\"WebSite\",\"@id\":\"https:\/\/elcardinal.com\/#website\",\"url\":\"https:\/\/elcardinal.com\/\",\"name\":\"El Cardinal\",\"description\":\"Periodismo honesto, con valor, sentido humano, a veces sarc\u00e1stico y divertido.\",\"publisher\":{\"@id\":\"https:\/\/elcardinal.com\/#organization\"},\"alternateName\":\"El Cardinal Noticias\",\"potentialAction\":[{\"@type\":\"SearchAction\",\"target\":{\"@type\":\"EntryPoint\",\"urlTemplate\":\"https:\/\/elcardinal.com\/?s={search_term_string}\"},\"query-input\":{\"@type\":\"PropertyValueSpecification\",\"valueRequired\":true,\"valueName\":\"search_term_string\"}}],\"inLanguage\":\"es\"},{\"@type\":\"Organization\",\"@id\":\"https:\/\/elcardinal.com\/#organization\",\"name\":\"El Cardinal\",\"url\":\"https:\/\/elcardinal.com\/\",\"logo\":{\"@type\":\"ImageObject\",\"inLanguage\":\"es\",\"@id\":\"https:\/\/elcardinal.com\/#\/schema\/logo\/image\/\",\"url\":\"https:\/\/elcardinal.com\/wp-content\/uploads\/2025\/04\/LOGO-EL-CARDINAL-Periodismo-con-valor.png\",\"contentUrl\":\"https:\/\/elcardinal.com\/wp-content\/uploads\/2025\/04\/LOGO-EL-CARDINAL-Periodismo-con-valor.png\",\"width\":755,\"height\":636,\"caption\":\"El Cardinal\"},\"image\":{\"@id\":\"https:\/\/elcardinal.com\/#\/schema\/logo\/image\/\"},\"sameAs\":[\"https:\/\/www.facebook.com\/profile.php?id=100063093107011\",\"https:\/\/x.com\/ElCardinal_Mx\"]},{\"@type\":\"Person\",\"@id\":\"https:\/\/elcardinal.com\/#\/schema\/person\/3c352ec0a33987fe275c0e8a2ea69f8b\",\"name\":\"Antonio Alcaraz\",\"image\":{\"@type\":\"ImageObject\",\"inLanguage\":\"es\",\"@id\":\"https:\/\/elcardinal.com\/#\/schema\/person\/image\/\",\"url\":\"https:\/\/elcardinal.com\/wp-content\/uploads\/2025\/05\/cropped-TONO-96x96.jpg\",\"contentUrl\":\"https:\/\/elcardinal.com\/wp-content\/uploads\/2025\/05\/cropped-TONO-96x96.jpg\",\"caption\":\"Antonio Alcaraz\"},\"url\":\"https:\/\/elcardinal.com\/?author=2\"}]}<\/script>\n<!-- \/ Yoast SEO plugin. -->","yoast_head_json":{"title":"Con dictamen, diputados reconocen derechos de pueblos ind\u00edgenas y afromexicanos - El Cardinal","robots":{"index":"index","follow":"follow","max-snippet":"max-snippet:-1","max-image-preview":"max-image-preview:large","max-video-preview":"max-video-preview:-1"},"canonical":"https:\/\/elcardinal.com\/?p=4507","og_locale":"es_MX","og_type":"article","og_title":"Con dictamen, diputados reconocen derechos de pueblos ind\u00edgenas y afromexicanos - El Cardinal","og_description":"By El Cardinalito\u00a0 En sesi\u00f3n ordinaria, diputadas y diputados integrantes de la LXVI Legislatura avalaron con 29 votos a favor, cero en contra y cero abstenciones, el dictamen que aprueba con modificaciones la iniciativa con que modifica la Constituci\u00f3n Pol\u00edtica del Estado de Hidalgo, en materia de derechos de pueblos y comunidades ind\u00edgenas y afromexicanas,","og_url":"https:\/\/elcardinal.com\/?p=4507","og_site_name":"El Cardinal","article_publisher":"https:\/\/www.facebook.com\/profile.php?id=100063093107011","article_published_time":"2025-05-14T22:40:02+00:00","article_modified_time":"2025-05-14T22:40:53+00:00","og_image":[{"width":2560,"height":1707,"url":"https:\/\/elcardinal.com\/wp-content\/uploads\/2025\/05\/Sesion-14.05.2025-Ordinaria-103--scaled.jpg","type":"image\/jpeg"}],"author":"Antonio Alcaraz","twitter_card":"summary_large_image","twitter_creator":"@ElCardinal_Mx","twitter_site":"@ElCardinal_Mx","twitter_misc":{"Escrito por":"Antonio Alcaraz","Tiempo de lectura":"6 minutos"},"schema":{"@context":"https:\/\/schema.org","@graph":[{"@type":"Article","@id":"https:\/\/elcardinal.com\/?p=4507#article","isPartOf":{"@id":"https:\/\/elcardinal.com\/?p=4507"},"author":{"name":"Antonio Alcaraz","@id":"https:\/\/elcardinal.com\/#\/schema\/person\/3c352ec0a33987fe275c0e8a2ea69f8b"},"headline":"Con dictamen, diputados reconocen derechos de pueblos ind\u00edgenas y afromexicanos","datePublished":"2025-05-14T22:40:02+00:00","dateModified":"2025-05-14T22:40:53+00:00","mainEntityOfPage":{"@id":"https:\/\/elcardinal.com\/?p=4507"},"wordCount":1240,"commentCount":0,"publisher":{"@id":"https:\/\/elcardinal.com\/#organization"},"image":{"@id":"https:\/\/elcardinal.com\/?p=4507#primaryimage"},"thumbnailUrl":"https:\/\/elcardinal.com\/wp-content\/uploads\/2025\/05\/Sesion-14.05.2025-Ordinaria-103--scaled.jpg","keywords":["Congreso de Hidalgo"],"articleSection":["Hidalgo","Minuto a Minuto","Pol\u00edtica"],"inLanguage":"es","potentialAction":[{"@type":"CommentAction","name":"Comment","target":["https:\/\/elcardinal.com\/?p=4507#respond"]}]},{"@type":"WebPage","@id":"https:\/\/elcardinal.com\/?p=4507","url":"https:\/\/elcardinal.com\/?p=4507","name":"Con dictamen, diputados reconocen derechos de pueblos ind\u00edgenas y afromexicanos - El Cardinal","isPartOf":{"@id":"https:\/\/elcardinal.com\/#website"},"primaryImageOfPage":{"@id":"https:\/\/elcardinal.com\/?p=4507#primaryimage"},"image":{"@id":"https:\/\/elcardinal.com\/?p=4507#primaryimage"},"thumbnailUrl":"https:\/\/elcardinal.com\/wp-content\/uploads\/2025\/05\/Sesion-14.05.2025-Ordinaria-103--scaled.jpg","datePublished":"2025-05-14T22:40:02+00:00","dateModified":"2025-05-14T22:40:53+00:00","breadcrumb":{"@id":"https:\/\/elcardinal.com\/?p=4507#breadcrumb"},"inLanguage":"es","potentialAction":[{"@type":"ReadAction","target":["https:\/\/elcardinal.com\/?p=4507"]}]},{"@type":"ImageObject","inLanguage":"es","@id":"https:\/\/elcardinal.com\/?p=4507#primaryimage","url":"https:\/\/elcardinal.com\/wp-content\/uploads\/2025\/05\/Sesion-14.05.2025-Ordinaria-103--scaled.jpg","contentUrl":"https:\/\/elcardinal.com\/wp-content\/uploads\/2025\/05\/Sesion-14.05.2025-Ordinaria-103--scaled.jpg","width":2560,"height":1707},{"@type":"BreadcrumbList","@id":"https:\/\/elcardinal.com\/?p=4507#breadcrumb","itemListElement":[{"@type":"ListItem","position":1,"name":"Inicio","item":"https:\/\/elcardinal.com\/"},{"@type":"ListItem","position":2,"name":"Con dictamen, diputados reconocen derechos de pueblos ind\u00edgenas y afromexicanos"}]},{"@type":"WebSite","@id":"https:\/\/elcardinal.com\/#website","url":"https:\/\/elcardinal.com\/","name":"El Cardinal","description":"Periodismo honesto, con valor, sentido humano, a veces sarc\u00e1stico y divertido.","publisher":{"@id":"https:\/\/elcardinal.com\/#organization"},"alternateName":"El Cardinal Noticias","potentialAction":[{"@type":"SearchAction","target":{"@type":"EntryPoint","urlTemplate":"https:\/\/elcardinal.com\/?s={search_term_string}"},"query-input":{"@type":"PropertyValueSpecification","valueRequired":true,"valueName":"search_term_string"}}],"inLanguage":"es"},{"@type":"Organization","@id":"https:\/\/elcardinal.com\/#organization","name":"El Cardinal","url":"https:\/\/elcardinal.com\/","logo":{"@type":"ImageObject","inLanguage":"es","@id":"https:\/\/elcardinal.com\/#\/schema\/logo\/image\/","url":"https:\/\/elcardinal.com\/wp-content\/uploads\/2025\/04\/LOGO-EL-CARDINAL-Periodismo-con-valor.png","contentUrl":"https:\/\/elcardinal.com\/wp-content\/uploads\/2025\/04\/LOGO-EL-CARDINAL-Periodismo-con-valor.png","width":755,"height":636,"caption":"El Cardinal"},"image":{"@id":"https:\/\/elcardinal.com\/#\/schema\/logo\/image\/"},"sameAs":["https:\/\/www.facebook.com\/profile.php?id=100063093107011","https:\/\/x.com\/ElCardinal_Mx"]},{"@type":"Person","@id":"https:\/\/elcardinal.com\/#\/schema\/person\/3c352ec0a33987fe275c0e8a2ea69f8b","name":"Antonio Alcaraz","image":{"@type":"ImageObject","inLanguage":"es","@id":"https:\/\/elcardinal.com\/#\/schema\/person\/image\/","url":"https:\/\/elcardinal.com\/wp-content\/uploads\/2025\/05\/cropped-TONO-96x96.jpg","contentUrl":"https:\/\/elcardinal.com\/wp-content\/uploads\/2025\/05\/cropped-TONO-96x96.jpg","caption":"Antonio Alcaraz"},"url":"https:\/\/elcardinal.com\/?author=2"}]}},"_links":{"self":[{"href":"https:\/\/elcardinal.com\/index.php?rest_route=\/wp\/v2\/posts\/4507","targetHints":{"allow":["GET"]}}],"collection":[{"href":"https:\/\/elcardinal.com\/index.php?rest_route=\/wp\/v2\/posts"}],"about":[{"href":"https:\/\/elcardinal.com\/index.php?rest_route=\/wp\/v2\/types\/post"}],"author":[{"embeddable":true,"href":"https:\/\/elcardinal.com\/index.php?rest_route=\/wp\/v2\/users\/2"}],"replies":[{"embeddable":true,"href":"https:\/\/elcardinal.com\/index.php?rest_route=%2Fwp%2Fv2%2Fcomments&post=4507"}],"version-history":[{"count":2,"href":"https:\/\/elcardinal.com\/index.php?rest_route=\/wp\/v2\/posts\/4507\/revisions"}],"predecessor-version":[{"id":4510,"href":"https:\/\/elcardinal.com\/index.php?rest_route=\/wp\/v2\/posts\/4507\/revisions\/4510"}],"wp:featuredmedia":[{"embeddable":true,"href":"https:\/\/elcardinal.com\/index.php?rest_route=\/wp\/v2\/media\/4508"}],"wp:attachment":[{"href":"https:\/\/elcardinal.com\/index.php?rest_route=%2Fwp%2Fv2%2Fmedia&parent=4507"}],"wp:term":[{"taxonomy":"category","embeddable":true,"href":"https:\/\/elcardinal.com\/index.php?rest_route=%2Fwp%2Fv2%2Fcategories&post=4507"},{"taxonomy":"post_tag","embeddable":true,"href":"https:\/\/elcardinal.com\/index.php?rest_route=%2Fwp%2Fv2%2Ftags&post=4507"}],"curies":[{"name":"wp","href":"https:\/\/api.w.org\/{rel}","templated":true}]}}