{"id":4513,"date":"2025-05-15T07:32:50","date_gmt":"2025-05-15T13:32:50","guid":{"rendered":"https:\/\/elcardinal.com\/?p=4513"},"modified":"2025-05-15T07:32:50","modified_gmt":"2025-05-15T13:32:50","slug":"el-sindicato-es-la-resistencia-sutsmp-festeja-48-anos-de-vida","status":"publish","type":"post","link":"https:\/\/elcardinal.com\/?p=4513","title":{"rendered":"\u201cEl sindicato es la resistencia\u201d: SUTSMP festeja 48 a\u00f1os de vida"},"content":{"rendered":"<p>Por: <strong>Jos\u00e9 Antonio Alcaraz Su\u00e1rez<\/strong><\/p>\n<p>\ud83d\udccd Pachuca, Hidalgo \u2014 En el marco del 48 aniversario del <strong>Sindicato \u00danico de Trabajadores al Servicio del Municipio de Pachuca (SUTSMP)<\/strong>, su secretario general <strong>Percy Leonardo Espinosa Bustamante<\/strong> asegur\u00f3 que la organizaci\u00f3n atraviesa por un momento s\u00f3lido y de crecimiento, pese a los actos de intimidaci\u00f3n que buscan debilitar la vida sindical en la capital hidalguense.<\/p>\n<p>\u201cEl estado de salud del sindicato es magn\u00edfico, est\u00e1 m\u00e1s fuerte que nunca. En todos los aspectos est\u00e1 completamente sano, de pies a cabeza, desde el edificio hasta las cuentas\u201d, expres\u00f3 Percy Espinosa, al tiempo que defendi\u00f3 la transparencia financiera del gremio.<\/p>\n<p>El l\u00edder sindical asegur\u00f3 que la organizaci\u00f3n ha sido evaluada con excelencia en auditor\u00edas y no se ha detectado ning\u00fan mal manejo econ\u00f3mico. <em>\u201cAs\u00ed como ITAI nos califica con puro 10 trimestralmente, es cierto, no lo compramos. Lo ganamos\u201d,<\/em> sentenci\u00f3.<\/p>\n<p>Sin embargo, denunci\u00f3 que desde hace casi dos a\u00f1os enfrenta dos carpetas de investigaci\u00f3n sin avances concretos, lo que calific\u00f3 como un intento de presi\u00f3n por parte de las autoridades. \u201c<em>Es demostrar el poder del gobierno, es intimidaci\u00f3n. Si hubiera algo, yo estar\u00eda tras las rejas\u201d,<\/em> asegur\u00f3.<\/p>\n<p>Acus\u00f3 que detr\u00e1s de estos actos se encuentra una estrategia de represi\u00f3n para moldear al sindicato a intereses pol\u00edticos, ante su oposici\u00f3n a reducir prestaciones laborales. \u201cLo que quieren es a alguien manipulable para aplicar esa renegociaci\u00f3n que ni existe en la ley, pero que busca afectar las condiciones laborales\u201d, agreg\u00f3.<\/p>\n<p>Tambi\u00e9n critic\u00f3 el congelamiento de aumentos salariales ya autorizados y presupuestados en egresos. \u201cTengo 490 compa\u00f1eros que ganan el salario m\u00ednimo y sus aumentos est\u00e1n detenidos. Es una decisi\u00f3n irracional, sin sensibilidad pol\u00edtica\u201d.<\/p>\n<p>Durante los festejos a los mil 352 sindicalizados del municipio de Pachuca, la trabajadora Erika ley\u00f3 un mensaje de unidad y fortaleza:<\/p>\n<blockquote><p>Feliz 48 aniversario. Resistencia para la dignidad laboral. Hoy m\u00e1s que un a\u00f1o de existencia celebramos un legado de lucha, de voces que no se callan, de manos y hombros que nos unimos para construir un trabajo m\u00e1s justo, m\u00e1s humano y m\u00e1s digno. Gracias, compa\u00f1eros operativos. Gracias, compa\u00f1eros de oficina.<\/p>\n<p>Gracias por ser un faro en medio de la tormenta, por levantar la voz cuando otros se callan, por recordar a todos que los derechos laborales no se piden, se exigen, se defienden y se conquistan. Que este nuevo a\u00f1o de historia nos encuentre m\u00e1s fuertes, m\u00e1s unidos y m\u00e1s comprometidos.<\/p>\n<p>Que ahora la justicia social y la defensa de quienes hacemos funcionar a Pachuca sigamos adelante por m\u00e1s conquistas, por m\u00e1s derechos y por m\u00e1s dignidad laboral. Enhorabuena, compa\u00f1eros, disfrutemos todos.<\/p><\/blockquote>\n<p>&nbsp;<\/p>\n<p>&nbsp;<\/p>\n<p>&nbsp;<\/p>\n","protected":false},"excerpt":{"rendered":"<p>Por: Jos\u00e9 Antonio Alcaraz Su\u00e1rez \ud83d\udccd Pachuca, Hidalgo \u2014 En el marco del 48 aniversario del Sindicato \u00danico de Trabajadores al Servicio del Municipio de Pachuca (SUTSMP), su secretario general Percy Leonardo Espinosa Bustamante asegur\u00f3 que la organizaci\u00f3n atraviesa por un momento s\u00f3lido y de crecimiento, pese a los actos de intimidaci\u00f3n que buscan debilitar<\/p>\n","protected":false},"author":2,"featured_media":4514,"comment_status":"open","ping_status":"open","sticky":false,"template":"","format":"standard","meta":{"footnotes":""},"categories":[31,32,44],"tags":[65,143,153,142],"class_list":{"0":"post-4513","1":"post","2":"type-post","3":"status-publish","4":"format-standard","5":"has-post-thumbnail","7":"category-hidalgo","8":"category-metropoli","9":"category-minuto-a-minuto","10":"tag-pachuca","11":"tag-percy-espinosa","12":"tag-sindicato","13":"tag-sutsmp"},"yoast_head":"<!-- This site is optimized with the Yoast SEO plugin v26.1.1 - https:\/\/yoast.com\/wordpress\/plugins\/seo\/ -->\n<title>\u201cEl sindicato es la resistencia\u201d: SUTSMP festeja 48 a\u00f1os de vida - El Cardinal<\/title>\n<meta name=\"robots\" content=\"index, follow, max-snippet:-1, max-image-preview:large, max-video-preview:-1\" \/>\n<link rel=\"canonical\" href=\"https:\/\/elcardinal.com\/?p=4513\" \/>\n<meta property=\"og:locale\" content=\"es_MX\" \/>\n<meta property=\"og:type\" content=\"article\" \/>\n<meta property=\"og:title\" content=\"\u201cEl sindicato es la resistencia\u201d: SUTSMP festeja 48 a\u00f1os de vida - El Cardinal\" \/>\n<meta property=\"og:description\" content=\"Por: Jos\u00e9 Antonio Alcaraz Su\u00e1rez \ud83d\udccd Pachuca, Hidalgo \u2014 En el marco del 48 aniversario del Sindicato \u00danico de Trabajadores al Servicio del Municipio de Pachuca (SUTSMP), su secretario general Percy Leonardo Espinosa Bustamante asegur\u00f3 que la organizaci\u00f3n atraviesa por un momento s\u00f3lido y de crecimiento, pese a los actos de intimidaci\u00f3n que buscan debilitar\" \/>\n<meta property=\"og:url\" content=\"https:\/\/elcardinal.com\/?p=4513\" \/>\n<meta property=\"og:site_name\" content=\"El Cardinal\" \/>\n<meta property=\"article:publisher\" content=\"https:\/\/www.facebook.com\/profile.php?id=100063093107011\" \/>\n<meta property=\"article:published_time\" content=\"2025-05-15T13:32:50+00:00\" \/>\n<meta property=\"og:image\" content=\"https:\/\/elcardinal.com\/wp-content\/uploads\/2025\/05\/WhatsApp-Image-2025-05-15-at-7.29.37-AM.jpeg\" \/>\n\t<meta property=\"og:image:width\" content=\"1600\" \/>\n\t<meta property=\"og:image:height\" content=\"900\" \/>\n\t<meta property=\"og:image:type\" content=\"image\/jpeg\" \/>\n<meta name=\"author\" content=\"Antonio Alcaraz\" \/>\n<meta name=\"twitter:card\" content=\"summary_large_image\" \/>\n<meta name=\"twitter:creator\" content=\"@ElCardinal_Mx\" \/>\n<meta name=\"twitter:site\" content=\"@ElCardinal_Mx\" \/>\n<meta name=\"twitter:label1\" content=\"Escrito por\" \/>\n\t<meta name=\"twitter:data1\" content=\"Antonio Alcaraz\" \/>\n\t<meta name=\"twitter:label2\" content=\"Tiempo de lectura\" \/>\n\t<meta name=\"twitter:data2\" content=\"2 minutos\" \/>\n<script type=\"application\/ld+json\" class=\"yoast-schema-graph\">{\"@context\":\"https:\/\/schema.org\",\"@graph\":[{\"@type\":\"Article\",\"@id\":\"https:\/\/elcardinal.com\/?p=4513#article\",\"isPartOf\":{\"@id\":\"https:\/\/elcardinal.com\/?p=4513\"},\"author\":{\"name\":\"Antonio Alcaraz\",\"@id\":\"https:\/\/elcardinal.com\/#\/schema\/person\/3c352ec0a33987fe275c0e8a2ea69f8b\"},\"headline\":\"\u201cEl sindicato es la resistencia\u201d: SUTSMP festeja 48 a\u00f1os de vida\",\"datePublished\":\"2025-05-15T13:32:50+00:00\",\"mainEntityOfPage\":{\"@id\":\"https:\/\/elcardinal.com\/?p=4513\"},\"wordCount\":479,\"commentCount\":0,\"publisher\":{\"@id\":\"https:\/\/elcardinal.com\/#organization\"},\"image\":{\"@id\":\"https:\/\/elcardinal.com\/?p=4513#primaryimage\"},\"thumbnailUrl\":\"https:\/\/elcardinal.com\/wp-content\/uploads\/2025\/05\/WhatsApp-Image-2025-05-15-at-7.29.37-AM.jpeg\",\"keywords\":[\"Pachuca\",\"Percy Espinosa\",\"Sindicato\",\"SUTSMP\"],\"articleSection\":[\"Hidalgo\",\"Metr\u00f3poli\",\"Minuto a Minuto\"],\"inLanguage\":\"es\",\"potentialAction\":[{\"@type\":\"CommentAction\",\"name\":\"Comment\",\"target\":[\"https:\/\/elcardinal.com\/?p=4513#respond\"]}]},{\"@type\":\"WebPage\",\"@id\":\"https:\/\/elcardinal.com\/?p=4513\",\"url\":\"https:\/\/elcardinal.com\/?p=4513\",\"name\":\"\u201cEl sindicato es la resistencia\u201d: SUTSMP festeja 48 a\u00f1os de vida - El Cardinal\",\"isPartOf\":{\"@id\":\"https:\/\/elcardinal.com\/#website\"},\"primaryImageOfPage\":{\"@id\":\"https:\/\/elcardinal.com\/?p=4513#primaryimage\"},\"image\":{\"@id\":\"https:\/\/elcardinal.com\/?p=4513#primaryimage\"},\"thumbnailUrl\":\"https:\/\/elcardinal.com\/wp-content\/uploads\/2025\/05\/WhatsApp-Image-2025-05-15-at-7.29.37-AM.jpeg\",\"datePublished\":\"2025-05-15T13:32:50+00:00\",\"breadcrumb\":{\"@id\":\"https:\/\/elcardinal.com\/?p=4513#breadcrumb\"},\"inLanguage\":\"es\",\"potentialAction\":[{\"@type\":\"ReadAction\",\"target\":[\"https:\/\/elcardinal.com\/?p=4513\"]}]},{\"@type\":\"ImageObject\",\"inLanguage\":\"es\",\"@id\":\"https:\/\/elcardinal.com\/?p=4513#primaryimage\",\"url\":\"https:\/\/elcardinal.com\/wp-content\/uploads\/2025\/05\/WhatsApp-Image-2025-05-15-at-7.29.37-AM.jpeg\",\"contentUrl\":\"https:\/\/elcardinal.com\/wp-content\/uploads\/2025\/05\/WhatsApp-Image-2025-05-15-at-7.29.37-AM.jpeg\",\"width\":1600,\"height\":900},{\"@type\":\"BreadcrumbList\",\"@id\":\"https:\/\/elcardinal.com\/?p=4513#breadcrumb\",\"itemListElement\":[{\"@type\":\"ListItem\",\"position\":1,\"name\":\"Inicio\",\"item\":\"https:\/\/elcardinal.com\/\"},{\"@type\":\"ListItem\",\"position\":2,\"name\":\"\u201cEl sindicato es la resistencia\u201d: SUTSMP festeja 48 a\u00f1os de vida\"}]},{\"@type\":\"WebSite\",\"@id\":\"https:\/\/elcardinal.com\/#website\",\"url\":\"https:\/\/elcardinal.com\/\",\"name\":\"El Cardinal\",\"description\":\"Periodismo honesto, con valor, sentido humano, a veces sarc\u00e1stico y divertido.\",\"publisher\":{\"@id\":\"https:\/\/elcardinal.com\/#organization\"},\"alternateName\":\"El Cardinal Noticias\",\"potentialAction\":[{\"@type\":\"SearchAction\",\"target\":{\"@type\":\"EntryPoint\",\"urlTemplate\":\"https:\/\/elcardinal.com\/?s={search_term_string}\"},\"query-input\":{\"@type\":\"PropertyValueSpecification\",\"valueRequired\":true,\"valueName\":\"search_term_string\"}}],\"inLanguage\":\"es\"},{\"@type\":\"Organization\",\"@id\":\"https:\/\/elcardinal.com\/#organization\",\"name\":\"El Cardinal\",\"url\":\"https:\/\/elcardinal.com\/\",\"logo\":{\"@type\":\"ImageObject\",\"inLanguage\":\"es\",\"@id\":\"https:\/\/elcardinal.com\/#\/schema\/logo\/image\/\",\"url\":\"https:\/\/elcardinal.com\/wp-content\/uploads\/2025\/04\/LOGO-EL-CARDINAL-Periodismo-con-valor.png\",\"contentUrl\":\"https:\/\/elcardinal.com\/wp-content\/uploads\/2025\/04\/LOGO-EL-CARDINAL-Periodismo-con-valor.png\",\"width\":755,\"height\":636,\"caption\":\"El Cardinal\"},\"image\":{\"@id\":\"https:\/\/elcardinal.com\/#\/schema\/logo\/image\/\"},\"sameAs\":[\"https:\/\/www.facebook.com\/profile.php?id=100063093107011\",\"https:\/\/x.com\/ElCardinal_Mx\"]},{\"@type\":\"Person\",\"@id\":\"https:\/\/elcardinal.com\/#\/schema\/person\/3c352ec0a33987fe275c0e8a2ea69f8b\",\"name\":\"Antonio Alcaraz\",\"image\":{\"@type\":\"ImageObject\",\"inLanguage\":\"es\",\"@id\":\"https:\/\/elcardinal.com\/#\/schema\/person\/image\/\",\"url\":\"https:\/\/elcardinal.com\/wp-content\/uploads\/2025\/05\/cropped-TONO-96x96.jpg\",\"contentUrl\":\"https:\/\/elcardinal.com\/wp-content\/uploads\/2025\/05\/cropped-TONO-96x96.jpg\",\"caption\":\"Antonio Alcaraz\"},\"url\":\"https:\/\/elcardinal.com\/?author=2\"}]}<\/script>\n<!-- \/ Yoast SEO plugin. -->","yoast_head_json":{"title":"\u201cEl sindicato es la resistencia\u201d: SUTSMP festeja 48 a\u00f1os de vida - El Cardinal","robots":{"index":"index","follow":"follow","max-snippet":"max-snippet:-1","max-image-preview":"max-image-preview:large","max-video-preview":"max-video-preview:-1"},"canonical":"https:\/\/elcardinal.com\/?p=4513","og_locale":"es_MX","og_type":"article","og_title":"\u201cEl sindicato es la resistencia\u201d: SUTSMP festeja 48 a\u00f1os de vida - El Cardinal","og_description":"Por: Jos\u00e9 Antonio Alcaraz Su\u00e1rez \ud83d\udccd Pachuca, Hidalgo \u2014 En el marco del 48 aniversario del Sindicato \u00danico de Trabajadores al Servicio del Municipio de Pachuca (SUTSMP), su secretario general Percy Leonardo Espinosa Bustamante asegur\u00f3 que la organizaci\u00f3n atraviesa por un momento s\u00f3lido y de crecimiento, pese a los actos de intimidaci\u00f3n que buscan debilitar","og_url":"https:\/\/elcardinal.com\/?p=4513","og_site_name":"El Cardinal","article_publisher":"https:\/\/www.facebook.com\/profile.php?id=100063093107011","article_published_time":"2025-05-15T13:32:50+00:00","og_image":[{"width":1600,"height":900,"url":"https:\/\/elcardinal.com\/wp-content\/uploads\/2025\/05\/WhatsApp-Image-2025-05-15-at-7.29.37-AM.jpeg","type":"image\/jpeg"}],"author":"Antonio Alcaraz","twitter_card":"summary_large_image","twitter_creator":"@ElCardinal_Mx","twitter_site":"@ElCardinal_Mx","twitter_misc":{"Escrito por":"Antonio Alcaraz","Tiempo de lectura":"2 minutos"},"schema":{"@context":"https:\/\/schema.org","@graph":[{"@type":"Article","@id":"https:\/\/elcardinal.com\/?p=4513#article","isPartOf":{"@id":"https:\/\/elcardinal.com\/?p=4513"},"author":{"name":"Antonio Alcaraz","@id":"https:\/\/elcardinal.com\/#\/schema\/person\/3c352ec0a33987fe275c0e8a2ea69f8b"},"headline":"\u201cEl sindicato es la resistencia\u201d: SUTSMP festeja 48 a\u00f1os de vida","datePublished":"2025-05-15T13:32:50+00:00","mainEntityOfPage":{"@id":"https:\/\/elcardinal.com\/?p=4513"},"wordCount":479,"commentCount":0,"publisher":{"@id":"https:\/\/elcardinal.com\/#organization"},"image":{"@id":"https:\/\/elcardinal.com\/?p=4513#primaryimage"},"thumbnailUrl":"https:\/\/elcardinal.com\/wp-content\/uploads\/2025\/05\/WhatsApp-Image-2025-05-15-at-7.29.37-AM.jpeg","keywords":["Pachuca","Percy Espinosa","Sindicato","SUTSMP"],"articleSection":["Hidalgo","Metr\u00f3poli","Minuto a Minuto"],"inLanguage":"es","potentialAction":[{"@type":"CommentAction","name":"Comment","target":["https:\/\/elcardinal.com\/?p=4513#respond"]}]},{"@type":"WebPage","@id":"https:\/\/elcardinal.com\/?p=4513","url":"https:\/\/elcardinal.com\/?p=4513","name":"\u201cEl sindicato es la resistencia\u201d: SUTSMP festeja 48 a\u00f1os de vida - El Cardinal","isPartOf":{"@id":"https:\/\/elcardinal.com\/#website"},"primaryImageOfPage":{"@id":"https:\/\/elcardinal.com\/?p=4513#primaryimage"},"image":{"@id":"https:\/\/elcardinal.com\/?p=4513#primaryimage"},"thumbnailUrl":"https:\/\/elcardinal.com\/wp-content\/uploads\/2025\/05\/WhatsApp-Image-2025-05-15-at-7.29.37-AM.jpeg","datePublished":"2025-05-15T13:32:50+00:00","breadcrumb":{"@id":"https:\/\/elcardinal.com\/?p=4513#breadcrumb"},"inLanguage":"es","potentialAction":[{"@type":"ReadAction","target":["https:\/\/elcardinal.com\/?p=4513"]}]},{"@type":"ImageObject","inLanguage":"es","@id":"https:\/\/elcardinal.com\/?p=4513#primaryimage","url":"https:\/\/elcardinal.com\/wp-content\/uploads\/2025\/05\/WhatsApp-Image-2025-05-15-at-7.29.37-AM.jpeg","contentUrl":"https:\/\/elcardinal.com\/wp-content\/uploads\/2025\/05\/WhatsApp-Image-2025-05-15-at-7.29.37-AM.jpeg","width":1600,"height":900},{"@type":"BreadcrumbList","@id":"https:\/\/elcardinal.com\/?p=4513#breadcrumb","itemListElement":[{"@type":"ListItem","position":1,"name":"Inicio","item":"https:\/\/elcardinal.com\/"},{"@type":"ListItem","position":2,"name":"\u201cEl sindicato es la resistencia\u201d: SUTSMP festeja 48 a\u00f1os de vida"}]},{"@type":"WebSite","@id":"https:\/\/elcardinal.com\/#website","url":"https:\/\/elcardinal.com\/","name":"El Cardinal","description":"Periodismo honesto, con valor, sentido humano, a veces sarc\u00e1stico y divertido.","publisher":{"@id":"https:\/\/elcardinal.com\/#organization"},"alternateName":"El Cardinal Noticias","potentialAction":[{"@type":"SearchAction","target":{"@type":"EntryPoint","urlTemplate":"https:\/\/elcardinal.com\/?s={search_term_string}"},"query-input":{"@type":"PropertyValueSpecification","valueRequired":true,"valueName":"search_term_string"}}],"inLanguage":"es"},{"@type":"Organization","@id":"https:\/\/elcardinal.com\/#organization","name":"El Cardinal","url":"https:\/\/elcardinal.com\/","logo":{"@type":"ImageObject","inLanguage":"es","@id":"https:\/\/elcardinal.com\/#\/schema\/logo\/image\/","url":"https:\/\/elcardinal.com\/wp-content\/uploads\/2025\/04\/LOGO-EL-CARDINAL-Periodismo-con-valor.png","contentUrl":"https:\/\/elcardinal.com\/wp-content\/uploads\/2025\/04\/LOGO-EL-CARDINAL-Periodismo-con-valor.png","width":755,"height":636,"caption":"El Cardinal"},"image":{"@id":"https:\/\/elcardinal.com\/#\/schema\/logo\/image\/"},"sameAs":["https:\/\/www.facebook.com\/profile.php?id=100063093107011","https:\/\/x.com\/ElCardinal_Mx"]},{"@type":"Person","@id":"https:\/\/elcardinal.com\/#\/schema\/person\/3c352ec0a33987fe275c0e8a2ea69f8b","name":"Antonio Alcaraz","image":{"@type":"ImageObject","inLanguage":"es","@id":"https:\/\/elcardinal.com\/#\/schema\/person\/image\/","url":"https:\/\/elcardinal.com\/wp-content\/uploads\/2025\/05\/cropped-TONO-96x96.jpg","contentUrl":"https:\/\/elcardinal.com\/wp-content\/uploads\/2025\/05\/cropped-TONO-96x96.jpg","caption":"Antonio Alcaraz"},"url":"https:\/\/elcardinal.com\/?author=2"}]}},"_links":{"self":[{"href":"https:\/\/elcardinal.com\/index.php?rest_route=\/wp\/v2\/posts\/4513","targetHints":{"allow":["GET"]}}],"collection":[{"href":"https:\/\/elcardinal.com\/index.php?rest_route=\/wp\/v2\/posts"}],"about":[{"href":"https:\/\/elcardinal.com\/index.php?rest_route=\/wp\/v2\/types\/post"}],"author":[{"embeddable":true,"href":"https:\/\/elcardinal.com\/index.php?rest_route=\/wp\/v2\/users\/2"}],"replies":[{"embeddable":true,"href":"https:\/\/elcardinal.com\/index.php?rest_route=%2Fwp%2Fv2%2Fcomments&post=4513"}],"version-history":[{"count":1,"href":"https:\/\/elcardinal.com\/index.php?rest_route=\/wp\/v2\/posts\/4513\/revisions"}],"predecessor-version":[{"id":4515,"href":"https:\/\/elcardinal.com\/index.php?rest_route=\/wp\/v2\/posts\/4513\/revisions\/4515"}],"wp:featuredmedia":[{"embeddable":true,"href":"https:\/\/elcardinal.com\/index.php?rest_route=\/wp\/v2\/media\/4514"}],"wp:attachment":[{"href":"https:\/\/elcardinal.com\/index.php?rest_route=%2Fwp%2Fv2%2Fmedia&parent=4513"}],"wp:term":[{"taxonomy":"category","embeddable":true,"href":"https:\/\/elcardinal.com\/index.php?rest_route=%2Fwp%2Fv2%2Fcategories&post=4513"},{"taxonomy":"post_tag","embeddable":true,"href":"https:\/\/elcardinal.com\/index.php?rest_route=%2Fwp%2Fv2%2Ftags&post=4513"}],"curies":[{"name":"wp","href":"https:\/\/api.w.org\/{rel}","templated":true}]}}