{"id":4528,"date":"2025-05-16T09:22:25","date_gmt":"2025-05-16T15:22:25","guid":{"rendered":"https:\/\/elcardinal.com\/?p=4528"},"modified":"2025-05-16T09:22:25","modified_gmt":"2025-05-16T15:22:25","slug":"conmemora-congreso-de-hidalgo-156-aniversario","status":"publish","type":"post","link":"https:\/\/elcardinal.com\/?p=4528","title":{"rendered":"Conmemora Congreso de Hidalgo 156 aniversario"},"content":{"rendered":"<p>Conmemora Congreso de Hidalgo 156 aniversari<\/p>\n<p>Redacci\u00f3n<\/p>\n<p>&nbsp;<\/p>\n<p>El Congreso del Estado Libre y Soberano de Hidalgo celebra su 156 aniversario este 16 de mayo, fecha en que se realiz\u00f3 la instalaci\u00f3n del primer Congreso Constitucional y Constituyente del Estado en 1869, integrado por 11 legisladores, lo cual marc\u00f3 un hecho hist\u00f3rico en la organizaci\u00f3n pol\u00edtica de la entidad.<\/p>\n<p>La Legislatura es una instituci\u00f3n unicameral, con un periodo de tres a\u00f1os y sus sesiones se realizan en la ciudad de Pachuca de Soto, Hidalgo, en el Sal\u00f3n de Plenos. Desde entonces, el Congreso ha sido un pilar en la elaboraci\u00f3n de leyes que rigen la vida social, econ\u00f3mica y pol\u00edtica del estado, adapt\u00e1ndose a los cambios y necesidades de la poblaci\u00f3n.<\/p>\n<p>De acuerdo con declaratorias y documentos que se exhiben en las \u00e1reas de Archivo y Biblioteca, en su primera Legislatura, el Congreso estuvo conformado por 11 diputados, representando al mismo n\u00famero de distritos locales; actualmente se compone de 30, de los cuales 18 se eligen de manera directa, a trav\u00e9s de mayor\u00eda relativa, y 12 son seleccionados por representaci\u00f3n proporcional.<\/p>\n<p>El 16 de mayo de 1869, los diputados fueron convocados a las 10:30 horas a sesi\u00f3n, en la cual el legislador Ignacio Dur\u00e1n solicit\u00f3 a los diputados Ignacio S\u00e1nchez, Felipe P\u00e9rez y Ram\u00f3n Mancera recibir al gobernador provisional Juan C. Doria, tras lo cual se declar\u00f3 instalado el primer Congreso Constitucional y Constituyente del Estado Libre y Soberano de Hidalgo, el cual abri\u00f3 su per\u00edodo de sesiones.<\/p>\n<p>Por otro lado, en ese entonces se determin\u00f3 que la duraci\u00f3n de cada Legislatura ser\u00eda de dos a\u00f1os, sin prohibir su reelecci\u00f3n en forma alguna; adem\u00e1s, se establecieron dos periodos ordinarios de sesiones con duraci\u00f3n de 64 d\u00edas, estableciendo la existencia de una Diputaci\u00f3n Permanente para los recesos, integrada por tres legisladores, propietarios y dos suplentes.<\/p>\n<p>&nbsp;<\/p>\n<p>La primera sede del Poder Legislativo fue la capilla de la Vera Cruz, mientras que diputadas y diputados sesionaron en el Teatro Bartolom\u00e9 de Medina del a\u00f1o 1881 al 1943.<\/p>\n<p>Para la conmemoraci\u00f3n del 150 aniversario, fue inscrita en letras de oro en el Muro del recinto oficial la leyenda \u201c2019, 150 aniversario del primer Congreso Constitucional y Constituyente del Estado Libre y Soberano de Hidalgo\u201d.<\/p>\n<p>Con este recorrido hist\u00f3rico, el Congreso del Estado Libre y Soberano de Hidalgo reafirma su compromiso con la transparencia, la justicia y la representaci\u00f3n ciudadana, pilares fundamentales para el desarrollo democr\u00e1tico<\/p>\n<p>del estado.<\/p>\n","protected":false},"excerpt":{"rendered":"<p>Conmemora Congreso de Hidalgo 156 aniversari Redacci\u00f3n &nbsp; El Congreso del Estado Libre y Soberano de Hidalgo celebra su 156 aniversario este 16 de mayo, fecha en que se realiz\u00f3 la instalaci\u00f3n del primer Congreso Constitucional y Constituyente del Estado en 1869, integrado por 11 legisladores, lo cual marc\u00f3 un hecho hist\u00f3rico en la organizaci\u00f3n<\/p>\n","protected":false},"author":2,"featured_media":4529,"comment_status":"open","ping_status":"open","sticky":false,"template":"","format":"standard","meta":{"footnotes":""},"categories":[31,44,39],"tags":[158,70,62],"class_list":{"0":"post-4528","1":"post","2":"type-post","3":"status-publish","4":"format-standard","5":"has-post-thumbnail","7":"category-hidalgo","8":"category-minuto-a-minuto","9":"category-politica","10":"tag-150-aniversario","11":"tag-andres-velazquez","12":"tag-congreso-de-hidalgo"},"yoast_head":"<!-- This site is optimized with the Yoast SEO plugin v26.1.1 - https:\/\/yoast.com\/wordpress\/plugins\/seo\/ -->\n<title>Conmemora Congreso de Hidalgo 156 aniversario - El Cardinal<\/title>\n<meta name=\"robots\" content=\"index, follow, max-snippet:-1, max-image-preview:large, max-video-preview:-1\" \/>\n<link rel=\"canonical\" href=\"https:\/\/elcardinal.com\/?p=4528\" \/>\n<meta property=\"og:locale\" content=\"es_MX\" \/>\n<meta property=\"og:type\" content=\"article\" \/>\n<meta property=\"og:title\" content=\"Conmemora Congreso de Hidalgo 156 aniversario - El Cardinal\" \/>\n<meta property=\"og:description\" content=\"Conmemora Congreso de Hidalgo 156 aniversari Redacci\u00f3n &nbsp; El Congreso del Estado Libre y Soberano de Hidalgo celebra su 156 aniversario este 16 de mayo, fecha en que se realiz\u00f3 la instalaci\u00f3n del primer Congreso Constitucional y Constituyente del Estado en 1869, integrado por 11 legisladores, lo cual marc\u00f3 un hecho hist\u00f3rico en la organizaci\u00f3n\" \/>\n<meta property=\"og:url\" content=\"https:\/\/elcardinal.com\/?p=4528\" \/>\n<meta property=\"og:site_name\" content=\"El Cardinal\" \/>\n<meta property=\"article:publisher\" content=\"https:\/\/www.facebook.com\/profile.php?id=100063093107011\" \/>\n<meta property=\"article:published_time\" content=\"2025-05-16T15:22:25+00:00\" \/>\n<meta property=\"og:image\" content=\"https:\/\/elcardinal.com\/wp-content\/uploads\/2025\/05\/2-scaled.jpeg\" \/>\n\t<meta property=\"og:image:width\" content=\"2560\" \/>\n\t<meta property=\"og:image:height\" content=\"1920\" \/>\n\t<meta property=\"og:image:type\" content=\"image\/jpeg\" \/>\n<meta name=\"author\" content=\"Antonio Alcaraz\" \/>\n<meta name=\"twitter:card\" content=\"summary_large_image\" \/>\n<meta name=\"twitter:creator\" content=\"@ElCardinal_Mx\" \/>\n<meta name=\"twitter:site\" content=\"@ElCardinal_Mx\" \/>\n<meta name=\"twitter:label1\" content=\"Escrito por\" \/>\n\t<meta name=\"twitter:data1\" content=\"Antonio Alcaraz\" \/>\n\t<meta name=\"twitter:label2\" content=\"Tiempo de lectura\" \/>\n\t<meta name=\"twitter:data2\" content=\"3 minutos\" \/>\n<script type=\"application\/ld+json\" class=\"yoast-schema-graph\">{\"@context\":\"https:\/\/schema.org\",\"@graph\":[{\"@type\":\"Article\",\"@id\":\"https:\/\/elcardinal.com\/?p=4528#article\",\"isPartOf\":{\"@id\":\"https:\/\/elcardinal.com\/?p=4528\"},\"author\":{\"name\":\"Antonio Alcaraz\",\"@id\":\"https:\/\/elcardinal.com\/#\/schema\/person\/3c352ec0a33987fe275c0e8a2ea69f8b\"},\"headline\":\"Conmemora Congreso de Hidalgo 156 aniversario\",\"datePublished\":\"2025-05-16T15:22:25+00:00\",\"mainEntityOfPage\":{\"@id\":\"https:\/\/elcardinal.com\/?p=4528\"},\"wordCount\":427,\"commentCount\":0,\"publisher\":{\"@id\":\"https:\/\/elcardinal.com\/#organization\"},\"image\":{\"@id\":\"https:\/\/elcardinal.com\/?p=4528#primaryimage\"},\"thumbnailUrl\":\"https:\/\/elcardinal.com\/wp-content\/uploads\/2025\/05\/2-scaled.jpeg\",\"keywords\":[\"150 Aniversario\",\"Andr\u00e9s Vel\u00e1zquez\",\"Congreso de Hidalgo\"],\"articleSection\":[\"Hidalgo\",\"Minuto a Minuto\",\"Pol\u00edtica\"],\"inLanguage\":\"es\",\"potentialAction\":[{\"@type\":\"CommentAction\",\"name\":\"Comment\",\"target\":[\"https:\/\/elcardinal.com\/?p=4528#respond\"]}]},{\"@type\":\"WebPage\",\"@id\":\"https:\/\/elcardinal.com\/?p=4528\",\"url\":\"https:\/\/elcardinal.com\/?p=4528\",\"name\":\"Conmemora Congreso de Hidalgo 156 aniversario - El Cardinal\",\"isPartOf\":{\"@id\":\"https:\/\/elcardinal.com\/#website\"},\"primaryImageOfPage\":{\"@id\":\"https:\/\/elcardinal.com\/?p=4528#primaryimage\"},\"image\":{\"@id\":\"https:\/\/elcardinal.com\/?p=4528#primaryimage\"},\"thumbnailUrl\":\"https:\/\/elcardinal.com\/wp-content\/uploads\/2025\/05\/2-scaled.jpeg\",\"datePublished\":\"2025-05-16T15:22:25+00:00\",\"breadcrumb\":{\"@id\":\"https:\/\/elcardinal.com\/?p=4528#breadcrumb\"},\"inLanguage\":\"es\",\"potentialAction\":[{\"@type\":\"ReadAction\",\"target\":[\"https:\/\/elcardinal.com\/?p=4528\"]}]},{\"@type\":\"ImageObject\",\"inLanguage\":\"es\",\"@id\":\"https:\/\/elcardinal.com\/?p=4528#primaryimage\",\"url\":\"https:\/\/elcardinal.com\/wp-content\/uploads\/2025\/05\/2-scaled.jpeg\",\"contentUrl\":\"https:\/\/elcardinal.com\/wp-content\/uploads\/2025\/05\/2-scaled.jpeg\",\"width\":2560,\"height\":1920},{\"@type\":\"BreadcrumbList\",\"@id\":\"https:\/\/elcardinal.com\/?p=4528#breadcrumb\",\"itemListElement\":[{\"@type\":\"ListItem\",\"position\":1,\"name\":\"Inicio\",\"item\":\"https:\/\/elcardinal.com\/\"},{\"@type\":\"ListItem\",\"position\":2,\"name\":\"Conmemora Congreso de Hidalgo 156 aniversario\"}]},{\"@type\":\"WebSite\",\"@id\":\"https:\/\/elcardinal.com\/#website\",\"url\":\"https:\/\/elcardinal.com\/\",\"name\":\"El Cardinal\",\"description\":\"Periodismo honesto, con valor, sentido humano, a veces sarc\u00e1stico y divertido.\",\"publisher\":{\"@id\":\"https:\/\/elcardinal.com\/#organization\"},\"alternateName\":\"El Cardinal Noticias\",\"potentialAction\":[{\"@type\":\"SearchAction\",\"target\":{\"@type\":\"EntryPoint\",\"urlTemplate\":\"https:\/\/elcardinal.com\/?s={search_term_string}\"},\"query-input\":{\"@type\":\"PropertyValueSpecification\",\"valueRequired\":true,\"valueName\":\"search_term_string\"}}],\"inLanguage\":\"es\"},{\"@type\":\"Organization\",\"@id\":\"https:\/\/elcardinal.com\/#organization\",\"name\":\"El Cardinal\",\"url\":\"https:\/\/elcardinal.com\/\",\"logo\":{\"@type\":\"ImageObject\",\"inLanguage\":\"es\",\"@id\":\"https:\/\/elcardinal.com\/#\/schema\/logo\/image\/\",\"url\":\"https:\/\/elcardinal.com\/wp-content\/uploads\/2025\/04\/LOGO-EL-CARDINAL-Periodismo-con-valor.png\",\"contentUrl\":\"https:\/\/elcardinal.com\/wp-content\/uploads\/2025\/04\/LOGO-EL-CARDINAL-Periodismo-con-valor.png\",\"width\":755,\"height\":636,\"caption\":\"El Cardinal\"},\"image\":{\"@id\":\"https:\/\/elcardinal.com\/#\/schema\/logo\/image\/\"},\"sameAs\":[\"https:\/\/www.facebook.com\/profile.php?id=100063093107011\",\"https:\/\/x.com\/ElCardinal_Mx\"]},{\"@type\":\"Person\",\"@id\":\"https:\/\/elcardinal.com\/#\/schema\/person\/3c352ec0a33987fe275c0e8a2ea69f8b\",\"name\":\"Antonio Alcaraz\",\"image\":{\"@type\":\"ImageObject\",\"inLanguage\":\"es\",\"@id\":\"https:\/\/elcardinal.com\/#\/schema\/person\/image\/\",\"url\":\"https:\/\/elcardinal.com\/wp-content\/uploads\/2025\/05\/cropped-TONO-96x96.jpg\",\"contentUrl\":\"https:\/\/elcardinal.com\/wp-content\/uploads\/2025\/05\/cropped-TONO-96x96.jpg\",\"caption\":\"Antonio Alcaraz\"},\"url\":\"https:\/\/elcardinal.com\/?author=2\"}]}<\/script>\n<!-- \/ Yoast SEO plugin. -->","yoast_head_json":{"title":"Conmemora Congreso de Hidalgo 156 aniversario - El Cardinal","robots":{"index":"index","follow":"follow","max-snippet":"max-snippet:-1","max-image-preview":"max-image-preview:large","max-video-preview":"max-video-preview:-1"},"canonical":"https:\/\/elcardinal.com\/?p=4528","og_locale":"es_MX","og_type":"article","og_title":"Conmemora Congreso de Hidalgo 156 aniversario - El Cardinal","og_description":"Conmemora Congreso de Hidalgo 156 aniversari Redacci\u00f3n &nbsp; El Congreso del Estado Libre y Soberano de Hidalgo celebra su 156 aniversario este 16 de mayo, fecha en que se realiz\u00f3 la instalaci\u00f3n del primer Congreso Constitucional y Constituyente del Estado en 1869, integrado por 11 legisladores, lo cual marc\u00f3 un hecho hist\u00f3rico en la organizaci\u00f3n","og_url":"https:\/\/elcardinal.com\/?p=4528","og_site_name":"El Cardinal","article_publisher":"https:\/\/www.facebook.com\/profile.php?id=100063093107011","article_published_time":"2025-05-16T15:22:25+00:00","og_image":[{"width":2560,"height":1920,"url":"https:\/\/elcardinal.com\/wp-content\/uploads\/2025\/05\/2-scaled.jpeg","type":"image\/jpeg"}],"author":"Antonio Alcaraz","twitter_card":"summary_large_image","twitter_creator":"@ElCardinal_Mx","twitter_site":"@ElCardinal_Mx","twitter_misc":{"Escrito por":"Antonio Alcaraz","Tiempo de lectura":"3 minutos"},"schema":{"@context":"https:\/\/schema.org","@graph":[{"@type":"Article","@id":"https:\/\/elcardinal.com\/?p=4528#article","isPartOf":{"@id":"https:\/\/elcardinal.com\/?p=4528"},"author":{"name":"Antonio Alcaraz","@id":"https:\/\/elcardinal.com\/#\/schema\/person\/3c352ec0a33987fe275c0e8a2ea69f8b"},"headline":"Conmemora Congreso de Hidalgo 156 aniversario","datePublished":"2025-05-16T15:22:25+00:00","mainEntityOfPage":{"@id":"https:\/\/elcardinal.com\/?p=4528"},"wordCount":427,"commentCount":0,"publisher":{"@id":"https:\/\/elcardinal.com\/#organization"},"image":{"@id":"https:\/\/elcardinal.com\/?p=4528#primaryimage"},"thumbnailUrl":"https:\/\/elcardinal.com\/wp-content\/uploads\/2025\/05\/2-scaled.jpeg","keywords":["150 Aniversario","Andr\u00e9s Vel\u00e1zquez","Congreso de Hidalgo"],"articleSection":["Hidalgo","Minuto a Minuto","Pol\u00edtica"],"inLanguage":"es","potentialAction":[{"@type":"CommentAction","name":"Comment","target":["https:\/\/elcardinal.com\/?p=4528#respond"]}]},{"@type":"WebPage","@id":"https:\/\/elcardinal.com\/?p=4528","url":"https:\/\/elcardinal.com\/?p=4528","name":"Conmemora Congreso de Hidalgo 156 aniversario - El Cardinal","isPartOf":{"@id":"https:\/\/elcardinal.com\/#website"},"primaryImageOfPage":{"@id":"https:\/\/elcardinal.com\/?p=4528#primaryimage"},"image":{"@id":"https:\/\/elcardinal.com\/?p=4528#primaryimage"},"thumbnailUrl":"https:\/\/elcardinal.com\/wp-content\/uploads\/2025\/05\/2-scaled.jpeg","datePublished":"2025-05-16T15:22:25+00:00","breadcrumb":{"@id":"https:\/\/elcardinal.com\/?p=4528#breadcrumb"},"inLanguage":"es","potentialAction":[{"@type":"ReadAction","target":["https:\/\/elcardinal.com\/?p=4528"]}]},{"@type":"ImageObject","inLanguage":"es","@id":"https:\/\/elcardinal.com\/?p=4528#primaryimage","url":"https:\/\/elcardinal.com\/wp-content\/uploads\/2025\/05\/2-scaled.jpeg","contentUrl":"https:\/\/elcardinal.com\/wp-content\/uploads\/2025\/05\/2-scaled.jpeg","width":2560,"height":1920},{"@type":"BreadcrumbList","@id":"https:\/\/elcardinal.com\/?p=4528#breadcrumb","itemListElement":[{"@type":"ListItem","position":1,"name":"Inicio","item":"https:\/\/elcardinal.com\/"},{"@type":"ListItem","position":2,"name":"Conmemora Congreso de Hidalgo 156 aniversario"}]},{"@type":"WebSite","@id":"https:\/\/elcardinal.com\/#website","url":"https:\/\/elcardinal.com\/","name":"El Cardinal","description":"Periodismo honesto, con valor, sentido humano, a veces sarc\u00e1stico y divertido.","publisher":{"@id":"https:\/\/elcardinal.com\/#organization"},"alternateName":"El Cardinal Noticias","potentialAction":[{"@type":"SearchAction","target":{"@type":"EntryPoint","urlTemplate":"https:\/\/elcardinal.com\/?s={search_term_string}"},"query-input":{"@type":"PropertyValueSpecification","valueRequired":true,"valueName":"search_term_string"}}],"inLanguage":"es"},{"@type":"Organization","@id":"https:\/\/elcardinal.com\/#organization","name":"El Cardinal","url":"https:\/\/elcardinal.com\/","logo":{"@type":"ImageObject","inLanguage":"es","@id":"https:\/\/elcardinal.com\/#\/schema\/logo\/image\/","url":"https:\/\/elcardinal.com\/wp-content\/uploads\/2025\/04\/LOGO-EL-CARDINAL-Periodismo-con-valor.png","contentUrl":"https:\/\/elcardinal.com\/wp-content\/uploads\/2025\/04\/LOGO-EL-CARDINAL-Periodismo-con-valor.png","width":755,"height":636,"caption":"El Cardinal"},"image":{"@id":"https:\/\/elcardinal.com\/#\/schema\/logo\/image\/"},"sameAs":["https:\/\/www.facebook.com\/profile.php?id=100063093107011","https:\/\/x.com\/ElCardinal_Mx"]},{"@type":"Person","@id":"https:\/\/elcardinal.com\/#\/schema\/person\/3c352ec0a33987fe275c0e8a2ea69f8b","name":"Antonio Alcaraz","image":{"@type":"ImageObject","inLanguage":"es","@id":"https:\/\/elcardinal.com\/#\/schema\/person\/image\/","url":"https:\/\/elcardinal.com\/wp-content\/uploads\/2025\/05\/cropped-TONO-96x96.jpg","contentUrl":"https:\/\/elcardinal.com\/wp-content\/uploads\/2025\/05\/cropped-TONO-96x96.jpg","caption":"Antonio Alcaraz"},"url":"https:\/\/elcardinal.com\/?author=2"}]}},"_links":{"self":[{"href":"https:\/\/elcardinal.com\/index.php?rest_route=\/wp\/v2\/posts\/4528","targetHints":{"allow":["GET"]}}],"collection":[{"href":"https:\/\/elcardinal.com\/index.php?rest_route=\/wp\/v2\/posts"}],"about":[{"href":"https:\/\/elcardinal.com\/index.php?rest_route=\/wp\/v2\/types\/post"}],"author":[{"embeddable":true,"href":"https:\/\/elcardinal.com\/index.php?rest_route=\/wp\/v2\/users\/2"}],"replies":[{"embeddable":true,"href":"https:\/\/elcardinal.com\/index.php?rest_route=%2Fwp%2Fv2%2Fcomments&post=4528"}],"version-history":[{"count":1,"href":"https:\/\/elcardinal.com\/index.php?rest_route=\/wp\/v2\/posts\/4528\/revisions"}],"predecessor-version":[{"id":4530,"href":"https:\/\/elcardinal.com\/index.php?rest_route=\/wp\/v2\/posts\/4528\/revisions\/4530"}],"wp:featuredmedia":[{"embeddable":true,"href":"https:\/\/elcardinal.com\/index.php?rest_route=\/wp\/v2\/media\/4529"}],"wp:attachment":[{"href":"https:\/\/elcardinal.com\/index.php?rest_route=%2Fwp%2Fv2%2Fmedia&parent=4528"}],"wp:term":[{"taxonomy":"category","embeddable":true,"href":"https:\/\/elcardinal.com\/index.php?rest_route=%2Fwp%2Fv2%2Fcategories&post=4528"},{"taxonomy":"post_tag","embeddable":true,"href":"https:\/\/elcardinal.com\/index.php?rest_route=%2Fwp%2Fv2%2Ftags&post=4528"}],"curies":[{"name":"wp","href":"https:\/\/api.w.org\/{rel}","templated":true}]}}