{"id":4531,"date":"2025-05-16T14:37:44","date_gmt":"2025-05-16T20:37:44","guid":{"rendered":"https:\/\/elcardinal.com\/?p=4531"},"modified":"2025-05-16T14:44:00","modified_gmt":"2025-05-16T20:44:00","slug":"no-nos-importa-que-denominacion-tengan-todos-se-esta-inhibiendo-julio-menchaca-defiende-actuacion-del-estado-ante-presencia-de-carteles","status":"publish","type":"post","link":"https:\/\/elcardinal.com\/?p=4531","title":{"rendered":"&#8220;No nos importa qu\u00e9 denominaci\u00f3n tengan; todos se est\u00e1 inhibiendo&#8221;: Julio Menchaca defiende actuaci\u00f3n del Estado ante presencia de c\u00e1rteles"},"content":{"rendered":"<p>Por:<strong> Jos\u00e9 Antonio Alcaraz Su\u00e1rez<\/strong><\/p>\n<p>El gobernador de Hidalgo,<strong> Julio Menchaca Salazar<\/strong>, afirm\u00f3 que en la entidad se est\u00e1 ejerciendo la fuerza del Estado sin distinci\u00f3n contra cualquier grupo criminal que pretenda atentar contra la seguridad de la poblaci\u00f3n, esto tras ser cuestionado sobre el informe de la <strong>Administraci\u00f3n de Control de Drogas (DEA)<\/strong> de Estados Unidos, que se\u00f1ala la presencia de tres c\u00e1rteles de la droga en la entidad: <em><strong>el C\u00e1rtel Jalisco Nueva Generaci\u00f3n, el C\u00e1rtel del Noreste y el C\u00e1rtel de Sinaloa.<\/strong><\/em><\/p>\n<p>\u201cTodos los que sean generadores de violencia, a nosotros no nos importa de qu\u00e9 denominaci\u00f3n tengan. Todos est\u00e1n siendo inhibidos, est\u00e1 ejerci\u00e9ndose la fuerza del Estado\u201d, declar\u00f3 el mandatario estatal luego de inaugurar la <span style=\"font-size: 14px;\">CXXVIII Jornada Nacional del Notario Mexicano.<\/span><\/p>\n<div class=\"x11i5rnm xat24cr x1mh8g0r x1vvkbs xtlvy1s x126k92a\">\n<div dir=\"auto\"><span style=\"font-size: 14px;\">Menchaca reconoci\u00f3 que la informaci\u00f3n presentada por la DEA es de car\u00e1cter general y nacional, y asegur\u00f3 que en Hidalgo se trabaja en coordinaci\u00f3n con el gobierno federal, las fuerzas armadas y las instancias de procuraci\u00f3n de justicia para combatir frontalmente a la delincuencia. Reiter\u00f3 que no se trata de negar cifras ni estad\u00edsticas, sino de actuar con base en resultados.<\/span><\/div>\n<\/div>\n<blockquote><p>\u201cEl gran consumidor de estupefacientes es Estados Unidos, y deber\u00edan empezar por preocuparse por lo que pasa en su pa\u00eds, no por pretender dar clases a M\u00e9xico\u201d, a\u00f1adi\u00f3, subrayando que s\u00ed hay colaboraci\u00f3n con agencias internacionales, pero no subordinaci\u00f3n.<\/p><\/blockquote>\n<p>En cuanto al robo de combustible, Julio Menchaca identific\u00f3 esta actividad como la principal amenaza en materia de seguridad para la entidad, ya que da origen a otros delitos como el cobro de piso y los asaltos. Afirm\u00f3 que se han detectado t\u00faneles y casas conectadas a ductos de Pemex, lo que ha requerido intensificar las acciones y programas sociales, especialmente dirigidos a los j\u00f3venes.<\/p>\n<p>Finalmente, el gobernador insisti\u00f3 en que la llegada de inversiones por m\u00e1s de 25 mil millones de pesos \u2014cuyo s\u00e9ptimo anuncio ser\u00e1 este mes de mayo\u2014 es una muestra de la confianza que las empresas tienen en la seguridad del estado, y reiter\u00f3 que ser\u00e1 el pr\u00f3ximo lunes cuando el gabinete de seguridad revise a detalle el informe de la DEA.<\/p>\n","protected":false},"excerpt":{"rendered":"<p>Por: Jos\u00e9 Antonio Alcaraz Su\u00e1rez El gobernador de Hidalgo, Julio Menchaca Salazar, afirm\u00f3 que en la entidad se est\u00e1 ejerciendo la fuerza del Estado sin distinci\u00f3n contra cualquier grupo criminal que pretenda atentar contra la seguridad de la poblaci\u00f3n, esto tras ser cuestionado sobre el informe de la Administraci\u00f3n de Control de Drogas (DEA) de<\/p>\n","protected":false},"author":3,"featured_media":4532,"comment_status":"open","ping_status":"open","sticky":false,"template":"","format":"standard","meta":{"footnotes":""},"categories":[31,34,44],"tags":[159,87,85],"class_list":{"0":"post-4531","1":"post","2":"type-post","3":"status-publish","4":"format-standard","5":"has-post-thumbnail","7":"category-hidalgo","8":"category-mexico","9":"category-minuto-a-minuto","10":"tag-dea","11":"tag-hidalgo","12":"tag-julio-menchaca"},"yoast_head":"<!-- This site is optimized with the Yoast SEO plugin v26.1.1 - https:\/\/yoast.com\/wordpress\/plugins\/seo\/ -->\n<title>&quot;No nos importa qu\u00e9 denominaci\u00f3n tengan; todos se est\u00e1 inhibiendo&quot;: Julio Menchaca defiende actuaci\u00f3n del Estado ante presencia de c\u00e1rteles - El Cardinal<\/title>\n<meta name=\"robots\" content=\"index, follow, max-snippet:-1, max-image-preview:large, max-video-preview:-1\" \/>\n<link rel=\"canonical\" href=\"https:\/\/elcardinal.com\/?p=4531\" \/>\n<meta property=\"og:locale\" content=\"es_MX\" \/>\n<meta property=\"og:type\" content=\"article\" \/>\n<meta property=\"og:title\" content=\"&quot;No nos importa qu\u00e9 denominaci\u00f3n tengan; todos se est\u00e1 inhibiendo&quot;: Julio Menchaca defiende actuaci\u00f3n del Estado ante presencia de c\u00e1rteles - El Cardinal\" \/>\n<meta property=\"og:description\" content=\"Por: Jos\u00e9 Antonio Alcaraz Su\u00e1rez El gobernador de Hidalgo, Julio Menchaca Salazar, afirm\u00f3 que en la entidad se est\u00e1 ejerciendo la fuerza del Estado sin distinci\u00f3n contra cualquier grupo criminal que pretenda atentar contra la seguridad de la poblaci\u00f3n, esto tras ser cuestionado sobre el informe de la Administraci\u00f3n de Control de Drogas (DEA) de\" \/>\n<meta property=\"og:url\" content=\"https:\/\/elcardinal.com\/?p=4531\" \/>\n<meta property=\"og:site_name\" content=\"El Cardinal\" \/>\n<meta property=\"article:publisher\" content=\"https:\/\/www.facebook.com\/profile.php?id=100063093107011\" \/>\n<meta property=\"article:published_time\" content=\"2025-05-16T20:37:44+00:00\" \/>\n<meta property=\"article:modified_time\" content=\"2025-05-16T20:44:00+00:00\" \/>\n<meta property=\"og:image\" content=\"https:\/\/elcardinal.com\/wp-content\/uploads\/2025\/05\/499481562_1229535195208391_8983490111445378435_n.jpg\" \/>\n\t<meta property=\"og:image:width\" content=\"2048\" \/>\n\t<meta property=\"og:image:height\" content=\"1365\" \/>\n\t<meta property=\"og:image:type\" content=\"image\/jpeg\" \/>\n<meta name=\"author\" content=\"El Cardinalito\" \/>\n<meta name=\"twitter:card\" content=\"summary_large_image\" \/>\n<meta name=\"twitter:creator\" content=\"@ElCardinal_Mx\" \/>\n<meta name=\"twitter:site\" content=\"@ElCardinal_Mx\" \/>\n<meta name=\"twitter:label1\" content=\"Escrito por\" \/>\n\t<meta name=\"twitter:data1\" content=\"El Cardinalito\" \/>\n\t<meta name=\"twitter:label2\" content=\"Tiempo de lectura\" \/>\n\t<meta name=\"twitter:data2\" content=\"2 minutos\" \/>\n<script type=\"application\/ld+json\" class=\"yoast-schema-graph\">{\"@context\":\"https:\/\/schema.org\",\"@graph\":[{\"@type\":\"Article\",\"@id\":\"https:\/\/elcardinal.com\/?p=4531#article\",\"isPartOf\":{\"@id\":\"https:\/\/elcardinal.com\/?p=4531\"},\"author\":{\"name\":\"El Cardinalito\",\"@id\":\"https:\/\/elcardinal.com\/#\/schema\/person\/6436f93546e5b85ff767c03a962fddeb\"},\"headline\":\"&#8220;No nos importa qu\u00e9 denominaci\u00f3n tengan; todos se est\u00e1 inhibiendo&#8221;: Julio Menchaca defiende actuaci\u00f3n del Estado ante presencia de c\u00e1rteles\",\"datePublished\":\"2025-05-16T20:37:44+00:00\",\"dateModified\":\"2025-05-16T20:44:00+00:00\",\"mainEntityOfPage\":{\"@id\":\"https:\/\/elcardinal.com\/?p=4531\"},\"wordCount\":401,\"commentCount\":0,\"publisher\":{\"@id\":\"https:\/\/elcardinal.com\/#organization\"},\"image\":{\"@id\":\"https:\/\/elcardinal.com\/?p=4531#primaryimage\"},\"thumbnailUrl\":\"https:\/\/elcardinal.com\/wp-content\/uploads\/2025\/05\/499481562_1229535195208391_8983490111445378435_n.jpg\",\"keywords\":[\"DEA\",\"Hidalgo\",\"Julio Menchaca\"],\"articleSection\":[\"Hidalgo\",\"M\u00e9xico\",\"Minuto a Minuto\"],\"inLanguage\":\"es\",\"potentialAction\":[{\"@type\":\"CommentAction\",\"name\":\"Comment\",\"target\":[\"https:\/\/elcardinal.com\/?p=4531#respond\"]}]},{\"@type\":\"WebPage\",\"@id\":\"https:\/\/elcardinal.com\/?p=4531\",\"url\":\"https:\/\/elcardinal.com\/?p=4531\",\"name\":\"\\\"No nos importa qu\u00e9 denominaci\u00f3n tengan; todos se est\u00e1 inhibiendo\\\": Julio Menchaca defiende actuaci\u00f3n del Estado ante presencia de c\u00e1rteles - El Cardinal\",\"isPartOf\":{\"@id\":\"https:\/\/elcardinal.com\/#website\"},\"primaryImageOfPage\":{\"@id\":\"https:\/\/elcardinal.com\/?p=4531#primaryimage\"},\"image\":{\"@id\":\"https:\/\/elcardinal.com\/?p=4531#primaryimage\"},\"thumbnailUrl\":\"https:\/\/elcardinal.com\/wp-content\/uploads\/2025\/05\/499481562_1229535195208391_8983490111445378435_n.jpg\",\"datePublished\":\"2025-05-16T20:37:44+00:00\",\"dateModified\":\"2025-05-16T20:44:00+00:00\",\"breadcrumb\":{\"@id\":\"https:\/\/elcardinal.com\/?p=4531#breadcrumb\"},\"inLanguage\":\"es\",\"potentialAction\":[{\"@type\":\"ReadAction\",\"target\":[\"https:\/\/elcardinal.com\/?p=4531\"]}]},{\"@type\":\"ImageObject\",\"inLanguage\":\"es\",\"@id\":\"https:\/\/elcardinal.com\/?p=4531#primaryimage\",\"url\":\"https:\/\/elcardinal.com\/wp-content\/uploads\/2025\/05\/499481562_1229535195208391_8983490111445378435_n.jpg\",\"contentUrl\":\"https:\/\/elcardinal.com\/wp-content\/uploads\/2025\/05\/499481562_1229535195208391_8983490111445378435_n.jpg\",\"width\":2048,\"height\":1365},{\"@type\":\"BreadcrumbList\",\"@id\":\"https:\/\/elcardinal.com\/?p=4531#breadcrumb\",\"itemListElement\":[{\"@type\":\"ListItem\",\"position\":1,\"name\":\"Inicio\",\"item\":\"https:\/\/elcardinal.com\/\"},{\"@type\":\"ListItem\",\"position\":2,\"name\":\"&#8220;No nos importa qu\u00e9 denominaci\u00f3n tengan; todos se est\u00e1 inhibiendo&#8221;: Julio Menchaca defiende actuaci\u00f3n del Estado ante presencia de c\u00e1rteles\"}]},{\"@type\":\"WebSite\",\"@id\":\"https:\/\/elcardinal.com\/#website\",\"url\":\"https:\/\/elcardinal.com\/\",\"name\":\"El Cardinal\",\"description\":\"Periodismo honesto, con valor, sentido humano, a veces sarc\u00e1stico y divertido.\",\"publisher\":{\"@id\":\"https:\/\/elcardinal.com\/#organization\"},\"alternateName\":\"El Cardinal Noticias\",\"potentialAction\":[{\"@type\":\"SearchAction\",\"target\":{\"@type\":\"EntryPoint\",\"urlTemplate\":\"https:\/\/elcardinal.com\/?s={search_term_string}\"},\"query-input\":{\"@type\":\"PropertyValueSpecification\",\"valueRequired\":true,\"valueName\":\"search_term_string\"}}],\"inLanguage\":\"es\"},{\"@type\":\"Organization\",\"@id\":\"https:\/\/elcardinal.com\/#organization\",\"name\":\"El Cardinal\",\"url\":\"https:\/\/elcardinal.com\/\",\"logo\":{\"@type\":\"ImageObject\",\"inLanguage\":\"es\",\"@id\":\"https:\/\/elcardinal.com\/#\/schema\/logo\/image\/\",\"url\":\"https:\/\/elcardinal.com\/wp-content\/uploads\/2025\/04\/LOGO-EL-CARDINAL-Periodismo-con-valor.png\",\"contentUrl\":\"https:\/\/elcardinal.com\/wp-content\/uploads\/2025\/04\/LOGO-EL-CARDINAL-Periodismo-con-valor.png\",\"width\":755,\"height\":636,\"caption\":\"El Cardinal\"},\"image\":{\"@id\":\"https:\/\/elcardinal.com\/#\/schema\/logo\/image\/\"},\"sameAs\":[\"https:\/\/www.facebook.com\/profile.php?id=100063093107011\",\"https:\/\/x.com\/ElCardinal_Mx\"]},{\"@type\":\"Person\",\"@id\":\"https:\/\/elcardinal.com\/#\/schema\/person\/6436f93546e5b85ff767c03a962fddeb\",\"name\":\"El Cardinalito\",\"image\":{\"@type\":\"ImageObject\",\"inLanguage\":\"es\",\"@id\":\"https:\/\/elcardinal.com\/#\/schema\/person\/image\/\",\"url\":\"https:\/\/elcardinal.com\/wp-content\/uploads\/2025\/04\/cropped-CARDINALITO-96x96.png\",\"contentUrl\":\"https:\/\/elcardinal.com\/wp-content\/uploads\/2025\/04\/cropped-CARDINALITO-96x96.png\",\"caption\":\"El Cardinalito\"},\"url\":\"https:\/\/elcardinal.com\/?author=3\"}]}<\/script>\n<!-- \/ Yoast SEO plugin. -->","yoast_head_json":{"title":"\"No nos importa qu\u00e9 denominaci\u00f3n tengan; todos se est\u00e1 inhibiendo\": Julio Menchaca defiende actuaci\u00f3n del Estado ante presencia de c\u00e1rteles - El Cardinal","robots":{"index":"index","follow":"follow","max-snippet":"max-snippet:-1","max-image-preview":"max-image-preview:large","max-video-preview":"max-video-preview:-1"},"canonical":"https:\/\/elcardinal.com\/?p=4531","og_locale":"es_MX","og_type":"article","og_title":"\"No nos importa qu\u00e9 denominaci\u00f3n tengan; todos se est\u00e1 inhibiendo\": Julio Menchaca defiende actuaci\u00f3n del Estado ante presencia de c\u00e1rteles - El Cardinal","og_description":"Por: Jos\u00e9 Antonio Alcaraz Su\u00e1rez El gobernador de Hidalgo, Julio Menchaca Salazar, afirm\u00f3 que en la entidad se est\u00e1 ejerciendo la fuerza del Estado sin distinci\u00f3n contra cualquier grupo criminal que pretenda atentar contra la seguridad de la poblaci\u00f3n, esto tras ser cuestionado sobre el informe de la Administraci\u00f3n de Control de Drogas (DEA) de","og_url":"https:\/\/elcardinal.com\/?p=4531","og_site_name":"El Cardinal","article_publisher":"https:\/\/www.facebook.com\/profile.php?id=100063093107011","article_published_time":"2025-05-16T20:37:44+00:00","article_modified_time":"2025-05-16T20:44:00+00:00","og_image":[{"width":2048,"height":1365,"url":"https:\/\/elcardinal.com\/wp-content\/uploads\/2025\/05\/499481562_1229535195208391_8983490111445378435_n.jpg","type":"image\/jpeg"}],"author":"El Cardinalito","twitter_card":"summary_large_image","twitter_creator":"@ElCardinal_Mx","twitter_site":"@ElCardinal_Mx","twitter_misc":{"Escrito por":"El Cardinalito","Tiempo de lectura":"2 minutos"},"schema":{"@context":"https:\/\/schema.org","@graph":[{"@type":"Article","@id":"https:\/\/elcardinal.com\/?p=4531#article","isPartOf":{"@id":"https:\/\/elcardinal.com\/?p=4531"},"author":{"name":"El Cardinalito","@id":"https:\/\/elcardinal.com\/#\/schema\/person\/6436f93546e5b85ff767c03a962fddeb"},"headline":"&#8220;No nos importa qu\u00e9 denominaci\u00f3n tengan; todos se est\u00e1 inhibiendo&#8221;: Julio Menchaca defiende actuaci\u00f3n del Estado ante presencia de c\u00e1rteles","datePublished":"2025-05-16T20:37:44+00:00","dateModified":"2025-05-16T20:44:00+00:00","mainEntityOfPage":{"@id":"https:\/\/elcardinal.com\/?p=4531"},"wordCount":401,"commentCount":0,"publisher":{"@id":"https:\/\/elcardinal.com\/#organization"},"image":{"@id":"https:\/\/elcardinal.com\/?p=4531#primaryimage"},"thumbnailUrl":"https:\/\/elcardinal.com\/wp-content\/uploads\/2025\/05\/499481562_1229535195208391_8983490111445378435_n.jpg","keywords":["DEA","Hidalgo","Julio Menchaca"],"articleSection":["Hidalgo","M\u00e9xico","Minuto a Minuto"],"inLanguage":"es","potentialAction":[{"@type":"CommentAction","name":"Comment","target":["https:\/\/elcardinal.com\/?p=4531#respond"]}]},{"@type":"WebPage","@id":"https:\/\/elcardinal.com\/?p=4531","url":"https:\/\/elcardinal.com\/?p=4531","name":"\"No nos importa qu\u00e9 denominaci\u00f3n tengan; todos se est\u00e1 inhibiendo\": Julio Menchaca defiende actuaci\u00f3n del Estado ante presencia de c\u00e1rteles - El Cardinal","isPartOf":{"@id":"https:\/\/elcardinal.com\/#website"},"primaryImageOfPage":{"@id":"https:\/\/elcardinal.com\/?p=4531#primaryimage"},"image":{"@id":"https:\/\/elcardinal.com\/?p=4531#primaryimage"},"thumbnailUrl":"https:\/\/elcardinal.com\/wp-content\/uploads\/2025\/05\/499481562_1229535195208391_8983490111445378435_n.jpg","datePublished":"2025-05-16T20:37:44+00:00","dateModified":"2025-05-16T20:44:00+00:00","breadcrumb":{"@id":"https:\/\/elcardinal.com\/?p=4531#breadcrumb"},"inLanguage":"es","potentialAction":[{"@type":"ReadAction","target":["https:\/\/elcardinal.com\/?p=4531"]}]},{"@type":"ImageObject","inLanguage":"es","@id":"https:\/\/elcardinal.com\/?p=4531#primaryimage","url":"https:\/\/elcardinal.com\/wp-content\/uploads\/2025\/05\/499481562_1229535195208391_8983490111445378435_n.jpg","contentUrl":"https:\/\/elcardinal.com\/wp-content\/uploads\/2025\/05\/499481562_1229535195208391_8983490111445378435_n.jpg","width":2048,"height":1365},{"@type":"BreadcrumbList","@id":"https:\/\/elcardinal.com\/?p=4531#breadcrumb","itemListElement":[{"@type":"ListItem","position":1,"name":"Inicio","item":"https:\/\/elcardinal.com\/"},{"@type":"ListItem","position":2,"name":"&#8220;No nos importa qu\u00e9 denominaci\u00f3n tengan; todos se est\u00e1 inhibiendo&#8221;: Julio Menchaca defiende actuaci\u00f3n del Estado ante presencia de c\u00e1rteles"}]},{"@type":"WebSite","@id":"https:\/\/elcardinal.com\/#website","url":"https:\/\/elcardinal.com\/","name":"El Cardinal","description":"Periodismo honesto, con valor, sentido humano, a veces sarc\u00e1stico y divertido.","publisher":{"@id":"https:\/\/elcardinal.com\/#organization"},"alternateName":"El Cardinal Noticias","potentialAction":[{"@type":"SearchAction","target":{"@type":"EntryPoint","urlTemplate":"https:\/\/elcardinal.com\/?s={search_term_string}"},"query-input":{"@type":"PropertyValueSpecification","valueRequired":true,"valueName":"search_term_string"}}],"inLanguage":"es"},{"@type":"Organization","@id":"https:\/\/elcardinal.com\/#organization","name":"El Cardinal","url":"https:\/\/elcardinal.com\/","logo":{"@type":"ImageObject","inLanguage":"es","@id":"https:\/\/elcardinal.com\/#\/schema\/logo\/image\/","url":"https:\/\/elcardinal.com\/wp-content\/uploads\/2025\/04\/LOGO-EL-CARDINAL-Periodismo-con-valor.png","contentUrl":"https:\/\/elcardinal.com\/wp-content\/uploads\/2025\/04\/LOGO-EL-CARDINAL-Periodismo-con-valor.png","width":755,"height":636,"caption":"El Cardinal"},"image":{"@id":"https:\/\/elcardinal.com\/#\/schema\/logo\/image\/"},"sameAs":["https:\/\/www.facebook.com\/profile.php?id=100063093107011","https:\/\/x.com\/ElCardinal_Mx"]},{"@type":"Person","@id":"https:\/\/elcardinal.com\/#\/schema\/person\/6436f93546e5b85ff767c03a962fddeb","name":"El Cardinalito","image":{"@type":"ImageObject","inLanguage":"es","@id":"https:\/\/elcardinal.com\/#\/schema\/person\/image\/","url":"https:\/\/elcardinal.com\/wp-content\/uploads\/2025\/04\/cropped-CARDINALITO-96x96.png","contentUrl":"https:\/\/elcardinal.com\/wp-content\/uploads\/2025\/04\/cropped-CARDINALITO-96x96.png","caption":"El Cardinalito"},"url":"https:\/\/elcardinal.com\/?author=3"}]}},"_links":{"self":[{"href":"https:\/\/elcardinal.com\/index.php?rest_route=\/wp\/v2\/posts\/4531","targetHints":{"allow":["GET"]}}],"collection":[{"href":"https:\/\/elcardinal.com\/index.php?rest_route=\/wp\/v2\/posts"}],"about":[{"href":"https:\/\/elcardinal.com\/index.php?rest_route=\/wp\/v2\/types\/post"}],"author":[{"embeddable":true,"href":"https:\/\/elcardinal.com\/index.php?rest_route=\/wp\/v2\/users\/3"}],"replies":[{"embeddable":true,"href":"https:\/\/elcardinal.com\/index.php?rest_route=%2Fwp%2Fv2%2Fcomments&post=4531"}],"version-history":[{"count":2,"href":"https:\/\/elcardinal.com\/index.php?rest_route=\/wp\/v2\/posts\/4531\/revisions"}],"predecessor-version":[{"id":4535,"href":"https:\/\/elcardinal.com\/index.php?rest_route=\/wp\/v2\/posts\/4531\/revisions\/4535"}],"wp:featuredmedia":[{"embeddable":true,"href":"https:\/\/elcardinal.com\/index.php?rest_route=\/wp\/v2\/media\/4532"}],"wp:attachment":[{"href":"https:\/\/elcardinal.com\/index.php?rest_route=%2Fwp%2Fv2%2Fmedia&parent=4531"}],"wp:term":[{"taxonomy":"category","embeddable":true,"href":"https:\/\/elcardinal.com\/index.php?rest_route=%2Fwp%2Fv2%2Fcategories&post=4531"},{"taxonomy":"post_tag","embeddable":true,"href":"https:\/\/elcardinal.com\/index.php?rest_route=%2Fwp%2Fv2%2Ftags&post=4531"}],"curies":[{"name":"wp","href":"https:\/\/api.w.org\/{rel}","templated":true}]}}