{"id":4536,"date":"2025-05-18T11:26:04","date_gmt":"2025-05-18T17:26:04","guid":{"rendered":"https:\/\/elcardinal.com\/?p=4536"},"modified":"2025-05-18T11:26:04","modified_gmt":"2025-05-18T17:26:04","slug":"vacios-que-no-se-ven-pero-pesan","status":"publish","type":"post","link":"https:\/\/elcardinal.com\/?p=4536","title":{"rendered":"Vac\u00edos que no se ven, pero pesan"},"content":{"rendered":"<p>Por: <strong>Jos\u00e9 Antonio Alcaraz Su\u00e1rez<\/strong><\/p>\n<p>En los \u00faltimos d\u00edas he <strong>experimentado sentimientos, emociones y sensaciones de vac\u00edo<\/strong>. Pese a que estoy muy contento como voy viviendo y creando mi d\u00eda a d\u00eda, a veces me llegan estas rachas de introspecci\u00f3n, insatisfacci\u00f3n y sentimientos de vac\u00edos que al final no busco contrarrestar, los dejo florecer.<\/p>\n<p>Suena loco dejar que algo que no te hace sentir bien le des la posibilidad de que prospere en ti, que manifieste su prop\u00f3sito\u2026 me toca observar, sentir y fluir, m\u00e1s no alimentarlo; s\u00e9 que eso que una vez floreci\u00f3, terminar\u00e1 marchit\u00e1ndose y convirti\u00e9ndose en abono.<\/p>\n<p>As\u00ed de complejo puede ser mi <strong>JARD\u00cdN UINTERNO<\/strong>, donde crecen flores y, desde luego malezas (vac\u00edos) que desde hace mucho tiempo desenraic\u00e9 y quedaron en mi historia, incluso eso que fue da\u00f1ino en mi vida.<\/p>\n<p>Hoy comprendo que los vac\u00edos no siempre desaparecen por completo, pero s\u00ed pueden transformarse. Pueden dejar de ser abismos y convertirse en espacio f\u00e9rtil para reconstruirte.<\/p>\n<p>Porque a veces, es justo desde el vac\u00edo donde empieza la verdadera plenitud. Son en estos d\u00edas que recuerdo aquella frase del maestro <strong>Alejandro Jodorowsky:<\/strong><\/p>\n<blockquote>\n<p style=\"text-align: left;\"><em><strong>\u201cLa mierda es un abono: hunde en ella tus semillas\u201d.<\/strong><\/em><\/p>\n<\/blockquote>\n<p>Hay vac\u00edos que no se ven, pero pesan. Vac\u00edos que no hacen ruido, pero gritan por dentro. <strong>Son esas sensaciones de no estar completos<\/strong>, de falta de sentido, de estar rodeados y aun as\u00ed sentirse solos. No siempre tienen una causa evidente; pueden surgir por p\u00e9rdidas, heridas emocionales, expectativas no cumplidas o simplemente por estar desconectados de uno mismo.<\/p>\n<p>Estos vac\u00edos no se llenan con prisas, <strong>compras, personas o reconocimiento externo<\/strong>. Intentar cubrirlos con distracciones solo los profundiza. A veces, lo que falta no es algo, sino alguien: <strong><em>NOSOTROS MISMOS<\/em><\/strong>. Una parte de nuestra historia no escuchada, un deseo que negamos, una emoci\u00f3n que evitamos sentir.<\/p>\n<p>Reconocer el vac\u00edo es el primer paso. Dejar de huir y empezar a mirar hacia adentro. No desde la culpa, sino desde la compasi\u00f3n. \u00bfQu\u00e9 necesita ser sanado? \u00bfQu\u00e9 estoy evitando enfrentar? \u00bfQu\u00e9 parte de m\u00ed est\u00e1 pidiendo amor?<\/p>\n<p>Superar estos vac\u00edos requiere tiempo, pero tambi\u00e9n conciencia y acciones intencionales. Aqu\u00ed algunas formas asertivas de comenzar ese proceso:<\/p>\n<p><strong>TERAPIA O ACOMPA\u00d1AMIENTO EMOCIONAL:<\/strong> Hablar con un profesional (persona vitamina) puede ayudarte a identificar el origen del vac\u00edo y acompa\u00f1arte en el camino de sanaci\u00f3n.<\/p>\n<p><strong>CONEXI\u00d3N CON UNO MISMO: <\/strong>Medita, escribe, respira. Haz silencio para escuchar tu voz interior. A veces, lo que necesitamos es volver a nosotros.<\/p>\n<p><strong>RODEARTE DE V\u00cdNCULOS SANOS:<\/strong> No se trata de llenar el vac\u00edo con otros, sino de compartir el camino con personas que sumen y respeten tu proceso.<\/p>\n<p><strong>DAR PROP\u00d3SITO A TUS D\u00cdAS:<\/strong> Establecer peque\u00f1as metas, conectar con causas que te inspiren o simplemente recuperar pasiones olvidadas puede darle direcci\u00f3n a lo que parece vac\u00edo.<\/p>\n<p><strong>ACEPTAR LO QUE NO FUE<\/strong>: Parte de los vac\u00edos provienen de lo que no sucedi\u00f3. Honrar esas p\u00e9rdidas sin quedarte atrapado en ellas te libera.<\/p>\n<p><strong>CUIDAR EL CUERPO TAMBI\u00c9N AYUDA A SANAR EL ALMA: <\/strong>El descanso, la alimentaci\u00f3n, el<strong> movimiento f\u00edsico<\/strong>&#8230; todo suma cuando te tratas con respeto.<\/p>\n<p>Reconocer nuestros vac\u00edos es el primer paso para dejar de huir de ellos. Y en ese silencio inc\u00f3modo, muchas veces, empieza la verdadera transformaci\u00f3n.<\/p>\n<p><strong>GRACIAS<\/strong><\/p>\n","protected":false},"excerpt":{"rendered":"<p>Por: Jos\u00e9 Antonio Alcaraz Su\u00e1rez En los \u00faltimos d\u00edas he experimentado sentimientos, emociones y sensaciones de vac\u00edo. Pese a que estoy muy contento como voy viviendo y creando mi d\u00eda a d\u00eda, a veces me llegan estas rachas de introspecci\u00f3n, insatisfacci\u00f3n y sentimientos de vac\u00edos que al final no busco contrarrestar, los dejo florecer. Suena<\/p>\n","protected":false},"author":2,"featured_media":4296,"comment_status":"open","ping_status":"open","sticky":false,"template":"","format":"standard","meta":{"footnotes":""},"categories":[44,35],"tags":[81,82,160],"class_list":{"0":"post-4536","1":"post","2":"type-post","3":"status-publish","4":"format-standard","5":"has-post-thumbnail","7":"category-minuto-a-minuto","8":"category-opinion","9":"tag-jose-antonio-alcaraz-suarez","10":"tag-semilla-estelares","11":"tag-vacios"},"yoast_head":"<!-- This site is optimized with the Yoast SEO plugin v26.1.1 - https:\/\/yoast.com\/wordpress\/plugins\/seo\/ -->\n<title>Vac\u00edos que no se ven, pero pesan - El Cardinal<\/title>\n<meta name=\"robots\" content=\"index, follow, max-snippet:-1, max-image-preview:large, max-video-preview:-1\" \/>\n<link rel=\"canonical\" href=\"https:\/\/elcardinal.com\/?p=4536\" \/>\n<meta property=\"og:locale\" content=\"es_MX\" \/>\n<meta property=\"og:type\" content=\"article\" \/>\n<meta property=\"og:title\" content=\"Vac\u00edos que no se ven, pero pesan - El Cardinal\" \/>\n<meta property=\"og:description\" content=\"Por: Jos\u00e9 Antonio Alcaraz Su\u00e1rez En los \u00faltimos d\u00edas he experimentado sentimientos, emociones y sensaciones de vac\u00edo. Pese a que estoy muy contento como voy viviendo y creando mi d\u00eda a d\u00eda, a veces me llegan estas rachas de introspecci\u00f3n, insatisfacci\u00f3n y sentimientos de vac\u00edos que al final no busco contrarrestar, los dejo florecer. Suena\" \/>\n<meta property=\"og:url\" content=\"https:\/\/elcardinal.com\/?p=4536\" \/>\n<meta property=\"og:site_name\" content=\"El Cardinal\" \/>\n<meta property=\"article:publisher\" content=\"https:\/\/www.facebook.com\/profile.php?id=100063093107011\" \/>\n<meta property=\"article:published_time\" content=\"2025-05-18T17:26:04+00:00\" \/>\n<meta property=\"og:image\" content=\"https:\/\/elcardinal.com\/wp-content\/uploads\/2025\/04\/Semillas-Esterales-1.png\" \/>\n\t<meta property=\"og:image:width\" content=\"940\" \/>\n\t<meta property=\"og:image:height\" content=\"788\" \/>\n\t<meta property=\"og:image:type\" content=\"image\/png\" \/>\n<meta name=\"author\" content=\"Antonio Alcaraz\" \/>\n<meta name=\"twitter:card\" content=\"summary_large_image\" \/>\n<meta name=\"twitter:creator\" content=\"@ElCardinal_Mx\" \/>\n<meta name=\"twitter:site\" content=\"@ElCardinal_Mx\" \/>\n<meta name=\"twitter:label1\" content=\"Escrito por\" \/>\n\t<meta name=\"twitter:data1\" content=\"Antonio Alcaraz\" \/>\n\t<meta name=\"twitter:label2\" content=\"Tiempo de lectura\" \/>\n\t<meta name=\"twitter:data2\" content=\"3 minutos\" \/>\n<script type=\"application\/ld+json\" class=\"yoast-schema-graph\">{\"@context\":\"https:\/\/schema.org\",\"@graph\":[{\"@type\":\"Article\",\"@id\":\"https:\/\/elcardinal.com\/?p=4536#article\",\"isPartOf\":{\"@id\":\"https:\/\/elcardinal.com\/?p=4536\"},\"author\":{\"name\":\"Antonio Alcaraz\",\"@id\":\"https:\/\/elcardinal.com\/#\/schema\/person\/3c352ec0a33987fe275c0e8a2ea69f8b\"},\"headline\":\"Vac\u00edos que no se ven, pero pesan\",\"datePublished\":\"2025-05-18T17:26:04+00:00\",\"mainEntityOfPage\":{\"@id\":\"https:\/\/elcardinal.com\/?p=4536\"},\"wordCount\":590,\"commentCount\":0,\"publisher\":{\"@id\":\"https:\/\/elcardinal.com\/#organization\"},\"image\":{\"@id\":\"https:\/\/elcardinal.com\/?p=4536#primaryimage\"},\"thumbnailUrl\":\"https:\/\/elcardinal.com\/wp-content\/uploads\/2025\/04\/Semillas-Esterales-1.png\",\"keywords\":[\"Jos\u00e9 Antonio Alcaraz Su\u00e1rez\",\"Semilla Estelares\",\"Vacios\"],\"articleSection\":[\"Minuto a Minuto\",\"Opini\u00f3n\"],\"inLanguage\":\"es\",\"potentialAction\":[{\"@type\":\"CommentAction\",\"name\":\"Comment\",\"target\":[\"https:\/\/elcardinal.com\/?p=4536#respond\"]}]},{\"@type\":\"WebPage\",\"@id\":\"https:\/\/elcardinal.com\/?p=4536\",\"url\":\"https:\/\/elcardinal.com\/?p=4536\",\"name\":\"Vac\u00edos que no se ven, pero pesan - El Cardinal\",\"isPartOf\":{\"@id\":\"https:\/\/elcardinal.com\/#website\"},\"primaryImageOfPage\":{\"@id\":\"https:\/\/elcardinal.com\/?p=4536#primaryimage\"},\"image\":{\"@id\":\"https:\/\/elcardinal.com\/?p=4536#primaryimage\"},\"thumbnailUrl\":\"https:\/\/elcardinal.com\/wp-content\/uploads\/2025\/04\/Semillas-Esterales-1.png\",\"datePublished\":\"2025-05-18T17:26:04+00:00\",\"breadcrumb\":{\"@id\":\"https:\/\/elcardinal.com\/?p=4536#breadcrumb\"},\"inLanguage\":\"es\",\"potentialAction\":[{\"@type\":\"ReadAction\",\"target\":[\"https:\/\/elcardinal.com\/?p=4536\"]}]},{\"@type\":\"ImageObject\",\"inLanguage\":\"es\",\"@id\":\"https:\/\/elcardinal.com\/?p=4536#primaryimage\",\"url\":\"https:\/\/elcardinal.com\/wp-content\/uploads\/2025\/04\/Semillas-Esterales-1.png\",\"contentUrl\":\"https:\/\/elcardinal.com\/wp-content\/uploads\/2025\/04\/Semillas-Esterales-1.png\",\"width\":940,\"height\":788},{\"@type\":\"BreadcrumbList\",\"@id\":\"https:\/\/elcardinal.com\/?p=4536#breadcrumb\",\"itemListElement\":[{\"@type\":\"ListItem\",\"position\":1,\"name\":\"Inicio\",\"item\":\"https:\/\/elcardinal.com\/\"},{\"@type\":\"ListItem\",\"position\":2,\"name\":\"Vac\u00edos que no se ven, pero pesan\"}]},{\"@type\":\"WebSite\",\"@id\":\"https:\/\/elcardinal.com\/#website\",\"url\":\"https:\/\/elcardinal.com\/\",\"name\":\"El Cardinal\",\"description\":\"Periodismo honesto, con valor, sentido humano, a veces sarc\u00e1stico y divertido.\",\"publisher\":{\"@id\":\"https:\/\/elcardinal.com\/#organization\"},\"alternateName\":\"El Cardinal Noticias\",\"potentialAction\":[{\"@type\":\"SearchAction\",\"target\":{\"@type\":\"EntryPoint\",\"urlTemplate\":\"https:\/\/elcardinal.com\/?s={search_term_string}\"},\"query-input\":{\"@type\":\"PropertyValueSpecification\",\"valueRequired\":true,\"valueName\":\"search_term_string\"}}],\"inLanguage\":\"es\"},{\"@type\":\"Organization\",\"@id\":\"https:\/\/elcardinal.com\/#organization\",\"name\":\"El Cardinal\",\"url\":\"https:\/\/elcardinal.com\/\",\"logo\":{\"@type\":\"ImageObject\",\"inLanguage\":\"es\",\"@id\":\"https:\/\/elcardinal.com\/#\/schema\/logo\/image\/\",\"url\":\"https:\/\/elcardinal.com\/wp-content\/uploads\/2025\/04\/LOGO-EL-CARDINAL-Periodismo-con-valor.png\",\"contentUrl\":\"https:\/\/elcardinal.com\/wp-content\/uploads\/2025\/04\/LOGO-EL-CARDINAL-Periodismo-con-valor.png\",\"width\":755,\"height\":636,\"caption\":\"El Cardinal\"},\"image\":{\"@id\":\"https:\/\/elcardinal.com\/#\/schema\/logo\/image\/\"},\"sameAs\":[\"https:\/\/www.facebook.com\/profile.php?id=100063093107011\",\"https:\/\/x.com\/ElCardinal_Mx\"]},{\"@type\":\"Person\",\"@id\":\"https:\/\/elcardinal.com\/#\/schema\/person\/3c352ec0a33987fe275c0e8a2ea69f8b\",\"name\":\"Antonio Alcaraz\",\"image\":{\"@type\":\"ImageObject\",\"inLanguage\":\"es\",\"@id\":\"https:\/\/elcardinal.com\/#\/schema\/person\/image\/\",\"url\":\"https:\/\/elcardinal.com\/wp-content\/uploads\/2025\/05\/cropped-TONO-96x96.jpg\",\"contentUrl\":\"https:\/\/elcardinal.com\/wp-content\/uploads\/2025\/05\/cropped-TONO-96x96.jpg\",\"caption\":\"Antonio Alcaraz\"},\"url\":\"https:\/\/elcardinal.com\/?author=2\"}]}<\/script>\n<!-- \/ Yoast SEO plugin. -->","yoast_head_json":{"title":"Vac\u00edos que no se ven, pero pesan - El Cardinal","robots":{"index":"index","follow":"follow","max-snippet":"max-snippet:-1","max-image-preview":"max-image-preview:large","max-video-preview":"max-video-preview:-1"},"canonical":"https:\/\/elcardinal.com\/?p=4536","og_locale":"es_MX","og_type":"article","og_title":"Vac\u00edos que no se ven, pero pesan - El Cardinal","og_description":"Por: Jos\u00e9 Antonio Alcaraz Su\u00e1rez En los \u00faltimos d\u00edas he experimentado sentimientos, emociones y sensaciones de vac\u00edo. Pese a que estoy muy contento como voy viviendo y creando mi d\u00eda a d\u00eda, a veces me llegan estas rachas de introspecci\u00f3n, insatisfacci\u00f3n y sentimientos de vac\u00edos que al final no busco contrarrestar, los dejo florecer. Suena","og_url":"https:\/\/elcardinal.com\/?p=4536","og_site_name":"El Cardinal","article_publisher":"https:\/\/www.facebook.com\/profile.php?id=100063093107011","article_published_time":"2025-05-18T17:26:04+00:00","og_image":[{"width":940,"height":788,"url":"https:\/\/elcardinal.com\/wp-content\/uploads\/2025\/04\/Semillas-Esterales-1.png","type":"image\/png"}],"author":"Antonio Alcaraz","twitter_card":"summary_large_image","twitter_creator":"@ElCardinal_Mx","twitter_site":"@ElCardinal_Mx","twitter_misc":{"Escrito por":"Antonio Alcaraz","Tiempo de lectura":"3 minutos"},"schema":{"@context":"https:\/\/schema.org","@graph":[{"@type":"Article","@id":"https:\/\/elcardinal.com\/?p=4536#article","isPartOf":{"@id":"https:\/\/elcardinal.com\/?p=4536"},"author":{"name":"Antonio Alcaraz","@id":"https:\/\/elcardinal.com\/#\/schema\/person\/3c352ec0a33987fe275c0e8a2ea69f8b"},"headline":"Vac\u00edos que no se ven, pero pesan","datePublished":"2025-05-18T17:26:04+00:00","mainEntityOfPage":{"@id":"https:\/\/elcardinal.com\/?p=4536"},"wordCount":590,"commentCount":0,"publisher":{"@id":"https:\/\/elcardinal.com\/#organization"},"image":{"@id":"https:\/\/elcardinal.com\/?p=4536#primaryimage"},"thumbnailUrl":"https:\/\/elcardinal.com\/wp-content\/uploads\/2025\/04\/Semillas-Esterales-1.png","keywords":["Jos\u00e9 Antonio Alcaraz Su\u00e1rez","Semilla Estelares","Vacios"],"articleSection":["Minuto a Minuto","Opini\u00f3n"],"inLanguage":"es","potentialAction":[{"@type":"CommentAction","name":"Comment","target":["https:\/\/elcardinal.com\/?p=4536#respond"]}]},{"@type":"WebPage","@id":"https:\/\/elcardinal.com\/?p=4536","url":"https:\/\/elcardinal.com\/?p=4536","name":"Vac\u00edos que no se ven, pero pesan - El Cardinal","isPartOf":{"@id":"https:\/\/elcardinal.com\/#website"},"primaryImageOfPage":{"@id":"https:\/\/elcardinal.com\/?p=4536#primaryimage"},"image":{"@id":"https:\/\/elcardinal.com\/?p=4536#primaryimage"},"thumbnailUrl":"https:\/\/elcardinal.com\/wp-content\/uploads\/2025\/04\/Semillas-Esterales-1.png","datePublished":"2025-05-18T17:26:04+00:00","breadcrumb":{"@id":"https:\/\/elcardinal.com\/?p=4536#breadcrumb"},"inLanguage":"es","potentialAction":[{"@type":"ReadAction","target":["https:\/\/elcardinal.com\/?p=4536"]}]},{"@type":"ImageObject","inLanguage":"es","@id":"https:\/\/elcardinal.com\/?p=4536#primaryimage","url":"https:\/\/elcardinal.com\/wp-content\/uploads\/2025\/04\/Semillas-Esterales-1.png","contentUrl":"https:\/\/elcardinal.com\/wp-content\/uploads\/2025\/04\/Semillas-Esterales-1.png","width":940,"height":788},{"@type":"BreadcrumbList","@id":"https:\/\/elcardinal.com\/?p=4536#breadcrumb","itemListElement":[{"@type":"ListItem","position":1,"name":"Inicio","item":"https:\/\/elcardinal.com\/"},{"@type":"ListItem","position":2,"name":"Vac\u00edos que no se ven, pero pesan"}]},{"@type":"WebSite","@id":"https:\/\/elcardinal.com\/#website","url":"https:\/\/elcardinal.com\/","name":"El Cardinal","description":"Periodismo honesto, con valor, sentido humano, a veces sarc\u00e1stico y divertido.","publisher":{"@id":"https:\/\/elcardinal.com\/#organization"},"alternateName":"El Cardinal Noticias","potentialAction":[{"@type":"SearchAction","target":{"@type":"EntryPoint","urlTemplate":"https:\/\/elcardinal.com\/?s={search_term_string}"},"query-input":{"@type":"PropertyValueSpecification","valueRequired":true,"valueName":"search_term_string"}}],"inLanguage":"es"},{"@type":"Organization","@id":"https:\/\/elcardinal.com\/#organization","name":"El Cardinal","url":"https:\/\/elcardinal.com\/","logo":{"@type":"ImageObject","inLanguage":"es","@id":"https:\/\/elcardinal.com\/#\/schema\/logo\/image\/","url":"https:\/\/elcardinal.com\/wp-content\/uploads\/2025\/04\/LOGO-EL-CARDINAL-Periodismo-con-valor.png","contentUrl":"https:\/\/elcardinal.com\/wp-content\/uploads\/2025\/04\/LOGO-EL-CARDINAL-Periodismo-con-valor.png","width":755,"height":636,"caption":"El Cardinal"},"image":{"@id":"https:\/\/elcardinal.com\/#\/schema\/logo\/image\/"},"sameAs":["https:\/\/www.facebook.com\/profile.php?id=100063093107011","https:\/\/x.com\/ElCardinal_Mx"]},{"@type":"Person","@id":"https:\/\/elcardinal.com\/#\/schema\/person\/3c352ec0a33987fe275c0e8a2ea69f8b","name":"Antonio Alcaraz","image":{"@type":"ImageObject","inLanguage":"es","@id":"https:\/\/elcardinal.com\/#\/schema\/person\/image\/","url":"https:\/\/elcardinal.com\/wp-content\/uploads\/2025\/05\/cropped-TONO-96x96.jpg","contentUrl":"https:\/\/elcardinal.com\/wp-content\/uploads\/2025\/05\/cropped-TONO-96x96.jpg","caption":"Antonio Alcaraz"},"url":"https:\/\/elcardinal.com\/?author=2"}]}},"_links":{"self":[{"href":"https:\/\/elcardinal.com\/index.php?rest_route=\/wp\/v2\/posts\/4536","targetHints":{"allow":["GET"]}}],"collection":[{"href":"https:\/\/elcardinal.com\/index.php?rest_route=\/wp\/v2\/posts"}],"about":[{"href":"https:\/\/elcardinal.com\/index.php?rest_route=\/wp\/v2\/types\/post"}],"author":[{"embeddable":true,"href":"https:\/\/elcardinal.com\/index.php?rest_route=\/wp\/v2\/users\/2"}],"replies":[{"embeddable":true,"href":"https:\/\/elcardinal.com\/index.php?rest_route=%2Fwp%2Fv2%2Fcomments&post=4536"}],"version-history":[{"count":1,"href":"https:\/\/elcardinal.com\/index.php?rest_route=\/wp\/v2\/posts\/4536\/revisions"}],"predecessor-version":[{"id":4537,"href":"https:\/\/elcardinal.com\/index.php?rest_route=\/wp\/v2\/posts\/4536\/revisions\/4537"}],"wp:featuredmedia":[{"embeddable":true,"href":"https:\/\/elcardinal.com\/index.php?rest_route=\/wp\/v2\/media\/4296"}],"wp:attachment":[{"href":"https:\/\/elcardinal.com\/index.php?rest_route=%2Fwp%2Fv2%2Fmedia&parent=4536"}],"wp:term":[{"taxonomy":"category","embeddable":true,"href":"https:\/\/elcardinal.com\/index.php?rest_route=%2Fwp%2Fv2%2Fcategories&post=4536"},{"taxonomy":"post_tag","embeddable":true,"href":"https:\/\/elcardinal.com\/index.php?rest_route=%2Fwp%2Fv2%2Ftags&post=4536"}],"curies":[{"name":"wp","href":"https:\/\/api.w.org\/{rel}","templated":true}]}}