{"id":4538,"date":"2025-05-20T15:29:05","date_gmt":"2025-05-20T21:29:05","guid":{"rendered":"https:\/\/elcardinal.com\/?p=4538"},"modified":"2025-05-20T15:29:05","modified_gmt":"2025-05-20T21:29:05","slug":"zapotlan-impulsa-la-lectura-con-entrega-de-kindles-a-jovenes-de-bachillerato","status":"publish","type":"post","link":"https:\/\/elcardinal.com\/?p=4538","title":{"rendered":"Zapotl\u00e1n impulsa la lectura con entrega de Kindles a j\u00f3venes de bachillerato"},"content":{"rendered":"<p>Por: <strong>Jos\u00e9 Antonio Alcaraz Su\u00e1rez<\/strong><\/p>\n<p>Zapotl\u00e1n de Ju\u00e1rez, Hgo.- En un acto que refuerza el compromiso con la educaci\u00f3n y el uso de la tecnolog\u00eda como herramienta de transformaci\u00f3n, la presidenta municipal <strong>Cynthia Arellano<\/strong> encabez\u00f3 la entrega simb\u00f3lica de dispositivos Kindle Paperwhite a estudiantes del <strong>Centro de Bachillerato Tecnol\u00f3gico Agropecuario (CBTA)<\/strong> y del <strong>Colegio de Bachilleres del Estado de Hidalgo (COBAEH)<\/strong> plantel Zapotl\u00e1n.<\/p>\n<blockquote><p>Durante el evento, la alcaldesa dirigi\u00f3 un mensaje emotivo a los j\u00f3venes, destacando el poder de la lectura para cambiar vidas.<strong> \u201cCuando ustedes leen, piensan, cuando piensan se transforman y cuando se transforman van a cambiar su mundo\u201d,<\/strong> expres\u00f3 ante el alumnado y personal docente, resaltando que este proyecto es una apuesta seria por fomentar el h\u00e1bito lector con herramientas digitales modernas.<\/p>\n<p><img fetchpriority=\"high\" decoding=\"async\" class=\" wp-image-4543 alignleft\" src=\"https:\/\/elcardinal.com\/wp-content\/uploads\/2025\/05\/WhatsApp-Image-2025-05-20-at-3.26.08-PM-300x200.jpeg\" alt=\"\" width=\"284\" height=\"189\" srcset=\"https:\/\/elcardinal.com\/wp-content\/uploads\/2025\/05\/WhatsApp-Image-2025-05-20-at-3.26.08-PM-300x200.jpeg 300w, https:\/\/elcardinal.com\/wp-content\/uploads\/2025\/05\/WhatsApp-Image-2025-05-20-at-3.26.08-PM-1024x683.jpeg 1024w, https:\/\/elcardinal.com\/wp-content\/uploads\/2025\/05\/WhatsApp-Image-2025-05-20-at-3.26.08-PM-768x512.jpeg 768w, https:\/\/elcardinal.com\/wp-content\/uploads\/2025\/05\/WhatsApp-Image-2025-05-20-at-3.26.08-PM-1536x1024.jpeg 1536w, https:\/\/elcardinal.com\/wp-content\/uploads\/2025\/05\/WhatsApp-Image-2025-05-20-at-3.26.08-PM-150x100.jpeg 150w, https:\/\/elcardinal.com\/wp-content\/uploads\/2025\/05\/WhatsApp-Image-2025-05-20-at-3.26.08-PM-450x300.jpeg 450w, https:\/\/elcardinal.com\/wp-content\/uploads\/2025\/05\/WhatsApp-Image-2025-05-20-at-3.26.08-PM-1200x800.jpeg 1200w, https:\/\/elcardinal.com\/wp-content\/uploads\/2025\/05\/WhatsApp-Image-2025-05-20-at-3.26.08-PM.jpeg 1599w\" sizes=\"(max-width: 284px) 100vw, 284px\" \/><span style=\"font-size: 14px; color: #333333;\">Arellano inform\u00f3 que se entregaron <\/span><strong style=\"font-size: 14px; color: #333333;\">25 dispositivos Kindle a cada plantel<\/strong><span style=\"font-size: 14px; color: #333333;\">, como parte de un programa municipal que busca acercar la lectura a las y los j\u00f3venes de manera atractiva, \u00e1gil y accesible. \u201cLeer no es una obligaci\u00f3n, es una oportunidad\u201d, afirm\u00f3, al tiempo que inst\u00f3 a los estudiantes a hacer un uso responsable y creativo de estos dispositivos.<\/span><\/p><\/blockquote>\n<p>El acto cont\u00f3 con la presencia de autoridades municipales, personal docente y estudiantes, quienes agradecieron el respaldo del gobierno local y del gobernador <strong>Julio Menchaca<\/strong>, quien ha impulsado diversas acciones en favor de la educaci\u00f3n, como la entrega de uniformes, becas, libros y tabletas electr\u00f3nicas.<\/p>\n<p>La subdirectora de educaci\u00f3n municipal, <strong>Nancy Mar\u00edn G\u00f3mez<\/strong>, explic\u00f3 el funcionamiento de los Kindle y su utilidad para fortalecer las competencias de investigaci\u00f3n y lectura entre los alumnos. Asimismo, directivos de ambos planteles reconocieron el apoyo de la presidenta municipal y reafirmaron su compromiso con el uso pedag\u00f3gico de estos dispositivos.<\/p>\n<p>Con esta iniciativa, <strong>Zapotl\u00e1n de Ju\u00e1rez<\/strong> da un paso firme hacia una educaci\u00f3n innovadora, incluyente y centrada en el desarrollo integral de su juventud.<\/p>\n","protected":false},"excerpt":{"rendered":"<p>Por: Jos\u00e9 Antonio Alcaraz Su\u00e1rez Zapotl\u00e1n de Ju\u00e1rez, Hgo.- En un acto que refuerza el compromiso con la educaci\u00f3n y el uso de la tecnolog\u00eda como herramienta de transformaci\u00f3n, la presidenta municipal Cynthia Arellano encabez\u00f3 la entrega simb\u00f3lica de dispositivos Kindle Paperwhite a estudiantes del Centro de Bachillerato Tecnol\u00f3gico Agropecuario (CBTA) y del Colegio de<\/p>\n","protected":false},"author":2,"featured_media":4542,"comment_status":"open","ping_status":"open","sticky":false,"template":"","format":"standard","meta":{"footnotes":""},"categories":[32,44],"tags":[161,129,162,104],"class_list":{"0":"post-4538","1":"post","2":"type-post","3":"status-publish","4":"format-standard","5":"has-post-thumbnail","7":"category-metropoli","8":"category-minuto-a-minuto","9":"tag-cobaeh","10":"tag-cynthia-arellano","11":"tag-kindle-paperwhite","12":"tag-zapotlan"},"yoast_head":"<!-- This site is optimized with the Yoast SEO plugin v26.1.1 - https:\/\/yoast.com\/wordpress\/plugins\/seo\/ -->\n<title>Zapotl\u00e1n impulsa la lectura con entrega de Kindles a j\u00f3venes de bachillerato - El Cardinal<\/title>\n<meta name=\"robots\" content=\"index, follow, max-snippet:-1, max-image-preview:large, max-video-preview:-1\" \/>\n<link rel=\"canonical\" href=\"https:\/\/elcardinal.com\/?p=4538\" \/>\n<meta property=\"og:locale\" content=\"es_MX\" \/>\n<meta property=\"og:type\" content=\"article\" \/>\n<meta property=\"og:title\" content=\"Zapotl\u00e1n impulsa la lectura con entrega de Kindles a j\u00f3venes de bachillerato - El Cardinal\" \/>\n<meta property=\"og:description\" content=\"Por: Jos\u00e9 Antonio Alcaraz Su\u00e1rez Zapotl\u00e1n de Ju\u00e1rez, Hgo.- En un acto que refuerza el compromiso con la educaci\u00f3n y el uso de la tecnolog\u00eda como herramienta de transformaci\u00f3n, la presidenta municipal Cynthia Arellano encabez\u00f3 la entrega simb\u00f3lica de dispositivos Kindle Paperwhite a estudiantes del Centro de Bachillerato Tecnol\u00f3gico Agropecuario (CBTA) y del Colegio de\" \/>\n<meta property=\"og:url\" content=\"https:\/\/elcardinal.com\/?p=4538\" \/>\n<meta property=\"og:site_name\" content=\"El Cardinal\" \/>\n<meta property=\"article:publisher\" content=\"https:\/\/www.facebook.com\/profile.php?id=100063093107011\" \/>\n<meta property=\"article:published_time\" content=\"2025-05-20T21:29:05+00:00\" \/>\n<meta property=\"og:image\" content=\"https:\/\/elcardinal.com\/wp-content\/uploads\/2025\/05\/WhatsApp-Image-2025-05-20-at-3.26.30-PM.jpeg\" \/>\n\t<meta property=\"og:image:width\" content=\"1600\" \/>\n\t<meta property=\"og:image:height\" content=\"897\" \/>\n\t<meta property=\"og:image:type\" content=\"image\/jpeg\" \/>\n<meta name=\"author\" content=\"Antonio Alcaraz\" \/>\n<meta name=\"twitter:card\" content=\"summary_large_image\" \/>\n<meta name=\"twitter:creator\" content=\"@ElCardinal_Mx\" \/>\n<meta name=\"twitter:site\" content=\"@ElCardinal_Mx\" \/>\n<meta name=\"twitter:label1\" content=\"Escrito por\" \/>\n\t<meta name=\"twitter:data1\" content=\"Antonio Alcaraz\" \/>\n\t<meta name=\"twitter:label2\" content=\"Tiempo de lectura\" \/>\n\t<meta name=\"twitter:data2\" content=\"2 minutos\" \/>\n<script type=\"application\/ld+json\" class=\"yoast-schema-graph\">{\"@context\":\"https:\/\/schema.org\",\"@graph\":[{\"@type\":\"Article\",\"@id\":\"https:\/\/elcardinal.com\/?p=4538#article\",\"isPartOf\":{\"@id\":\"https:\/\/elcardinal.com\/?p=4538\"},\"author\":{\"name\":\"Antonio Alcaraz\",\"@id\":\"https:\/\/elcardinal.com\/#\/schema\/person\/3c352ec0a33987fe275c0e8a2ea69f8b\"},\"headline\":\"Zapotl\u00e1n impulsa la lectura con entrega de Kindles a j\u00f3venes de bachillerato\",\"datePublished\":\"2025-05-20T21:29:05+00:00\",\"mainEntityOfPage\":{\"@id\":\"https:\/\/elcardinal.com\/?p=4538\"},\"wordCount\":341,\"commentCount\":0,\"publisher\":{\"@id\":\"https:\/\/elcardinal.com\/#organization\"},\"image\":{\"@id\":\"https:\/\/elcardinal.com\/?p=4538#primaryimage\"},\"thumbnailUrl\":\"https:\/\/elcardinal.com\/wp-content\/uploads\/2025\/05\/WhatsApp-Image-2025-05-20-at-3.26.30-PM.jpeg\",\"keywords\":[\"COBAEH\",\"Cynthia Arellano\",\"Kindle Paperwhite\",\"Zapotl\u00e1n\"],\"articleSection\":[\"Metr\u00f3poli\",\"Minuto a Minuto\"],\"inLanguage\":\"es\",\"potentialAction\":[{\"@type\":\"CommentAction\",\"name\":\"Comment\",\"target\":[\"https:\/\/elcardinal.com\/?p=4538#respond\"]}]},{\"@type\":\"WebPage\",\"@id\":\"https:\/\/elcardinal.com\/?p=4538\",\"url\":\"https:\/\/elcardinal.com\/?p=4538\",\"name\":\"Zapotl\u00e1n impulsa la lectura con entrega de Kindles a j\u00f3venes de bachillerato - El Cardinal\",\"isPartOf\":{\"@id\":\"https:\/\/elcardinal.com\/#website\"},\"primaryImageOfPage\":{\"@id\":\"https:\/\/elcardinal.com\/?p=4538#primaryimage\"},\"image\":{\"@id\":\"https:\/\/elcardinal.com\/?p=4538#primaryimage\"},\"thumbnailUrl\":\"https:\/\/elcardinal.com\/wp-content\/uploads\/2025\/05\/WhatsApp-Image-2025-05-20-at-3.26.30-PM.jpeg\",\"datePublished\":\"2025-05-20T21:29:05+00:00\",\"breadcrumb\":{\"@id\":\"https:\/\/elcardinal.com\/?p=4538#breadcrumb\"},\"inLanguage\":\"es\",\"potentialAction\":[{\"@type\":\"ReadAction\",\"target\":[\"https:\/\/elcardinal.com\/?p=4538\"]}]},{\"@type\":\"ImageObject\",\"inLanguage\":\"es\",\"@id\":\"https:\/\/elcardinal.com\/?p=4538#primaryimage\",\"url\":\"https:\/\/elcardinal.com\/wp-content\/uploads\/2025\/05\/WhatsApp-Image-2025-05-20-at-3.26.30-PM.jpeg\",\"contentUrl\":\"https:\/\/elcardinal.com\/wp-content\/uploads\/2025\/05\/WhatsApp-Image-2025-05-20-at-3.26.30-PM.jpeg\",\"width\":1600,\"height\":897},{\"@type\":\"BreadcrumbList\",\"@id\":\"https:\/\/elcardinal.com\/?p=4538#breadcrumb\",\"itemListElement\":[{\"@type\":\"ListItem\",\"position\":1,\"name\":\"Inicio\",\"item\":\"https:\/\/elcardinal.com\/\"},{\"@type\":\"ListItem\",\"position\":2,\"name\":\"Zapotl\u00e1n impulsa la lectura con entrega de Kindles a j\u00f3venes de bachillerato\"}]},{\"@type\":\"WebSite\",\"@id\":\"https:\/\/elcardinal.com\/#website\",\"url\":\"https:\/\/elcardinal.com\/\",\"name\":\"El Cardinal\",\"description\":\"Periodismo honesto, con valor, sentido humano, a veces sarc\u00e1stico y divertido.\",\"publisher\":{\"@id\":\"https:\/\/elcardinal.com\/#organization\"},\"alternateName\":\"El Cardinal Noticias\",\"potentialAction\":[{\"@type\":\"SearchAction\",\"target\":{\"@type\":\"EntryPoint\",\"urlTemplate\":\"https:\/\/elcardinal.com\/?s={search_term_string}\"},\"query-input\":{\"@type\":\"PropertyValueSpecification\",\"valueRequired\":true,\"valueName\":\"search_term_string\"}}],\"inLanguage\":\"es\"},{\"@type\":\"Organization\",\"@id\":\"https:\/\/elcardinal.com\/#organization\",\"name\":\"El Cardinal\",\"url\":\"https:\/\/elcardinal.com\/\",\"logo\":{\"@type\":\"ImageObject\",\"inLanguage\":\"es\",\"@id\":\"https:\/\/elcardinal.com\/#\/schema\/logo\/image\/\",\"url\":\"https:\/\/elcardinal.com\/wp-content\/uploads\/2025\/04\/LOGO-EL-CARDINAL-Periodismo-con-valor.png\",\"contentUrl\":\"https:\/\/elcardinal.com\/wp-content\/uploads\/2025\/04\/LOGO-EL-CARDINAL-Periodismo-con-valor.png\",\"width\":755,\"height\":636,\"caption\":\"El Cardinal\"},\"image\":{\"@id\":\"https:\/\/elcardinal.com\/#\/schema\/logo\/image\/\"},\"sameAs\":[\"https:\/\/www.facebook.com\/profile.php?id=100063093107011\",\"https:\/\/x.com\/ElCardinal_Mx\"]},{\"@type\":\"Person\",\"@id\":\"https:\/\/elcardinal.com\/#\/schema\/person\/3c352ec0a33987fe275c0e8a2ea69f8b\",\"name\":\"Antonio Alcaraz\",\"image\":{\"@type\":\"ImageObject\",\"inLanguage\":\"es\",\"@id\":\"https:\/\/elcardinal.com\/#\/schema\/person\/image\/\",\"url\":\"https:\/\/elcardinal.com\/wp-content\/uploads\/2025\/05\/cropped-TONO-96x96.jpg\",\"contentUrl\":\"https:\/\/elcardinal.com\/wp-content\/uploads\/2025\/05\/cropped-TONO-96x96.jpg\",\"caption\":\"Antonio Alcaraz\"},\"url\":\"https:\/\/elcardinal.com\/?author=2\"}]}<\/script>\n<!-- \/ Yoast SEO plugin. -->","yoast_head_json":{"title":"Zapotl\u00e1n impulsa la lectura con entrega de Kindles a j\u00f3venes de bachillerato - El Cardinal","robots":{"index":"index","follow":"follow","max-snippet":"max-snippet:-1","max-image-preview":"max-image-preview:large","max-video-preview":"max-video-preview:-1"},"canonical":"https:\/\/elcardinal.com\/?p=4538","og_locale":"es_MX","og_type":"article","og_title":"Zapotl\u00e1n impulsa la lectura con entrega de Kindles a j\u00f3venes de bachillerato - El Cardinal","og_description":"Por: Jos\u00e9 Antonio Alcaraz Su\u00e1rez Zapotl\u00e1n de Ju\u00e1rez, Hgo.- En un acto que refuerza el compromiso con la educaci\u00f3n y el uso de la tecnolog\u00eda como herramienta de transformaci\u00f3n, la presidenta municipal Cynthia Arellano encabez\u00f3 la entrega simb\u00f3lica de dispositivos Kindle Paperwhite a estudiantes del Centro de Bachillerato Tecnol\u00f3gico Agropecuario (CBTA) y del Colegio de","og_url":"https:\/\/elcardinal.com\/?p=4538","og_site_name":"El Cardinal","article_publisher":"https:\/\/www.facebook.com\/profile.php?id=100063093107011","article_published_time":"2025-05-20T21:29:05+00:00","og_image":[{"width":1600,"height":897,"url":"https:\/\/elcardinal.com\/wp-content\/uploads\/2025\/05\/WhatsApp-Image-2025-05-20-at-3.26.30-PM.jpeg","type":"image\/jpeg"}],"author":"Antonio Alcaraz","twitter_card":"summary_large_image","twitter_creator":"@ElCardinal_Mx","twitter_site":"@ElCardinal_Mx","twitter_misc":{"Escrito por":"Antonio Alcaraz","Tiempo de lectura":"2 minutos"},"schema":{"@context":"https:\/\/schema.org","@graph":[{"@type":"Article","@id":"https:\/\/elcardinal.com\/?p=4538#article","isPartOf":{"@id":"https:\/\/elcardinal.com\/?p=4538"},"author":{"name":"Antonio Alcaraz","@id":"https:\/\/elcardinal.com\/#\/schema\/person\/3c352ec0a33987fe275c0e8a2ea69f8b"},"headline":"Zapotl\u00e1n impulsa la lectura con entrega de Kindles a j\u00f3venes de bachillerato","datePublished":"2025-05-20T21:29:05+00:00","mainEntityOfPage":{"@id":"https:\/\/elcardinal.com\/?p=4538"},"wordCount":341,"commentCount":0,"publisher":{"@id":"https:\/\/elcardinal.com\/#organization"},"image":{"@id":"https:\/\/elcardinal.com\/?p=4538#primaryimage"},"thumbnailUrl":"https:\/\/elcardinal.com\/wp-content\/uploads\/2025\/05\/WhatsApp-Image-2025-05-20-at-3.26.30-PM.jpeg","keywords":["COBAEH","Cynthia Arellano","Kindle Paperwhite","Zapotl\u00e1n"],"articleSection":["Metr\u00f3poli","Minuto a Minuto"],"inLanguage":"es","potentialAction":[{"@type":"CommentAction","name":"Comment","target":["https:\/\/elcardinal.com\/?p=4538#respond"]}]},{"@type":"WebPage","@id":"https:\/\/elcardinal.com\/?p=4538","url":"https:\/\/elcardinal.com\/?p=4538","name":"Zapotl\u00e1n impulsa la lectura con entrega de Kindles a j\u00f3venes de bachillerato - El Cardinal","isPartOf":{"@id":"https:\/\/elcardinal.com\/#website"},"primaryImageOfPage":{"@id":"https:\/\/elcardinal.com\/?p=4538#primaryimage"},"image":{"@id":"https:\/\/elcardinal.com\/?p=4538#primaryimage"},"thumbnailUrl":"https:\/\/elcardinal.com\/wp-content\/uploads\/2025\/05\/WhatsApp-Image-2025-05-20-at-3.26.30-PM.jpeg","datePublished":"2025-05-20T21:29:05+00:00","breadcrumb":{"@id":"https:\/\/elcardinal.com\/?p=4538#breadcrumb"},"inLanguage":"es","potentialAction":[{"@type":"ReadAction","target":["https:\/\/elcardinal.com\/?p=4538"]}]},{"@type":"ImageObject","inLanguage":"es","@id":"https:\/\/elcardinal.com\/?p=4538#primaryimage","url":"https:\/\/elcardinal.com\/wp-content\/uploads\/2025\/05\/WhatsApp-Image-2025-05-20-at-3.26.30-PM.jpeg","contentUrl":"https:\/\/elcardinal.com\/wp-content\/uploads\/2025\/05\/WhatsApp-Image-2025-05-20-at-3.26.30-PM.jpeg","width":1600,"height":897},{"@type":"BreadcrumbList","@id":"https:\/\/elcardinal.com\/?p=4538#breadcrumb","itemListElement":[{"@type":"ListItem","position":1,"name":"Inicio","item":"https:\/\/elcardinal.com\/"},{"@type":"ListItem","position":2,"name":"Zapotl\u00e1n impulsa la lectura con entrega de Kindles a j\u00f3venes de bachillerato"}]},{"@type":"WebSite","@id":"https:\/\/elcardinal.com\/#website","url":"https:\/\/elcardinal.com\/","name":"El Cardinal","description":"Periodismo honesto, con valor, sentido humano, a veces sarc\u00e1stico y divertido.","publisher":{"@id":"https:\/\/elcardinal.com\/#organization"},"alternateName":"El Cardinal Noticias","potentialAction":[{"@type":"SearchAction","target":{"@type":"EntryPoint","urlTemplate":"https:\/\/elcardinal.com\/?s={search_term_string}"},"query-input":{"@type":"PropertyValueSpecification","valueRequired":true,"valueName":"search_term_string"}}],"inLanguage":"es"},{"@type":"Organization","@id":"https:\/\/elcardinal.com\/#organization","name":"El Cardinal","url":"https:\/\/elcardinal.com\/","logo":{"@type":"ImageObject","inLanguage":"es","@id":"https:\/\/elcardinal.com\/#\/schema\/logo\/image\/","url":"https:\/\/elcardinal.com\/wp-content\/uploads\/2025\/04\/LOGO-EL-CARDINAL-Periodismo-con-valor.png","contentUrl":"https:\/\/elcardinal.com\/wp-content\/uploads\/2025\/04\/LOGO-EL-CARDINAL-Periodismo-con-valor.png","width":755,"height":636,"caption":"El Cardinal"},"image":{"@id":"https:\/\/elcardinal.com\/#\/schema\/logo\/image\/"},"sameAs":["https:\/\/www.facebook.com\/profile.php?id=100063093107011","https:\/\/x.com\/ElCardinal_Mx"]},{"@type":"Person","@id":"https:\/\/elcardinal.com\/#\/schema\/person\/3c352ec0a33987fe275c0e8a2ea69f8b","name":"Antonio Alcaraz","image":{"@type":"ImageObject","inLanguage":"es","@id":"https:\/\/elcardinal.com\/#\/schema\/person\/image\/","url":"https:\/\/elcardinal.com\/wp-content\/uploads\/2025\/05\/cropped-TONO-96x96.jpg","contentUrl":"https:\/\/elcardinal.com\/wp-content\/uploads\/2025\/05\/cropped-TONO-96x96.jpg","caption":"Antonio Alcaraz"},"url":"https:\/\/elcardinal.com\/?author=2"}]}},"_links":{"self":[{"href":"https:\/\/elcardinal.com\/index.php?rest_route=\/wp\/v2\/posts\/4538","targetHints":{"allow":["GET"]}}],"collection":[{"href":"https:\/\/elcardinal.com\/index.php?rest_route=\/wp\/v2\/posts"}],"about":[{"href":"https:\/\/elcardinal.com\/index.php?rest_route=\/wp\/v2\/types\/post"}],"author":[{"embeddable":true,"href":"https:\/\/elcardinal.com\/index.php?rest_route=\/wp\/v2\/users\/2"}],"replies":[{"embeddable":true,"href":"https:\/\/elcardinal.com\/index.php?rest_route=%2Fwp%2Fv2%2Fcomments&post=4538"}],"version-history":[{"count":1,"href":"https:\/\/elcardinal.com\/index.php?rest_route=\/wp\/v2\/posts\/4538\/revisions"}],"predecessor-version":[{"id":4544,"href":"https:\/\/elcardinal.com\/index.php?rest_route=\/wp\/v2\/posts\/4538\/revisions\/4544"}],"wp:featuredmedia":[{"embeddable":true,"href":"https:\/\/elcardinal.com\/index.php?rest_route=\/wp\/v2\/media\/4542"}],"wp:attachment":[{"href":"https:\/\/elcardinal.com\/index.php?rest_route=%2Fwp%2Fv2%2Fmedia&parent=4538"}],"wp:term":[{"taxonomy":"category","embeddable":true,"href":"https:\/\/elcardinal.com\/index.php?rest_route=%2Fwp%2Fv2%2Fcategories&post=4538"},{"taxonomy":"post_tag","embeddable":true,"href":"https:\/\/elcardinal.com\/index.php?rest_route=%2Fwp%2Fv2%2Ftags&post=4538"}],"curies":[{"name":"wp","href":"https:\/\/api.w.org\/{rel}","templated":true}]}}