{"id":4539,"date":"2025-05-20T15:28:20","date_gmt":"2025-05-20T21:28:20","guid":{"rendered":"https:\/\/elcardinal.com\/?p=4539"},"modified":"2025-05-20T15:28:20","modified_gmt":"2025-05-20T21:28:20","slug":"inicia-en-zapotlan-de-juarez-primera-etapa-de-bacheo-con-inversion-municipal","status":"publish","type":"post","link":"https:\/\/elcardinal.com\/?p=4539","title":{"rendered":"Inicia en Zapotl\u00e1n de Ju\u00e1rez primera etapa de bacheo con inversi\u00f3n municipal"},"content":{"rendered":"<p>Por: <strong>Jos\u00e9 Antonio Alcaraz Su\u00e1rez<\/strong><\/p>\n<p>Zapotl\u00e1n de Ju\u00e1rez, Hgo.\u2013 La presidenta municipal <strong>Cynthia Arellano<\/strong> dio arranque a la primera etapa del programa de bacheo en el municipio, con una inversi\u00f3n aproximada de <strong>450 mil pesos<\/strong> de recursos propios. Los trabajos comenzaron en la avenida Revoluci\u00f3n, en la comunidad de<strong> Acayuca<\/strong>, donde se contempla intervenir un \u00e1rea de alrededor de <strong>830 metros cuadrados<\/strong>, con fecha estimada de conclusi\u00f3n el 19 de junio.<\/p>\n<blockquote><p>Durante el anuncio, la alcaldesa destac\u00f3 que esta etapa forma parte de una estrategia m\u00e1s amplia para atender las vialidades m\u00e1s transitadas del municipio, incluyendo calles de la cabecera municipal y de San Pedro Huaquilpan. <strong>\u201cQueremos ganarle un poco a la temporada de lluvias y mejorar nuestras avenidas que son muy transitadas\u201d,<\/strong> se\u00f1al\u00f3.<\/p><\/blockquote>\n<p>Arellano reconoci\u00f3 que muchas calles del municipio tienen a\u00f1os sin recibir mantenimiento, especialmente en Acayuca, la comunidad m\u00e1s grande del municipio. \u201cQuisi\u00e9ramos hacerlo todo al mismo tiempo, pero lo estamos haciendo con responsabilidad y atenci\u00f3n\u201d, afirm\u00f3.<\/p>\n<p>La presidenta municipal subray\u00f3 la importancia de la participaci\u00f3n ciudadana en el cumplimiento de sus contribuciones, pues los trabajos se realizan con recursos propios. \u201cSi recaudamos de manera correcta, vamos a nutrir las arcas del municipio para ejecutar estas acciones que se ver\u00e1n reflejadas en mejoras para nuestras comunidades\u201d, apunt\u00f3.<\/p>\n<p>Entre otras obras en curso, Arellano destac\u00f3 la intervenci\u00f3n en la avenida Hidalgo, tambi\u00e9n en Acayuca, con una inversi\u00f3n superior a los <strong>40 millones de pesos gracias al apoyo del gobierno estatal.<\/strong> \u201cDespu\u00e9s de tantos a\u00f1os sin acciones, hoy podemos contar con ese respaldo\u201d, coment\u00f3.<\/p>\n<p>Finalmente, anunci\u00f3 que tras concluir en Acayuca, los trabajos de bacheo continuar\u00e1n en San Pedro Huaquilpan y la cabecera municipal, y reiter\u00f3 el llamado a la ciudadan\u00eda para que comprenda las molestias temporales por las obras, las cuales \u2014dijo\u2014 se realizan para beneficio de todos.<\/p>\n","protected":false},"excerpt":{"rendered":"<p>Por: Jos\u00e9 Antonio Alcaraz Su\u00e1rez Zapotl\u00e1n de Ju\u00e1rez, Hgo.\u2013 La presidenta municipal Cynthia Arellano dio arranque a la primera etapa del programa de bacheo en el municipio, con una inversi\u00f3n aproximada de 450 mil pesos de recursos propios. Los trabajos comenzaron en la avenida Revoluci\u00f3n, en la comunidad de Acayuca, donde se contempla intervenir un<\/p>\n","protected":false},"author":2,"featured_media":4540,"comment_status":"open","ping_status":"open","sticky":false,"template":"","format":"standard","meta":{"footnotes":""},"categories":[32,44],"tags":[129,104],"class_list":{"0":"post-4539","1":"post","2":"type-post","3":"status-publish","4":"format-standard","5":"has-post-thumbnail","7":"category-metropoli","8":"category-minuto-a-minuto","9":"tag-cynthia-arellano","10":"tag-zapotlan"},"yoast_head":"<!-- This site is optimized with the Yoast SEO plugin v26.1.1 - https:\/\/yoast.com\/wordpress\/plugins\/seo\/ -->\n<title>Inicia en Zapotl\u00e1n de Ju\u00e1rez primera etapa de bacheo con inversi\u00f3n municipal - El Cardinal<\/title>\n<meta name=\"robots\" content=\"index, follow, max-snippet:-1, max-image-preview:large, max-video-preview:-1\" \/>\n<link rel=\"canonical\" href=\"https:\/\/elcardinal.com\/?p=4539\" \/>\n<meta property=\"og:locale\" content=\"es_MX\" \/>\n<meta property=\"og:type\" content=\"article\" \/>\n<meta property=\"og:title\" content=\"Inicia en Zapotl\u00e1n de Ju\u00e1rez primera etapa de bacheo con inversi\u00f3n municipal - El Cardinal\" \/>\n<meta property=\"og:description\" content=\"Por: Jos\u00e9 Antonio Alcaraz Su\u00e1rez Zapotl\u00e1n de Ju\u00e1rez, Hgo.\u2013 La presidenta municipal Cynthia Arellano dio arranque a la primera etapa del programa de bacheo en el municipio, con una inversi\u00f3n aproximada de 450 mil pesos de recursos propios. Los trabajos comenzaron en la avenida Revoluci\u00f3n, en la comunidad de Acayuca, donde se contempla intervenir un\" \/>\n<meta property=\"og:url\" content=\"https:\/\/elcardinal.com\/?p=4539\" \/>\n<meta property=\"og:site_name\" content=\"El Cardinal\" \/>\n<meta property=\"article:publisher\" content=\"https:\/\/www.facebook.com\/profile.php?id=100063093107011\" \/>\n<meta property=\"article:published_time\" content=\"2025-05-20T21:28:20+00:00\" \/>\n<meta property=\"og:image\" content=\"https:\/\/elcardinal.com\/wp-content\/uploads\/2025\/05\/WhatsApp-Image-2025-05-20-at-3.24.15-PM.jpeg\" \/>\n\t<meta property=\"og:image:width\" content=\"1599\" \/>\n\t<meta property=\"og:image:height\" content=\"1066\" \/>\n\t<meta property=\"og:image:type\" content=\"image\/jpeg\" \/>\n<meta name=\"author\" content=\"Antonio Alcaraz\" \/>\n<meta name=\"twitter:card\" content=\"summary_large_image\" \/>\n<meta name=\"twitter:creator\" content=\"@ElCardinal_Mx\" \/>\n<meta name=\"twitter:site\" content=\"@ElCardinal_Mx\" \/>\n<meta name=\"twitter:label1\" content=\"Escrito por\" \/>\n\t<meta name=\"twitter:data1\" content=\"Antonio Alcaraz\" \/>\n\t<meta name=\"twitter:label2\" content=\"Tiempo de lectura\" \/>\n\t<meta name=\"twitter:data2\" content=\"2 minutos\" \/>\n<script type=\"application\/ld+json\" class=\"yoast-schema-graph\">{\"@context\":\"https:\/\/schema.org\",\"@graph\":[{\"@type\":\"Article\",\"@id\":\"https:\/\/elcardinal.com\/?p=4539#article\",\"isPartOf\":{\"@id\":\"https:\/\/elcardinal.com\/?p=4539\"},\"author\":{\"name\":\"Antonio Alcaraz\",\"@id\":\"https:\/\/elcardinal.com\/#\/schema\/person\/3c352ec0a33987fe275c0e8a2ea69f8b\"},\"headline\":\"Inicia en Zapotl\u00e1n de Ju\u00e1rez primera etapa de bacheo con inversi\u00f3n municipal\",\"datePublished\":\"2025-05-20T21:28:20+00:00\",\"mainEntityOfPage\":{\"@id\":\"https:\/\/elcardinal.com\/?p=4539\"},\"wordCount\":333,\"commentCount\":0,\"publisher\":{\"@id\":\"https:\/\/elcardinal.com\/#organization\"},\"image\":{\"@id\":\"https:\/\/elcardinal.com\/?p=4539#primaryimage\"},\"thumbnailUrl\":\"https:\/\/elcardinal.com\/wp-content\/uploads\/2025\/05\/WhatsApp-Image-2025-05-20-at-3.24.15-PM.jpeg\",\"keywords\":[\"Cynthia Arellano\",\"Zapotl\u00e1n\"],\"articleSection\":[\"Metr\u00f3poli\",\"Minuto a Minuto\"],\"inLanguage\":\"es\",\"potentialAction\":[{\"@type\":\"CommentAction\",\"name\":\"Comment\",\"target\":[\"https:\/\/elcardinal.com\/?p=4539#respond\"]}]},{\"@type\":\"WebPage\",\"@id\":\"https:\/\/elcardinal.com\/?p=4539\",\"url\":\"https:\/\/elcardinal.com\/?p=4539\",\"name\":\"Inicia en Zapotl\u00e1n de Ju\u00e1rez primera etapa de bacheo con inversi\u00f3n municipal - El Cardinal\",\"isPartOf\":{\"@id\":\"https:\/\/elcardinal.com\/#website\"},\"primaryImageOfPage\":{\"@id\":\"https:\/\/elcardinal.com\/?p=4539#primaryimage\"},\"image\":{\"@id\":\"https:\/\/elcardinal.com\/?p=4539#primaryimage\"},\"thumbnailUrl\":\"https:\/\/elcardinal.com\/wp-content\/uploads\/2025\/05\/WhatsApp-Image-2025-05-20-at-3.24.15-PM.jpeg\",\"datePublished\":\"2025-05-20T21:28:20+00:00\",\"breadcrumb\":{\"@id\":\"https:\/\/elcardinal.com\/?p=4539#breadcrumb\"},\"inLanguage\":\"es\",\"potentialAction\":[{\"@type\":\"ReadAction\",\"target\":[\"https:\/\/elcardinal.com\/?p=4539\"]}]},{\"@type\":\"ImageObject\",\"inLanguage\":\"es\",\"@id\":\"https:\/\/elcardinal.com\/?p=4539#primaryimage\",\"url\":\"https:\/\/elcardinal.com\/wp-content\/uploads\/2025\/05\/WhatsApp-Image-2025-05-20-at-3.24.15-PM.jpeg\",\"contentUrl\":\"https:\/\/elcardinal.com\/wp-content\/uploads\/2025\/05\/WhatsApp-Image-2025-05-20-at-3.24.15-PM.jpeg\",\"width\":1599,\"height\":1066},{\"@type\":\"BreadcrumbList\",\"@id\":\"https:\/\/elcardinal.com\/?p=4539#breadcrumb\",\"itemListElement\":[{\"@type\":\"ListItem\",\"position\":1,\"name\":\"Inicio\",\"item\":\"https:\/\/elcardinal.com\/\"},{\"@type\":\"ListItem\",\"position\":2,\"name\":\"Inicia en Zapotl\u00e1n de Ju\u00e1rez primera etapa de bacheo con inversi\u00f3n municipal\"}]},{\"@type\":\"WebSite\",\"@id\":\"https:\/\/elcardinal.com\/#website\",\"url\":\"https:\/\/elcardinal.com\/\",\"name\":\"El Cardinal\",\"description\":\"Periodismo honesto, con valor, sentido humano, a veces sarc\u00e1stico y divertido.\",\"publisher\":{\"@id\":\"https:\/\/elcardinal.com\/#organization\"},\"alternateName\":\"El Cardinal Noticias\",\"potentialAction\":[{\"@type\":\"SearchAction\",\"target\":{\"@type\":\"EntryPoint\",\"urlTemplate\":\"https:\/\/elcardinal.com\/?s={search_term_string}\"},\"query-input\":{\"@type\":\"PropertyValueSpecification\",\"valueRequired\":true,\"valueName\":\"search_term_string\"}}],\"inLanguage\":\"es\"},{\"@type\":\"Organization\",\"@id\":\"https:\/\/elcardinal.com\/#organization\",\"name\":\"El Cardinal\",\"url\":\"https:\/\/elcardinal.com\/\",\"logo\":{\"@type\":\"ImageObject\",\"inLanguage\":\"es\",\"@id\":\"https:\/\/elcardinal.com\/#\/schema\/logo\/image\/\",\"url\":\"https:\/\/elcardinal.com\/wp-content\/uploads\/2025\/04\/LOGO-EL-CARDINAL-Periodismo-con-valor.png\",\"contentUrl\":\"https:\/\/elcardinal.com\/wp-content\/uploads\/2025\/04\/LOGO-EL-CARDINAL-Periodismo-con-valor.png\",\"width\":755,\"height\":636,\"caption\":\"El Cardinal\"},\"image\":{\"@id\":\"https:\/\/elcardinal.com\/#\/schema\/logo\/image\/\"},\"sameAs\":[\"https:\/\/www.facebook.com\/profile.php?id=100063093107011\",\"https:\/\/x.com\/ElCardinal_Mx\"]},{\"@type\":\"Person\",\"@id\":\"https:\/\/elcardinal.com\/#\/schema\/person\/3c352ec0a33987fe275c0e8a2ea69f8b\",\"name\":\"Antonio Alcaraz\",\"image\":{\"@type\":\"ImageObject\",\"inLanguage\":\"es\",\"@id\":\"https:\/\/elcardinal.com\/#\/schema\/person\/image\/\",\"url\":\"https:\/\/elcardinal.com\/wp-content\/uploads\/2025\/05\/cropped-TONO-96x96.jpg\",\"contentUrl\":\"https:\/\/elcardinal.com\/wp-content\/uploads\/2025\/05\/cropped-TONO-96x96.jpg\",\"caption\":\"Antonio Alcaraz\"},\"url\":\"https:\/\/elcardinal.com\/?author=2\"}]}<\/script>\n<!-- \/ Yoast SEO plugin. -->","yoast_head_json":{"title":"Inicia en Zapotl\u00e1n de Ju\u00e1rez primera etapa de bacheo con inversi\u00f3n municipal - El Cardinal","robots":{"index":"index","follow":"follow","max-snippet":"max-snippet:-1","max-image-preview":"max-image-preview:large","max-video-preview":"max-video-preview:-1"},"canonical":"https:\/\/elcardinal.com\/?p=4539","og_locale":"es_MX","og_type":"article","og_title":"Inicia en Zapotl\u00e1n de Ju\u00e1rez primera etapa de bacheo con inversi\u00f3n municipal - El Cardinal","og_description":"Por: Jos\u00e9 Antonio Alcaraz Su\u00e1rez Zapotl\u00e1n de Ju\u00e1rez, Hgo.\u2013 La presidenta municipal Cynthia Arellano dio arranque a la primera etapa del programa de bacheo en el municipio, con una inversi\u00f3n aproximada de 450 mil pesos de recursos propios. Los trabajos comenzaron en la avenida Revoluci\u00f3n, en la comunidad de Acayuca, donde se contempla intervenir un","og_url":"https:\/\/elcardinal.com\/?p=4539","og_site_name":"El Cardinal","article_publisher":"https:\/\/www.facebook.com\/profile.php?id=100063093107011","article_published_time":"2025-05-20T21:28:20+00:00","og_image":[{"width":1599,"height":1066,"url":"https:\/\/elcardinal.com\/wp-content\/uploads\/2025\/05\/WhatsApp-Image-2025-05-20-at-3.24.15-PM.jpeg","type":"image\/jpeg"}],"author":"Antonio Alcaraz","twitter_card":"summary_large_image","twitter_creator":"@ElCardinal_Mx","twitter_site":"@ElCardinal_Mx","twitter_misc":{"Escrito por":"Antonio Alcaraz","Tiempo de lectura":"2 minutos"},"schema":{"@context":"https:\/\/schema.org","@graph":[{"@type":"Article","@id":"https:\/\/elcardinal.com\/?p=4539#article","isPartOf":{"@id":"https:\/\/elcardinal.com\/?p=4539"},"author":{"name":"Antonio Alcaraz","@id":"https:\/\/elcardinal.com\/#\/schema\/person\/3c352ec0a33987fe275c0e8a2ea69f8b"},"headline":"Inicia en Zapotl\u00e1n de Ju\u00e1rez primera etapa de bacheo con inversi\u00f3n municipal","datePublished":"2025-05-20T21:28:20+00:00","mainEntityOfPage":{"@id":"https:\/\/elcardinal.com\/?p=4539"},"wordCount":333,"commentCount":0,"publisher":{"@id":"https:\/\/elcardinal.com\/#organization"},"image":{"@id":"https:\/\/elcardinal.com\/?p=4539#primaryimage"},"thumbnailUrl":"https:\/\/elcardinal.com\/wp-content\/uploads\/2025\/05\/WhatsApp-Image-2025-05-20-at-3.24.15-PM.jpeg","keywords":["Cynthia Arellano","Zapotl\u00e1n"],"articleSection":["Metr\u00f3poli","Minuto a Minuto"],"inLanguage":"es","potentialAction":[{"@type":"CommentAction","name":"Comment","target":["https:\/\/elcardinal.com\/?p=4539#respond"]}]},{"@type":"WebPage","@id":"https:\/\/elcardinal.com\/?p=4539","url":"https:\/\/elcardinal.com\/?p=4539","name":"Inicia en Zapotl\u00e1n de Ju\u00e1rez primera etapa de bacheo con inversi\u00f3n municipal - El Cardinal","isPartOf":{"@id":"https:\/\/elcardinal.com\/#website"},"primaryImageOfPage":{"@id":"https:\/\/elcardinal.com\/?p=4539#primaryimage"},"image":{"@id":"https:\/\/elcardinal.com\/?p=4539#primaryimage"},"thumbnailUrl":"https:\/\/elcardinal.com\/wp-content\/uploads\/2025\/05\/WhatsApp-Image-2025-05-20-at-3.24.15-PM.jpeg","datePublished":"2025-05-20T21:28:20+00:00","breadcrumb":{"@id":"https:\/\/elcardinal.com\/?p=4539#breadcrumb"},"inLanguage":"es","potentialAction":[{"@type":"ReadAction","target":["https:\/\/elcardinal.com\/?p=4539"]}]},{"@type":"ImageObject","inLanguage":"es","@id":"https:\/\/elcardinal.com\/?p=4539#primaryimage","url":"https:\/\/elcardinal.com\/wp-content\/uploads\/2025\/05\/WhatsApp-Image-2025-05-20-at-3.24.15-PM.jpeg","contentUrl":"https:\/\/elcardinal.com\/wp-content\/uploads\/2025\/05\/WhatsApp-Image-2025-05-20-at-3.24.15-PM.jpeg","width":1599,"height":1066},{"@type":"BreadcrumbList","@id":"https:\/\/elcardinal.com\/?p=4539#breadcrumb","itemListElement":[{"@type":"ListItem","position":1,"name":"Inicio","item":"https:\/\/elcardinal.com\/"},{"@type":"ListItem","position":2,"name":"Inicia en Zapotl\u00e1n de Ju\u00e1rez primera etapa de bacheo con inversi\u00f3n municipal"}]},{"@type":"WebSite","@id":"https:\/\/elcardinal.com\/#website","url":"https:\/\/elcardinal.com\/","name":"El Cardinal","description":"Periodismo honesto, con valor, sentido humano, a veces sarc\u00e1stico y divertido.","publisher":{"@id":"https:\/\/elcardinal.com\/#organization"},"alternateName":"El Cardinal Noticias","potentialAction":[{"@type":"SearchAction","target":{"@type":"EntryPoint","urlTemplate":"https:\/\/elcardinal.com\/?s={search_term_string}"},"query-input":{"@type":"PropertyValueSpecification","valueRequired":true,"valueName":"search_term_string"}}],"inLanguage":"es"},{"@type":"Organization","@id":"https:\/\/elcardinal.com\/#organization","name":"El Cardinal","url":"https:\/\/elcardinal.com\/","logo":{"@type":"ImageObject","inLanguage":"es","@id":"https:\/\/elcardinal.com\/#\/schema\/logo\/image\/","url":"https:\/\/elcardinal.com\/wp-content\/uploads\/2025\/04\/LOGO-EL-CARDINAL-Periodismo-con-valor.png","contentUrl":"https:\/\/elcardinal.com\/wp-content\/uploads\/2025\/04\/LOGO-EL-CARDINAL-Periodismo-con-valor.png","width":755,"height":636,"caption":"El Cardinal"},"image":{"@id":"https:\/\/elcardinal.com\/#\/schema\/logo\/image\/"},"sameAs":["https:\/\/www.facebook.com\/profile.php?id=100063093107011","https:\/\/x.com\/ElCardinal_Mx"]},{"@type":"Person","@id":"https:\/\/elcardinal.com\/#\/schema\/person\/3c352ec0a33987fe275c0e8a2ea69f8b","name":"Antonio Alcaraz","image":{"@type":"ImageObject","inLanguage":"es","@id":"https:\/\/elcardinal.com\/#\/schema\/person\/image\/","url":"https:\/\/elcardinal.com\/wp-content\/uploads\/2025\/05\/cropped-TONO-96x96.jpg","contentUrl":"https:\/\/elcardinal.com\/wp-content\/uploads\/2025\/05\/cropped-TONO-96x96.jpg","caption":"Antonio Alcaraz"},"url":"https:\/\/elcardinal.com\/?author=2"}]}},"_links":{"self":[{"href":"https:\/\/elcardinal.com\/index.php?rest_route=\/wp\/v2\/posts\/4539","targetHints":{"allow":["GET"]}}],"collection":[{"href":"https:\/\/elcardinal.com\/index.php?rest_route=\/wp\/v2\/posts"}],"about":[{"href":"https:\/\/elcardinal.com\/index.php?rest_route=\/wp\/v2\/types\/post"}],"author":[{"embeddable":true,"href":"https:\/\/elcardinal.com\/index.php?rest_route=\/wp\/v2\/users\/2"}],"replies":[{"embeddable":true,"href":"https:\/\/elcardinal.com\/index.php?rest_route=%2Fwp%2Fv2%2Fcomments&post=4539"}],"version-history":[{"count":1,"href":"https:\/\/elcardinal.com\/index.php?rest_route=\/wp\/v2\/posts\/4539\/revisions"}],"predecessor-version":[{"id":4541,"href":"https:\/\/elcardinal.com\/index.php?rest_route=\/wp\/v2\/posts\/4539\/revisions\/4541"}],"wp:featuredmedia":[{"embeddable":true,"href":"https:\/\/elcardinal.com\/index.php?rest_route=\/wp\/v2\/media\/4540"}],"wp:attachment":[{"href":"https:\/\/elcardinal.com\/index.php?rest_route=%2Fwp%2Fv2%2Fmedia&parent=4539"}],"wp:term":[{"taxonomy":"category","embeddable":true,"href":"https:\/\/elcardinal.com\/index.php?rest_route=%2Fwp%2Fv2%2Fcategories&post=4539"},{"taxonomy":"post_tag","embeddable":true,"href":"https:\/\/elcardinal.com\/index.php?rest_route=%2Fwp%2Fv2%2Ftags&post=4539"}],"curies":[{"name":"wp","href":"https:\/\/api.w.org\/{rel}","templated":true}]}}