{"id":4545,"date":"2025-05-20T16:02:28","date_gmt":"2025-05-20T22:02:28","guid":{"rendered":"https:\/\/elcardinal.com\/?p=4545"},"modified":"2025-05-20T16:02:28","modified_gmt":"2025-05-20T22:02:28","slug":"con-dictamen-legisladores-abrogan-arancel-para-abogados-del-estado","status":"publish","type":"post","link":"https:\/\/elcardinal.com\/?p=4545","title":{"rendered":"Con dictamen, legisladores abrogan arancel para abogados del estado"},"content":{"rendered":"<p><span style=\"font-weight: 400;\">En sesi\u00f3n ordinaria, diputadas y diputados integrantes de la <\/span><b>LXVI Legislatura<\/b><span style=\"font-weight: 400;\"> avalaron con 26 votos a favor, cero en contra y cero abstenciones, el dictamen que aprueba la iniciativa por la que se abroga el arancel para abogados del estado de Hidalgo, emitido por la primera Comisi\u00f3n Permanente de Legislaci\u00f3n y Puntos Constitucionales.<\/span><\/p>\n<p><span style=\"font-weight: 400;\">La diputada <\/span><b>Lizbeth Irais Ordaz Islas<\/b><span style=\"font-weight: 400;\"> (Morena) detall\u00f3 que el objetivo es abrogar este arancel para abogados de Hidalgo, promulgado el 24 de abril de 1942, debido a su desactualizaci\u00f3n y falta de congruencia con las realidades econ\u00f3micas, sociales y jur\u00eddicas actuales.<\/span><\/p>\n<p><span style=\"font-weight: 400;\">En su posicionamiento, la legisladora explic\u00f3 que se trata de armonizar el marco normativo con los principios constitucionales, la realidad profesional y mejores pr\u00e1cticas del pa\u00eds. <\/span><i><span style=\"font-weight: 400;\">\u201cApostamos a una abogac\u00eda libre, moderna, \u00e9tica y comprometida, no por una abogac\u00eda limitada con tarifas impuestas desde el poder p\u00fablico. Abrogar esta ley es tambi\u00e9n un acto de coherencia institucional\u201d<\/span><\/i><span style=\"font-weight: 400;\">.<\/span><\/p>\n<p><b>Responsabilidad familiar compartida y violencia estructural<\/b><\/p>\n<p><span style=\"font-weight: 400;\">Tambi\u00e9n avalaron con 24 votos a favor, cero en contra y cero abstenciones, el dictamen que aprueba con modificaciones distintas iniciativas que reforman la Ley de Acceso de las Mujeres a una Vida Libre de Violencia para el Estado de Hidalgo, en materia de responsabilidad familiar compartida y reconocimiento de la violencia estructural, emitido por la primera Comisi\u00f3n Permanente de Legislaci\u00f3n y Puntos Constitucionales.<\/span><\/p>\n<p><span style=\"font-weight: 400;\">La legisladora <\/span><b>Diana Rangel Z\u00fa\u00f1iga<\/b><span style=\"font-weight: 400;\"> (Morena) record\u00f3 que la violencia estructural se encuentra instaurada en la sociedad como parte de una malentendida relaci\u00f3n de jerarqu\u00eda y poder que genera un orden de confusi\u00f3n y desequilibrio en la relaci\u00f3n de quien lo ejerce. Adem\u00e1s, consider\u00f3 necesaria la formaci\u00f3n desde edades tempranas sobre la paternidad y maternidad como una decisi\u00f3n libre, responsable e informada.<\/span><\/p>\n<p><b>Fomento a la educaci\u00f3n emocional<\/b><\/p>\n<p><span style=\"font-weight: 400;\">Por otro lado, avalaron con 23 votos a favor, cero en contra y cero abstenciones, el dictamen que aprueba con modificaciones la iniciativa que reforma la Ley de Educaci\u00f3n de Hidalgo, emitido por la primera Comisi\u00f3n Permanente de Legislaci\u00f3n y Puntos Constitucionales.<\/span><\/p>\n<p><span style=\"font-weight: 400;\">La diputada <\/span><b>Johana Montcerrat Hern\u00e1ndez P\u00e9rez<\/b><span style=\"font-weight: 400;\"> (PRI) mencion\u00f3 que esta propuesta busca garantizar la educaci\u00f3n emocional a nivel inicial para complementar el desarrollo cognitivo y social de las y los menores.<\/span><\/p>\n<p><span style=\"font-weight: 400;\">El legislador <\/span><b>Marco Antonio Mendoza Bustamante<\/b><span style=\"font-weight: 400;\"> (PRI) subray\u00f3 que los entornos de educaci\u00f3n en la primera infancia son decisivos para apoyar el desarrollo emocional de las y los ni\u00f1os, ya que, entre otras cosas, les ayuda a construir relaciones s\u00f3lidas, comprender mejor, adem\u00e1s de incrementar su bienestar personal al adquirir conocimientos de manera correcta.<\/span><\/p>\n<p><b>Autonom\u00eda de las personas donantes<\/b><\/p>\n<p><span style=\"font-weight: 400;\">Asimismo, las y los legisladores avalaron con 25 votos a favor, cero en contra y cero abstenciones, el dictamen que aprueba con modificaciones la iniciativa que reforma la Ley que crea el Centro Estatal de Trasplantes de \u00d3rganos, Tejidos y C\u00e9lulas de Seres Humanos para el Estado de Hidalgo, emitido por la primera Comisi\u00f3n Permanente de Legislaci\u00f3n y Puntos Constitucionales.<\/span><\/p>\n<p><span style=\"font-weight: 400;\">El diputado <\/span><b>Avelino Tovar Iglesias<\/b><span style=\"font-weight: 400;\"> (PVEM) recalc\u00f3 que esta modificaci\u00f3n no solo busca mejorar los mecanismos de coordinaci\u00f3n, tambi\u00e9n incrementar la transparencia en el proceso de asignaci\u00f3n de \u00f3rganos, garantizando que m\u00e1s personas reciban el trasplante que necesitan para mejorar sus posibilidades de vida.<\/span><\/p>\n<p><b>Mecanismos para fortalecer las zonas de riego<\/b><\/p>\n<p><span style=\"font-weight: 400;\">Las y los diputados avalaron con 22 votos a favor, cero en contra y cero abstenciones, el dictamen que aprueba con modificaciones la iniciativa que reforma la Ley de Desarrollo Agr\u00edcola Sustentable para el Estado de Hidalgo, emitido por la primera Comisi\u00f3n Permanente de Legislaci\u00f3n y Puntos Constitucionales<\/span><\/p>\n<p><span style=\"font-weight: 400;\">La legisladora <\/span><b>Johana Montcerrat Hern\u00e1ndez P\u00e9rez<\/b><span style=\"font-weight: 400;\"> (PRI) expres\u00f3 que se busca implementar y fortalecer zonas de riego en puntos estrat\u00e9gicos, as\u00ed como exentar del impuesto estatal a las semillas destinadas a los agricultores en Hidalgo, con el objetivo de fomentar la producci\u00f3n agr\u00edcola y mejorar la econom\u00eda local.<\/span><\/p>\n<p><b>Fortalecimiento de la seguridad vial<\/b><\/p>\n<p><span style=\"font-weight: 400;\">Tambi\u00e9n avalaron con 23 votos a favor, cero en contra y cero abstenciones, el dictamen que aprueba con modificaciones las iniciativas que reforman la Ley de Movilidad y Transporte para el Estado de Hidalgo, emitido por la primera Comisi\u00f3n Permanente de Legislaci\u00f3n y Puntos Constitucionales.<\/span><\/p>\n<p><span style=\"font-weight: 400;\">El diputado <\/span><b>Juan Pablo Escalante Urb\u00e1n<\/b><span style=\"font-weight: 400;\"> (Morena) precis\u00f3 que la iniciativa tiene como objetivo principal fortalecer la seguridad vial y proteger la integridad f\u00edsica y la vida de los ciudadanos, especialmente de los usuarios del transporte p\u00fablico.<\/span><\/p>\n<p><b>Ampliaci\u00f3n de atribuciones a las organizaciones civiles<\/b><\/p>\n<p><span style=\"font-weight: 400;\">Adem\u00e1s, avalaron con 26 votos a favor, cero en contra y cero abstenciones, el dictamen que aprueba con modificaciones la iniciativa que modifica la Ley Estatal de Fomento y Fortalecimiento a las Acciones de las Organizaciones de la Sociedad Civil del Estado de Hidalgo, emitido por la primera Comisi\u00f3n Permanente de Legislaci\u00f3n y Puntos Constitucionales.<\/span><\/p>\n<p><span style=\"font-weight: 400;\">El diputado <\/span><b>Juan Pablo Escalante Urban<\/b><span style=\"font-weight: 400;\"> (Morena) record\u00f3 que la finalidad es fortalecer el marco normativo que regula la promoci\u00f3n y desarrollo de las organizaciones de la sociedad civil en Hidalgo.<\/span><\/p>\n<p><b>Presentaci\u00f3n de informes municipales<\/b><\/p>\n<p><span style=\"font-weight: 400;\">Asimismo, avalaron con 25 votos a favor, cero en contra y cero abstenciones, el dictamen que aprueba con modificaciones la iniciativa que reforma la Constituci\u00f3n Pol\u00edtica del Estado de Hidalgo, en materia de presentaci\u00f3n de informes de presidentes municipales, emitido por la primera Comisi\u00f3n Permanente de Legislaci\u00f3n y Puntos Constitucionales.<\/span><\/p>\n<p><span style=\"font-weight: 400;\">La diputada <\/span><b>Lizbeth Irais Ordaz Islas<\/b><span style=\"font-weight: 400;\"> (Morena) mencion\u00f3 que se pretende dar claridad y certeza jur\u00eddica del periodo en que debe rendirse el \u00faltimo informe sobre el estado que guarda la administraci\u00f3n p\u00fablica municipal.<\/span><\/p>\n<p><b>Acuerdo econ\u00f3mico<\/b><\/p>\n<p><b>Realizaci\u00f3n de licitaciones p\u00fablicas<\/b><\/p>\n<p><span style=\"font-weight: 400;\">Diputadas y diputados integrantes de la <\/span><b>LXVI Legislatura<\/b><span style=\"font-weight: 400;\"> aprobaron con 26 votos a favor, cero en contra y cero abstenciones, el acuerdo econ\u00f3mico por medio del cual el Congreso del Estado de Hidalgo exhorta a los 84 ayuntamientos para que realicen los procedimientos de contrataci\u00f3n previstos en la legislaci\u00f3n secundaria, federal y local, seg\u00fan el origen de los recursos, emitido por la primera Comisi\u00f3n Permanente de Transparencia y Anticorrupci\u00f3n.<\/span><\/p>\n<p><span style=\"font-weight: 400;\">El legislador <\/span><b>Miguel \u00c1ngel Moreno Zamora<\/b><span style=\"font-weight: 400;\"> (Morena) indic\u00f3 que tambi\u00e9n se les solicita priorizar la realizaci\u00f3n de licitaciones p\u00fablicas como mecanismo id\u00f3neo para garantizar la transparencia y eficiencia en la contrataci\u00f3n de bienes y servicios, as\u00ed como en materia de obra p\u00fablica y servicios relacionados.<\/span><\/p>\n<p><b>Iniciativas<\/b><\/p>\n<p><b>Innovaci\u00f3n, emprendimiento y fortalecimiento al desarrollo cient\u00edfico<\/b><\/p>\n<p><span style=\"font-weight: 400;\">La diputada <\/span><b>Paloma Barrag\u00e1n Santos<\/b><span style=\"font-weight: 400;\"> (Morena) present\u00f3 la iniciativa que reforma la Ley de Fomento y Promoci\u00f3n al Emprendimiento de Hidalgo, con el fin de impulsar acciones que fortalezcan el emprendimiento en sus diferentes enfoques, facilitar la transferencia de tecnolog\u00eda, crear una red de mentor\u00edas, una plataforma para vincular a las personas emprendedoras y el Premio Estatal al Emprendimiento, como una serie de medidas e instrumentos para incentivar a las personas que crean y participan en proyectos innovadores, sobre todo en etapas escolares.<\/span><\/p>\n<p><b>Cuidado del agua y protecci\u00f3n de recursos<\/b><\/p>\n<p><span style=\"font-weight: 400;\">El diputado <\/span><b>Juli\u00e1n Nochebuena Hern\u00e1ndez<\/b><span style=\"font-weight: 400;\"> (Morena) detall\u00f3 la iniciativa que modifica la Ley para la Protecci\u00f3n al Ambiente del Estado de Hidalgo para que la Secretar\u00eda de Medio Ambiente supervise a los municipios sobre el cuidado del agua con el fin de garantizar el acceso, la calidad y la protecci\u00f3n de los recursos h\u00eddricos.<\/span><\/p>\n<p><b>Vida digna para la juventud<\/b><\/p>\n<p><span style=\"font-weight: 400;\">El legislador <\/span><b>Marco Antonio Mendoza Bustamante<\/b><span style=\"font-weight: 400;\"> (PRI) present\u00f3 la iniciativa que reforma la Ley de Derechos de las Personas J\u00f3venes del Estado de Hidalgo, en materia de vida digna de los j\u00f3venes, especialmente los del medio rural, para asegurar su desarrollo integral, su participaci\u00f3n en la sociedad y contribuci\u00f3n a la construcci\u00f3n de un futuro sostenible.<\/span><\/p>\n<p><b>Fortalecimiento de la atenci\u00f3n materno-infantil<\/b><\/p>\n<p><span style=\"font-weight: 400;\">La diputada <\/span><b>Mar\u00eda Guadalupe Cruz Monta\u00f1o<\/b><span style=\"font-weight: 400;\"> y el diputado <\/span><b>Avelino Tovar Iglesias<\/b><span style=\"font-weight: 400;\"> (PVEM) propusieron la iniciativa que modifica la Ley de Salud para el Estado de Hidalgo, con el fin de fortalecer la atenci\u00f3n materno-infantil, incorporando medidas que provean entornos seguros, accesibles y dignos para madres, padres y personas cuidadoras, tanto en espacios p\u00fablicos como laborales.<\/span><\/p>\n<p><b>Asuntos generales<\/b><\/p>\n<p><b>Restauraci\u00f3n ecol\u00f3gica de presa Endh\u00f3<\/b><\/p>\n<p><span style=\"font-weight: 400;\">Las diputadas <\/span><b>Diana Rangel Z\u00fa\u00f1iga<\/b><span style=\"font-weight: 400;\">,<\/span><b> Alma Rosa El\u00edas Paso<\/b><span style=\"font-weight: 400;\"> y los diputados <\/span><b>Jos\u00e9 Luis Rodr\u00edguez Higareda<\/b><span style=\"font-weight: 400;\">,<\/span><b> Aldo Meza Hern\u00e1ndez <\/b><span style=\"font-weight: 400;\">(Morena), <\/span><b>Avelino Tovar Iglesias<\/b><span style=\"font-weight: 400;\"> (PVEM), <\/span><b>Carlos Alejandro Alc\u00e1ntara Carbajal<\/b><span style=\"font-weight: 400;\"> (MC), <\/span><b>Leonel Perusqu\u00eda Muedano<\/b><span style=\"font-weight: 400;\"> (PRD) y <\/span><b>Francisco Javier T\u00e9llez S\u00e1nchez<\/b><span style=\"font-weight: 400;\"> (PT), propusieron el acuerdo econ\u00f3mico por el que se exhorta a la titular de la Secretar\u00eda de Medio Ambiente y Recursos Naturales de Hidalgo, para que en el marco de la restauraci\u00f3n ecol\u00f3gica del \u00e1rea de influencia de la presa Endh\u00f3, se lleven a cabo acciones de informaci\u00f3n, capacitaci\u00f3n y sensibilizaci\u00f3n dirigidas a los servidores p\u00fablicos de los municipios de Atitalaquia, Atotonilco de Tula, Tepeji del R\u00edo, Tepetitl\u00e1n, Tezontepec de Aldama, Tlahuelilpan, Tlaxcoapan y Tula de Allende.<\/span><\/p>\n<p><b>Sistema de Notificaciones Electr\u00f3nicas Judiciales<\/b><\/p>\n<p><span style=\"font-weight: 400;\">La legisladora <\/span><b>Karla Perales Arrieta<\/b><span style=\"font-weight: 400;\"> y el legislador <\/span><b>Carlos Alejandro Alc\u00e1ntara Carbajal<\/b><span style=\"font-weight: 400;\"> (MC) propusieron el acuerdo econ\u00f3mico por el que se exhorta al Poder Judicial del Estado de Hidalgo, a trav\u00e9s del Consejo de la Judicatura, para que con el uso de las atribuciones legales conferidas y la disponibilidad presupuestal, se capacite al personal a cargo de las notificaciones judiciales y se vigile que dicho personal haga uso del Sistema de Notificaciones Electr\u00f3nicas Judiciales en atenci\u00f3n a quienes as\u00ed lo soliciten.<\/span><\/p>\n","protected":false},"excerpt":{"rendered":"<p>En sesi\u00f3n ordinaria, diputadas y diputados integrantes de la LXVI Legislatura avalaron con 26 votos a favor, cero en contra y cero abstenciones, el dictamen que aprueba la iniciativa por la que se abroga el arancel para abogados del estado de Hidalgo, emitido por la primera Comisi\u00f3n Permanente de Legislaci\u00f3n y Puntos Constitucionales. La diputada<\/p>\n","protected":false},"author":2,"featured_media":4546,"comment_status":"open","ping_status":"open","sticky":false,"template":"","format":"standard","meta":{"footnotes":""},"categories":[31,44,39],"tags":[62],"class_list":{"0":"post-4545","1":"post","2":"type-post","3":"status-publish","4":"format-standard","5":"has-post-thumbnail","7":"category-hidalgo","8":"category-minuto-a-minuto","9":"category-politica","10":"tag-congreso-de-hidalgo"},"yoast_head":"<!-- This site is optimized with the Yoast SEO plugin v26.1.1 - https:\/\/yoast.com\/wordpress\/plugins\/seo\/ -->\n<title>Con dictamen, legisladores abrogan arancel para abogados del estado - El Cardinal<\/title>\n<meta name=\"robots\" content=\"index, follow, max-snippet:-1, max-image-preview:large, max-video-preview:-1\" \/>\n<link rel=\"canonical\" href=\"https:\/\/elcardinal.com\/?p=4545\" \/>\n<meta property=\"og:locale\" content=\"es_MX\" \/>\n<meta property=\"og:type\" content=\"article\" \/>\n<meta property=\"og:title\" content=\"Con dictamen, legisladores abrogan arancel para abogados del estado - El Cardinal\" \/>\n<meta property=\"og:description\" content=\"En sesi\u00f3n ordinaria, diputadas y diputados integrantes de la LXVI Legislatura avalaron con 26 votos a favor, cero en contra y cero abstenciones, el dictamen que aprueba la iniciativa por la que se abroga el arancel para abogados del estado de Hidalgo, emitido por la primera Comisi\u00f3n Permanente de Legislaci\u00f3n y Puntos Constitucionales. La diputada\" \/>\n<meta property=\"og:url\" content=\"https:\/\/elcardinal.com\/?p=4545\" \/>\n<meta property=\"og:site_name\" content=\"El Cardinal\" \/>\n<meta property=\"article:publisher\" content=\"https:\/\/www.facebook.com\/profile.php?id=100063093107011\" \/>\n<meta property=\"article:published_time\" content=\"2025-05-20T22:02:28+00:00\" \/>\n<meta property=\"og:image\" content=\"https:\/\/elcardinal.com\/wp-content\/uploads\/2025\/05\/Sesion-20.05.2025-Ordinaria-2.jpg\" \/>\n\t<meta property=\"og:image:width\" content=\"2400\" \/>\n\t<meta property=\"og:image:height\" content=\"1600\" \/>\n\t<meta property=\"og:image:type\" content=\"image\/jpeg\" \/>\n<meta name=\"author\" content=\"Antonio Alcaraz\" \/>\n<meta name=\"twitter:card\" content=\"summary_large_image\" \/>\n<meta name=\"twitter:creator\" content=\"@ElCardinal_Mx\" \/>\n<meta name=\"twitter:site\" content=\"@ElCardinal_Mx\" \/>\n<meta name=\"twitter:label1\" content=\"Escrito por\" \/>\n\t<meta name=\"twitter:data1\" content=\"Antonio Alcaraz\" \/>\n\t<meta name=\"twitter:label2\" content=\"Tiempo de lectura\" \/>\n\t<meta name=\"twitter:data2\" content=\"8 minutos\" \/>\n<script type=\"application\/ld+json\" class=\"yoast-schema-graph\">{\"@context\":\"https:\/\/schema.org\",\"@graph\":[{\"@type\":\"Article\",\"@id\":\"https:\/\/elcardinal.com\/?p=4545#article\",\"isPartOf\":{\"@id\":\"https:\/\/elcardinal.com\/?p=4545\"},\"author\":{\"name\":\"Antonio Alcaraz\",\"@id\":\"https:\/\/elcardinal.com\/#\/schema\/person\/3c352ec0a33987fe275c0e8a2ea69f8b\"},\"headline\":\"Con dictamen, legisladores abrogan arancel para abogados del estado\",\"datePublished\":\"2025-05-20T22:02:28+00:00\",\"mainEntityOfPage\":{\"@id\":\"https:\/\/elcardinal.com\/?p=4545\"},\"wordCount\":1631,\"commentCount\":0,\"publisher\":{\"@id\":\"https:\/\/elcardinal.com\/#organization\"},\"image\":{\"@id\":\"https:\/\/elcardinal.com\/?p=4545#primaryimage\"},\"thumbnailUrl\":\"https:\/\/elcardinal.com\/wp-content\/uploads\/2025\/05\/Sesion-20.05.2025-Ordinaria-2.jpg\",\"keywords\":[\"Congreso de Hidalgo\"],\"articleSection\":[\"Hidalgo\",\"Minuto a Minuto\",\"Pol\u00edtica\"],\"inLanguage\":\"es\",\"potentialAction\":[{\"@type\":\"CommentAction\",\"name\":\"Comment\",\"target\":[\"https:\/\/elcardinal.com\/?p=4545#respond\"]}]},{\"@type\":\"WebPage\",\"@id\":\"https:\/\/elcardinal.com\/?p=4545\",\"url\":\"https:\/\/elcardinal.com\/?p=4545\",\"name\":\"Con dictamen, legisladores abrogan arancel para abogados del estado - El Cardinal\",\"isPartOf\":{\"@id\":\"https:\/\/elcardinal.com\/#website\"},\"primaryImageOfPage\":{\"@id\":\"https:\/\/elcardinal.com\/?p=4545#primaryimage\"},\"image\":{\"@id\":\"https:\/\/elcardinal.com\/?p=4545#primaryimage\"},\"thumbnailUrl\":\"https:\/\/elcardinal.com\/wp-content\/uploads\/2025\/05\/Sesion-20.05.2025-Ordinaria-2.jpg\",\"datePublished\":\"2025-05-20T22:02:28+00:00\",\"breadcrumb\":{\"@id\":\"https:\/\/elcardinal.com\/?p=4545#breadcrumb\"},\"inLanguage\":\"es\",\"potentialAction\":[{\"@type\":\"ReadAction\",\"target\":[\"https:\/\/elcardinal.com\/?p=4545\"]}]},{\"@type\":\"ImageObject\",\"inLanguage\":\"es\",\"@id\":\"https:\/\/elcardinal.com\/?p=4545#primaryimage\",\"url\":\"https:\/\/elcardinal.com\/wp-content\/uploads\/2025\/05\/Sesion-20.05.2025-Ordinaria-2.jpg\",\"contentUrl\":\"https:\/\/elcardinal.com\/wp-content\/uploads\/2025\/05\/Sesion-20.05.2025-Ordinaria-2.jpg\",\"width\":2400,\"height\":1600,\"caption\":\"CONGRESO_HIDALGO\"},{\"@type\":\"BreadcrumbList\",\"@id\":\"https:\/\/elcardinal.com\/?p=4545#breadcrumb\",\"itemListElement\":[{\"@type\":\"ListItem\",\"position\":1,\"name\":\"Inicio\",\"item\":\"https:\/\/elcardinal.com\/\"},{\"@type\":\"ListItem\",\"position\":2,\"name\":\"Con dictamen, legisladores abrogan arancel para abogados del estado\"}]},{\"@type\":\"WebSite\",\"@id\":\"https:\/\/elcardinal.com\/#website\",\"url\":\"https:\/\/elcardinal.com\/\",\"name\":\"El Cardinal\",\"description\":\"Periodismo honesto, con valor, sentido humano, a veces sarc\u00e1stico y divertido.\",\"publisher\":{\"@id\":\"https:\/\/elcardinal.com\/#organization\"},\"alternateName\":\"El Cardinal Noticias\",\"potentialAction\":[{\"@type\":\"SearchAction\",\"target\":{\"@type\":\"EntryPoint\",\"urlTemplate\":\"https:\/\/elcardinal.com\/?s={search_term_string}\"},\"query-input\":{\"@type\":\"PropertyValueSpecification\",\"valueRequired\":true,\"valueName\":\"search_term_string\"}}],\"inLanguage\":\"es\"},{\"@type\":\"Organization\",\"@id\":\"https:\/\/elcardinal.com\/#organization\",\"name\":\"El Cardinal\",\"url\":\"https:\/\/elcardinal.com\/\",\"logo\":{\"@type\":\"ImageObject\",\"inLanguage\":\"es\",\"@id\":\"https:\/\/elcardinal.com\/#\/schema\/logo\/image\/\",\"url\":\"https:\/\/elcardinal.com\/wp-content\/uploads\/2025\/04\/LOGO-EL-CARDINAL-Periodismo-con-valor.png\",\"contentUrl\":\"https:\/\/elcardinal.com\/wp-content\/uploads\/2025\/04\/LOGO-EL-CARDINAL-Periodismo-con-valor.png\",\"width\":755,\"height\":636,\"caption\":\"El Cardinal\"},\"image\":{\"@id\":\"https:\/\/elcardinal.com\/#\/schema\/logo\/image\/\"},\"sameAs\":[\"https:\/\/www.facebook.com\/profile.php?id=100063093107011\",\"https:\/\/x.com\/ElCardinal_Mx\"]},{\"@type\":\"Person\",\"@id\":\"https:\/\/elcardinal.com\/#\/schema\/person\/3c352ec0a33987fe275c0e8a2ea69f8b\",\"name\":\"Antonio Alcaraz\",\"image\":{\"@type\":\"ImageObject\",\"inLanguage\":\"es\",\"@id\":\"https:\/\/elcardinal.com\/#\/schema\/person\/image\/\",\"url\":\"https:\/\/elcardinal.com\/wp-content\/uploads\/2025\/05\/cropped-TONO-96x96.jpg\",\"contentUrl\":\"https:\/\/elcardinal.com\/wp-content\/uploads\/2025\/05\/cropped-TONO-96x96.jpg\",\"caption\":\"Antonio Alcaraz\"},\"url\":\"https:\/\/elcardinal.com\/?author=2\"}]}<\/script>\n<!-- \/ Yoast SEO plugin. -->","yoast_head_json":{"title":"Con dictamen, legisladores abrogan arancel para abogados del estado - El Cardinal","robots":{"index":"index","follow":"follow","max-snippet":"max-snippet:-1","max-image-preview":"max-image-preview:large","max-video-preview":"max-video-preview:-1"},"canonical":"https:\/\/elcardinal.com\/?p=4545","og_locale":"es_MX","og_type":"article","og_title":"Con dictamen, legisladores abrogan arancel para abogados del estado - El Cardinal","og_description":"En sesi\u00f3n ordinaria, diputadas y diputados integrantes de la LXVI Legislatura avalaron con 26 votos a favor, cero en contra y cero abstenciones, el dictamen que aprueba la iniciativa por la que se abroga el arancel para abogados del estado de Hidalgo, emitido por la primera Comisi\u00f3n Permanente de Legislaci\u00f3n y Puntos Constitucionales. La diputada","og_url":"https:\/\/elcardinal.com\/?p=4545","og_site_name":"El Cardinal","article_publisher":"https:\/\/www.facebook.com\/profile.php?id=100063093107011","article_published_time":"2025-05-20T22:02:28+00:00","og_image":[{"width":2400,"height":1600,"url":"https:\/\/elcardinal.com\/wp-content\/uploads\/2025\/05\/Sesion-20.05.2025-Ordinaria-2.jpg","type":"image\/jpeg"}],"author":"Antonio Alcaraz","twitter_card":"summary_large_image","twitter_creator":"@ElCardinal_Mx","twitter_site":"@ElCardinal_Mx","twitter_misc":{"Escrito por":"Antonio Alcaraz","Tiempo de lectura":"8 minutos"},"schema":{"@context":"https:\/\/schema.org","@graph":[{"@type":"Article","@id":"https:\/\/elcardinal.com\/?p=4545#article","isPartOf":{"@id":"https:\/\/elcardinal.com\/?p=4545"},"author":{"name":"Antonio Alcaraz","@id":"https:\/\/elcardinal.com\/#\/schema\/person\/3c352ec0a33987fe275c0e8a2ea69f8b"},"headline":"Con dictamen, legisladores abrogan arancel para abogados del estado","datePublished":"2025-05-20T22:02:28+00:00","mainEntityOfPage":{"@id":"https:\/\/elcardinal.com\/?p=4545"},"wordCount":1631,"commentCount":0,"publisher":{"@id":"https:\/\/elcardinal.com\/#organization"},"image":{"@id":"https:\/\/elcardinal.com\/?p=4545#primaryimage"},"thumbnailUrl":"https:\/\/elcardinal.com\/wp-content\/uploads\/2025\/05\/Sesion-20.05.2025-Ordinaria-2.jpg","keywords":["Congreso de Hidalgo"],"articleSection":["Hidalgo","Minuto a Minuto","Pol\u00edtica"],"inLanguage":"es","potentialAction":[{"@type":"CommentAction","name":"Comment","target":["https:\/\/elcardinal.com\/?p=4545#respond"]}]},{"@type":"WebPage","@id":"https:\/\/elcardinal.com\/?p=4545","url":"https:\/\/elcardinal.com\/?p=4545","name":"Con dictamen, legisladores abrogan arancel para abogados del estado - El Cardinal","isPartOf":{"@id":"https:\/\/elcardinal.com\/#website"},"primaryImageOfPage":{"@id":"https:\/\/elcardinal.com\/?p=4545#primaryimage"},"image":{"@id":"https:\/\/elcardinal.com\/?p=4545#primaryimage"},"thumbnailUrl":"https:\/\/elcardinal.com\/wp-content\/uploads\/2025\/05\/Sesion-20.05.2025-Ordinaria-2.jpg","datePublished":"2025-05-20T22:02:28+00:00","breadcrumb":{"@id":"https:\/\/elcardinal.com\/?p=4545#breadcrumb"},"inLanguage":"es","potentialAction":[{"@type":"ReadAction","target":["https:\/\/elcardinal.com\/?p=4545"]}]},{"@type":"ImageObject","inLanguage":"es","@id":"https:\/\/elcardinal.com\/?p=4545#primaryimage","url":"https:\/\/elcardinal.com\/wp-content\/uploads\/2025\/05\/Sesion-20.05.2025-Ordinaria-2.jpg","contentUrl":"https:\/\/elcardinal.com\/wp-content\/uploads\/2025\/05\/Sesion-20.05.2025-Ordinaria-2.jpg","width":2400,"height":1600,"caption":"CONGRESO_HIDALGO"},{"@type":"BreadcrumbList","@id":"https:\/\/elcardinal.com\/?p=4545#breadcrumb","itemListElement":[{"@type":"ListItem","position":1,"name":"Inicio","item":"https:\/\/elcardinal.com\/"},{"@type":"ListItem","position":2,"name":"Con dictamen, legisladores abrogan arancel para abogados del estado"}]},{"@type":"WebSite","@id":"https:\/\/elcardinal.com\/#website","url":"https:\/\/elcardinal.com\/","name":"El Cardinal","description":"Periodismo honesto, con valor, sentido humano, a veces sarc\u00e1stico y divertido.","publisher":{"@id":"https:\/\/elcardinal.com\/#organization"},"alternateName":"El Cardinal Noticias","potentialAction":[{"@type":"SearchAction","target":{"@type":"EntryPoint","urlTemplate":"https:\/\/elcardinal.com\/?s={search_term_string}"},"query-input":{"@type":"PropertyValueSpecification","valueRequired":true,"valueName":"search_term_string"}}],"inLanguage":"es"},{"@type":"Organization","@id":"https:\/\/elcardinal.com\/#organization","name":"El Cardinal","url":"https:\/\/elcardinal.com\/","logo":{"@type":"ImageObject","inLanguage":"es","@id":"https:\/\/elcardinal.com\/#\/schema\/logo\/image\/","url":"https:\/\/elcardinal.com\/wp-content\/uploads\/2025\/04\/LOGO-EL-CARDINAL-Periodismo-con-valor.png","contentUrl":"https:\/\/elcardinal.com\/wp-content\/uploads\/2025\/04\/LOGO-EL-CARDINAL-Periodismo-con-valor.png","width":755,"height":636,"caption":"El Cardinal"},"image":{"@id":"https:\/\/elcardinal.com\/#\/schema\/logo\/image\/"},"sameAs":["https:\/\/www.facebook.com\/profile.php?id=100063093107011","https:\/\/x.com\/ElCardinal_Mx"]},{"@type":"Person","@id":"https:\/\/elcardinal.com\/#\/schema\/person\/3c352ec0a33987fe275c0e8a2ea69f8b","name":"Antonio Alcaraz","image":{"@type":"ImageObject","inLanguage":"es","@id":"https:\/\/elcardinal.com\/#\/schema\/person\/image\/","url":"https:\/\/elcardinal.com\/wp-content\/uploads\/2025\/05\/cropped-TONO-96x96.jpg","contentUrl":"https:\/\/elcardinal.com\/wp-content\/uploads\/2025\/05\/cropped-TONO-96x96.jpg","caption":"Antonio Alcaraz"},"url":"https:\/\/elcardinal.com\/?author=2"}]}},"_links":{"self":[{"href":"https:\/\/elcardinal.com\/index.php?rest_route=\/wp\/v2\/posts\/4545","targetHints":{"allow":["GET"]}}],"collection":[{"href":"https:\/\/elcardinal.com\/index.php?rest_route=\/wp\/v2\/posts"}],"about":[{"href":"https:\/\/elcardinal.com\/index.php?rest_route=\/wp\/v2\/types\/post"}],"author":[{"embeddable":true,"href":"https:\/\/elcardinal.com\/index.php?rest_route=\/wp\/v2\/users\/2"}],"replies":[{"embeddable":true,"href":"https:\/\/elcardinal.com\/index.php?rest_route=%2Fwp%2Fv2%2Fcomments&post=4545"}],"version-history":[{"count":1,"href":"https:\/\/elcardinal.com\/index.php?rest_route=\/wp\/v2\/posts\/4545\/revisions"}],"predecessor-version":[{"id":4547,"href":"https:\/\/elcardinal.com\/index.php?rest_route=\/wp\/v2\/posts\/4545\/revisions\/4547"}],"wp:featuredmedia":[{"embeddable":true,"href":"https:\/\/elcardinal.com\/index.php?rest_route=\/wp\/v2\/media\/4546"}],"wp:attachment":[{"href":"https:\/\/elcardinal.com\/index.php?rest_route=%2Fwp%2Fv2%2Fmedia&parent=4545"}],"wp:term":[{"taxonomy":"category","embeddable":true,"href":"https:\/\/elcardinal.com\/index.php?rest_route=%2Fwp%2Fv2%2Fcategories&post=4545"},{"taxonomy":"post_tag","embeddable":true,"href":"https:\/\/elcardinal.com\/index.php?rest_route=%2Fwp%2Fv2%2Ftags&post=4545"}],"curies":[{"name":"wp","href":"https:\/\/api.w.org\/{rel}","templated":true}]}}