{"id":4558,"date":"2025-05-22T07:14:25","date_gmt":"2025-05-22T13:14:25","guid":{"rendered":"https:\/\/elcardinal.com\/?p=4558"},"modified":"2025-05-22T07:14:25","modified_gmt":"2025-05-22T13:14:25","slug":"vocablo","status":"publish","type":"post","link":"https:\/\/elcardinal.com\/?p=4558","title":{"rendered":"Vocablo"},"content":{"rendered":"<p>Por: <strong>Tania Mart\u00ednez Su\u00e1rez<\/strong><\/p>\n<p><em>La palabra es alegor\u00eda, lenguaje, voz, expresi\u00f3n y verbo.<\/em><\/p>\n<p>La palabra escrita nace en la mente de quien la escribe, reverbera en el sonido\u2026 viaja por el aire y anida en los o\u00eddos de quien escucha. <strong>La palabra cobra vida en la imaginaci\u00f3n y el entendimiento<\/strong> de qui\u00e9n puede descifrar.<\/p>\n<p>La palabra brilla por su ausencia cuando el silencio es la \u00fanica respuesta que puede darse. La palabra cava o nada a contracorriente para hacerse entender o se atrinchera entre las l\u00edneas de textos incomprensibles.<\/p>\n<p>La <strong>palabra ebulle entre las personas<\/strong>, hace rimas con la poes\u00eda, se desata en prosa a galope, encabalgamiento tras encabalgamiento crea universos donde solo hab\u00eda salares a cielo abierto o papel est\u00e9ril e impoluto.<\/p>\n<p>La palabra cae, <strong>gota a gota<\/strong>, piedrita a piedrita es lanzada a la ventana para llamar a la felicidad; prolifera, engendra, resucita las necesidades y las ideas, enaltece o claudica, destruye, s\u00ed, tambi\u00e9n destruye\u2026 en el infundio y la calumnia.<\/p>\n<p>La palabra es un remanso, un sollozo apenas audible pero sereno y presente, pese al letargo florece alg\u00fan d\u00eda, si la dices en voz alta. La palabra traza un camino indexado entre este tiempo, entre el pasado y el futuro, incluso con el tiempo que a\u00fan no podemos imaginar.<\/p>\n<p>La palabra es como los adoquines del parque hermosamente apostados, silenciosos hasta que una parvada de aves les utiliza de comedero o <strong>una parvada de ni\u00f1as pinta<\/strong> un avioncito para saltar\u2026 1, pie derecho, 2, pie derecho, 3, pie derecho, 4 y 5 ambos pies, 6, pie izquierdo, 7, pie izquierdo, 8 pie izquierdo, 9 y 10 ambos pies, giro, vuelve a empezar.<\/p>\n<p>La palabra es la ira que sobreviene a la injusticia, al desencanto de la amistad y la p\u00e9rdida del amor, la palabra precede al olvido lo dibuja y se\u00f1ala para luego darle cabida en el infinito c\u00famulo de soledades. La palabra rompe en llanto como el advenimiento de un reci\u00e9n nacido, como una guerra sorda que el mundo observa en las noticias, pero no escucha.<\/p>\n<p>La palabra es sangre que se traga la tierra, o un arrullo inteligible para los enfermos, la palabra observa, nos observa y es cuidadosa de lo que nos permite ver, la palabra dise\u00f1a nuestro entorno ya que todo lo que existe, antes fue pensado y antes fue nombrado. La palabra se canta, se grita, se rompe y se reconstruye, toma las s\u00edlabas que han sido amputadas y crecen \u00e1rboles enteros de cada una, familias ling\u00fc\u00edsticas y ancestros comunes del lenguaje.<\/p>\n<p>La palabra es el \u00e1pice, es la gloria y la espera. La palabra nos conforma, nos absuelve y nos gu\u00eda, es el camino hacia el vac\u00edo y vac\u00edo mismo; es el \u00e1tico y la mariposa, el bebedero y la grava, el chasquido y las baldosas, el r\u00edo, el concepto del r\u00edo y el sonido del r\u00edo.<\/p>\n<p>La palabra es el ritmo vital, el arcano de la luna, la prisi\u00f3n de la hiedra, el estigma y el r\u00f3balo, la palabra es la brisa sobre la siembra, la paz, la c\u00faspide y el regateo del mercado. La palabra usa los andrajos para camuflarse y libera la risa. La palabra es un ej\u00e9rcito de un solo soldado que se desdobla y cambia el rumbo.<\/p>\n<p>La palabra es la moneda de cambio, es la promesa que hacemos, el valor\u00a0 que asignamos a personas o cosas, la palabra ambiciona de todo, nos da o nos quita todo, pero guarda una alternativa insustituible: enunciarla.<\/p>\n<p>&nbsp;<\/p>\n<p>&nbsp;<\/p>\n","protected":false},"excerpt":{"rendered":"<p>Por: Tania Mart\u00ednez Su\u00e1rez La palabra es alegor\u00eda, lenguaje, voz, expresi\u00f3n y verbo. La palabra escrita nace en la mente de quien la escribe, reverbera en el sonido\u2026 viaja por el aire y anida en los o\u00eddos de quien escucha. La palabra cobra vida en la imaginaci\u00f3n y el entendimiento de qui\u00e9n puede descifrar. La<\/p>\n","protected":false},"author":2,"featured_media":4234,"comment_status":"open","ping_status":"open","sticky":false,"template":"","format":"standard","meta":{"footnotes":""},"categories":[44,35],"tags":[151,163,54,55],"class_list":{"0":"post-4558","1":"post","2":"type-post","3":"status-publish","4":"format-standard","5":"has-post-thumbnail","7":"category-minuto-a-minuto","8":"category-opinion","9":"tag-opinion","10":"tag-palabras","11":"tag-proscrita","12":"tag-tania-martinez-suarez"},"yoast_head":"<!-- This site is optimized with the Yoast SEO plugin v26.1.1 - https:\/\/yoast.com\/wordpress\/plugins\/seo\/ -->\n<title>Vocablo - El Cardinal<\/title>\n<meta name=\"robots\" content=\"index, follow, max-snippet:-1, max-image-preview:large, max-video-preview:-1\" \/>\n<link rel=\"canonical\" href=\"https:\/\/elcardinal.com\/?p=4558\" \/>\n<meta property=\"og:locale\" content=\"es_MX\" \/>\n<meta property=\"og:type\" content=\"article\" \/>\n<meta property=\"og:title\" content=\"Vocablo - El Cardinal\" \/>\n<meta property=\"og:description\" content=\"Por: Tania Mart\u00ednez Su\u00e1rez La palabra es alegor\u00eda, lenguaje, voz, expresi\u00f3n y verbo. La palabra escrita nace en la mente de quien la escribe, reverbera en el sonido\u2026 viaja por el aire y anida en los o\u00eddos de quien escucha. La palabra cobra vida en la imaginaci\u00f3n y el entendimiento de qui\u00e9n puede descifrar. La\" \/>\n<meta property=\"og:url\" content=\"https:\/\/elcardinal.com\/?p=4558\" \/>\n<meta property=\"og:site_name\" content=\"El Cardinal\" \/>\n<meta property=\"article:publisher\" content=\"https:\/\/www.facebook.com\/profile.php?id=100063093107011\" \/>\n<meta property=\"article:published_time\" content=\"2025-05-22T13:14:25+00:00\" \/>\n<meta property=\"og:image\" content=\"https:\/\/elcardinal.com\/wp-content\/uploads\/2025\/04\/Semillas-Esterales.png\" \/>\n\t<meta property=\"og:image:width\" content=\"940\" \/>\n\t<meta property=\"og:image:height\" content=\"788\" \/>\n\t<meta property=\"og:image:type\" content=\"image\/png\" \/>\n<meta name=\"author\" content=\"Antonio Alcaraz\" \/>\n<meta name=\"twitter:card\" content=\"summary_large_image\" \/>\n<meta name=\"twitter:creator\" content=\"@ElCardinal_Mx\" \/>\n<meta name=\"twitter:site\" content=\"@ElCardinal_Mx\" \/>\n<meta name=\"twitter:label1\" content=\"Escrito por\" \/>\n\t<meta name=\"twitter:data1\" content=\"Antonio Alcaraz\" \/>\n\t<meta name=\"twitter:label2\" content=\"Tiempo de lectura\" \/>\n\t<meta name=\"twitter:data2\" content=\"3 minutos\" \/>\n<script type=\"application\/ld+json\" class=\"yoast-schema-graph\">{\"@context\":\"https:\/\/schema.org\",\"@graph\":[{\"@type\":\"Article\",\"@id\":\"https:\/\/elcardinal.com\/?p=4558#article\",\"isPartOf\":{\"@id\":\"https:\/\/elcardinal.com\/?p=4558\"},\"author\":{\"name\":\"Antonio Alcaraz\",\"@id\":\"https:\/\/elcardinal.com\/#\/schema\/person\/3c352ec0a33987fe275c0e8a2ea69f8b\"},\"headline\":\"Vocablo\",\"datePublished\":\"2025-05-22T13:14:25+00:00\",\"mainEntityOfPage\":{\"@id\":\"https:\/\/elcardinal.com\/?p=4558\"},\"wordCount\":604,\"commentCount\":0,\"publisher\":{\"@id\":\"https:\/\/elcardinal.com\/#organization\"},\"image\":{\"@id\":\"https:\/\/elcardinal.com\/?p=4558#primaryimage\"},\"thumbnailUrl\":\"https:\/\/elcardinal.com\/wp-content\/uploads\/2025\/04\/Semillas-Esterales.png\",\"keywords\":[\"Opini\u00f3n\",\"Palabras\",\"Proscrita\",\"Tania Mart\u00ednez Su\u00e1rez\"],\"articleSection\":[\"Minuto a Minuto\",\"Opini\u00f3n\"],\"inLanguage\":\"es\",\"potentialAction\":[{\"@type\":\"CommentAction\",\"name\":\"Comment\",\"target\":[\"https:\/\/elcardinal.com\/?p=4558#respond\"]}]},{\"@type\":\"WebPage\",\"@id\":\"https:\/\/elcardinal.com\/?p=4558\",\"url\":\"https:\/\/elcardinal.com\/?p=4558\",\"name\":\"Vocablo - El Cardinal\",\"isPartOf\":{\"@id\":\"https:\/\/elcardinal.com\/#website\"},\"primaryImageOfPage\":{\"@id\":\"https:\/\/elcardinal.com\/?p=4558#primaryimage\"},\"image\":{\"@id\":\"https:\/\/elcardinal.com\/?p=4558#primaryimage\"},\"thumbnailUrl\":\"https:\/\/elcardinal.com\/wp-content\/uploads\/2025\/04\/Semillas-Esterales.png\",\"datePublished\":\"2025-05-22T13:14:25+00:00\",\"breadcrumb\":{\"@id\":\"https:\/\/elcardinal.com\/?p=4558#breadcrumb\"},\"inLanguage\":\"es\",\"potentialAction\":[{\"@type\":\"ReadAction\",\"target\":[\"https:\/\/elcardinal.com\/?p=4558\"]}]},{\"@type\":\"ImageObject\",\"inLanguage\":\"es\",\"@id\":\"https:\/\/elcardinal.com\/?p=4558#primaryimage\",\"url\":\"https:\/\/elcardinal.com\/wp-content\/uploads\/2025\/04\/Semillas-Esterales.png\",\"contentUrl\":\"https:\/\/elcardinal.com\/wp-content\/uploads\/2025\/04\/Semillas-Esterales.png\",\"width\":940,\"height\":788},{\"@type\":\"BreadcrumbList\",\"@id\":\"https:\/\/elcardinal.com\/?p=4558#breadcrumb\",\"itemListElement\":[{\"@type\":\"ListItem\",\"position\":1,\"name\":\"Inicio\",\"item\":\"https:\/\/elcardinal.com\/\"},{\"@type\":\"ListItem\",\"position\":2,\"name\":\"Vocablo\"}]},{\"@type\":\"WebSite\",\"@id\":\"https:\/\/elcardinal.com\/#website\",\"url\":\"https:\/\/elcardinal.com\/\",\"name\":\"El Cardinal\",\"description\":\"Periodismo honesto, con valor, sentido humano, a veces sarc\u00e1stico y divertido.\",\"publisher\":{\"@id\":\"https:\/\/elcardinal.com\/#organization\"},\"alternateName\":\"El Cardinal Noticias\",\"potentialAction\":[{\"@type\":\"SearchAction\",\"target\":{\"@type\":\"EntryPoint\",\"urlTemplate\":\"https:\/\/elcardinal.com\/?s={search_term_string}\"},\"query-input\":{\"@type\":\"PropertyValueSpecification\",\"valueRequired\":true,\"valueName\":\"search_term_string\"}}],\"inLanguage\":\"es\"},{\"@type\":\"Organization\",\"@id\":\"https:\/\/elcardinal.com\/#organization\",\"name\":\"El Cardinal\",\"url\":\"https:\/\/elcardinal.com\/\",\"logo\":{\"@type\":\"ImageObject\",\"inLanguage\":\"es\",\"@id\":\"https:\/\/elcardinal.com\/#\/schema\/logo\/image\/\",\"url\":\"https:\/\/elcardinal.com\/wp-content\/uploads\/2025\/04\/LOGO-EL-CARDINAL-Periodismo-con-valor.png\",\"contentUrl\":\"https:\/\/elcardinal.com\/wp-content\/uploads\/2025\/04\/LOGO-EL-CARDINAL-Periodismo-con-valor.png\",\"width\":755,\"height\":636,\"caption\":\"El Cardinal\"},\"image\":{\"@id\":\"https:\/\/elcardinal.com\/#\/schema\/logo\/image\/\"},\"sameAs\":[\"https:\/\/www.facebook.com\/profile.php?id=100063093107011\",\"https:\/\/x.com\/ElCardinal_Mx\"]},{\"@type\":\"Person\",\"@id\":\"https:\/\/elcardinal.com\/#\/schema\/person\/3c352ec0a33987fe275c0e8a2ea69f8b\",\"name\":\"Antonio Alcaraz\",\"image\":{\"@type\":\"ImageObject\",\"inLanguage\":\"es\",\"@id\":\"https:\/\/elcardinal.com\/#\/schema\/person\/image\/\",\"url\":\"https:\/\/elcardinal.com\/wp-content\/uploads\/2025\/05\/cropped-TONO-96x96.jpg\",\"contentUrl\":\"https:\/\/elcardinal.com\/wp-content\/uploads\/2025\/05\/cropped-TONO-96x96.jpg\",\"caption\":\"Antonio Alcaraz\"},\"url\":\"https:\/\/elcardinal.com\/?author=2\"}]}<\/script>\n<!-- \/ Yoast SEO plugin. -->","yoast_head_json":{"title":"Vocablo - El Cardinal","robots":{"index":"index","follow":"follow","max-snippet":"max-snippet:-1","max-image-preview":"max-image-preview:large","max-video-preview":"max-video-preview:-1"},"canonical":"https:\/\/elcardinal.com\/?p=4558","og_locale":"es_MX","og_type":"article","og_title":"Vocablo - El Cardinal","og_description":"Por: Tania Mart\u00ednez Su\u00e1rez La palabra es alegor\u00eda, lenguaje, voz, expresi\u00f3n y verbo. La palabra escrita nace en la mente de quien la escribe, reverbera en el sonido\u2026 viaja por el aire y anida en los o\u00eddos de quien escucha. La palabra cobra vida en la imaginaci\u00f3n y el entendimiento de qui\u00e9n puede descifrar. La","og_url":"https:\/\/elcardinal.com\/?p=4558","og_site_name":"El Cardinal","article_publisher":"https:\/\/www.facebook.com\/profile.php?id=100063093107011","article_published_time":"2025-05-22T13:14:25+00:00","og_image":[{"width":940,"height":788,"url":"https:\/\/elcardinal.com\/wp-content\/uploads\/2025\/04\/Semillas-Esterales.png","type":"image\/png"}],"author":"Antonio Alcaraz","twitter_card":"summary_large_image","twitter_creator":"@ElCardinal_Mx","twitter_site":"@ElCardinal_Mx","twitter_misc":{"Escrito por":"Antonio Alcaraz","Tiempo de lectura":"3 minutos"},"schema":{"@context":"https:\/\/schema.org","@graph":[{"@type":"Article","@id":"https:\/\/elcardinal.com\/?p=4558#article","isPartOf":{"@id":"https:\/\/elcardinal.com\/?p=4558"},"author":{"name":"Antonio Alcaraz","@id":"https:\/\/elcardinal.com\/#\/schema\/person\/3c352ec0a33987fe275c0e8a2ea69f8b"},"headline":"Vocablo","datePublished":"2025-05-22T13:14:25+00:00","mainEntityOfPage":{"@id":"https:\/\/elcardinal.com\/?p=4558"},"wordCount":604,"commentCount":0,"publisher":{"@id":"https:\/\/elcardinal.com\/#organization"},"image":{"@id":"https:\/\/elcardinal.com\/?p=4558#primaryimage"},"thumbnailUrl":"https:\/\/elcardinal.com\/wp-content\/uploads\/2025\/04\/Semillas-Esterales.png","keywords":["Opini\u00f3n","Palabras","Proscrita","Tania Mart\u00ednez Su\u00e1rez"],"articleSection":["Minuto a Minuto","Opini\u00f3n"],"inLanguage":"es","potentialAction":[{"@type":"CommentAction","name":"Comment","target":["https:\/\/elcardinal.com\/?p=4558#respond"]}]},{"@type":"WebPage","@id":"https:\/\/elcardinal.com\/?p=4558","url":"https:\/\/elcardinal.com\/?p=4558","name":"Vocablo - El Cardinal","isPartOf":{"@id":"https:\/\/elcardinal.com\/#website"},"primaryImageOfPage":{"@id":"https:\/\/elcardinal.com\/?p=4558#primaryimage"},"image":{"@id":"https:\/\/elcardinal.com\/?p=4558#primaryimage"},"thumbnailUrl":"https:\/\/elcardinal.com\/wp-content\/uploads\/2025\/04\/Semillas-Esterales.png","datePublished":"2025-05-22T13:14:25+00:00","breadcrumb":{"@id":"https:\/\/elcardinal.com\/?p=4558#breadcrumb"},"inLanguage":"es","potentialAction":[{"@type":"ReadAction","target":["https:\/\/elcardinal.com\/?p=4558"]}]},{"@type":"ImageObject","inLanguage":"es","@id":"https:\/\/elcardinal.com\/?p=4558#primaryimage","url":"https:\/\/elcardinal.com\/wp-content\/uploads\/2025\/04\/Semillas-Esterales.png","contentUrl":"https:\/\/elcardinal.com\/wp-content\/uploads\/2025\/04\/Semillas-Esterales.png","width":940,"height":788},{"@type":"BreadcrumbList","@id":"https:\/\/elcardinal.com\/?p=4558#breadcrumb","itemListElement":[{"@type":"ListItem","position":1,"name":"Inicio","item":"https:\/\/elcardinal.com\/"},{"@type":"ListItem","position":2,"name":"Vocablo"}]},{"@type":"WebSite","@id":"https:\/\/elcardinal.com\/#website","url":"https:\/\/elcardinal.com\/","name":"El Cardinal","description":"Periodismo honesto, con valor, sentido humano, a veces sarc\u00e1stico y divertido.","publisher":{"@id":"https:\/\/elcardinal.com\/#organization"},"alternateName":"El Cardinal Noticias","potentialAction":[{"@type":"SearchAction","target":{"@type":"EntryPoint","urlTemplate":"https:\/\/elcardinal.com\/?s={search_term_string}"},"query-input":{"@type":"PropertyValueSpecification","valueRequired":true,"valueName":"search_term_string"}}],"inLanguage":"es"},{"@type":"Organization","@id":"https:\/\/elcardinal.com\/#organization","name":"El Cardinal","url":"https:\/\/elcardinal.com\/","logo":{"@type":"ImageObject","inLanguage":"es","@id":"https:\/\/elcardinal.com\/#\/schema\/logo\/image\/","url":"https:\/\/elcardinal.com\/wp-content\/uploads\/2025\/04\/LOGO-EL-CARDINAL-Periodismo-con-valor.png","contentUrl":"https:\/\/elcardinal.com\/wp-content\/uploads\/2025\/04\/LOGO-EL-CARDINAL-Periodismo-con-valor.png","width":755,"height":636,"caption":"El Cardinal"},"image":{"@id":"https:\/\/elcardinal.com\/#\/schema\/logo\/image\/"},"sameAs":["https:\/\/www.facebook.com\/profile.php?id=100063093107011","https:\/\/x.com\/ElCardinal_Mx"]},{"@type":"Person","@id":"https:\/\/elcardinal.com\/#\/schema\/person\/3c352ec0a33987fe275c0e8a2ea69f8b","name":"Antonio Alcaraz","image":{"@type":"ImageObject","inLanguage":"es","@id":"https:\/\/elcardinal.com\/#\/schema\/person\/image\/","url":"https:\/\/elcardinal.com\/wp-content\/uploads\/2025\/05\/cropped-TONO-96x96.jpg","contentUrl":"https:\/\/elcardinal.com\/wp-content\/uploads\/2025\/05\/cropped-TONO-96x96.jpg","caption":"Antonio Alcaraz"},"url":"https:\/\/elcardinal.com\/?author=2"}]}},"_links":{"self":[{"href":"https:\/\/elcardinal.com\/index.php?rest_route=\/wp\/v2\/posts\/4558","targetHints":{"allow":["GET"]}}],"collection":[{"href":"https:\/\/elcardinal.com\/index.php?rest_route=\/wp\/v2\/posts"}],"about":[{"href":"https:\/\/elcardinal.com\/index.php?rest_route=\/wp\/v2\/types\/post"}],"author":[{"embeddable":true,"href":"https:\/\/elcardinal.com\/index.php?rest_route=\/wp\/v2\/users\/2"}],"replies":[{"embeddable":true,"href":"https:\/\/elcardinal.com\/index.php?rest_route=%2Fwp%2Fv2%2Fcomments&post=4558"}],"version-history":[{"count":1,"href":"https:\/\/elcardinal.com\/index.php?rest_route=\/wp\/v2\/posts\/4558\/revisions"}],"predecessor-version":[{"id":4559,"href":"https:\/\/elcardinal.com\/index.php?rest_route=\/wp\/v2\/posts\/4558\/revisions\/4559"}],"wp:featuredmedia":[{"embeddable":true,"href":"https:\/\/elcardinal.com\/index.php?rest_route=\/wp\/v2\/media\/4234"}],"wp:attachment":[{"href":"https:\/\/elcardinal.com\/index.php?rest_route=%2Fwp%2Fv2%2Fmedia&parent=4558"}],"wp:term":[{"taxonomy":"category","embeddable":true,"href":"https:\/\/elcardinal.com\/index.php?rest_route=%2Fwp%2Fv2%2Fcategories&post=4558"},{"taxonomy":"post_tag","embeddable":true,"href":"https:\/\/elcardinal.com\/index.php?rest_route=%2Fwp%2Fv2%2Ftags&post=4558"}],"curies":[{"name":"wp","href":"https:\/\/api.w.org\/{rel}","templated":true}]}}