{"id":4560,"date":"2025-05-22T15:09:21","date_gmt":"2025-05-22T21:09:21","guid":{"rendered":"https:\/\/elcardinal.com\/?p=4560"},"modified":"2025-05-22T15:09:21","modified_gmt":"2025-05-22T21:09:21","slug":"a-que-fue-sergio-banos-al-ayuntamiento-spoiler-no-fue-por-nostalgia","status":"publish","type":"post","link":"https:\/\/elcardinal.com\/?p=4560","title":{"rendered":"\u00bfA qu\u00e9 fue Sergio Ba\u00f1os al ayuntamiento? Spoiler: no fue por nostalgia"},"content":{"rendered":"<p>Por: <strong>Jos\u00e9 Antonio Alcaraz Su\u00e1rez<\/strong><\/p>\n<p>PACHUCA, HGO.\u2013 La reciente visita del exalcalde de <strong>Pachuca<\/strong>, <strong>Sergio Ba\u00f1os Rubio<\/strong>, a la presidencia municipal fue, seguramente, para atender observaciones realizadas por la Auditor\u00eda Superior del Estado de Hidalgo (ASEH), inform\u00f3 el presidente municipal <strong>Jorge Alberto Reyes Hern\u00e1ndez.<\/strong><\/p>\n<blockquote><p>&#8220;El d\u00eda de ayer (mi\u00e9rcoles), la Auditor\u00eda Superior del Estado vino a realizar el acto protocolario de entrega de la c\u00e9dula de observaciones al ayuntamiento, correspondientes al ejercicio 2024. Como parte del procedimiento, a la administraci\u00f3n anterior le corresponde responder por el periodo de enero a septiembre&#8221;, explic\u00f3 el edil.<\/p><\/blockquote>\n<p>A\u00f1adi\u00f3 que, si Ba\u00f1os Rubio fue visto en el edificio de gobierno municipal, &#8220;seguramente fue a recoger parte de las observaciones que le competen a su administraci\u00f3n&#8221;.<\/p>\n<p>En cuanto a los detalles de <strong>estas observaciones,<\/strong> el presidente se\u00f1al\u00f3 que corresponden a diversas dependencias y eventos realizados durante el mandato anterior, aunque indic\u00f3 que ser\u00e1 la Secretar\u00eda de Administraci\u00f3n la encargada de dar mayor detalle en los pr\u00f3ximos d\u00edas.<\/p>\n","protected":false},"excerpt":{"rendered":"<p>Por: Jos\u00e9 Antonio Alcaraz Su\u00e1rez PACHUCA, HGO.\u2013 La reciente visita del exalcalde de Pachuca, Sergio Ba\u00f1os Rubio, a la presidencia municipal fue, seguramente, para atender observaciones realizadas por la Auditor\u00eda Superior del Estado de Hidalgo (ASEH), inform\u00f3 el presidente municipal Jorge Alberto Reyes Hern\u00e1ndez. &#8220;El d\u00eda de ayer (mi\u00e9rcoles), la Auditor\u00eda Superior del Estado vino<\/p>\n","protected":false},"author":2,"featured_media":4561,"comment_status":"open","ping_status":"open","sticky":false,"template":"","format":"standard","meta":{"footnotes":""},"categories":[32,44],"tags":[96,65,64],"class_list":{"0":"post-4560","1":"post","2":"type-post","3":"status-publish","4":"format-standard","5":"has-post-thumbnail","7":"category-metropoli","8":"category-minuto-a-minuto","9":"tag-auditoria","10":"tag-pachuca","11":"tag-sergio-banos"},"yoast_head":"<!-- This site is optimized with the Yoast SEO plugin v26.1.1 - https:\/\/yoast.com\/wordpress\/plugins\/seo\/ -->\n<title>\u00bfA qu\u00e9 fue Sergio Ba\u00f1os al ayuntamiento? Spoiler: no fue por nostalgia - El Cardinal<\/title>\n<meta name=\"robots\" content=\"index, follow, max-snippet:-1, max-image-preview:large, max-video-preview:-1\" \/>\n<link rel=\"canonical\" href=\"https:\/\/elcardinal.com\/?p=4560\" \/>\n<meta property=\"og:locale\" content=\"es_MX\" \/>\n<meta property=\"og:type\" content=\"article\" \/>\n<meta property=\"og:title\" content=\"\u00bfA qu\u00e9 fue Sergio Ba\u00f1os al ayuntamiento? Spoiler: no fue por nostalgia - El Cardinal\" \/>\n<meta property=\"og:description\" content=\"Por: Jos\u00e9 Antonio Alcaraz Su\u00e1rez PACHUCA, HGO.\u2013 La reciente visita del exalcalde de Pachuca, Sergio Ba\u00f1os Rubio, a la presidencia municipal fue, seguramente, para atender observaciones realizadas por la Auditor\u00eda Superior del Estado de Hidalgo (ASEH), inform\u00f3 el presidente municipal Jorge Alberto Reyes Hern\u00e1ndez. &#8220;El d\u00eda de ayer (mi\u00e9rcoles), la Auditor\u00eda Superior del Estado vino\" \/>\n<meta property=\"og:url\" content=\"https:\/\/elcardinal.com\/?p=4560\" \/>\n<meta property=\"og:site_name\" content=\"El Cardinal\" \/>\n<meta property=\"article:publisher\" content=\"https:\/\/www.facebook.com\/profile.php?id=100063093107011\" \/>\n<meta property=\"article:published_time\" content=\"2025-05-22T21:09:21+00:00\" \/>\n<meta property=\"og:image\" content=\"https:\/\/elcardinal.com\/wp-content\/uploads\/2025\/05\/150896348_10221851231122828_1350728641762154922_n.jpg\" \/>\n\t<meta property=\"og:image:width\" content=\"1278\" \/>\n\t<meta property=\"og:image:height\" content=\"1278\" \/>\n\t<meta property=\"og:image:type\" content=\"image\/jpeg\" \/>\n<meta name=\"author\" content=\"Antonio Alcaraz\" \/>\n<meta name=\"twitter:card\" content=\"summary_large_image\" \/>\n<meta name=\"twitter:creator\" content=\"@ElCardinal_Mx\" \/>\n<meta name=\"twitter:site\" content=\"@ElCardinal_Mx\" \/>\n<meta name=\"twitter:label1\" content=\"Escrito por\" \/>\n\t<meta name=\"twitter:data1\" content=\"Antonio Alcaraz\" \/>\n\t<meta name=\"twitter:label2\" content=\"Tiempo de lectura\" \/>\n\t<meta name=\"twitter:data2\" content=\"1 minuto\" \/>\n<script type=\"application\/ld+json\" class=\"yoast-schema-graph\">{\"@context\":\"https:\/\/schema.org\",\"@graph\":[{\"@type\":\"Article\",\"@id\":\"https:\/\/elcardinal.com\/?p=4560#article\",\"isPartOf\":{\"@id\":\"https:\/\/elcardinal.com\/?p=4560\"},\"author\":{\"name\":\"Antonio Alcaraz\",\"@id\":\"https:\/\/elcardinal.com\/#\/schema\/person\/3c352ec0a33987fe275c0e8a2ea69f8b\"},\"headline\":\"\u00bfA qu\u00e9 fue Sergio Ba\u00f1os al ayuntamiento? Spoiler: no fue por nostalgia\",\"datePublished\":\"2025-05-22T21:09:21+00:00\",\"mainEntityOfPage\":{\"@id\":\"https:\/\/elcardinal.com\/?p=4560\"},\"wordCount\":191,\"commentCount\":0,\"publisher\":{\"@id\":\"https:\/\/elcardinal.com\/#organization\"},\"image\":{\"@id\":\"https:\/\/elcardinal.com\/?p=4560#primaryimage\"},\"thumbnailUrl\":\"https:\/\/elcardinal.com\/wp-content\/uploads\/2025\/05\/150896348_10221851231122828_1350728641762154922_n.jpg\",\"keywords\":[\"Auditoria\",\"Pachuca\",\"Sergio Ba\u00f1os\"],\"articleSection\":[\"Metr\u00f3poli\",\"Minuto a Minuto\"],\"inLanguage\":\"es\",\"potentialAction\":[{\"@type\":\"CommentAction\",\"name\":\"Comment\",\"target\":[\"https:\/\/elcardinal.com\/?p=4560#respond\"]}]},{\"@type\":\"WebPage\",\"@id\":\"https:\/\/elcardinal.com\/?p=4560\",\"url\":\"https:\/\/elcardinal.com\/?p=4560\",\"name\":\"\u00bfA qu\u00e9 fue Sergio Ba\u00f1os al ayuntamiento? Spoiler: no fue por nostalgia - El Cardinal\",\"isPartOf\":{\"@id\":\"https:\/\/elcardinal.com\/#website\"},\"primaryImageOfPage\":{\"@id\":\"https:\/\/elcardinal.com\/?p=4560#primaryimage\"},\"image\":{\"@id\":\"https:\/\/elcardinal.com\/?p=4560#primaryimage\"},\"thumbnailUrl\":\"https:\/\/elcardinal.com\/wp-content\/uploads\/2025\/05\/150896348_10221851231122828_1350728641762154922_n.jpg\",\"datePublished\":\"2025-05-22T21:09:21+00:00\",\"breadcrumb\":{\"@id\":\"https:\/\/elcardinal.com\/?p=4560#breadcrumb\"},\"inLanguage\":\"es\",\"potentialAction\":[{\"@type\":\"ReadAction\",\"target\":[\"https:\/\/elcardinal.com\/?p=4560\"]}]},{\"@type\":\"ImageObject\",\"inLanguage\":\"es\",\"@id\":\"https:\/\/elcardinal.com\/?p=4560#primaryimage\",\"url\":\"https:\/\/elcardinal.com\/wp-content\/uploads\/2025\/05\/150896348_10221851231122828_1350728641762154922_n.jpg\",\"contentUrl\":\"https:\/\/elcardinal.com\/wp-content\/uploads\/2025\/05\/150896348_10221851231122828_1350728641762154922_n.jpg\",\"width\":1278,\"height\":1278},{\"@type\":\"BreadcrumbList\",\"@id\":\"https:\/\/elcardinal.com\/?p=4560#breadcrumb\",\"itemListElement\":[{\"@type\":\"ListItem\",\"position\":1,\"name\":\"Inicio\",\"item\":\"https:\/\/elcardinal.com\/\"},{\"@type\":\"ListItem\",\"position\":2,\"name\":\"\u00bfA qu\u00e9 fue Sergio Ba\u00f1os al ayuntamiento? Spoiler: no fue por nostalgia\"}]},{\"@type\":\"WebSite\",\"@id\":\"https:\/\/elcardinal.com\/#website\",\"url\":\"https:\/\/elcardinal.com\/\",\"name\":\"El Cardinal\",\"description\":\"Periodismo honesto, con valor, sentido humano, a veces sarc\u00e1stico y divertido.\",\"publisher\":{\"@id\":\"https:\/\/elcardinal.com\/#organization\"},\"alternateName\":\"El Cardinal Noticias\",\"potentialAction\":[{\"@type\":\"SearchAction\",\"target\":{\"@type\":\"EntryPoint\",\"urlTemplate\":\"https:\/\/elcardinal.com\/?s={search_term_string}\"},\"query-input\":{\"@type\":\"PropertyValueSpecification\",\"valueRequired\":true,\"valueName\":\"search_term_string\"}}],\"inLanguage\":\"es\"},{\"@type\":\"Organization\",\"@id\":\"https:\/\/elcardinal.com\/#organization\",\"name\":\"El Cardinal\",\"url\":\"https:\/\/elcardinal.com\/\",\"logo\":{\"@type\":\"ImageObject\",\"inLanguage\":\"es\",\"@id\":\"https:\/\/elcardinal.com\/#\/schema\/logo\/image\/\",\"url\":\"https:\/\/elcardinal.com\/wp-content\/uploads\/2025\/04\/LOGO-EL-CARDINAL-Periodismo-con-valor.png\",\"contentUrl\":\"https:\/\/elcardinal.com\/wp-content\/uploads\/2025\/04\/LOGO-EL-CARDINAL-Periodismo-con-valor.png\",\"width\":755,\"height\":636,\"caption\":\"El Cardinal\"},\"image\":{\"@id\":\"https:\/\/elcardinal.com\/#\/schema\/logo\/image\/\"},\"sameAs\":[\"https:\/\/www.facebook.com\/profile.php?id=100063093107011\",\"https:\/\/x.com\/ElCardinal_Mx\"]},{\"@type\":\"Person\",\"@id\":\"https:\/\/elcardinal.com\/#\/schema\/person\/3c352ec0a33987fe275c0e8a2ea69f8b\",\"name\":\"Antonio Alcaraz\",\"image\":{\"@type\":\"ImageObject\",\"inLanguage\":\"es\",\"@id\":\"https:\/\/elcardinal.com\/#\/schema\/person\/image\/\",\"url\":\"https:\/\/elcardinal.com\/wp-content\/uploads\/2025\/05\/cropped-TONO-96x96.jpg\",\"contentUrl\":\"https:\/\/elcardinal.com\/wp-content\/uploads\/2025\/05\/cropped-TONO-96x96.jpg\",\"caption\":\"Antonio Alcaraz\"},\"url\":\"https:\/\/elcardinal.com\/?author=2\"}]}<\/script>\n<!-- \/ Yoast SEO plugin. -->","yoast_head_json":{"title":"\u00bfA qu\u00e9 fue Sergio Ba\u00f1os al ayuntamiento? Spoiler: no fue por nostalgia - El Cardinal","robots":{"index":"index","follow":"follow","max-snippet":"max-snippet:-1","max-image-preview":"max-image-preview:large","max-video-preview":"max-video-preview:-1"},"canonical":"https:\/\/elcardinal.com\/?p=4560","og_locale":"es_MX","og_type":"article","og_title":"\u00bfA qu\u00e9 fue Sergio Ba\u00f1os al ayuntamiento? Spoiler: no fue por nostalgia - El Cardinal","og_description":"Por: Jos\u00e9 Antonio Alcaraz Su\u00e1rez PACHUCA, HGO.\u2013 La reciente visita del exalcalde de Pachuca, Sergio Ba\u00f1os Rubio, a la presidencia municipal fue, seguramente, para atender observaciones realizadas por la Auditor\u00eda Superior del Estado de Hidalgo (ASEH), inform\u00f3 el presidente municipal Jorge Alberto Reyes Hern\u00e1ndez. &#8220;El d\u00eda de ayer (mi\u00e9rcoles), la Auditor\u00eda Superior del Estado vino","og_url":"https:\/\/elcardinal.com\/?p=4560","og_site_name":"El Cardinal","article_publisher":"https:\/\/www.facebook.com\/profile.php?id=100063093107011","article_published_time":"2025-05-22T21:09:21+00:00","og_image":[{"width":1278,"height":1278,"url":"https:\/\/elcardinal.com\/wp-content\/uploads\/2025\/05\/150896348_10221851231122828_1350728641762154922_n.jpg","type":"image\/jpeg"}],"author":"Antonio Alcaraz","twitter_card":"summary_large_image","twitter_creator":"@ElCardinal_Mx","twitter_site":"@ElCardinal_Mx","twitter_misc":{"Escrito por":"Antonio Alcaraz","Tiempo de lectura":"1 minuto"},"schema":{"@context":"https:\/\/schema.org","@graph":[{"@type":"Article","@id":"https:\/\/elcardinal.com\/?p=4560#article","isPartOf":{"@id":"https:\/\/elcardinal.com\/?p=4560"},"author":{"name":"Antonio Alcaraz","@id":"https:\/\/elcardinal.com\/#\/schema\/person\/3c352ec0a33987fe275c0e8a2ea69f8b"},"headline":"\u00bfA qu\u00e9 fue Sergio Ba\u00f1os al ayuntamiento? Spoiler: no fue por nostalgia","datePublished":"2025-05-22T21:09:21+00:00","mainEntityOfPage":{"@id":"https:\/\/elcardinal.com\/?p=4560"},"wordCount":191,"commentCount":0,"publisher":{"@id":"https:\/\/elcardinal.com\/#organization"},"image":{"@id":"https:\/\/elcardinal.com\/?p=4560#primaryimage"},"thumbnailUrl":"https:\/\/elcardinal.com\/wp-content\/uploads\/2025\/05\/150896348_10221851231122828_1350728641762154922_n.jpg","keywords":["Auditoria","Pachuca","Sergio Ba\u00f1os"],"articleSection":["Metr\u00f3poli","Minuto a Minuto"],"inLanguage":"es","potentialAction":[{"@type":"CommentAction","name":"Comment","target":["https:\/\/elcardinal.com\/?p=4560#respond"]}]},{"@type":"WebPage","@id":"https:\/\/elcardinal.com\/?p=4560","url":"https:\/\/elcardinal.com\/?p=4560","name":"\u00bfA qu\u00e9 fue Sergio Ba\u00f1os al ayuntamiento? Spoiler: no fue por nostalgia - El Cardinal","isPartOf":{"@id":"https:\/\/elcardinal.com\/#website"},"primaryImageOfPage":{"@id":"https:\/\/elcardinal.com\/?p=4560#primaryimage"},"image":{"@id":"https:\/\/elcardinal.com\/?p=4560#primaryimage"},"thumbnailUrl":"https:\/\/elcardinal.com\/wp-content\/uploads\/2025\/05\/150896348_10221851231122828_1350728641762154922_n.jpg","datePublished":"2025-05-22T21:09:21+00:00","breadcrumb":{"@id":"https:\/\/elcardinal.com\/?p=4560#breadcrumb"},"inLanguage":"es","potentialAction":[{"@type":"ReadAction","target":["https:\/\/elcardinal.com\/?p=4560"]}]},{"@type":"ImageObject","inLanguage":"es","@id":"https:\/\/elcardinal.com\/?p=4560#primaryimage","url":"https:\/\/elcardinal.com\/wp-content\/uploads\/2025\/05\/150896348_10221851231122828_1350728641762154922_n.jpg","contentUrl":"https:\/\/elcardinal.com\/wp-content\/uploads\/2025\/05\/150896348_10221851231122828_1350728641762154922_n.jpg","width":1278,"height":1278},{"@type":"BreadcrumbList","@id":"https:\/\/elcardinal.com\/?p=4560#breadcrumb","itemListElement":[{"@type":"ListItem","position":1,"name":"Inicio","item":"https:\/\/elcardinal.com\/"},{"@type":"ListItem","position":2,"name":"\u00bfA qu\u00e9 fue Sergio Ba\u00f1os al ayuntamiento? Spoiler: no fue por nostalgia"}]},{"@type":"WebSite","@id":"https:\/\/elcardinal.com\/#website","url":"https:\/\/elcardinal.com\/","name":"El Cardinal","description":"Periodismo honesto, con valor, sentido humano, a veces sarc\u00e1stico y divertido.","publisher":{"@id":"https:\/\/elcardinal.com\/#organization"},"alternateName":"El Cardinal Noticias","potentialAction":[{"@type":"SearchAction","target":{"@type":"EntryPoint","urlTemplate":"https:\/\/elcardinal.com\/?s={search_term_string}"},"query-input":{"@type":"PropertyValueSpecification","valueRequired":true,"valueName":"search_term_string"}}],"inLanguage":"es"},{"@type":"Organization","@id":"https:\/\/elcardinal.com\/#organization","name":"El Cardinal","url":"https:\/\/elcardinal.com\/","logo":{"@type":"ImageObject","inLanguage":"es","@id":"https:\/\/elcardinal.com\/#\/schema\/logo\/image\/","url":"https:\/\/elcardinal.com\/wp-content\/uploads\/2025\/04\/LOGO-EL-CARDINAL-Periodismo-con-valor.png","contentUrl":"https:\/\/elcardinal.com\/wp-content\/uploads\/2025\/04\/LOGO-EL-CARDINAL-Periodismo-con-valor.png","width":755,"height":636,"caption":"El Cardinal"},"image":{"@id":"https:\/\/elcardinal.com\/#\/schema\/logo\/image\/"},"sameAs":["https:\/\/www.facebook.com\/profile.php?id=100063093107011","https:\/\/x.com\/ElCardinal_Mx"]},{"@type":"Person","@id":"https:\/\/elcardinal.com\/#\/schema\/person\/3c352ec0a33987fe275c0e8a2ea69f8b","name":"Antonio Alcaraz","image":{"@type":"ImageObject","inLanguage":"es","@id":"https:\/\/elcardinal.com\/#\/schema\/person\/image\/","url":"https:\/\/elcardinal.com\/wp-content\/uploads\/2025\/05\/cropped-TONO-96x96.jpg","contentUrl":"https:\/\/elcardinal.com\/wp-content\/uploads\/2025\/05\/cropped-TONO-96x96.jpg","caption":"Antonio Alcaraz"},"url":"https:\/\/elcardinal.com\/?author=2"}]}},"_links":{"self":[{"href":"https:\/\/elcardinal.com\/index.php?rest_route=\/wp\/v2\/posts\/4560","targetHints":{"allow":["GET"]}}],"collection":[{"href":"https:\/\/elcardinal.com\/index.php?rest_route=\/wp\/v2\/posts"}],"about":[{"href":"https:\/\/elcardinal.com\/index.php?rest_route=\/wp\/v2\/types\/post"}],"author":[{"embeddable":true,"href":"https:\/\/elcardinal.com\/index.php?rest_route=\/wp\/v2\/users\/2"}],"replies":[{"embeddable":true,"href":"https:\/\/elcardinal.com\/index.php?rest_route=%2Fwp%2Fv2%2Fcomments&post=4560"}],"version-history":[{"count":1,"href":"https:\/\/elcardinal.com\/index.php?rest_route=\/wp\/v2\/posts\/4560\/revisions"}],"predecessor-version":[{"id":4572,"href":"https:\/\/elcardinal.com\/index.php?rest_route=\/wp\/v2\/posts\/4560\/revisions\/4572"}],"wp:featuredmedia":[{"embeddable":true,"href":"https:\/\/elcardinal.com\/index.php?rest_route=\/wp\/v2\/media\/4561"}],"wp:attachment":[{"href":"https:\/\/elcardinal.com\/index.php?rest_route=%2Fwp%2Fv2%2Fmedia&parent=4560"}],"wp:term":[{"taxonomy":"category","embeddable":true,"href":"https:\/\/elcardinal.com\/index.php?rest_route=%2Fwp%2Fv2%2Fcategories&post=4560"},{"taxonomy":"post_tag","embeddable":true,"href":"https:\/\/elcardinal.com\/index.php?rest_route=%2Fwp%2Fv2%2Ftags&post=4560"}],"curies":[{"name":"wp","href":"https:\/\/api.w.org\/{rel}","templated":true}]}}