{"id":4562,"date":"2025-05-22T14:40:07","date_gmt":"2025-05-22T20:40:07","guid":{"rendered":"https:\/\/elcardinal.com\/?p=4562"},"modified":"2025-05-22T14:40:07","modified_gmt":"2025-05-22T20:40:07","slug":"no-fue-penal-fue-abandono-angel-castaneda-le-saca-la-roja-a-mc","status":"publish","type":"post","link":"https:\/\/elcardinal.com\/?p=4562","title":{"rendered":"No fue penal, fue abandono: \u00c1ngel Casta\u00f1eda le saca la roja a MC"},"content":{"rendered":"<p>Por: Jos\u00e9 Antonio Alcaraz Su\u00e1rez<\/p>\n<p>El regidor capitalino <strong>\u00c1ngel Casta\u00f1eda Maldonado<\/strong>, exfutbolista profesional del Club Pachuca, anunci\u00f3 su renuncia formal a Movimiento Ciudadano tras acusar al partido de perder su esencia ciudadana, marginar la pluralidad interna y anteponer intereses pol\u00edticos por encima de las verdaderas causas sociales.<\/p>\n<p><em>\u201cDejaron de ser un espacio participativo y ciudadano; se llenaron de estructuras, cuidando cotos pol\u00edticos y abandonaron a la ciudadan\u00eda\u201d<\/em>, se\u00f1al\u00f3 Casta\u00f1eda, visiblemente decepcionado, durante una entrevista en la que explic\u00f3 los motivos que lo llevaron a separarse del partido naranja. Afirm\u00f3 que no fue escuchado ni valorado, y que eso le impide seguir perteneciendo a un instituto pol\u00edtico que, seg\u00fan dijo, ya no lo representa.<\/p>\n<p>Aunque evit\u00f3 se\u00f1alar directamente a alg\u00fan dirigente, el regidor lament\u00f3 el trato que recibi\u00f3 dentro del partido. <em>\u201cEstoy triste y decepcionado por c\u00f3mo me trataron. No me siento representado, ni escuchado, ni apoyado. Por eso decid\u00ed hacerme a un lado\u201d,<\/em> expres\u00f3.<\/p>\n<p>Casta\u00f1eda tambi\u00e9n revel\u00f3 que su nombre e informaci\u00f3n personal fueron usados indebidamente por integrantes o simpatizantes del partido, tema que \u2014indic\u00f3\u2014 ya se encuentra en proceso administrativo, aunque no ofreci\u00f3 m\u00e1s detalles por motivos legales.<\/p>\n<blockquote><p>Sobre su futuro pol\u00edtico, neg\u00f3 que tenga definido un acercamiento con <strong>Morena,<\/strong> aunque no ocult\u00f3 su afinidad con algunos de los postulados de la llamada <strong>Cuarta Transformaci\u00f3n<\/strong>. \u201cEstoy de acuerdo en que primero es el pueblo. Hay que rescatar a las familias, apoyar a los j\u00f3venes, al deporte, a la salud mental. En eso s\u00ed coincido con Morena\u201d, declar\u00f3.<\/p><\/blockquote>\n<p>El <strong>exfutbolista<\/strong> aclar\u00f3 que no renunciar\u00e1 a su cargo como regidor, ya que fue electo por votaci\u00f3n y \u2014seg\u00fan \u00e9l\u2014 la ciudadan\u00eda vot\u00f3 por su persona, no por el partido. La carta de renuncia fue presentada el pasado 10 de mayo tanto al dirigente nacional como al coordinador estatal de Movimiento Ciudadano.<\/p>\n<p>\u201cMe ver\u00e1n en las calles, en las colonias, con las familias, trabajando como siempre lo he hecho, de manera desinteresada\u201d, concluy\u00f3.<\/p>\n","protected":false},"excerpt":{"rendered":"<p>Por: Jos\u00e9 Antonio Alcaraz Su\u00e1rez El regidor capitalino \u00c1ngel Casta\u00f1eda Maldonado, exfutbolista profesional del Club Pachuca, anunci\u00f3 su renuncia formal a Movimiento Ciudadano tras acusar al partido de perder su esencia ciudadana, marginar la pluralidad interna y anteponer intereses pol\u00edticos por encima de las verdaderas causas sociales. \u201cDejaron de ser un espacio participativo y ciudadano;<\/p>\n","protected":false},"author":2,"featured_media":4563,"comment_status":"open","ping_status":"open","sticky":false,"template":"","format":"standard","meta":{"footnotes":""},"categories":[32,44],"tags":[164,165,65],"class_list":{"0":"post-4562","1":"post","2":"type-post","3":"status-publish","4":"format-standard","5":"has-post-thumbnail","7":"category-metropoli","8":"category-minuto-a-minuto","9":"tag-angel-castaneda","10":"tag-movimiento-ciudadano","11":"tag-pachuca"},"yoast_head":"<!-- This site is optimized with the Yoast SEO plugin v26.1.1 - https:\/\/yoast.com\/wordpress\/plugins\/seo\/ -->\n<title>No fue penal, fue abandono: \u00c1ngel Casta\u00f1eda le saca la roja a MC - El Cardinal<\/title>\n<meta name=\"robots\" content=\"index, follow, max-snippet:-1, max-image-preview:large, max-video-preview:-1\" \/>\n<link rel=\"canonical\" href=\"https:\/\/elcardinal.com\/?p=4562\" \/>\n<meta property=\"og:locale\" content=\"es_MX\" \/>\n<meta property=\"og:type\" content=\"article\" \/>\n<meta property=\"og:title\" content=\"No fue penal, fue abandono: \u00c1ngel Casta\u00f1eda le saca la roja a MC - El Cardinal\" \/>\n<meta property=\"og:description\" content=\"Por: Jos\u00e9 Antonio Alcaraz Su\u00e1rez El regidor capitalino \u00c1ngel Casta\u00f1eda Maldonado, exfutbolista profesional del Club Pachuca, anunci\u00f3 su renuncia formal a Movimiento Ciudadano tras acusar al partido de perder su esencia ciudadana, marginar la pluralidad interna y anteponer intereses pol\u00edticos por encima de las verdaderas causas sociales. \u201cDejaron de ser un espacio participativo y ciudadano;\" \/>\n<meta property=\"og:url\" content=\"https:\/\/elcardinal.com\/?p=4562\" \/>\n<meta property=\"og:site_name\" content=\"El Cardinal\" \/>\n<meta property=\"article:publisher\" content=\"https:\/\/www.facebook.com\/profile.php?id=100063093107011\" \/>\n<meta property=\"article:published_time\" content=\"2025-05-22T20:40:07+00:00\" \/>\n<meta property=\"og:image\" content=\"https:\/\/elcardinal.com\/wp-content\/uploads\/2025\/05\/WhatsApp-Image-2025-05-22-at-2.37.41-PM.jpeg\" \/>\n\t<meta property=\"og:image:width\" content=\"1600\" \/>\n\t<meta property=\"og:image:height\" content=\"1066\" \/>\n\t<meta property=\"og:image:type\" content=\"image\/jpeg\" \/>\n<meta name=\"author\" content=\"Antonio Alcaraz\" \/>\n<meta name=\"twitter:card\" content=\"summary_large_image\" \/>\n<meta name=\"twitter:creator\" content=\"@ElCardinal_Mx\" \/>\n<meta name=\"twitter:site\" content=\"@ElCardinal_Mx\" \/>\n<meta name=\"twitter:label1\" content=\"Escrito por\" \/>\n\t<meta name=\"twitter:data1\" content=\"Antonio Alcaraz\" \/>\n\t<meta name=\"twitter:label2\" content=\"Tiempo de lectura\" \/>\n\t<meta name=\"twitter:data2\" content=\"2 minutos\" \/>\n<script type=\"application\/ld+json\" class=\"yoast-schema-graph\">{\"@context\":\"https:\/\/schema.org\",\"@graph\":[{\"@type\":\"Article\",\"@id\":\"https:\/\/elcardinal.com\/?p=4562#article\",\"isPartOf\":{\"@id\":\"https:\/\/elcardinal.com\/?p=4562\"},\"author\":{\"name\":\"Antonio Alcaraz\",\"@id\":\"https:\/\/elcardinal.com\/#\/schema\/person\/3c352ec0a33987fe275c0e8a2ea69f8b\"},\"headline\":\"No fue penal, fue abandono: \u00c1ngel Casta\u00f1eda le saca la roja a MC\",\"datePublished\":\"2025-05-22T20:40:07+00:00\",\"mainEntityOfPage\":{\"@id\":\"https:\/\/elcardinal.com\/?p=4562\"},\"wordCount\":357,\"commentCount\":0,\"publisher\":{\"@id\":\"https:\/\/elcardinal.com\/#organization\"},\"image\":{\"@id\":\"https:\/\/elcardinal.com\/?p=4562#primaryimage\"},\"thumbnailUrl\":\"https:\/\/elcardinal.com\/wp-content\/uploads\/2025\/05\/WhatsApp-Image-2025-05-22-at-2.37.41-PM.jpeg\",\"keywords\":[\"\u00c1ngel Casta\u00f1eda\",\"Movimiento Ciudadano\",\"Pachuca\"],\"articleSection\":[\"Metr\u00f3poli\",\"Minuto a Minuto\"],\"inLanguage\":\"es\",\"potentialAction\":[{\"@type\":\"CommentAction\",\"name\":\"Comment\",\"target\":[\"https:\/\/elcardinal.com\/?p=4562#respond\"]}]},{\"@type\":\"WebPage\",\"@id\":\"https:\/\/elcardinal.com\/?p=4562\",\"url\":\"https:\/\/elcardinal.com\/?p=4562\",\"name\":\"No fue penal, fue abandono: \u00c1ngel Casta\u00f1eda le saca la roja a MC - El Cardinal\",\"isPartOf\":{\"@id\":\"https:\/\/elcardinal.com\/#website\"},\"primaryImageOfPage\":{\"@id\":\"https:\/\/elcardinal.com\/?p=4562#primaryimage\"},\"image\":{\"@id\":\"https:\/\/elcardinal.com\/?p=4562#primaryimage\"},\"thumbnailUrl\":\"https:\/\/elcardinal.com\/wp-content\/uploads\/2025\/05\/WhatsApp-Image-2025-05-22-at-2.37.41-PM.jpeg\",\"datePublished\":\"2025-05-22T20:40:07+00:00\",\"breadcrumb\":{\"@id\":\"https:\/\/elcardinal.com\/?p=4562#breadcrumb\"},\"inLanguage\":\"es\",\"potentialAction\":[{\"@type\":\"ReadAction\",\"target\":[\"https:\/\/elcardinal.com\/?p=4562\"]}]},{\"@type\":\"ImageObject\",\"inLanguage\":\"es\",\"@id\":\"https:\/\/elcardinal.com\/?p=4562#primaryimage\",\"url\":\"https:\/\/elcardinal.com\/wp-content\/uploads\/2025\/05\/WhatsApp-Image-2025-05-22-at-2.37.41-PM.jpeg\",\"contentUrl\":\"https:\/\/elcardinal.com\/wp-content\/uploads\/2025\/05\/WhatsApp-Image-2025-05-22-at-2.37.41-PM.jpeg\",\"width\":1600,\"height\":1066},{\"@type\":\"BreadcrumbList\",\"@id\":\"https:\/\/elcardinal.com\/?p=4562#breadcrumb\",\"itemListElement\":[{\"@type\":\"ListItem\",\"position\":1,\"name\":\"Inicio\",\"item\":\"https:\/\/elcardinal.com\/\"},{\"@type\":\"ListItem\",\"position\":2,\"name\":\"No fue penal, fue abandono: \u00c1ngel Casta\u00f1eda le saca la roja a MC\"}]},{\"@type\":\"WebSite\",\"@id\":\"https:\/\/elcardinal.com\/#website\",\"url\":\"https:\/\/elcardinal.com\/\",\"name\":\"El Cardinal\",\"description\":\"Periodismo honesto, con valor, sentido humano, a veces sarc\u00e1stico y divertido.\",\"publisher\":{\"@id\":\"https:\/\/elcardinal.com\/#organization\"},\"alternateName\":\"El Cardinal Noticias\",\"potentialAction\":[{\"@type\":\"SearchAction\",\"target\":{\"@type\":\"EntryPoint\",\"urlTemplate\":\"https:\/\/elcardinal.com\/?s={search_term_string}\"},\"query-input\":{\"@type\":\"PropertyValueSpecification\",\"valueRequired\":true,\"valueName\":\"search_term_string\"}}],\"inLanguage\":\"es\"},{\"@type\":\"Organization\",\"@id\":\"https:\/\/elcardinal.com\/#organization\",\"name\":\"El Cardinal\",\"url\":\"https:\/\/elcardinal.com\/\",\"logo\":{\"@type\":\"ImageObject\",\"inLanguage\":\"es\",\"@id\":\"https:\/\/elcardinal.com\/#\/schema\/logo\/image\/\",\"url\":\"https:\/\/elcardinal.com\/wp-content\/uploads\/2025\/04\/LOGO-EL-CARDINAL-Periodismo-con-valor.png\",\"contentUrl\":\"https:\/\/elcardinal.com\/wp-content\/uploads\/2025\/04\/LOGO-EL-CARDINAL-Periodismo-con-valor.png\",\"width\":755,\"height\":636,\"caption\":\"El Cardinal\"},\"image\":{\"@id\":\"https:\/\/elcardinal.com\/#\/schema\/logo\/image\/\"},\"sameAs\":[\"https:\/\/www.facebook.com\/profile.php?id=100063093107011\",\"https:\/\/x.com\/ElCardinal_Mx\"]},{\"@type\":\"Person\",\"@id\":\"https:\/\/elcardinal.com\/#\/schema\/person\/3c352ec0a33987fe275c0e8a2ea69f8b\",\"name\":\"Antonio Alcaraz\",\"image\":{\"@type\":\"ImageObject\",\"inLanguage\":\"es\",\"@id\":\"https:\/\/elcardinal.com\/#\/schema\/person\/image\/\",\"url\":\"https:\/\/elcardinal.com\/wp-content\/uploads\/2025\/05\/cropped-TONO-96x96.jpg\",\"contentUrl\":\"https:\/\/elcardinal.com\/wp-content\/uploads\/2025\/05\/cropped-TONO-96x96.jpg\",\"caption\":\"Antonio Alcaraz\"},\"url\":\"https:\/\/elcardinal.com\/?author=2\"}]}<\/script>\n<!-- \/ Yoast SEO plugin. -->","yoast_head_json":{"title":"No fue penal, fue abandono: \u00c1ngel Casta\u00f1eda le saca la roja a MC - El Cardinal","robots":{"index":"index","follow":"follow","max-snippet":"max-snippet:-1","max-image-preview":"max-image-preview:large","max-video-preview":"max-video-preview:-1"},"canonical":"https:\/\/elcardinal.com\/?p=4562","og_locale":"es_MX","og_type":"article","og_title":"No fue penal, fue abandono: \u00c1ngel Casta\u00f1eda le saca la roja a MC - El Cardinal","og_description":"Por: Jos\u00e9 Antonio Alcaraz Su\u00e1rez El regidor capitalino \u00c1ngel Casta\u00f1eda Maldonado, exfutbolista profesional del Club Pachuca, anunci\u00f3 su renuncia formal a Movimiento Ciudadano tras acusar al partido de perder su esencia ciudadana, marginar la pluralidad interna y anteponer intereses pol\u00edticos por encima de las verdaderas causas sociales. \u201cDejaron de ser un espacio participativo y ciudadano;","og_url":"https:\/\/elcardinal.com\/?p=4562","og_site_name":"El Cardinal","article_publisher":"https:\/\/www.facebook.com\/profile.php?id=100063093107011","article_published_time":"2025-05-22T20:40:07+00:00","og_image":[{"width":1600,"height":1066,"url":"https:\/\/elcardinal.com\/wp-content\/uploads\/2025\/05\/WhatsApp-Image-2025-05-22-at-2.37.41-PM.jpeg","type":"image\/jpeg"}],"author":"Antonio Alcaraz","twitter_card":"summary_large_image","twitter_creator":"@ElCardinal_Mx","twitter_site":"@ElCardinal_Mx","twitter_misc":{"Escrito por":"Antonio Alcaraz","Tiempo de lectura":"2 minutos"},"schema":{"@context":"https:\/\/schema.org","@graph":[{"@type":"Article","@id":"https:\/\/elcardinal.com\/?p=4562#article","isPartOf":{"@id":"https:\/\/elcardinal.com\/?p=4562"},"author":{"name":"Antonio Alcaraz","@id":"https:\/\/elcardinal.com\/#\/schema\/person\/3c352ec0a33987fe275c0e8a2ea69f8b"},"headline":"No fue penal, fue abandono: \u00c1ngel Casta\u00f1eda le saca la roja a MC","datePublished":"2025-05-22T20:40:07+00:00","mainEntityOfPage":{"@id":"https:\/\/elcardinal.com\/?p=4562"},"wordCount":357,"commentCount":0,"publisher":{"@id":"https:\/\/elcardinal.com\/#organization"},"image":{"@id":"https:\/\/elcardinal.com\/?p=4562#primaryimage"},"thumbnailUrl":"https:\/\/elcardinal.com\/wp-content\/uploads\/2025\/05\/WhatsApp-Image-2025-05-22-at-2.37.41-PM.jpeg","keywords":["\u00c1ngel Casta\u00f1eda","Movimiento Ciudadano","Pachuca"],"articleSection":["Metr\u00f3poli","Minuto a Minuto"],"inLanguage":"es","potentialAction":[{"@type":"CommentAction","name":"Comment","target":["https:\/\/elcardinal.com\/?p=4562#respond"]}]},{"@type":"WebPage","@id":"https:\/\/elcardinal.com\/?p=4562","url":"https:\/\/elcardinal.com\/?p=4562","name":"No fue penal, fue abandono: \u00c1ngel Casta\u00f1eda le saca la roja a MC - El Cardinal","isPartOf":{"@id":"https:\/\/elcardinal.com\/#website"},"primaryImageOfPage":{"@id":"https:\/\/elcardinal.com\/?p=4562#primaryimage"},"image":{"@id":"https:\/\/elcardinal.com\/?p=4562#primaryimage"},"thumbnailUrl":"https:\/\/elcardinal.com\/wp-content\/uploads\/2025\/05\/WhatsApp-Image-2025-05-22-at-2.37.41-PM.jpeg","datePublished":"2025-05-22T20:40:07+00:00","breadcrumb":{"@id":"https:\/\/elcardinal.com\/?p=4562#breadcrumb"},"inLanguage":"es","potentialAction":[{"@type":"ReadAction","target":["https:\/\/elcardinal.com\/?p=4562"]}]},{"@type":"ImageObject","inLanguage":"es","@id":"https:\/\/elcardinal.com\/?p=4562#primaryimage","url":"https:\/\/elcardinal.com\/wp-content\/uploads\/2025\/05\/WhatsApp-Image-2025-05-22-at-2.37.41-PM.jpeg","contentUrl":"https:\/\/elcardinal.com\/wp-content\/uploads\/2025\/05\/WhatsApp-Image-2025-05-22-at-2.37.41-PM.jpeg","width":1600,"height":1066},{"@type":"BreadcrumbList","@id":"https:\/\/elcardinal.com\/?p=4562#breadcrumb","itemListElement":[{"@type":"ListItem","position":1,"name":"Inicio","item":"https:\/\/elcardinal.com\/"},{"@type":"ListItem","position":2,"name":"No fue penal, fue abandono: \u00c1ngel Casta\u00f1eda le saca la roja a MC"}]},{"@type":"WebSite","@id":"https:\/\/elcardinal.com\/#website","url":"https:\/\/elcardinal.com\/","name":"El Cardinal","description":"Periodismo honesto, con valor, sentido humano, a veces sarc\u00e1stico y divertido.","publisher":{"@id":"https:\/\/elcardinal.com\/#organization"},"alternateName":"El Cardinal Noticias","potentialAction":[{"@type":"SearchAction","target":{"@type":"EntryPoint","urlTemplate":"https:\/\/elcardinal.com\/?s={search_term_string}"},"query-input":{"@type":"PropertyValueSpecification","valueRequired":true,"valueName":"search_term_string"}}],"inLanguage":"es"},{"@type":"Organization","@id":"https:\/\/elcardinal.com\/#organization","name":"El Cardinal","url":"https:\/\/elcardinal.com\/","logo":{"@type":"ImageObject","inLanguage":"es","@id":"https:\/\/elcardinal.com\/#\/schema\/logo\/image\/","url":"https:\/\/elcardinal.com\/wp-content\/uploads\/2025\/04\/LOGO-EL-CARDINAL-Periodismo-con-valor.png","contentUrl":"https:\/\/elcardinal.com\/wp-content\/uploads\/2025\/04\/LOGO-EL-CARDINAL-Periodismo-con-valor.png","width":755,"height":636,"caption":"El Cardinal"},"image":{"@id":"https:\/\/elcardinal.com\/#\/schema\/logo\/image\/"},"sameAs":["https:\/\/www.facebook.com\/profile.php?id=100063093107011","https:\/\/x.com\/ElCardinal_Mx"]},{"@type":"Person","@id":"https:\/\/elcardinal.com\/#\/schema\/person\/3c352ec0a33987fe275c0e8a2ea69f8b","name":"Antonio Alcaraz","image":{"@type":"ImageObject","inLanguage":"es","@id":"https:\/\/elcardinal.com\/#\/schema\/person\/image\/","url":"https:\/\/elcardinal.com\/wp-content\/uploads\/2025\/05\/cropped-TONO-96x96.jpg","contentUrl":"https:\/\/elcardinal.com\/wp-content\/uploads\/2025\/05\/cropped-TONO-96x96.jpg","caption":"Antonio Alcaraz"},"url":"https:\/\/elcardinal.com\/?author=2"}]}},"_links":{"self":[{"href":"https:\/\/elcardinal.com\/index.php?rest_route=\/wp\/v2\/posts\/4562","targetHints":{"allow":["GET"]}}],"collection":[{"href":"https:\/\/elcardinal.com\/index.php?rest_route=\/wp\/v2\/posts"}],"about":[{"href":"https:\/\/elcardinal.com\/index.php?rest_route=\/wp\/v2\/types\/post"}],"author":[{"embeddable":true,"href":"https:\/\/elcardinal.com\/index.php?rest_route=\/wp\/v2\/users\/2"}],"replies":[{"embeddable":true,"href":"https:\/\/elcardinal.com\/index.php?rest_route=%2Fwp%2Fv2%2Fcomments&post=4562"}],"version-history":[{"count":1,"href":"https:\/\/elcardinal.com\/index.php?rest_route=\/wp\/v2\/posts\/4562\/revisions"}],"predecessor-version":[{"id":4564,"href":"https:\/\/elcardinal.com\/index.php?rest_route=\/wp\/v2\/posts\/4562\/revisions\/4564"}],"wp:featuredmedia":[{"embeddable":true,"href":"https:\/\/elcardinal.com\/index.php?rest_route=\/wp\/v2\/media\/4563"}],"wp:attachment":[{"href":"https:\/\/elcardinal.com\/index.php?rest_route=%2Fwp%2Fv2%2Fmedia&parent=4562"}],"wp:term":[{"taxonomy":"category","embeddable":true,"href":"https:\/\/elcardinal.com\/index.php?rest_route=%2Fwp%2Fv2%2Fcategories&post=4562"},{"taxonomy":"post_tag","embeddable":true,"href":"https:\/\/elcardinal.com\/index.php?rest_route=%2Fwp%2Fv2%2Ftags&post=4562"}],"curies":[{"name":"wp","href":"https:\/\/api.w.org\/{rel}","templated":true}]}}