{"id":4565,"date":"2025-05-22T15:05:49","date_gmt":"2025-05-22T21:05:49","guid":{"rendered":"https:\/\/elcardinal.com\/?p=4565"},"modified":"2025-05-22T15:05:49","modified_gmt":"2025-05-22T21:05:49","slug":"infancia-que-inspira-ninez-pachuquena-toma-el-cabildo","status":"publish","type":"post","link":"https:\/\/elcardinal.com\/?p=4565","title":{"rendered":"Infancia que inspira: ni\u00f1ez pachuque\u00f1a toma el cabildo"},"content":{"rendered":"<p>&nbsp;<\/p>\n<p><strong>Por: Jos\u00e9 Antonio Alcaraz Su\u00e1rez<\/strong><\/p>\n<p>Durante una reuni\u00f3n con integrantes del Cabildo Infantil de Pachuca, el secretario de Gobierno de Hidalgo, <strong>Guillermo Olivares Reyna<\/strong>, destac\u00f3 el valor c\u00edvico y \u00e9tico de las infancias al se\u00f1alar que su participaci\u00f3n evidencia la necesidad de rectificar los errores que han cometido generaciones anteriores.<\/p>\n<p><img fetchpriority=\"high\" decoding=\"async\" class=\"alignnone size-medium wp-image-4567\" src=\"https:\/\/elcardinal.com\/wp-content\/uploads\/2025\/05\/WhatsApp-Image-2025-05-22-at-3.00.29-PM-2-300x200.jpeg\" alt=\"\" width=\"300\" height=\"200\" srcset=\"https:\/\/elcardinal.com\/wp-content\/uploads\/2025\/05\/WhatsApp-Image-2025-05-22-at-3.00.29-PM-2-300x200.jpeg 300w, https:\/\/elcardinal.com\/wp-content\/uploads\/2025\/05\/WhatsApp-Image-2025-05-22-at-3.00.29-PM-2-1024x683.jpeg 1024w, https:\/\/elcardinal.com\/wp-content\/uploads\/2025\/05\/WhatsApp-Image-2025-05-22-at-3.00.29-PM-2-768x512.jpeg 768w, https:\/\/elcardinal.com\/wp-content\/uploads\/2025\/05\/WhatsApp-Image-2025-05-22-at-3.00.29-PM-2-1536x1024.jpeg 1536w, https:\/\/elcardinal.com\/wp-content\/uploads\/2025\/05\/WhatsApp-Image-2025-05-22-at-3.00.29-PM-2-150x100.jpeg 150w, https:\/\/elcardinal.com\/wp-content\/uploads\/2025\/05\/WhatsApp-Image-2025-05-22-at-3.00.29-PM-2-450x300.jpeg 450w, https:\/\/elcardinal.com\/wp-content\/uploads\/2025\/05\/WhatsApp-Image-2025-05-22-at-3.00.29-PM-2-1200x800.jpeg 1200w, https:\/\/elcardinal.com\/wp-content\/uploads\/2025\/05\/WhatsApp-Image-2025-05-22-at-3.00.29-PM-2.jpeg 1599w\" sizes=\"(max-width: 300px) 100vw, 300px\" \/><\/p>\n<p>En su mensaje a las y los regidores infantiles reunidos bajo el lema \u201cTransformaci\u00f3n municipal desde el amor y el civismo con ni\u00f1as, ni\u00f1os y adolescentes\u201d, Olivares Reyna reconoci\u00f3 que este tipo de ejercicios legislativos ofrecen una oportunidad de aprendizaje para quienes hoy gobiernan.<\/p>\n<blockquote><p>\u201cUstedes, como el reflejo de la rectitud andando, seguramente nos van a ense\u00f1ar mucho. No tienen la malicia que a veces los adultos adquirimos\u201d, expres\u00f3 Olivares Reyna ante los asamble\u00edstas infantiles, el presidente municipal de Pachuca, <strong>Jorge Reyes<\/strong>, la secretaria ejecutiva del Sipinna, <strong>Guadalupe Alvarado Garc\u00eda<\/strong>, y del director general del INDEMUN, <strong>Abel Cer\u00f3n San Nicol\u00e1s.<\/strong><\/p>\n<p><img decoding=\"async\" class=\"alignnone size-medium wp-image-4570\" src=\"https:\/\/elcardinal.com\/wp-content\/uploads\/2025\/05\/WhatsApp-Image-2025-05-22-at-3.00.29-PM-4-300x200.jpeg\" alt=\"\" width=\"300\" height=\"200\" srcset=\"https:\/\/elcardinal.com\/wp-content\/uploads\/2025\/05\/WhatsApp-Image-2025-05-22-at-3.00.29-PM-4-300x200.jpeg 300w, https:\/\/elcardinal.com\/wp-content\/uploads\/2025\/05\/WhatsApp-Image-2025-05-22-at-3.00.29-PM-4-1024x683.jpeg 1024w, https:\/\/elcardinal.com\/wp-content\/uploads\/2025\/05\/WhatsApp-Image-2025-05-22-at-3.00.29-PM-4-768x512.jpeg 768w, https:\/\/elcardinal.com\/wp-content\/uploads\/2025\/05\/WhatsApp-Image-2025-05-22-at-3.00.29-PM-4-1536x1024.jpeg 1536w, https:\/\/elcardinal.com\/wp-content\/uploads\/2025\/05\/WhatsApp-Image-2025-05-22-at-3.00.29-PM-4-150x100.jpeg 150w, https:\/\/elcardinal.com\/wp-content\/uploads\/2025\/05\/WhatsApp-Image-2025-05-22-at-3.00.29-PM-4-450x300.jpeg 450w, https:\/\/elcardinal.com\/wp-content\/uploads\/2025\/05\/WhatsApp-Image-2025-05-22-at-3.00.29-PM-4-1200x800.jpeg 1200w, https:\/\/elcardinal.com\/wp-content\/uploads\/2025\/05\/WhatsApp-Image-2025-05-22-at-3.00.29-PM-4.jpeg 1599w\" sizes=\"(max-width: 300px) 100vw, 300px\" \/><\/p><\/blockquote>\n<p>El funcionario se\u00f1al\u00f3 que la honestidad, la preparaci\u00f3n y la visi\u00f3n deben ser los pilares del servicio p\u00fablico, cualidades que, dijo, se han perdido en muchos casos. \u201cNunca es tarde para rectificar\u201d, a\u00f1adi\u00f3 al llamar a replicar este modelo de participaci\u00f3n infantil en otros municipios.<\/p>\n<p>Destac\u00f3 tambi\u00e9n que este ejercicio \u2014realizado con apoyo del <strong>Sistema de Protecci\u00f3n Integral de Ni\u00f1as, Ni\u00f1os y Adolescentes (Sipinna)<\/strong>, el <strong>Instituto Hidalguense para el Desarrollo Municipal (INDEMUN)<\/strong> y autoridades educativas como la <strong>Escuela Plutarco El\u00edas Calles<\/strong>\u2014 es una muestra clara de que la ni\u00f1ez ya no es solo la esperanza de M\u00e9xico, sino una realidad con voz activa en la vida p\u00fablica.<\/p>\n<p><img decoding=\"async\" class=\"alignnone size-medium wp-image-4566\" src=\"https:\/\/elcardinal.com\/wp-content\/uploads\/2025\/05\/WhatsApp-Image-2025-05-22-at-3.00.29-PM-3-300x200.jpeg\" alt=\"\" width=\"300\" height=\"200\" srcset=\"https:\/\/elcardinal.com\/wp-content\/uploads\/2025\/05\/WhatsApp-Image-2025-05-22-at-3.00.29-PM-3-300x200.jpeg 300w, https:\/\/elcardinal.com\/wp-content\/uploads\/2025\/05\/WhatsApp-Image-2025-05-22-at-3.00.29-PM-3-1024x683.jpeg 1024w, https:\/\/elcardinal.com\/wp-content\/uploads\/2025\/05\/WhatsApp-Image-2025-05-22-at-3.00.29-PM-3-768x512.jpeg 768w, https:\/\/elcardinal.com\/wp-content\/uploads\/2025\/05\/WhatsApp-Image-2025-05-22-at-3.00.29-PM-3-1536x1024.jpeg 1536w, https:\/\/elcardinal.com\/wp-content\/uploads\/2025\/05\/WhatsApp-Image-2025-05-22-at-3.00.29-PM-3-150x100.jpeg 150w, https:\/\/elcardinal.com\/wp-content\/uploads\/2025\/05\/WhatsApp-Image-2025-05-22-at-3.00.29-PM-3-450x300.jpeg 450w, https:\/\/elcardinal.com\/wp-content\/uploads\/2025\/05\/WhatsApp-Image-2025-05-22-at-3.00.29-PM-3-1200x800.jpeg 1200w, https:\/\/elcardinal.com\/wp-content\/uploads\/2025\/05\/WhatsApp-Image-2025-05-22-at-3.00.29-PM-3.jpeg 1599w\" sizes=\"(max-width: 300px) 100vw, 300px\" \/><\/p>\n<p>Finalmente, el secretario transmiti\u00f3 un saludo del gobernador <strong>Julio Menchaca<\/strong> y dese\u00f3 \u00e9xito a cada ni\u00f1a y ni\u00f1o en su rol de regidor o s\u00edndico. \u201cQue esta experiencia se les quede grabada para toda la vida\u201d, concluy\u00f3.<\/p>\n","protected":false},"excerpt":{"rendered":"<p>&nbsp; Por: Jos\u00e9 Antonio Alcaraz Su\u00e1rez Durante una reuni\u00f3n con integrantes del Cabildo Infantil de Pachuca, el secretario de Gobierno de Hidalgo, Guillermo Olivares Reyna, destac\u00f3 el valor c\u00edvico y \u00e9tico de las infancias al se\u00f1alar que su participaci\u00f3n evidencia la necesidad de rectificar los errores que han cometido generaciones anteriores. En su mensaje a<\/p>\n","protected":false},"author":2,"featured_media":4569,"comment_status":"open","ping_status":"open","sticky":false,"template":"","format":"standard","meta":{"footnotes":""},"categories":[31,32,44],"tags":[167,166,65],"class_list":{"0":"post-4565","1":"post","2":"type-post","3":"status-publish","4":"format-standard","5":"has-post-thumbnail","7":"category-hidalgo","8":"category-metropoli","9":"category-minuto-a-minuto","10":"tag-cabildo-infantil","11":"tag-guillermo-olivares-reyna","12":"tag-pachuca"},"yoast_head":"<!-- This site is optimized with the Yoast SEO plugin v26.1.1 - https:\/\/yoast.com\/wordpress\/plugins\/seo\/ -->\n<title>Infancia que inspira: ni\u00f1ez pachuque\u00f1a toma el cabildo - El Cardinal<\/title>\n<meta name=\"robots\" content=\"index, follow, max-snippet:-1, max-image-preview:large, max-video-preview:-1\" \/>\n<link rel=\"canonical\" href=\"https:\/\/elcardinal.com\/?p=4565\" \/>\n<meta property=\"og:locale\" content=\"es_MX\" \/>\n<meta property=\"og:type\" content=\"article\" \/>\n<meta property=\"og:title\" content=\"Infancia que inspira: ni\u00f1ez pachuque\u00f1a toma el cabildo - El Cardinal\" \/>\n<meta property=\"og:description\" content=\"&nbsp; Por: Jos\u00e9 Antonio Alcaraz Su\u00e1rez Durante una reuni\u00f3n con integrantes del Cabildo Infantil de Pachuca, el secretario de Gobierno de Hidalgo, Guillermo Olivares Reyna, destac\u00f3 el valor c\u00edvico y \u00e9tico de las infancias al se\u00f1alar que su participaci\u00f3n evidencia la necesidad de rectificar los errores que han cometido generaciones anteriores. En su mensaje a\" \/>\n<meta property=\"og:url\" content=\"https:\/\/elcardinal.com\/?p=4565\" \/>\n<meta property=\"og:site_name\" content=\"El Cardinal\" \/>\n<meta property=\"article:publisher\" content=\"https:\/\/www.facebook.com\/profile.php?id=100063093107011\" \/>\n<meta property=\"article:published_time\" content=\"2025-05-22T21:05:49+00:00\" \/>\n<meta property=\"og:image\" content=\"https:\/\/elcardinal.com\/wp-content\/uploads\/2025\/05\/WhatsApp-Image-2025-05-22-at-3.02.58-PM-1.jpeg\" \/>\n\t<meta property=\"og:image:width\" content=\"1600\" \/>\n\t<meta property=\"og:image:height\" content=\"1066\" \/>\n\t<meta property=\"og:image:type\" content=\"image\/jpeg\" \/>\n<meta name=\"author\" content=\"Antonio Alcaraz\" \/>\n<meta name=\"twitter:card\" content=\"summary_large_image\" \/>\n<meta name=\"twitter:creator\" content=\"@ElCardinal_Mx\" \/>\n<meta name=\"twitter:site\" content=\"@ElCardinal_Mx\" \/>\n<meta name=\"twitter:label1\" content=\"Escrito por\" \/>\n\t<meta name=\"twitter:data1\" content=\"Antonio Alcaraz\" \/>\n\t<meta name=\"twitter:label2\" content=\"Tiempo de lectura\" \/>\n\t<meta name=\"twitter:data2\" content=\"2 minutos\" \/>\n<script type=\"application\/ld+json\" class=\"yoast-schema-graph\">{\"@context\":\"https:\/\/schema.org\",\"@graph\":[{\"@type\":\"Article\",\"@id\":\"https:\/\/elcardinal.com\/?p=4565#article\",\"isPartOf\":{\"@id\":\"https:\/\/elcardinal.com\/?p=4565\"},\"author\":{\"name\":\"Antonio Alcaraz\",\"@id\":\"https:\/\/elcardinal.com\/#\/schema\/person\/3c352ec0a33987fe275c0e8a2ea69f8b\"},\"headline\":\"Infancia que inspira: ni\u00f1ez pachuque\u00f1a toma el cabildo\",\"datePublished\":\"2025-05-22T21:05:49+00:00\",\"mainEntityOfPage\":{\"@id\":\"https:\/\/elcardinal.com\/?p=4565\"},\"wordCount\":335,\"commentCount\":0,\"publisher\":{\"@id\":\"https:\/\/elcardinal.com\/#organization\"},\"image\":{\"@id\":\"https:\/\/elcardinal.com\/?p=4565#primaryimage\"},\"thumbnailUrl\":\"https:\/\/elcardinal.com\/wp-content\/uploads\/2025\/05\/WhatsApp-Image-2025-05-22-at-3.02.58-PM-1.jpeg\",\"keywords\":[\"Cabildo Infantil\",\"Guillermo Olivares Reyna\",\"Pachuca\"],\"articleSection\":[\"Hidalgo\",\"Metr\u00f3poli\",\"Minuto a Minuto\"],\"inLanguage\":\"es\",\"potentialAction\":[{\"@type\":\"CommentAction\",\"name\":\"Comment\",\"target\":[\"https:\/\/elcardinal.com\/?p=4565#respond\"]}]},{\"@type\":\"WebPage\",\"@id\":\"https:\/\/elcardinal.com\/?p=4565\",\"url\":\"https:\/\/elcardinal.com\/?p=4565\",\"name\":\"Infancia que inspira: ni\u00f1ez pachuque\u00f1a toma el cabildo - El Cardinal\",\"isPartOf\":{\"@id\":\"https:\/\/elcardinal.com\/#website\"},\"primaryImageOfPage\":{\"@id\":\"https:\/\/elcardinal.com\/?p=4565#primaryimage\"},\"image\":{\"@id\":\"https:\/\/elcardinal.com\/?p=4565#primaryimage\"},\"thumbnailUrl\":\"https:\/\/elcardinal.com\/wp-content\/uploads\/2025\/05\/WhatsApp-Image-2025-05-22-at-3.02.58-PM-1.jpeg\",\"datePublished\":\"2025-05-22T21:05:49+00:00\",\"breadcrumb\":{\"@id\":\"https:\/\/elcardinal.com\/?p=4565#breadcrumb\"},\"inLanguage\":\"es\",\"potentialAction\":[{\"@type\":\"ReadAction\",\"target\":[\"https:\/\/elcardinal.com\/?p=4565\"]}]},{\"@type\":\"ImageObject\",\"inLanguage\":\"es\",\"@id\":\"https:\/\/elcardinal.com\/?p=4565#primaryimage\",\"url\":\"https:\/\/elcardinal.com\/wp-content\/uploads\/2025\/05\/WhatsApp-Image-2025-05-22-at-3.02.58-PM-1.jpeg\",\"contentUrl\":\"https:\/\/elcardinal.com\/wp-content\/uploads\/2025\/05\/WhatsApp-Image-2025-05-22-at-3.02.58-PM-1.jpeg\",\"width\":1600,\"height\":1066},{\"@type\":\"BreadcrumbList\",\"@id\":\"https:\/\/elcardinal.com\/?p=4565#breadcrumb\",\"itemListElement\":[{\"@type\":\"ListItem\",\"position\":1,\"name\":\"Inicio\",\"item\":\"https:\/\/elcardinal.com\/\"},{\"@type\":\"ListItem\",\"position\":2,\"name\":\"Infancia que inspira: ni\u00f1ez pachuque\u00f1a toma el cabildo\"}]},{\"@type\":\"WebSite\",\"@id\":\"https:\/\/elcardinal.com\/#website\",\"url\":\"https:\/\/elcardinal.com\/\",\"name\":\"El Cardinal\",\"description\":\"Periodismo honesto, con valor, sentido humano, a veces sarc\u00e1stico y divertido.\",\"publisher\":{\"@id\":\"https:\/\/elcardinal.com\/#organization\"},\"alternateName\":\"El Cardinal Noticias\",\"potentialAction\":[{\"@type\":\"SearchAction\",\"target\":{\"@type\":\"EntryPoint\",\"urlTemplate\":\"https:\/\/elcardinal.com\/?s={search_term_string}\"},\"query-input\":{\"@type\":\"PropertyValueSpecification\",\"valueRequired\":true,\"valueName\":\"search_term_string\"}}],\"inLanguage\":\"es\"},{\"@type\":\"Organization\",\"@id\":\"https:\/\/elcardinal.com\/#organization\",\"name\":\"El Cardinal\",\"url\":\"https:\/\/elcardinal.com\/\",\"logo\":{\"@type\":\"ImageObject\",\"inLanguage\":\"es\",\"@id\":\"https:\/\/elcardinal.com\/#\/schema\/logo\/image\/\",\"url\":\"https:\/\/elcardinal.com\/wp-content\/uploads\/2025\/04\/LOGO-EL-CARDINAL-Periodismo-con-valor.png\",\"contentUrl\":\"https:\/\/elcardinal.com\/wp-content\/uploads\/2025\/04\/LOGO-EL-CARDINAL-Periodismo-con-valor.png\",\"width\":755,\"height\":636,\"caption\":\"El Cardinal\"},\"image\":{\"@id\":\"https:\/\/elcardinal.com\/#\/schema\/logo\/image\/\"},\"sameAs\":[\"https:\/\/www.facebook.com\/profile.php?id=100063093107011\",\"https:\/\/x.com\/ElCardinal_Mx\"]},{\"@type\":\"Person\",\"@id\":\"https:\/\/elcardinal.com\/#\/schema\/person\/3c352ec0a33987fe275c0e8a2ea69f8b\",\"name\":\"Antonio Alcaraz\",\"image\":{\"@type\":\"ImageObject\",\"inLanguage\":\"es\",\"@id\":\"https:\/\/elcardinal.com\/#\/schema\/person\/image\/\",\"url\":\"https:\/\/elcardinal.com\/wp-content\/uploads\/2025\/05\/cropped-TONO-96x96.jpg\",\"contentUrl\":\"https:\/\/elcardinal.com\/wp-content\/uploads\/2025\/05\/cropped-TONO-96x96.jpg\",\"caption\":\"Antonio Alcaraz\"},\"url\":\"https:\/\/elcardinal.com\/?author=2\"}]}<\/script>\n<!-- \/ Yoast SEO plugin. -->","yoast_head_json":{"title":"Infancia que inspira: ni\u00f1ez pachuque\u00f1a toma el cabildo - El Cardinal","robots":{"index":"index","follow":"follow","max-snippet":"max-snippet:-1","max-image-preview":"max-image-preview:large","max-video-preview":"max-video-preview:-1"},"canonical":"https:\/\/elcardinal.com\/?p=4565","og_locale":"es_MX","og_type":"article","og_title":"Infancia que inspira: ni\u00f1ez pachuque\u00f1a toma el cabildo - El Cardinal","og_description":"&nbsp; Por: Jos\u00e9 Antonio Alcaraz Su\u00e1rez Durante una reuni\u00f3n con integrantes del Cabildo Infantil de Pachuca, el secretario de Gobierno de Hidalgo, Guillermo Olivares Reyna, destac\u00f3 el valor c\u00edvico y \u00e9tico de las infancias al se\u00f1alar que su participaci\u00f3n evidencia la necesidad de rectificar los errores que han cometido generaciones anteriores. En su mensaje a","og_url":"https:\/\/elcardinal.com\/?p=4565","og_site_name":"El Cardinal","article_publisher":"https:\/\/www.facebook.com\/profile.php?id=100063093107011","article_published_time":"2025-05-22T21:05:49+00:00","og_image":[{"width":1600,"height":1066,"url":"https:\/\/elcardinal.com\/wp-content\/uploads\/2025\/05\/WhatsApp-Image-2025-05-22-at-3.02.58-PM-1.jpeg","type":"image\/jpeg"}],"author":"Antonio Alcaraz","twitter_card":"summary_large_image","twitter_creator":"@ElCardinal_Mx","twitter_site":"@ElCardinal_Mx","twitter_misc":{"Escrito por":"Antonio Alcaraz","Tiempo de lectura":"2 minutos"},"schema":{"@context":"https:\/\/schema.org","@graph":[{"@type":"Article","@id":"https:\/\/elcardinal.com\/?p=4565#article","isPartOf":{"@id":"https:\/\/elcardinal.com\/?p=4565"},"author":{"name":"Antonio Alcaraz","@id":"https:\/\/elcardinal.com\/#\/schema\/person\/3c352ec0a33987fe275c0e8a2ea69f8b"},"headline":"Infancia que inspira: ni\u00f1ez pachuque\u00f1a toma el cabildo","datePublished":"2025-05-22T21:05:49+00:00","mainEntityOfPage":{"@id":"https:\/\/elcardinal.com\/?p=4565"},"wordCount":335,"commentCount":0,"publisher":{"@id":"https:\/\/elcardinal.com\/#organization"},"image":{"@id":"https:\/\/elcardinal.com\/?p=4565#primaryimage"},"thumbnailUrl":"https:\/\/elcardinal.com\/wp-content\/uploads\/2025\/05\/WhatsApp-Image-2025-05-22-at-3.02.58-PM-1.jpeg","keywords":["Cabildo Infantil","Guillermo Olivares Reyna","Pachuca"],"articleSection":["Hidalgo","Metr\u00f3poli","Minuto a Minuto"],"inLanguage":"es","potentialAction":[{"@type":"CommentAction","name":"Comment","target":["https:\/\/elcardinal.com\/?p=4565#respond"]}]},{"@type":"WebPage","@id":"https:\/\/elcardinal.com\/?p=4565","url":"https:\/\/elcardinal.com\/?p=4565","name":"Infancia que inspira: ni\u00f1ez pachuque\u00f1a toma el cabildo - El Cardinal","isPartOf":{"@id":"https:\/\/elcardinal.com\/#website"},"primaryImageOfPage":{"@id":"https:\/\/elcardinal.com\/?p=4565#primaryimage"},"image":{"@id":"https:\/\/elcardinal.com\/?p=4565#primaryimage"},"thumbnailUrl":"https:\/\/elcardinal.com\/wp-content\/uploads\/2025\/05\/WhatsApp-Image-2025-05-22-at-3.02.58-PM-1.jpeg","datePublished":"2025-05-22T21:05:49+00:00","breadcrumb":{"@id":"https:\/\/elcardinal.com\/?p=4565#breadcrumb"},"inLanguage":"es","potentialAction":[{"@type":"ReadAction","target":["https:\/\/elcardinal.com\/?p=4565"]}]},{"@type":"ImageObject","inLanguage":"es","@id":"https:\/\/elcardinal.com\/?p=4565#primaryimage","url":"https:\/\/elcardinal.com\/wp-content\/uploads\/2025\/05\/WhatsApp-Image-2025-05-22-at-3.02.58-PM-1.jpeg","contentUrl":"https:\/\/elcardinal.com\/wp-content\/uploads\/2025\/05\/WhatsApp-Image-2025-05-22-at-3.02.58-PM-1.jpeg","width":1600,"height":1066},{"@type":"BreadcrumbList","@id":"https:\/\/elcardinal.com\/?p=4565#breadcrumb","itemListElement":[{"@type":"ListItem","position":1,"name":"Inicio","item":"https:\/\/elcardinal.com\/"},{"@type":"ListItem","position":2,"name":"Infancia que inspira: ni\u00f1ez pachuque\u00f1a toma el cabildo"}]},{"@type":"WebSite","@id":"https:\/\/elcardinal.com\/#website","url":"https:\/\/elcardinal.com\/","name":"El Cardinal","description":"Periodismo honesto, con valor, sentido humano, a veces sarc\u00e1stico y divertido.","publisher":{"@id":"https:\/\/elcardinal.com\/#organization"},"alternateName":"El Cardinal Noticias","potentialAction":[{"@type":"SearchAction","target":{"@type":"EntryPoint","urlTemplate":"https:\/\/elcardinal.com\/?s={search_term_string}"},"query-input":{"@type":"PropertyValueSpecification","valueRequired":true,"valueName":"search_term_string"}}],"inLanguage":"es"},{"@type":"Organization","@id":"https:\/\/elcardinal.com\/#organization","name":"El Cardinal","url":"https:\/\/elcardinal.com\/","logo":{"@type":"ImageObject","inLanguage":"es","@id":"https:\/\/elcardinal.com\/#\/schema\/logo\/image\/","url":"https:\/\/elcardinal.com\/wp-content\/uploads\/2025\/04\/LOGO-EL-CARDINAL-Periodismo-con-valor.png","contentUrl":"https:\/\/elcardinal.com\/wp-content\/uploads\/2025\/04\/LOGO-EL-CARDINAL-Periodismo-con-valor.png","width":755,"height":636,"caption":"El Cardinal"},"image":{"@id":"https:\/\/elcardinal.com\/#\/schema\/logo\/image\/"},"sameAs":["https:\/\/www.facebook.com\/profile.php?id=100063093107011","https:\/\/x.com\/ElCardinal_Mx"]},{"@type":"Person","@id":"https:\/\/elcardinal.com\/#\/schema\/person\/3c352ec0a33987fe275c0e8a2ea69f8b","name":"Antonio Alcaraz","image":{"@type":"ImageObject","inLanguage":"es","@id":"https:\/\/elcardinal.com\/#\/schema\/person\/image\/","url":"https:\/\/elcardinal.com\/wp-content\/uploads\/2025\/05\/cropped-TONO-96x96.jpg","contentUrl":"https:\/\/elcardinal.com\/wp-content\/uploads\/2025\/05\/cropped-TONO-96x96.jpg","caption":"Antonio Alcaraz"},"url":"https:\/\/elcardinal.com\/?author=2"}]}},"_links":{"self":[{"href":"https:\/\/elcardinal.com\/index.php?rest_route=\/wp\/v2\/posts\/4565","targetHints":{"allow":["GET"]}}],"collection":[{"href":"https:\/\/elcardinal.com\/index.php?rest_route=\/wp\/v2\/posts"}],"about":[{"href":"https:\/\/elcardinal.com\/index.php?rest_route=\/wp\/v2\/types\/post"}],"author":[{"embeddable":true,"href":"https:\/\/elcardinal.com\/index.php?rest_route=\/wp\/v2\/users\/2"}],"replies":[{"embeddable":true,"href":"https:\/\/elcardinal.com\/index.php?rest_route=%2Fwp%2Fv2%2Fcomments&post=4565"}],"version-history":[{"count":1,"href":"https:\/\/elcardinal.com\/index.php?rest_route=\/wp\/v2\/posts\/4565\/revisions"}],"predecessor-version":[{"id":4571,"href":"https:\/\/elcardinal.com\/index.php?rest_route=\/wp\/v2\/posts\/4565\/revisions\/4571"}],"wp:featuredmedia":[{"embeddable":true,"href":"https:\/\/elcardinal.com\/index.php?rest_route=\/wp\/v2\/media\/4569"}],"wp:attachment":[{"href":"https:\/\/elcardinal.com\/index.php?rest_route=%2Fwp%2Fv2%2Fmedia&parent=4565"}],"wp:term":[{"taxonomy":"category","embeddable":true,"href":"https:\/\/elcardinal.com\/index.php?rest_route=%2Fwp%2Fv2%2Fcategories&post=4565"},{"taxonomy":"post_tag","embeddable":true,"href":"https:\/\/elcardinal.com\/index.php?rest_route=%2Fwp%2Fv2%2Ftags&post=4565"}],"curies":[{"name":"wp","href":"https:\/\/api.w.org\/{rel}","templated":true}]}}