{"id":4585,"date":"2025-05-23T18:38:03","date_gmt":"2025-05-24T00:38:03","guid":{"rendered":"https:\/\/elcardinal.com\/?p=4585"},"modified":"2025-05-23T18:38:03","modified_gmt":"2025-05-24T00:38:03","slug":"con-ponencia-unidad-de-genero-previene-fistula-obstetrica","status":"publish","type":"post","link":"https:\/\/elcardinal.com\/?p=4585","title":{"rendered":"Con ponencia, Unidad de G\u00e9nero previene f\u00edstula obst\u00e9trica"},"content":{"rendered":"<p style=\"text-align: left;\">En el D\u00eda Internacional para la Erradicaci\u00f3n de la F\u00edstula Obst\u00e9trica, conmemorado cada 23 de mayo, y en el marco del D\u00eda Naranja, la Unidad Institucional de G\u00e9nero y el \u00e1rea de Servicio M\u00e9dico y Nutrici\u00f3n del Congreso del Estado de Hidalgo, organizaron la ponencia \u201cUna herida evitable: hablemos de la f\u00edstula obst\u00e9trica\u201d, impartida por la doctora Susana Alejandra Arzate Mu\u00f1oz.<\/p>\n<p style=\"text-align: left;\">Est\u00e1 pl\u00e1tica tuvo como objetivo sensibilizar al personal sobre esta grave lesi\u00f3n que sufren miles de mujeres durante el parto, la cual en la mayor\u00eda de los casos es prevenible con atenci\u00f3n m\u00e9dica oportuna y de calidad.<\/p>\n<p style=\"text-align: left;\">La f\u00edstula obst\u00e9trica \u201ces una condici\u00f3n que sigue ocurriendo muchas veces en silencio, afectando la salud, dignidad y vida de mujeres que no tienen acceso a una atenci\u00f3n m\u00e9dica adecuada. Queremos visibilizar este tema y hablarlo sin miedo\u201d, manifest\u00f3 Mariana Monzalvo God\u00ednez, titular de la Unidad de G\u00e9nero.<\/p>\n<p style=\"text-align: left;\">La ponente Susana Alejandra Arzate Mu\u00f1oz explic\u00f3 que la f\u00edstula obst\u00e9trica es una abertura anormal que se forma entre la vagina y el recto o la vejiga, resultado de un parto prolongado. Tambi\u00e9n detall\u00f3 sus tipos, cuadro cl\u00ednico y secuelas, dentro de las que sobresalen la depresi\u00f3n, violencia dom\u00e9stica y estigmatizaci\u00f3n, entre otras. \u201cNinguna mujer tendr\u00eda que tener alg\u00fan tipo de repercusi\u00f3n social por buscar su beneficio en cuanto a salud\u201d, precis\u00f3 la doctora.<\/p>\n<p style=\"text-align: left;\">Adem\u00e1s, sugiri\u00f3 a futuras madres de familia que como estrategias de prevenci\u00f3n deben mantener un adecuado control prenatal, mientras que las y los m\u00e9dicos necesitan identificar embarazos de alto riesgo, impartir educaci\u00f3n poblacional con planes de emergencia y el personal sanitario debe permanecer capacitado.<\/p>\n<p style=\"text-align: left;\">Record\u00f3 que desde 2016, en M\u00e9xico se prioriza el parto humanizado, el cual incluye programas de entrenamiento a parteras para identificar pacientes que requieran ces\u00e1rea electiva o traslado a hospitales, el respeto a las tradiciones en poblaciones ind\u00edgenas y el acompa\u00f1amiento a poblaciones con escaso acceso a servicios de salud, todo esto a fin de reducir la morbi-mortalidad materno-infantil.<\/p>\n<p style=\"text-align: left;\">Ana Cecilia Sosa Juarico, titular del \u00e1rea de Servicio M\u00e9dico y Nutrici\u00f3n, record\u00f3 que la f\u00edstula obst\u00e9trica es una realidad que muchas veces se desconoce, \u201cpero que tenemos que atender como parte de nuestro deber colectivo con la salud y los derechos de las mujeres\u201d.<\/p>\n<p style=\"text-align: left;\">En el evento tambi\u00e9n estuvo presente Gabriela Navia Tapia, coordinadora estatal del Servicio Nacional de Salud P\u00fablica.<\/p>\n","protected":false},"excerpt":{"rendered":"<p>En el D\u00eda Internacional para la Erradicaci\u00f3n de la F\u00edstula Obst\u00e9trica, conmemorado cada 23 de mayo, y en el marco del D\u00eda Naranja, la Unidad Institucional de G\u00e9nero y el \u00e1rea de Servicio M\u00e9dico y Nutrici\u00f3n del Congreso del Estado de Hidalgo, organizaron la ponencia \u201cUna herida evitable: hablemos de la f\u00edstula obst\u00e9trica\u201d, impartida por<\/p>\n","protected":false},"author":2,"featured_media":4586,"comment_status":"open","ping_status":"open","sticky":false,"template":"","format":"standard","meta":{"footnotes":""},"categories":[31,44,39],"tags":[62],"class_list":{"0":"post-4585","1":"post","2":"type-post","3":"status-publish","4":"format-standard","5":"has-post-thumbnail","7":"category-hidalgo","8":"category-minuto-a-minuto","9":"category-politica","10":"tag-congreso-de-hidalgo"},"yoast_head":"<!-- This site is optimized with the Yoast SEO plugin v26.1.1 - https:\/\/yoast.com\/wordpress\/plugins\/seo\/ -->\n<title>Con ponencia, Unidad de G\u00e9nero previene f\u00edstula obst\u00e9trica - El Cardinal<\/title>\n<meta name=\"robots\" content=\"index, follow, max-snippet:-1, max-image-preview:large, max-video-preview:-1\" \/>\n<link rel=\"canonical\" href=\"https:\/\/elcardinal.com\/?p=4585\" \/>\n<meta property=\"og:locale\" content=\"es_MX\" \/>\n<meta property=\"og:type\" content=\"article\" \/>\n<meta property=\"og:title\" content=\"Con ponencia, Unidad de G\u00e9nero previene f\u00edstula obst\u00e9trica - El Cardinal\" \/>\n<meta property=\"og:description\" content=\"En el D\u00eda Internacional para la Erradicaci\u00f3n de la F\u00edstula Obst\u00e9trica, conmemorado cada 23 de mayo, y en el marco del D\u00eda Naranja, la Unidad Institucional de G\u00e9nero y el \u00e1rea de Servicio M\u00e9dico y Nutrici\u00f3n del Congreso del Estado de Hidalgo, organizaron la ponencia \u201cUna herida evitable: hablemos de la f\u00edstula obst\u00e9trica\u201d, impartida por\" \/>\n<meta property=\"og:url\" content=\"https:\/\/elcardinal.com\/?p=4585\" \/>\n<meta property=\"og:site_name\" content=\"El Cardinal\" \/>\n<meta property=\"article:publisher\" content=\"https:\/\/www.facebook.com\/profile.php?id=100063093107011\" \/>\n<meta property=\"article:published_time\" content=\"2025-05-24T00:38:03+00:00\" \/>\n<meta property=\"og:image\" content=\"https:\/\/elcardinal.com\/wp-content\/uploads\/2025\/05\/23.05.2025-Unidad-de-genero-y-servicio-medico-conferencia-fistula-Obstetrica-5.jpg\" \/>\n\t<meta property=\"og:image:width\" content=\"2400\" \/>\n\t<meta property=\"og:image:height\" content=\"1602\" \/>\n\t<meta property=\"og:image:type\" content=\"image\/jpeg\" \/>\n<meta name=\"author\" content=\"Antonio Alcaraz\" \/>\n<meta name=\"twitter:card\" content=\"summary_large_image\" \/>\n<meta name=\"twitter:creator\" content=\"@ElCardinal_Mx\" \/>\n<meta name=\"twitter:site\" content=\"@ElCardinal_Mx\" \/>\n<meta name=\"twitter:label1\" content=\"Escrito por\" \/>\n\t<meta name=\"twitter:data1\" content=\"Antonio Alcaraz\" \/>\n\t<meta name=\"twitter:label2\" content=\"Tiempo de lectura\" \/>\n\t<meta name=\"twitter:data2\" content=\"2 minutos\" \/>\n<script type=\"application\/ld+json\" class=\"yoast-schema-graph\">{\"@context\":\"https:\/\/schema.org\",\"@graph\":[{\"@type\":\"Article\",\"@id\":\"https:\/\/elcardinal.com\/?p=4585#article\",\"isPartOf\":{\"@id\":\"https:\/\/elcardinal.com\/?p=4585\"},\"author\":{\"name\":\"Antonio Alcaraz\",\"@id\":\"https:\/\/elcardinal.com\/#\/schema\/person\/3c352ec0a33987fe275c0e8a2ea69f8b\"},\"headline\":\"Con ponencia, Unidad de G\u00e9nero previene f\u00edstula obst\u00e9trica\",\"datePublished\":\"2025-05-24T00:38:03+00:00\",\"mainEntityOfPage\":{\"@id\":\"https:\/\/elcardinal.com\/?p=4585\"},\"wordCount\":442,\"commentCount\":0,\"publisher\":{\"@id\":\"https:\/\/elcardinal.com\/#organization\"},\"image\":{\"@id\":\"https:\/\/elcardinal.com\/?p=4585#primaryimage\"},\"thumbnailUrl\":\"https:\/\/elcardinal.com\/wp-content\/uploads\/2025\/05\/23.05.2025-Unidad-de-genero-y-servicio-medico-conferencia-fistula-Obstetrica-5.jpg\",\"keywords\":[\"Congreso de Hidalgo\"],\"articleSection\":[\"Hidalgo\",\"Minuto a Minuto\",\"Pol\u00edtica\"],\"inLanguage\":\"es\",\"potentialAction\":[{\"@type\":\"CommentAction\",\"name\":\"Comment\",\"target\":[\"https:\/\/elcardinal.com\/?p=4585#respond\"]}]},{\"@type\":\"WebPage\",\"@id\":\"https:\/\/elcardinal.com\/?p=4585\",\"url\":\"https:\/\/elcardinal.com\/?p=4585\",\"name\":\"Con ponencia, Unidad de G\u00e9nero previene f\u00edstula obst\u00e9trica - El Cardinal\",\"isPartOf\":{\"@id\":\"https:\/\/elcardinal.com\/#website\"},\"primaryImageOfPage\":{\"@id\":\"https:\/\/elcardinal.com\/?p=4585#primaryimage\"},\"image\":{\"@id\":\"https:\/\/elcardinal.com\/?p=4585#primaryimage\"},\"thumbnailUrl\":\"https:\/\/elcardinal.com\/wp-content\/uploads\/2025\/05\/23.05.2025-Unidad-de-genero-y-servicio-medico-conferencia-fistula-Obstetrica-5.jpg\",\"datePublished\":\"2025-05-24T00:38:03+00:00\",\"breadcrumb\":{\"@id\":\"https:\/\/elcardinal.com\/?p=4585#breadcrumb\"},\"inLanguage\":\"es\",\"potentialAction\":[{\"@type\":\"ReadAction\",\"target\":[\"https:\/\/elcardinal.com\/?p=4585\"]}]},{\"@type\":\"ImageObject\",\"inLanguage\":\"es\",\"@id\":\"https:\/\/elcardinal.com\/?p=4585#primaryimage\",\"url\":\"https:\/\/elcardinal.com\/wp-content\/uploads\/2025\/05\/23.05.2025-Unidad-de-genero-y-servicio-medico-conferencia-fistula-Obstetrica-5.jpg\",\"contentUrl\":\"https:\/\/elcardinal.com\/wp-content\/uploads\/2025\/05\/23.05.2025-Unidad-de-genero-y-servicio-medico-conferencia-fistula-Obstetrica-5.jpg\",\"width\":2400,\"height\":1602,\"caption\":\"CONGRESO_HIDALGO\"},{\"@type\":\"BreadcrumbList\",\"@id\":\"https:\/\/elcardinal.com\/?p=4585#breadcrumb\",\"itemListElement\":[{\"@type\":\"ListItem\",\"position\":1,\"name\":\"Inicio\",\"item\":\"https:\/\/elcardinal.com\/\"},{\"@type\":\"ListItem\",\"position\":2,\"name\":\"Con ponencia, Unidad de G\u00e9nero previene f\u00edstula obst\u00e9trica\"}]},{\"@type\":\"WebSite\",\"@id\":\"https:\/\/elcardinal.com\/#website\",\"url\":\"https:\/\/elcardinal.com\/\",\"name\":\"El Cardinal\",\"description\":\"Periodismo honesto, con valor, sentido humano, a veces sarc\u00e1stico y divertido.\",\"publisher\":{\"@id\":\"https:\/\/elcardinal.com\/#organization\"},\"alternateName\":\"El Cardinal Noticias\",\"potentialAction\":[{\"@type\":\"SearchAction\",\"target\":{\"@type\":\"EntryPoint\",\"urlTemplate\":\"https:\/\/elcardinal.com\/?s={search_term_string}\"},\"query-input\":{\"@type\":\"PropertyValueSpecification\",\"valueRequired\":true,\"valueName\":\"search_term_string\"}}],\"inLanguage\":\"es\"},{\"@type\":\"Organization\",\"@id\":\"https:\/\/elcardinal.com\/#organization\",\"name\":\"El Cardinal\",\"url\":\"https:\/\/elcardinal.com\/\",\"logo\":{\"@type\":\"ImageObject\",\"inLanguage\":\"es\",\"@id\":\"https:\/\/elcardinal.com\/#\/schema\/logo\/image\/\",\"url\":\"https:\/\/elcardinal.com\/wp-content\/uploads\/2025\/04\/LOGO-EL-CARDINAL-Periodismo-con-valor.png\",\"contentUrl\":\"https:\/\/elcardinal.com\/wp-content\/uploads\/2025\/04\/LOGO-EL-CARDINAL-Periodismo-con-valor.png\",\"width\":755,\"height\":636,\"caption\":\"El Cardinal\"},\"image\":{\"@id\":\"https:\/\/elcardinal.com\/#\/schema\/logo\/image\/\"},\"sameAs\":[\"https:\/\/www.facebook.com\/profile.php?id=100063093107011\",\"https:\/\/x.com\/ElCardinal_Mx\"]},{\"@type\":\"Person\",\"@id\":\"https:\/\/elcardinal.com\/#\/schema\/person\/3c352ec0a33987fe275c0e8a2ea69f8b\",\"name\":\"Antonio Alcaraz\",\"image\":{\"@type\":\"ImageObject\",\"inLanguage\":\"es\",\"@id\":\"https:\/\/elcardinal.com\/#\/schema\/person\/image\/\",\"url\":\"https:\/\/elcardinal.com\/wp-content\/uploads\/2025\/05\/cropped-TONO-96x96.jpg\",\"contentUrl\":\"https:\/\/elcardinal.com\/wp-content\/uploads\/2025\/05\/cropped-TONO-96x96.jpg\",\"caption\":\"Antonio Alcaraz\"},\"url\":\"https:\/\/elcardinal.com\/?author=2\"}]}<\/script>\n<!-- \/ Yoast SEO plugin. -->","yoast_head_json":{"title":"Con ponencia, Unidad de G\u00e9nero previene f\u00edstula obst\u00e9trica - El Cardinal","robots":{"index":"index","follow":"follow","max-snippet":"max-snippet:-1","max-image-preview":"max-image-preview:large","max-video-preview":"max-video-preview:-1"},"canonical":"https:\/\/elcardinal.com\/?p=4585","og_locale":"es_MX","og_type":"article","og_title":"Con ponencia, Unidad de G\u00e9nero previene f\u00edstula obst\u00e9trica - El Cardinal","og_description":"En el D\u00eda Internacional para la Erradicaci\u00f3n de la F\u00edstula Obst\u00e9trica, conmemorado cada 23 de mayo, y en el marco del D\u00eda Naranja, la Unidad Institucional de G\u00e9nero y el \u00e1rea de Servicio M\u00e9dico y Nutrici\u00f3n del Congreso del Estado de Hidalgo, organizaron la ponencia \u201cUna herida evitable: hablemos de la f\u00edstula obst\u00e9trica\u201d, impartida por","og_url":"https:\/\/elcardinal.com\/?p=4585","og_site_name":"El Cardinal","article_publisher":"https:\/\/www.facebook.com\/profile.php?id=100063093107011","article_published_time":"2025-05-24T00:38:03+00:00","og_image":[{"width":2400,"height":1602,"url":"https:\/\/elcardinal.com\/wp-content\/uploads\/2025\/05\/23.05.2025-Unidad-de-genero-y-servicio-medico-conferencia-fistula-Obstetrica-5.jpg","type":"image\/jpeg"}],"author":"Antonio Alcaraz","twitter_card":"summary_large_image","twitter_creator":"@ElCardinal_Mx","twitter_site":"@ElCardinal_Mx","twitter_misc":{"Escrito por":"Antonio Alcaraz","Tiempo de lectura":"2 minutos"},"schema":{"@context":"https:\/\/schema.org","@graph":[{"@type":"Article","@id":"https:\/\/elcardinal.com\/?p=4585#article","isPartOf":{"@id":"https:\/\/elcardinal.com\/?p=4585"},"author":{"name":"Antonio Alcaraz","@id":"https:\/\/elcardinal.com\/#\/schema\/person\/3c352ec0a33987fe275c0e8a2ea69f8b"},"headline":"Con ponencia, Unidad de G\u00e9nero previene f\u00edstula obst\u00e9trica","datePublished":"2025-05-24T00:38:03+00:00","mainEntityOfPage":{"@id":"https:\/\/elcardinal.com\/?p=4585"},"wordCount":442,"commentCount":0,"publisher":{"@id":"https:\/\/elcardinal.com\/#organization"},"image":{"@id":"https:\/\/elcardinal.com\/?p=4585#primaryimage"},"thumbnailUrl":"https:\/\/elcardinal.com\/wp-content\/uploads\/2025\/05\/23.05.2025-Unidad-de-genero-y-servicio-medico-conferencia-fistula-Obstetrica-5.jpg","keywords":["Congreso de Hidalgo"],"articleSection":["Hidalgo","Minuto a Minuto","Pol\u00edtica"],"inLanguage":"es","potentialAction":[{"@type":"CommentAction","name":"Comment","target":["https:\/\/elcardinal.com\/?p=4585#respond"]}]},{"@type":"WebPage","@id":"https:\/\/elcardinal.com\/?p=4585","url":"https:\/\/elcardinal.com\/?p=4585","name":"Con ponencia, Unidad de G\u00e9nero previene f\u00edstula obst\u00e9trica - El Cardinal","isPartOf":{"@id":"https:\/\/elcardinal.com\/#website"},"primaryImageOfPage":{"@id":"https:\/\/elcardinal.com\/?p=4585#primaryimage"},"image":{"@id":"https:\/\/elcardinal.com\/?p=4585#primaryimage"},"thumbnailUrl":"https:\/\/elcardinal.com\/wp-content\/uploads\/2025\/05\/23.05.2025-Unidad-de-genero-y-servicio-medico-conferencia-fistula-Obstetrica-5.jpg","datePublished":"2025-05-24T00:38:03+00:00","breadcrumb":{"@id":"https:\/\/elcardinal.com\/?p=4585#breadcrumb"},"inLanguage":"es","potentialAction":[{"@type":"ReadAction","target":["https:\/\/elcardinal.com\/?p=4585"]}]},{"@type":"ImageObject","inLanguage":"es","@id":"https:\/\/elcardinal.com\/?p=4585#primaryimage","url":"https:\/\/elcardinal.com\/wp-content\/uploads\/2025\/05\/23.05.2025-Unidad-de-genero-y-servicio-medico-conferencia-fistula-Obstetrica-5.jpg","contentUrl":"https:\/\/elcardinal.com\/wp-content\/uploads\/2025\/05\/23.05.2025-Unidad-de-genero-y-servicio-medico-conferencia-fistula-Obstetrica-5.jpg","width":2400,"height":1602,"caption":"CONGRESO_HIDALGO"},{"@type":"BreadcrumbList","@id":"https:\/\/elcardinal.com\/?p=4585#breadcrumb","itemListElement":[{"@type":"ListItem","position":1,"name":"Inicio","item":"https:\/\/elcardinal.com\/"},{"@type":"ListItem","position":2,"name":"Con ponencia, Unidad de G\u00e9nero previene f\u00edstula obst\u00e9trica"}]},{"@type":"WebSite","@id":"https:\/\/elcardinal.com\/#website","url":"https:\/\/elcardinal.com\/","name":"El Cardinal","description":"Periodismo honesto, con valor, sentido humano, a veces sarc\u00e1stico y divertido.","publisher":{"@id":"https:\/\/elcardinal.com\/#organization"},"alternateName":"El Cardinal Noticias","potentialAction":[{"@type":"SearchAction","target":{"@type":"EntryPoint","urlTemplate":"https:\/\/elcardinal.com\/?s={search_term_string}"},"query-input":{"@type":"PropertyValueSpecification","valueRequired":true,"valueName":"search_term_string"}}],"inLanguage":"es"},{"@type":"Organization","@id":"https:\/\/elcardinal.com\/#organization","name":"El Cardinal","url":"https:\/\/elcardinal.com\/","logo":{"@type":"ImageObject","inLanguage":"es","@id":"https:\/\/elcardinal.com\/#\/schema\/logo\/image\/","url":"https:\/\/elcardinal.com\/wp-content\/uploads\/2025\/04\/LOGO-EL-CARDINAL-Periodismo-con-valor.png","contentUrl":"https:\/\/elcardinal.com\/wp-content\/uploads\/2025\/04\/LOGO-EL-CARDINAL-Periodismo-con-valor.png","width":755,"height":636,"caption":"El Cardinal"},"image":{"@id":"https:\/\/elcardinal.com\/#\/schema\/logo\/image\/"},"sameAs":["https:\/\/www.facebook.com\/profile.php?id=100063093107011","https:\/\/x.com\/ElCardinal_Mx"]},{"@type":"Person","@id":"https:\/\/elcardinal.com\/#\/schema\/person\/3c352ec0a33987fe275c0e8a2ea69f8b","name":"Antonio Alcaraz","image":{"@type":"ImageObject","inLanguage":"es","@id":"https:\/\/elcardinal.com\/#\/schema\/person\/image\/","url":"https:\/\/elcardinal.com\/wp-content\/uploads\/2025\/05\/cropped-TONO-96x96.jpg","contentUrl":"https:\/\/elcardinal.com\/wp-content\/uploads\/2025\/05\/cropped-TONO-96x96.jpg","caption":"Antonio Alcaraz"},"url":"https:\/\/elcardinal.com\/?author=2"}]}},"_links":{"self":[{"href":"https:\/\/elcardinal.com\/index.php?rest_route=\/wp\/v2\/posts\/4585","targetHints":{"allow":["GET"]}}],"collection":[{"href":"https:\/\/elcardinal.com\/index.php?rest_route=\/wp\/v2\/posts"}],"about":[{"href":"https:\/\/elcardinal.com\/index.php?rest_route=\/wp\/v2\/types\/post"}],"author":[{"embeddable":true,"href":"https:\/\/elcardinal.com\/index.php?rest_route=\/wp\/v2\/users\/2"}],"replies":[{"embeddable":true,"href":"https:\/\/elcardinal.com\/index.php?rest_route=%2Fwp%2Fv2%2Fcomments&post=4585"}],"version-history":[{"count":1,"href":"https:\/\/elcardinal.com\/index.php?rest_route=\/wp\/v2\/posts\/4585\/revisions"}],"predecessor-version":[{"id":4587,"href":"https:\/\/elcardinal.com\/index.php?rest_route=\/wp\/v2\/posts\/4585\/revisions\/4587"}],"wp:featuredmedia":[{"embeddable":true,"href":"https:\/\/elcardinal.com\/index.php?rest_route=\/wp\/v2\/media\/4586"}],"wp:attachment":[{"href":"https:\/\/elcardinal.com\/index.php?rest_route=%2Fwp%2Fv2%2Fmedia&parent=4585"}],"wp:term":[{"taxonomy":"category","embeddable":true,"href":"https:\/\/elcardinal.com\/index.php?rest_route=%2Fwp%2Fv2%2Fcategories&post=4585"},{"taxonomy":"post_tag","embeddable":true,"href":"https:\/\/elcardinal.com\/index.php?rest_route=%2Fwp%2Fv2%2Ftags&post=4585"}],"curies":[{"name":"wp","href":"https:\/\/api.w.org\/{rel}","templated":true}]}}