{"id":4596,"date":"2025-05-26T17:24:58","date_gmt":"2025-05-26T23:24:58","guid":{"rendered":"https:\/\/elcardinal.com\/?p=4596"},"modified":"2025-05-26T17:24:58","modified_gmt":"2025-05-26T23:24:58","slug":"sancion-ejemplar-a-exfuncionario-de-hidalgo-por-uso-electoral-con-vehiculo-oficial-en-durango-gobernador","status":"publish","type":"post","link":"https:\/\/elcardinal.com\/?p=4596","title":{"rendered":"Sanci\u00f3n ejemplar a exfuncionario de Hidalgo por uso electoral con veh\u00edculo oficial en Durango: gobernador \u00a0"},"content":{"rendered":"<p>Por: <strong>Jos\u00e9 Antonio Alcaraz Su\u00e1rez<\/strong><\/p>\n<p>Pachuca, Hgo.\u2014 El gobernador de Hidalgo, <strong>Julio Menchaca Salazar<\/strong>, y el encargado de la<strong> Procuradur\u00eda General de Justicia del Estado (PGJEH)<\/strong> confirmaron que Arturo Gabriel \u201cN\u201d, quien se desempe\u00f1aba como director de \u00e1rea del sistema mixto en la procuradur\u00eda, ser\u00e1 dado de baja y enfrentar\u00e1 procesos legales tras haber sido detenido en Durango por presuntamente realizar proselitismo pol\u00edtico en favor del candidato a la presidencia municipal de la capital duranguense por Morena, <strong>Jos\u00e9 Ram\u00f3n Enr\u00edquez<\/strong>.<\/p>\n<p>Las autoridades estatales informaron que ya se abri\u00f3 una carpeta de investigaci\u00f3n en Hidalgo por el delito de peculado, adem\u00e1s de que se inici\u00f3 un procedimiento administrativo por parte de la Contralor\u00eda estatal. El gobernador Menchaca subray\u00f3 que el funcionario actu\u00f3 por cuenta propia y neg\u00f3 cualquier v\u00ednculo entre este hecho y su visita reciente a Durango para respaldar al mismo candidato.<\/p>\n<blockquote><p>\u201cTodav\u00eda ser\u00eda verdaderamente torpe de mi parte mandar a alguien con un veh\u00edculo oficial. Este funcionario va a tener sanciones en Durango y aqu\u00ed en Hidalgo tambi\u00e9n. Va a perder su empleo\u201d, expres\u00f3 el mandatario.<\/p><\/blockquote>\n<p>El gobernador, acompa\u00f1ado del encargado del despacho de la PGJEH <strong>Francisco Fern\u00e1ndez Hasbun<\/strong>, explic\u00f3 que no se conoce con certeza la actividad que desempe\u00f1aba el funcionario en Durango, pero confirm\u00f3 que fue detectado solo y que utiliz\u00f3 un veh\u00edculo oficial, lo cual agravar\u00e1 las sanciones en su contra.<\/p>\n<p>Menchaca Salazar tambi\u00e9n rechaz\u00f3 que exista un llamado institucional para que funcionarios hagan proselitismo: \u201cCada quien es responsable de sus actos. Si cometen una irregularidad o un delito, tienen que asumir las consecuencias\u201d.<\/p>\n<p>El gobernador reiter\u00f3 que el gobierno estatal actuar\u00e1 con firmeza ante cualquier acto de corrupci\u00f3n o mal uso de los recursos p\u00fablicos, al tiempo que llam\u00f3 a los trabajadores del estado a conducirse con legalidad, sobre todo en el contexto del actual proceso electoral.<\/p>\n","protected":false},"excerpt":{"rendered":"<p>Por: Jos\u00e9 Antonio Alcaraz Su\u00e1rez Pachuca, Hgo.\u2014 El gobernador de Hidalgo, Julio Menchaca Salazar, y el encargado de la Procuradur\u00eda General de Justicia del Estado (PGJEH) confirmaron que Arturo Gabriel \u201cN\u201d, quien se desempe\u00f1aba como director de \u00e1rea del sistema mixto en la procuradur\u00eda, ser\u00e1 dado de baja y enfrentar\u00e1 procesos legales tras haber sido<\/p>\n","protected":false},"author":2,"featured_media":4597,"comment_status":"open","ping_status":"open","sticky":false,"template":"","format":"standard","meta":{"footnotes":""},"categories":[31,44],"tags":[180,179,178,85],"class_list":{"0":"post-4596","1":"post","2":"type-post","3":"status-publish","4":"format-standard","5":"has-post-thumbnail","7":"category-hidalgo","8":"category-minuto-a-minuto","9":"tag-delito-electoral","10":"tag-durango","11":"tag-jose-ramon-enriquez","12":"tag-julio-menchaca"},"yoast_head":"<!-- This site is optimized with the Yoast SEO plugin v26.1.1 - https:\/\/yoast.com\/wordpress\/plugins\/seo\/ -->\n<title>Sanci\u00f3n ejemplar a exfuncionario de Hidalgo por uso electoral con veh\u00edculo oficial en Durango: gobernador \u00a0 - El Cardinal<\/title>\n<meta name=\"robots\" content=\"index, follow, max-snippet:-1, max-image-preview:large, max-video-preview:-1\" \/>\n<link rel=\"canonical\" href=\"https:\/\/elcardinal.com\/?p=4596\" \/>\n<meta property=\"og:locale\" content=\"es_MX\" \/>\n<meta property=\"og:type\" content=\"article\" \/>\n<meta property=\"og:title\" content=\"Sanci\u00f3n ejemplar a exfuncionario de Hidalgo por uso electoral con veh\u00edculo oficial en Durango: gobernador \u00a0 - El Cardinal\" \/>\n<meta property=\"og:description\" content=\"Por: Jos\u00e9 Antonio Alcaraz Su\u00e1rez Pachuca, Hgo.\u2014 El gobernador de Hidalgo, Julio Menchaca Salazar, y el encargado de la Procuradur\u00eda General de Justicia del Estado (PGJEH) confirmaron que Arturo Gabriel \u201cN\u201d, quien se desempe\u00f1aba como director de \u00e1rea del sistema mixto en la procuradur\u00eda, ser\u00e1 dado de baja y enfrentar\u00e1 procesos legales tras haber sido\" \/>\n<meta property=\"og:url\" content=\"https:\/\/elcardinal.com\/?p=4596\" \/>\n<meta property=\"og:site_name\" content=\"El Cardinal\" \/>\n<meta property=\"article:publisher\" content=\"https:\/\/www.facebook.com\/profile.php?id=100063093107011\" \/>\n<meta property=\"article:published_time\" content=\"2025-05-26T23:24:58+00:00\" \/>\n<meta property=\"og:image\" content=\"https:\/\/elcardinal.com\/wp-content\/uploads\/2025\/05\/501756581_1029311982632606_2023377621870322587_n.jpg\" \/>\n\t<meta property=\"og:image:width\" content=\"632\" \/>\n\t<meta property=\"og:image:height\" content=\"1024\" \/>\n\t<meta property=\"og:image:type\" content=\"image\/jpeg\" \/>\n<meta name=\"author\" content=\"Antonio Alcaraz\" \/>\n<meta name=\"twitter:card\" content=\"summary_large_image\" \/>\n<meta name=\"twitter:creator\" content=\"@ElCardinal_Mx\" \/>\n<meta name=\"twitter:site\" content=\"@ElCardinal_Mx\" \/>\n<meta name=\"twitter:label1\" content=\"Escrito por\" \/>\n\t<meta name=\"twitter:data1\" content=\"Antonio Alcaraz\" \/>\n\t<meta name=\"twitter:label2\" content=\"Tiempo de lectura\" \/>\n\t<meta name=\"twitter:data2\" content=\"2 minutos\" \/>\n<script type=\"application\/ld+json\" class=\"yoast-schema-graph\">{\"@context\":\"https:\/\/schema.org\",\"@graph\":[{\"@type\":\"Article\",\"@id\":\"https:\/\/elcardinal.com\/?p=4596#article\",\"isPartOf\":{\"@id\":\"https:\/\/elcardinal.com\/?p=4596\"},\"author\":{\"name\":\"Antonio Alcaraz\",\"@id\":\"https:\/\/elcardinal.com\/#\/schema\/person\/3c352ec0a33987fe275c0e8a2ea69f8b\"},\"headline\":\"Sanci\u00f3n ejemplar a exfuncionario de Hidalgo por uso electoral con veh\u00edculo oficial en Durango: gobernador \u00a0\",\"datePublished\":\"2025-05-26T23:24:58+00:00\",\"mainEntityOfPage\":{\"@id\":\"https:\/\/elcardinal.com\/?p=4596\"},\"wordCount\":341,\"commentCount\":0,\"publisher\":{\"@id\":\"https:\/\/elcardinal.com\/#organization\"},\"image\":{\"@id\":\"https:\/\/elcardinal.com\/?p=4596#primaryimage\"},\"thumbnailUrl\":\"https:\/\/elcardinal.com\/wp-content\/uploads\/2025\/05\/501756581_1029311982632606_2023377621870322587_n.jpg\",\"keywords\":[\"Delito Electoral\",\"Durango\",\"Jos\u00e9 Ram\u00f3n Enr\u00edquez\",\"Julio Menchaca\"],\"articleSection\":[\"Hidalgo\",\"Minuto a Minuto\"],\"inLanguage\":\"es\",\"potentialAction\":[{\"@type\":\"CommentAction\",\"name\":\"Comment\",\"target\":[\"https:\/\/elcardinal.com\/?p=4596#respond\"]}]},{\"@type\":\"WebPage\",\"@id\":\"https:\/\/elcardinal.com\/?p=4596\",\"url\":\"https:\/\/elcardinal.com\/?p=4596\",\"name\":\"Sanci\u00f3n ejemplar a exfuncionario de Hidalgo por uso electoral con veh\u00edculo oficial en Durango: gobernador \u00a0 - El Cardinal\",\"isPartOf\":{\"@id\":\"https:\/\/elcardinal.com\/#website\"},\"primaryImageOfPage\":{\"@id\":\"https:\/\/elcardinal.com\/?p=4596#primaryimage\"},\"image\":{\"@id\":\"https:\/\/elcardinal.com\/?p=4596#primaryimage\"},\"thumbnailUrl\":\"https:\/\/elcardinal.com\/wp-content\/uploads\/2025\/05\/501756581_1029311982632606_2023377621870322587_n.jpg\",\"datePublished\":\"2025-05-26T23:24:58+00:00\",\"breadcrumb\":{\"@id\":\"https:\/\/elcardinal.com\/?p=4596#breadcrumb\"},\"inLanguage\":\"es\",\"potentialAction\":[{\"@type\":\"ReadAction\",\"target\":[\"https:\/\/elcardinal.com\/?p=4596\"]}]},{\"@type\":\"ImageObject\",\"inLanguage\":\"es\",\"@id\":\"https:\/\/elcardinal.com\/?p=4596#primaryimage\",\"url\":\"https:\/\/elcardinal.com\/wp-content\/uploads\/2025\/05\/501756581_1029311982632606_2023377621870322587_n.jpg\",\"contentUrl\":\"https:\/\/elcardinal.com\/wp-content\/uploads\/2025\/05\/501756581_1029311982632606_2023377621870322587_n.jpg\",\"width\":632,\"height\":1024},{\"@type\":\"BreadcrumbList\",\"@id\":\"https:\/\/elcardinal.com\/?p=4596#breadcrumb\",\"itemListElement\":[{\"@type\":\"ListItem\",\"position\":1,\"name\":\"Inicio\",\"item\":\"https:\/\/elcardinal.com\/\"},{\"@type\":\"ListItem\",\"position\":2,\"name\":\"Sanci\u00f3n ejemplar a exfuncionario de Hidalgo por uso electoral con veh\u00edculo oficial en Durango: gobernador \u00a0\"}]},{\"@type\":\"WebSite\",\"@id\":\"https:\/\/elcardinal.com\/#website\",\"url\":\"https:\/\/elcardinal.com\/\",\"name\":\"El Cardinal\",\"description\":\"Periodismo honesto, con valor, sentido humano, a veces sarc\u00e1stico y divertido.\",\"publisher\":{\"@id\":\"https:\/\/elcardinal.com\/#organization\"},\"alternateName\":\"El Cardinal Noticias\",\"potentialAction\":[{\"@type\":\"SearchAction\",\"target\":{\"@type\":\"EntryPoint\",\"urlTemplate\":\"https:\/\/elcardinal.com\/?s={search_term_string}\"},\"query-input\":{\"@type\":\"PropertyValueSpecification\",\"valueRequired\":true,\"valueName\":\"search_term_string\"}}],\"inLanguage\":\"es\"},{\"@type\":\"Organization\",\"@id\":\"https:\/\/elcardinal.com\/#organization\",\"name\":\"El Cardinal\",\"url\":\"https:\/\/elcardinal.com\/\",\"logo\":{\"@type\":\"ImageObject\",\"inLanguage\":\"es\",\"@id\":\"https:\/\/elcardinal.com\/#\/schema\/logo\/image\/\",\"url\":\"https:\/\/elcardinal.com\/wp-content\/uploads\/2025\/04\/LOGO-EL-CARDINAL-Periodismo-con-valor.png\",\"contentUrl\":\"https:\/\/elcardinal.com\/wp-content\/uploads\/2025\/04\/LOGO-EL-CARDINAL-Periodismo-con-valor.png\",\"width\":755,\"height\":636,\"caption\":\"El Cardinal\"},\"image\":{\"@id\":\"https:\/\/elcardinal.com\/#\/schema\/logo\/image\/\"},\"sameAs\":[\"https:\/\/www.facebook.com\/profile.php?id=100063093107011\",\"https:\/\/x.com\/ElCardinal_Mx\"]},{\"@type\":\"Person\",\"@id\":\"https:\/\/elcardinal.com\/#\/schema\/person\/3c352ec0a33987fe275c0e8a2ea69f8b\",\"name\":\"Antonio Alcaraz\",\"image\":{\"@type\":\"ImageObject\",\"inLanguage\":\"es\",\"@id\":\"https:\/\/elcardinal.com\/#\/schema\/person\/image\/\",\"url\":\"https:\/\/elcardinal.com\/wp-content\/uploads\/2025\/05\/cropped-TONO-96x96.jpg\",\"contentUrl\":\"https:\/\/elcardinal.com\/wp-content\/uploads\/2025\/05\/cropped-TONO-96x96.jpg\",\"caption\":\"Antonio Alcaraz\"},\"url\":\"https:\/\/elcardinal.com\/?author=2\"}]}<\/script>\n<!-- \/ Yoast SEO plugin. -->","yoast_head_json":{"title":"Sanci\u00f3n ejemplar a exfuncionario de Hidalgo por uso electoral con veh\u00edculo oficial en Durango: gobernador \u00a0 - El Cardinal","robots":{"index":"index","follow":"follow","max-snippet":"max-snippet:-1","max-image-preview":"max-image-preview:large","max-video-preview":"max-video-preview:-1"},"canonical":"https:\/\/elcardinal.com\/?p=4596","og_locale":"es_MX","og_type":"article","og_title":"Sanci\u00f3n ejemplar a exfuncionario de Hidalgo por uso electoral con veh\u00edculo oficial en Durango: gobernador \u00a0 - El Cardinal","og_description":"Por: Jos\u00e9 Antonio Alcaraz Su\u00e1rez Pachuca, Hgo.\u2014 El gobernador de Hidalgo, Julio Menchaca Salazar, y el encargado de la Procuradur\u00eda General de Justicia del Estado (PGJEH) confirmaron que Arturo Gabriel \u201cN\u201d, quien se desempe\u00f1aba como director de \u00e1rea del sistema mixto en la procuradur\u00eda, ser\u00e1 dado de baja y enfrentar\u00e1 procesos legales tras haber sido","og_url":"https:\/\/elcardinal.com\/?p=4596","og_site_name":"El Cardinal","article_publisher":"https:\/\/www.facebook.com\/profile.php?id=100063093107011","article_published_time":"2025-05-26T23:24:58+00:00","og_image":[{"width":632,"height":1024,"url":"https:\/\/elcardinal.com\/wp-content\/uploads\/2025\/05\/501756581_1029311982632606_2023377621870322587_n.jpg","type":"image\/jpeg"}],"author":"Antonio Alcaraz","twitter_card":"summary_large_image","twitter_creator":"@ElCardinal_Mx","twitter_site":"@ElCardinal_Mx","twitter_misc":{"Escrito por":"Antonio Alcaraz","Tiempo de lectura":"2 minutos"},"schema":{"@context":"https:\/\/schema.org","@graph":[{"@type":"Article","@id":"https:\/\/elcardinal.com\/?p=4596#article","isPartOf":{"@id":"https:\/\/elcardinal.com\/?p=4596"},"author":{"name":"Antonio Alcaraz","@id":"https:\/\/elcardinal.com\/#\/schema\/person\/3c352ec0a33987fe275c0e8a2ea69f8b"},"headline":"Sanci\u00f3n ejemplar a exfuncionario de Hidalgo por uso electoral con veh\u00edculo oficial en Durango: gobernador \u00a0","datePublished":"2025-05-26T23:24:58+00:00","mainEntityOfPage":{"@id":"https:\/\/elcardinal.com\/?p=4596"},"wordCount":341,"commentCount":0,"publisher":{"@id":"https:\/\/elcardinal.com\/#organization"},"image":{"@id":"https:\/\/elcardinal.com\/?p=4596#primaryimage"},"thumbnailUrl":"https:\/\/elcardinal.com\/wp-content\/uploads\/2025\/05\/501756581_1029311982632606_2023377621870322587_n.jpg","keywords":["Delito Electoral","Durango","Jos\u00e9 Ram\u00f3n Enr\u00edquez","Julio Menchaca"],"articleSection":["Hidalgo","Minuto a Minuto"],"inLanguage":"es","potentialAction":[{"@type":"CommentAction","name":"Comment","target":["https:\/\/elcardinal.com\/?p=4596#respond"]}]},{"@type":"WebPage","@id":"https:\/\/elcardinal.com\/?p=4596","url":"https:\/\/elcardinal.com\/?p=4596","name":"Sanci\u00f3n ejemplar a exfuncionario de Hidalgo por uso electoral con veh\u00edculo oficial en Durango: gobernador \u00a0 - El Cardinal","isPartOf":{"@id":"https:\/\/elcardinal.com\/#website"},"primaryImageOfPage":{"@id":"https:\/\/elcardinal.com\/?p=4596#primaryimage"},"image":{"@id":"https:\/\/elcardinal.com\/?p=4596#primaryimage"},"thumbnailUrl":"https:\/\/elcardinal.com\/wp-content\/uploads\/2025\/05\/501756581_1029311982632606_2023377621870322587_n.jpg","datePublished":"2025-05-26T23:24:58+00:00","breadcrumb":{"@id":"https:\/\/elcardinal.com\/?p=4596#breadcrumb"},"inLanguage":"es","potentialAction":[{"@type":"ReadAction","target":["https:\/\/elcardinal.com\/?p=4596"]}]},{"@type":"ImageObject","inLanguage":"es","@id":"https:\/\/elcardinal.com\/?p=4596#primaryimage","url":"https:\/\/elcardinal.com\/wp-content\/uploads\/2025\/05\/501756581_1029311982632606_2023377621870322587_n.jpg","contentUrl":"https:\/\/elcardinal.com\/wp-content\/uploads\/2025\/05\/501756581_1029311982632606_2023377621870322587_n.jpg","width":632,"height":1024},{"@type":"BreadcrumbList","@id":"https:\/\/elcardinal.com\/?p=4596#breadcrumb","itemListElement":[{"@type":"ListItem","position":1,"name":"Inicio","item":"https:\/\/elcardinal.com\/"},{"@type":"ListItem","position":2,"name":"Sanci\u00f3n ejemplar a exfuncionario de Hidalgo por uso electoral con veh\u00edculo oficial en Durango: gobernador \u00a0"}]},{"@type":"WebSite","@id":"https:\/\/elcardinal.com\/#website","url":"https:\/\/elcardinal.com\/","name":"El Cardinal","description":"Periodismo honesto, con valor, sentido humano, a veces sarc\u00e1stico y divertido.","publisher":{"@id":"https:\/\/elcardinal.com\/#organization"},"alternateName":"El Cardinal Noticias","potentialAction":[{"@type":"SearchAction","target":{"@type":"EntryPoint","urlTemplate":"https:\/\/elcardinal.com\/?s={search_term_string}"},"query-input":{"@type":"PropertyValueSpecification","valueRequired":true,"valueName":"search_term_string"}}],"inLanguage":"es"},{"@type":"Organization","@id":"https:\/\/elcardinal.com\/#organization","name":"El Cardinal","url":"https:\/\/elcardinal.com\/","logo":{"@type":"ImageObject","inLanguage":"es","@id":"https:\/\/elcardinal.com\/#\/schema\/logo\/image\/","url":"https:\/\/elcardinal.com\/wp-content\/uploads\/2025\/04\/LOGO-EL-CARDINAL-Periodismo-con-valor.png","contentUrl":"https:\/\/elcardinal.com\/wp-content\/uploads\/2025\/04\/LOGO-EL-CARDINAL-Periodismo-con-valor.png","width":755,"height":636,"caption":"El Cardinal"},"image":{"@id":"https:\/\/elcardinal.com\/#\/schema\/logo\/image\/"},"sameAs":["https:\/\/www.facebook.com\/profile.php?id=100063093107011","https:\/\/x.com\/ElCardinal_Mx"]},{"@type":"Person","@id":"https:\/\/elcardinal.com\/#\/schema\/person\/3c352ec0a33987fe275c0e8a2ea69f8b","name":"Antonio Alcaraz","image":{"@type":"ImageObject","inLanguage":"es","@id":"https:\/\/elcardinal.com\/#\/schema\/person\/image\/","url":"https:\/\/elcardinal.com\/wp-content\/uploads\/2025\/05\/cropped-TONO-96x96.jpg","contentUrl":"https:\/\/elcardinal.com\/wp-content\/uploads\/2025\/05\/cropped-TONO-96x96.jpg","caption":"Antonio Alcaraz"},"url":"https:\/\/elcardinal.com\/?author=2"}]}},"_links":{"self":[{"href":"https:\/\/elcardinal.com\/index.php?rest_route=\/wp\/v2\/posts\/4596","targetHints":{"allow":["GET"]}}],"collection":[{"href":"https:\/\/elcardinal.com\/index.php?rest_route=\/wp\/v2\/posts"}],"about":[{"href":"https:\/\/elcardinal.com\/index.php?rest_route=\/wp\/v2\/types\/post"}],"author":[{"embeddable":true,"href":"https:\/\/elcardinal.com\/index.php?rest_route=\/wp\/v2\/users\/2"}],"replies":[{"embeddable":true,"href":"https:\/\/elcardinal.com\/index.php?rest_route=%2Fwp%2Fv2%2Fcomments&post=4596"}],"version-history":[{"count":1,"href":"https:\/\/elcardinal.com\/index.php?rest_route=\/wp\/v2\/posts\/4596\/revisions"}],"predecessor-version":[{"id":4598,"href":"https:\/\/elcardinal.com\/index.php?rest_route=\/wp\/v2\/posts\/4596\/revisions\/4598"}],"wp:featuredmedia":[{"embeddable":true,"href":"https:\/\/elcardinal.com\/index.php?rest_route=\/wp\/v2\/media\/4597"}],"wp:attachment":[{"href":"https:\/\/elcardinal.com\/index.php?rest_route=%2Fwp%2Fv2%2Fmedia&parent=4596"}],"wp:term":[{"taxonomy":"category","embeddable":true,"href":"https:\/\/elcardinal.com\/index.php?rest_route=%2Fwp%2Fv2%2Fcategories&post=4596"},{"taxonomy":"post_tag","embeddable":true,"href":"https:\/\/elcardinal.com\/index.php?rest_route=%2Fwp%2Fv2%2Ftags&post=4596"}],"curies":[{"name":"wp","href":"https:\/\/api.w.org\/{rel}","templated":true}]}}