{"id":4610,"date":"2025-05-27T09:30:47","date_gmt":"2025-05-27T15:30:47","guid":{"rendered":"https:\/\/elcardinal.com\/?p=4610"},"modified":"2025-05-27T09:37:24","modified_gmt":"2025-05-27T15:37:24","slug":"le-arrebataron-a-sus-hijos-mujer-de-hidalgo-exige-justicia-y-ayuda-para-recuperarlos","status":"publish","type":"post","link":"https:\/\/elcardinal.com\/?p=4610","title":{"rendered":"Le arrebataron a sus hijos: Mujer de Hidalgo exige justicia y ayuda para recuperarlos"},"content":{"rendered":"<p>Por Jimena Gonz\u00e1lez \/\u00a0 \u00a0Hidalgo en L\u00ednea<\/p>\n<p>Con el coraz\u00f3n roto, <strong>Mar\u00eda Vaneli Islas Hern\u00e1ndez<\/strong> denuncia que desde el pasado 27 de abril, los abuelos paternos de sus hijos de 2 y 6 a\u00f1os se los llevaron sin su consentimiento, pese a que una jueza le otorg\u00f3 la custodia provisional \u2696\ufe0f\ud83d\udc69\u200d\u2696\ufe0f<\/p>\n<p>Los esconden y podr\u00edan sacarlos del pa\u00eds, mientras las autoridades guardan silencio.<\/p>\n<p><img fetchpriority=\"high\" decoding=\"async\" class=\"alignnone size-medium wp-image-4613\" src=\"https:\/\/elcardinal.com\/wp-content\/uploads\/2025\/05\/IMG_20250527_092154-300x225.jpg\" alt=\"\" width=\"300\" height=\"225\" srcset=\"https:\/\/elcardinal.com\/wp-content\/uploads\/2025\/05\/IMG_20250527_092154-300x225.jpg 300w, https:\/\/elcardinal.com\/wp-content\/uploads\/2025\/05\/IMG_20250527_092154-768x576.jpg 768w, https:\/\/elcardinal.com\/wp-content\/uploads\/2025\/05\/IMG_20250527_092154-150x113.jpg 150w, https:\/\/elcardinal.com\/wp-content\/uploads\/2025\/05\/IMG_20250527_092154-450x338.jpg 450w, https:\/\/elcardinal.com\/wp-content\/uploads\/2025\/05\/IMG_20250527_092154.jpg 960w\" sizes=\"(max-width: 300px) 100vw, 300px\" \/><\/p>\n<p>\u201cHicieron falsas acusaciones de violencia familiar para quit\u00e1rmelos. Pero jam\u00e1s he maltratado a mis hijos\u201d, asegur\u00f3 Mar\u00eda, quien enfrenta una batalla legal para demostrar su inocencia desde Atotonilco El Grande.<\/p>\n<p>El pap\u00e1 de los ni\u00f1os est\u00e1 en EE. UU. y no quiere la custodia, pero los abuelos insisten en retenerlos, ignorando su rol como madre y los derechos de los menores.<\/p>\n<p>\u201cTemo por su seguridad. Me los arrebataron sin piedad\u201d, dice entre l\u00e1grimas.<\/p>\n<p>Indignante actuaci\u00f3n del MP \ud83d\ude21\ud83d\uded1<\/p>\n<p>Al acudir a la Unidad Mixta de Atotonilco El Grande, la agente Cecilia Ugalde G\u00f3mez le respondi\u00f3 con prepotencia:<\/p>\n<p>\u201cNo tengo personal y solo trabajo de 9 a 5\u201d.<\/p>\n<p>Peor a\u00fan: admiti\u00f3 que nadie controla a los del MP y que \u201cno pueden hacer todo lo que se les pide\u201d.<\/p>\n<p>\u00bfY los derechos de los ni\u00f1os? \u00bfD\u00f3nde est\u00e1 la justicia?<\/p>\n<p>Mar\u00eda exige acci\u00f3n inmediata de la Procuradur\u00eda y hace un llamado urgente a la ciudadan\u00eda:<\/p>\n<p>\u201cSi ves a mis hijos, ay\u00fadame. Estoy viviendo una pesadilla. \u00a1Soy su mam\u00e1 y los extra\u00f1o cada segundo!\u201d.<\/p>\n<p>&nbsp;<\/p>\n","protected":false},"excerpt":{"rendered":"<p>Por Jimena Gonz\u00e1lez \/\u00a0 \u00a0Hidalgo en L\u00ednea Con el coraz\u00f3n roto, Mar\u00eda Vaneli Islas Hern\u00e1ndez denuncia que desde el pasado 27 de abril, los abuelos paternos de sus hijos de 2 y 6 a\u00f1os se los llevaron sin su consentimiento, pese a que una jueza le otorg\u00f3 la custodia provisional \u2696\ufe0f\ud83d\udc69\u200d\u2696\ufe0f Los esconden y podr\u00edan<\/p>\n","protected":false},"author":2,"featured_media":4612,"comment_status":"open","ping_status":"open","sticky":false,"template":"","format":"standard","meta":{"footnotes":""},"categories":[31,36,44],"tags":[184,87,185],"class_list":{"0":"post-4610","1":"post","2":"type-post","3":"status-publish","4":"format-standard","5":"has-post-thumbnail","7":"category-hidalgo","8":"category-historias","9":"category-minuto-a-minuto","10":"tag-atotonilco-el-grande","11":"tag-hidalgo","12":"tag-sustraccion-parental"},"yoast_head":"<!-- This site is optimized with the Yoast SEO plugin v26.1.1 - https:\/\/yoast.com\/wordpress\/plugins\/seo\/ -->\n<title>Le arrebataron a sus hijos: Mujer de Hidalgo exige justicia y ayuda para recuperarlos - El Cardinal<\/title>\n<meta name=\"robots\" content=\"index, follow, max-snippet:-1, max-image-preview:large, max-video-preview:-1\" \/>\n<link rel=\"canonical\" href=\"https:\/\/elcardinal.com\/?p=4610\" \/>\n<meta property=\"og:locale\" content=\"es_MX\" \/>\n<meta property=\"og:type\" content=\"article\" \/>\n<meta property=\"og:title\" content=\"Le arrebataron a sus hijos: Mujer de Hidalgo exige justicia y ayuda para recuperarlos - El Cardinal\" \/>\n<meta property=\"og:description\" content=\"Por Jimena Gonz\u00e1lez \/\u00a0 \u00a0Hidalgo en L\u00ednea Con el coraz\u00f3n roto, Mar\u00eda Vaneli Islas Hern\u00e1ndez denuncia que desde el pasado 27 de abril, los abuelos paternos de sus hijos de 2 y 6 a\u00f1os se los llevaron sin su consentimiento, pese a que una jueza le otorg\u00f3 la custodia provisional \u2696\ufe0f\ud83d\udc69\u200d\u2696\ufe0f Los esconden y podr\u00edan\" \/>\n<meta property=\"og:url\" content=\"https:\/\/elcardinal.com\/?p=4610\" \/>\n<meta property=\"og:site_name\" content=\"El Cardinal\" \/>\n<meta property=\"article:publisher\" content=\"https:\/\/www.facebook.com\/profile.php?id=100063093107011\" \/>\n<meta property=\"article:published_time\" content=\"2025-05-27T15:30:47+00:00\" \/>\n<meta property=\"article:modified_time\" content=\"2025-05-27T15:37:24+00:00\" \/>\n<meta property=\"og:image\" content=\"https:\/\/elcardinal.com\/wp-content\/uploads\/2025\/05\/Picsart_25-05-27_09-20-14-276-scaled.jpg\" \/>\n\t<meta property=\"og:image:width\" content=\"2560\" \/>\n\t<meta property=\"og:image:height\" content=\"1706\" \/>\n\t<meta property=\"og:image:type\" content=\"image\/jpeg\" \/>\n<meta name=\"author\" content=\"Antonio Alcaraz\" \/>\n<meta name=\"twitter:card\" content=\"summary_large_image\" \/>\n<meta name=\"twitter:creator\" content=\"@ElCardinal_Mx\" \/>\n<meta name=\"twitter:site\" content=\"@ElCardinal_Mx\" \/>\n<meta name=\"twitter:label1\" content=\"Escrito por\" \/>\n\t<meta name=\"twitter:data1\" content=\"Antonio Alcaraz\" \/>\n\t<meta name=\"twitter:label2\" content=\"Tiempo de lectura\" \/>\n\t<meta name=\"twitter:data2\" content=\"2 minutos\" \/>\n<script type=\"application\/ld+json\" class=\"yoast-schema-graph\">{\"@context\":\"https:\/\/schema.org\",\"@graph\":[{\"@type\":\"Article\",\"@id\":\"https:\/\/elcardinal.com\/?p=4610#article\",\"isPartOf\":{\"@id\":\"https:\/\/elcardinal.com\/?p=4610\"},\"author\":{\"name\":\"Antonio Alcaraz\",\"@id\":\"https:\/\/elcardinal.com\/#\/schema\/person\/3c352ec0a33987fe275c0e8a2ea69f8b\"},\"headline\":\"Le arrebataron a sus hijos: Mujer de Hidalgo exige justicia y ayuda para recuperarlos\",\"datePublished\":\"2025-05-27T15:30:47+00:00\",\"dateModified\":\"2025-05-27T15:37:24+00:00\",\"mainEntityOfPage\":{\"@id\":\"https:\/\/elcardinal.com\/?p=4610\"},\"wordCount\":265,\"commentCount\":0,\"publisher\":{\"@id\":\"https:\/\/elcardinal.com\/#organization\"},\"image\":{\"@id\":\"https:\/\/elcardinal.com\/?p=4610#primaryimage\"},\"thumbnailUrl\":\"https:\/\/elcardinal.com\/wp-content\/uploads\/2025\/05\/Picsart_25-05-27_09-20-14-276-scaled.jpg\",\"keywords\":[\"Atotonilco El Grande\",\"Hidalgo\",\"sustracci\u00f3n parental\"],\"articleSection\":[\"Hidalgo\",\"Historias\",\"Minuto a Minuto\"],\"inLanguage\":\"es\",\"potentialAction\":[{\"@type\":\"CommentAction\",\"name\":\"Comment\",\"target\":[\"https:\/\/elcardinal.com\/?p=4610#respond\"]}]},{\"@type\":\"WebPage\",\"@id\":\"https:\/\/elcardinal.com\/?p=4610\",\"url\":\"https:\/\/elcardinal.com\/?p=4610\",\"name\":\"Le arrebataron a sus hijos: Mujer de Hidalgo exige justicia y ayuda para recuperarlos - El Cardinal\",\"isPartOf\":{\"@id\":\"https:\/\/elcardinal.com\/#website\"},\"primaryImageOfPage\":{\"@id\":\"https:\/\/elcardinal.com\/?p=4610#primaryimage\"},\"image\":{\"@id\":\"https:\/\/elcardinal.com\/?p=4610#primaryimage\"},\"thumbnailUrl\":\"https:\/\/elcardinal.com\/wp-content\/uploads\/2025\/05\/Picsart_25-05-27_09-20-14-276-scaled.jpg\",\"datePublished\":\"2025-05-27T15:30:47+00:00\",\"dateModified\":\"2025-05-27T15:37:24+00:00\",\"breadcrumb\":{\"@id\":\"https:\/\/elcardinal.com\/?p=4610#breadcrumb\"},\"inLanguage\":\"es\",\"potentialAction\":[{\"@type\":\"ReadAction\",\"target\":[\"https:\/\/elcardinal.com\/?p=4610\"]}]},{\"@type\":\"ImageObject\",\"inLanguage\":\"es\",\"@id\":\"https:\/\/elcardinal.com\/?p=4610#primaryimage\",\"url\":\"https:\/\/elcardinal.com\/wp-content\/uploads\/2025\/05\/Picsart_25-05-27_09-20-14-276-scaled.jpg\",\"contentUrl\":\"https:\/\/elcardinal.com\/wp-content\/uploads\/2025\/05\/Picsart_25-05-27_09-20-14-276-scaled.jpg\",\"width\":2560,\"height\":1706,\"caption\":\"{\\\"remix_data\\\":[],\\\"source_tags\\\":[],\\\"origin\\\":\\\"unknown\\\",\\\"total_draw_time\\\":0,\\\"total_draw_actions\\\":0,\\\"layers_used\\\":0,\\\"brushes_used\\\":0,\\\"photos_added\\\":0,\\\"total_editor_actions\\\":{},\\\"tools_used\\\":{},\\\"is_sticker\\\":false,\\\"edited_since_last_sticker_save\\\":false,\\\"containsFTESticker\\\":false}\"},{\"@type\":\"BreadcrumbList\",\"@id\":\"https:\/\/elcardinal.com\/?p=4610#breadcrumb\",\"itemListElement\":[{\"@type\":\"ListItem\",\"position\":1,\"name\":\"Inicio\",\"item\":\"https:\/\/elcardinal.com\/\"},{\"@type\":\"ListItem\",\"position\":2,\"name\":\"Le arrebataron a sus hijos: Mujer de Hidalgo exige justicia y ayuda para recuperarlos\"}]},{\"@type\":\"WebSite\",\"@id\":\"https:\/\/elcardinal.com\/#website\",\"url\":\"https:\/\/elcardinal.com\/\",\"name\":\"El Cardinal\",\"description\":\"Periodismo honesto, con valor, sentido humano, a veces sarc\u00e1stico y divertido.\",\"publisher\":{\"@id\":\"https:\/\/elcardinal.com\/#organization\"},\"alternateName\":\"El Cardinal Noticias\",\"potentialAction\":[{\"@type\":\"SearchAction\",\"target\":{\"@type\":\"EntryPoint\",\"urlTemplate\":\"https:\/\/elcardinal.com\/?s={search_term_string}\"},\"query-input\":{\"@type\":\"PropertyValueSpecification\",\"valueRequired\":true,\"valueName\":\"search_term_string\"}}],\"inLanguage\":\"es\"},{\"@type\":\"Organization\",\"@id\":\"https:\/\/elcardinal.com\/#organization\",\"name\":\"El Cardinal\",\"url\":\"https:\/\/elcardinal.com\/\",\"logo\":{\"@type\":\"ImageObject\",\"inLanguage\":\"es\",\"@id\":\"https:\/\/elcardinal.com\/#\/schema\/logo\/image\/\",\"url\":\"https:\/\/elcardinal.com\/wp-content\/uploads\/2025\/04\/LOGO-EL-CARDINAL-Periodismo-con-valor.png\",\"contentUrl\":\"https:\/\/elcardinal.com\/wp-content\/uploads\/2025\/04\/LOGO-EL-CARDINAL-Periodismo-con-valor.png\",\"width\":755,\"height\":636,\"caption\":\"El Cardinal\"},\"image\":{\"@id\":\"https:\/\/elcardinal.com\/#\/schema\/logo\/image\/\"},\"sameAs\":[\"https:\/\/www.facebook.com\/profile.php?id=100063093107011\",\"https:\/\/x.com\/ElCardinal_Mx\"]},{\"@type\":\"Person\",\"@id\":\"https:\/\/elcardinal.com\/#\/schema\/person\/3c352ec0a33987fe275c0e8a2ea69f8b\",\"name\":\"Antonio Alcaraz\",\"image\":{\"@type\":\"ImageObject\",\"inLanguage\":\"es\",\"@id\":\"https:\/\/elcardinal.com\/#\/schema\/person\/image\/\",\"url\":\"https:\/\/elcardinal.com\/wp-content\/uploads\/2025\/05\/cropped-TONO-96x96.jpg\",\"contentUrl\":\"https:\/\/elcardinal.com\/wp-content\/uploads\/2025\/05\/cropped-TONO-96x96.jpg\",\"caption\":\"Antonio Alcaraz\"},\"url\":\"https:\/\/elcardinal.com\/?author=2\"}]}<\/script>\n<!-- \/ Yoast SEO plugin. -->","yoast_head_json":{"title":"Le arrebataron a sus hijos: Mujer de Hidalgo exige justicia y ayuda para recuperarlos - El Cardinal","robots":{"index":"index","follow":"follow","max-snippet":"max-snippet:-1","max-image-preview":"max-image-preview:large","max-video-preview":"max-video-preview:-1"},"canonical":"https:\/\/elcardinal.com\/?p=4610","og_locale":"es_MX","og_type":"article","og_title":"Le arrebataron a sus hijos: Mujer de Hidalgo exige justicia y ayuda para recuperarlos - El Cardinal","og_description":"Por Jimena Gonz\u00e1lez \/\u00a0 \u00a0Hidalgo en L\u00ednea Con el coraz\u00f3n roto, Mar\u00eda Vaneli Islas Hern\u00e1ndez denuncia que desde el pasado 27 de abril, los abuelos paternos de sus hijos de 2 y 6 a\u00f1os se los llevaron sin su consentimiento, pese a que una jueza le otorg\u00f3 la custodia provisional \u2696\ufe0f\ud83d\udc69\u200d\u2696\ufe0f Los esconden y podr\u00edan","og_url":"https:\/\/elcardinal.com\/?p=4610","og_site_name":"El Cardinal","article_publisher":"https:\/\/www.facebook.com\/profile.php?id=100063093107011","article_published_time":"2025-05-27T15:30:47+00:00","article_modified_time":"2025-05-27T15:37:24+00:00","og_image":[{"width":2560,"height":1706,"url":"https:\/\/elcardinal.com\/wp-content\/uploads\/2025\/05\/Picsart_25-05-27_09-20-14-276-scaled.jpg","type":"image\/jpeg"}],"author":"Antonio Alcaraz","twitter_card":"summary_large_image","twitter_creator":"@ElCardinal_Mx","twitter_site":"@ElCardinal_Mx","twitter_misc":{"Escrito por":"Antonio Alcaraz","Tiempo de lectura":"2 minutos"},"schema":{"@context":"https:\/\/schema.org","@graph":[{"@type":"Article","@id":"https:\/\/elcardinal.com\/?p=4610#article","isPartOf":{"@id":"https:\/\/elcardinal.com\/?p=4610"},"author":{"name":"Antonio Alcaraz","@id":"https:\/\/elcardinal.com\/#\/schema\/person\/3c352ec0a33987fe275c0e8a2ea69f8b"},"headline":"Le arrebataron a sus hijos: Mujer de Hidalgo exige justicia y ayuda para recuperarlos","datePublished":"2025-05-27T15:30:47+00:00","dateModified":"2025-05-27T15:37:24+00:00","mainEntityOfPage":{"@id":"https:\/\/elcardinal.com\/?p=4610"},"wordCount":265,"commentCount":0,"publisher":{"@id":"https:\/\/elcardinal.com\/#organization"},"image":{"@id":"https:\/\/elcardinal.com\/?p=4610#primaryimage"},"thumbnailUrl":"https:\/\/elcardinal.com\/wp-content\/uploads\/2025\/05\/Picsart_25-05-27_09-20-14-276-scaled.jpg","keywords":["Atotonilco El Grande","Hidalgo","sustracci\u00f3n parental"],"articleSection":["Hidalgo","Historias","Minuto a Minuto"],"inLanguage":"es","potentialAction":[{"@type":"CommentAction","name":"Comment","target":["https:\/\/elcardinal.com\/?p=4610#respond"]}]},{"@type":"WebPage","@id":"https:\/\/elcardinal.com\/?p=4610","url":"https:\/\/elcardinal.com\/?p=4610","name":"Le arrebataron a sus hijos: Mujer de Hidalgo exige justicia y ayuda para recuperarlos - El Cardinal","isPartOf":{"@id":"https:\/\/elcardinal.com\/#website"},"primaryImageOfPage":{"@id":"https:\/\/elcardinal.com\/?p=4610#primaryimage"},"image":{"@id":"https:\/\/elcardinal.com\/?p=4610#primaryimage"},"thumbnailUrl":"https:\/\/elcardinal.com\/wp-content\/uploads\/2025\/05\/Picsart_25-05-27_09-20-14-276-scaled.jpg","datePublished":"2025-05-27T15:30:47+00:00","dateModified":"2025-05-27T15:37:24+00:00","breadcrumb":{"@id":"https:\/\/elcardinal.com\/?p=4610#breadcrumb"},"inLanguage":"es","potentialAction":[{"@type":"ReadAction","target":["https:\/\/elcardinal.com\/?p=4610"]}]},{"@type":"ImageObject","inLanguage":"es","@id":"https:\/\/elcardinal.com\/?p=4610#primaryimage","url":"https:\/\/elcardinal.com\/wp-content\/uploads\/2025\/05\/Picsart_25-05-27_09-20-14-276-scaled.jpg","contentUrl":"https:\/\/elcardinal.com\/wp-content\/uploads\/2025\/05\/Picsart_25-05-27_09-20-14-276-scaled.jpg","width":2560,"height":1706,"caption":"{\"remix_data\":[],\"source_tags\":[],\"origin\":\"unknown\",\"total_draw_time\":0,\"total_draw_actions\":0,\"layers_used\":0,\"brushes_used\":0,\"photos_added\":0,\"total_editor_actions\":{},\"tools_used\":{},\"is_sticker\":false,\"edited_since_last_sticker_save\":false,\"containsFTESticker\":false}"},{"@type":"BreadcrumbList","@id":"https:\/\/elcardinal.com\/?p=4610#breadcrumb","itemListElement":[{"@type":"ListItem","position":1,"name":"Inicio","item":"https:\/\/elcardinal.com\/"},{"@type":"ListItem","position":2,"name":"Le arrebataron a sus hijos: Mujer de Hidalgo exige justicia y ayuda para recuperarlos"}]},{"@type":"WebSite","@id":"https:\/\/elcardinal.com\/#website","url":"https:\/\/elcardinal.com\/","name":"El Cardinal","description":"Periodismo honesto, con valor, sentido humano, a veces sarc\u00e1stico y divertido.","publisher":{"@id":"https:\/\/elcardinal.com\/#organization"},"alternateName":"El Cardinal Noticias","potentialAction":[{"@type":"SearchAction","target":{"@type":"EntryPoint","urlTemplate":"https:\/\/elcardinal.com\/?s={search_term_string}"},"query-input":{"@type":"PropertyValueSpecification","valueRequired":true,"valueName":"search_term_string"}}],"inLanguage":"es"},{"@type":"Organization","@id":"https:\/\/elcardinal.com\/#organization","name":"El Cardinal","url":"https:\/\/elcardinal.com\/","logo":{"@type":"ImageObject","inLanguage":"es","@id":"https:\/\/elcardinal.com\/#\/schema\/logo\/image\/","url":"https:\/\/elcardinal.com\/wp-content\/uploads\/2025\/04\/LOGO-EL-CARDINAL-Periodismo-con-valor.png","contentUrl":"https:\/\/elcardinal.com\/wp-content\/uploads\/2025\/04\/LOGO-EL-CARDINAL-Periodismo-con-valor.png","width":755,"height":636,"caption":"El Cardinal"},"image":{"@id":"https:\/\/elcardinal.com\/#\/schema\/logo\/image\/"},"sameAs":["https:\/\/www.facebook.com\/profile.php?id=100063093107011","https:\/\/x.com\/ElCardinal_Mx"]},{"@type":"Person","@id":"https:\/\/elcardinal.com\/#\/schema\/person\/3c352ec0a33987fe275c0e8a2ea69f8b","name":"Antonio Alcaraz","image":{"@type":"ImageObject","inLanguage":"es","@id":"https:\/\/elcardinal.com\/#\/schema\/person\/image\/","url":"https:\/\/elcardinal.com\/wp-content\/uploads\/2025\/05\/cropped-TONO-96x96.jpg","contentUrl":"https:\/\/elcardinal.com\/wp-content\/uploads\/2025\/05\/cropped-TONO-96x96.jpg","caption":"Antonio Alcaraz"},"url":"https:\/\/elcardinal.com\/?author=2"}]}},"_links":{"self":[{"href":"https:\/\/elcardinal.com\/index.php?rest_route=\/wp\/v2\/posts\/4610","targetHints":{"allow":["GET"]}}],"collection":[{"href":"https:\/\/elcardinal.com\/index.php?rest_route=\/wp\/v2\/posts"}],"about":[{"href":"https:\/\/elcardinal.com\/index.php?rest_route=\/wp\/v2\/types\/post"}],"author":[{"embeddable":true,"href":"https:\/\/elcardinal.com\/index.php?rest_route=\/wp\/v2\/users\/2"}],"replies":[{"embeddable":true,"href":"https:\/\/elcardinal.com\/index.php?rest_route=%2Fwp%2Fv2%2Fcomments&post=4610"}],"version-history":[{"count":5,"href":"https:\/\/elcardinal.com\/index.php?rest_route=\/wp\/v2\/posts\/4610\/revisions"}],"predecessor-version":[{"id":4617,"href":"https:\/\/elcardinal.com\/index.php?rest_route=\/wp\/v2\/posts\/4610\/revisions\/4617"}],"wp:featuredmedia":[{"embeddable":true,"href":"https:\/\/elcardinal.com\/index.php?rest_route=\/wp\/v2\/media\/4612"}],"wp:attachment":[{"href":"https:\/\/elcardinal.com\/index.php?rest_route=%2Fwp%2Fv2%2Fmedia&parent=4610"}],"wp:term":[{"taxonomy":"category","embeddable":true,"href":"https:\/\/elcardinal.com\/index.php?rest_route=%2Fwp%2Fv2%2Fcategories&post=4610"},{"taxonomy":"post_tag","embeddable":true,"href":"https:\/\/elcardinal.com\/index.php?rest_route=%2Fwp%2Fv2%2Ftags&post=4610"}],"curies":[{"name":"wp","href":"https:\/\/api.w.org\/{rel}","templated":true}]}}