{"id":4628,"date":"2025-05-28T00:16:22","date_gmt":"2025-05-28T06:16:22","guid":{"rendered":"https:\/\/elcardinal.com\/?p=4628"},"modified":"2025-05-28T00:16:22","modified_gmt":"2025-05-28T06:16:22","slug":"gretchen-atilano-refuerza-seguridad-y-transito-en-tizayuca-con-acciones-integrales-y-enfoque-humano","status":"publish","type":"post","link":"https:\/\/elcardinal.com\/?p=4628","title":{"rendered":"Gretchen Atilano refuerza seguridad y tr\u00e1nsito en Tizayuca con acciones integrales y enfoque humano"},"content":{"rendered":"<p>&nbsp;<\/p>\n<p><strong>Por: Jos\u00e9 Antonio Alcaraz Su\u00e1rez<\/strong><\/p>\n<p><em>Tizayuca, Hgo.<\/em> \u2013 La presidenta municipal Gretchen Atilano encabez\u00f3 una conferencia para presentar avances en dos ejes estrat\u00e9gicos de su administraci\u00f3n: la dignificaci\u00f3n del cuerpo policial y el control de tr\u00e1nsito municipal, ambos integrados en el Plan Municipal de Desarrollo 2024-2027 como parte del acuerdo n\u00famero tres, &#8220;Consolidaci\u00f3n de la paz&#8221;.<\/p>\n<p>\u201cLa seguridad no puede construirse sin cuerpos fortalecidos, valorados y respetados\u201d, afirm\u00f3 Atilano. Destac\u00f3 que una polic\u00eda capacitada y con condiciones laborales dignas recupera la confianza ciudadana y garantiza un servicio cercano y eficiente.<\/p>\n<p>Como parte del objetivo 3.1.1, se han entregado 198 kits completos de uniformes y se han implementado mejoras salariales, incluyendo un bono quincenal por despensa y la incorporaci\u00f3n a la seguridad social, lo que representa una inversi\u00f3n municipal de aproximadamente 2 millones de pesos.<\/p>\n<p>Adem\u00e1s, se han promovido actividades de integraci\u00f3n y bienestar emocional para los elementos, como convivencias por fechas especiales y permisos de descanso por onom\u00e1stico.<\/p>\n<p>En materia de tr\u00e1nsito, la presidenta subray\u00f3 que una movilidad ordenada impacta directamente en la calidad de vida. \u201cNo se trata solo de moverse, sino de hacerlo con seguridad y respeto\u201d, dijo. Dentro del objetivo 3.3 del plan, se han realizado m\u00e1s de 150 operativos de motocicletas y 300 revisiones al transporte p\u00fablico. Tambi\u00e9n se impartieron cursos de manejo gratuitos, con m\u00e1s de 130 participantes solo en la jornada m\u00e1s reciente.<\/p>\n<p>El vocero municipal, Armando Ramos\u2014quien detall\u00f3 los avances\u2014 se\u00f1al\u00f3 que los operativos se realizan con pleno respeto al reglamento de tr\u00e1nsito, vigente desde 2021 y construido a partir de an\u00e1lisis y mesas de trabajo con el Secretariado Ejecutivo Nacional de Seguridad. Atilano anunci\u00f3 que este reglamento ser\u00e1 republicado para reforzar su conocimiento entre la poblaci\u00f3n.<\/p>\n<p>\u201cS\u00e9 que algunas medidas pueden generar molestias, pero la meta es garantizar banquetas libres, vialidades seguras y un municipio m\u00e1s justo para todas y todos\u201d, concluy\u00f3 la edil.<\/p>\n","protected":false},"excerpt":{"rendered":"<p>&nbsp; Por: Jos\u00e9 Antonio Alcaraz Su\u00e1rez Tizayuca, Hgo. \u2013 La presidenta municipal Gretchen Atilano encabez\u00f3 una conferencia para presentar avances en dos ejes estrat\u00e9gicos de su administraci\u00f3n: la dignificaci\u00f3n del cuerpo policial y el control de tr\u00e1nsito municipal, ambos integrados en el Plan Municipal de Desarrollo 2024-2027 como parte del acuerdo n\u00famero tres, &#8220;Consolidaci\u00f3n de<\/p>\n","protected":false},"author":2,"featured_media":4629,"comment_status":"open","ping_status":"open","sticky":false,"template":"","format":"standard","meta":{"footnotes":""},"categories":[44,33,38],"tags":[47,45],"class_list":{"0":"post-4628","1":"post","2":"type-post","3":"status-publish","4":"format-standard","5":"has-post-thumbnail","7":"category-minuto-a-minuto","8":"category-regiones","9":"category-seguridad","10":"tag-gretchen-atilano","11":"tag-tizayuca"},"yoast_head":"<!-- This site is optimized with the Yoast SEO plugin v26.1.1 - https:\/\/yoast.com\/wordpress\/plugins\/seo\/ -->\n<title>Gretchen Atilano refuerza seguridad y tr\u00e1nsito en Tizayuca con acciones integrales y enfoque humano - El Cardinal<\/title>\n<meta name=\"robots\" content=\"index, follow, max-snippet:-1, max-image-preview:large, max-video-preview:-1\" \/>\n<link rel=\"canonical\" href=\"https:\/\/elcardinal.com\/?p=4628\" \/>\n<meta property=\"og:locale\" content=\"es_MX\" \/>\n<meta property=\"og:type\" content=\"article\" \/>\n<meta property=\"og:title\" content=\"Gretchen Atilano refuerza seguridad y tr\u00e1nsito en Tizayuca con acciones integrales y enfoque humano - El Cardinal\" \/>\n<meta property=\"og:description\" content=\"&nbsp; Por: Jos\u00e9 Antonio Alcaraz Su\u00e1rez Tizayuca, Hgo. \u2013 La presidenta municipal Gretchen Atilano encabez\u00f3 una conferencia para presentar avances en dos ejes estrat\u00e9gicos de su administraci\u00f3n: la dignificaci\u00f3n del cuerpo policial y el control de tr\u00e1nsito municipal, ambos integrados en el Plan Municipal de Desarrollo 2024-2027 como parte del acuerdo n\u00famero tres, &#8220;Consolidaci\u00f3n de\" \/>\n<meta property=\"og:url\" content=\"https:\/\/elcardinal.com\/?p=4628\" \/>\n<meta property=\"og:site_name\" content=\"El Cardinal\" \/>\n<meta property=\"article:publisher\" content=\"https:\/\/www.facebook.com\/profile.php?id=100063093107011\" \/>\n<meta property=\"article:published_time\" content=\"2025-05-28T06:16:22+00:00\" \/>\n<meta property=\"og:image\" content=\"https:\/\/elcardinal.com\/wp-content\/uploads\/2025\/05\/WhatsApp-Image-2025-05-28-at-12.10.50-AM.jpeg\" \/>\n\t<meta property=\"og:image:width\" content=\"1008\" \/>\n\t<meta property=\"og:image:height\" content=\"687\" \/>\n\t<meta property=\"og:image:type\" content=\"image\/jpeg\" \/>\n<meta name=\"author\" content=\"Antonio Alcaraz\" \/>\n<meta name=\"twitter:card\" content=\"summary_large_image\" \/>\n<meta name=\"twitter:creator\" content=\"@ElCardinal_Mx\" \/>\n<meta name=\"twitter:site\" content=\"@ElCardinal_Mx\" \/>\n<meta name=\"twitter:label1\" content=\"Escrito por\" \/>\n\t<meta name=\"twitter:data1\" content=\"Antonio Alcaraz\" \/>\n\t<meta name=\"twitter:label2\" content=\"Tiempo de lectura\" \/>\n\t<meta name=\"twitter:data2\" content=\"2 minutos\" \/>\n<script type=\"application\/ld+json\" class=\"yoast-schema-graph\">{\"@context\":\"https:\/\/schema.org\",\"@graph\":[{\"@type\":\"Article\",\"@id\":\"https:\/\/elcardinal.com\/?p=4628#article\",\"isPartOf\":{\"@id\":\"https:\/\/elcardinal.com\/?p=4628\"},\"author\":{\"name\":\"Antonio Alcaraz\",\"@id\":\"https:\/\/elcardinal.com\/#\/schema\/person\/3c352ec0a33987fe275c0e8a2ea69f8b\"},\"headline\":\"Gretchen Atilano refuerza seguridad y tr\u00e1nsito en Tizayuca con acciones integrales y enfoque humano\",\"datePublished\":\"2025-05-28T06:16:22+00:00\",\"mainEntityOfPage\":{\"@id\":\"https:\/\/elcardinal.com\/?p=4628\"},\"wordCount\":344,\"commentCount\":0,\"publisher\":{\"@id\":\"https:\/\/elcardinal.com\/#organization\"},\"image\":{\"@id\":\"https:\/\/elcardinal.com\/?p=4628#primaryimage\"},\"thumbnailUrl\":\"https:\/\/elcardinal.com\/wp-content\/uploads\/2025\/05\/WhatsApp-Image-2025-05-28-at-12.10.50-AM.jpeg\",\"keywords\":[\"Gretchen Atilano\",\"Tizayuca\"],\"articleSection\":[\"Minuto a Minuto\",\"Regiones\",\"Seguridad\"],\"inLanguage\":\"es\",\"potentialAction\":[{\"@type\":\"CommentAction\",\"name\":\"Comment\",\"target\":[\"https:\/\/elcardinal.com\/?p=4628#respond\"]}]},{\"@type\":\"WebPage\",\"@id\":\"https:\/\/elcardinal.com\/?p=4628\",\"url\":\"https:\/\/elcardinal.com\/?p=4628\",\"name\":\"Gretchen Atilano refuerza seguridad y tr\u00e1nsito en Tizayuca con acciones integrales y enfoque humano - El Cardinal\",\"isPartOf\":{\"@id\":\"https:\/\/elcardinal.com\/#website\"},\"primaryImageOfPage\":{\"@id\":\"https:\/\/elcardinal.com\/?p=4628#primaryimage\"},\"image\":{\"@id\":\"https:\/\/elcardinal.com\/?p=4628#primaryimage\"},\"thumbnailUrl\":\"https:\/\/elcardinal.com\/wp-content\/uploads\/2025\/05\/WhatsApp-Image-2025-05-28-at-12.10.50-AM.jpeg\",\"datePublished\":\"2025-05-28T06:16:22+00:00\",\"breadcrumb\":{\"@id\":\"https:\/\/elcardinal.com\/?p=4628#breadcrumb\"},\"inLanguage\":\"es\",\"potentialAction\":[{\"@type\":\"ReadAction\",\"target\":[\"https:\/\/elcardinal.com\/?p=4628\"]}]},{\"@type\":\"ImageObject\",\"inLanguage\":\"es\",\"@id\":\"https:\/\/elcardinal.com\/?p=4628#primaryimage\",\"url\":\"https:\/\/elcardinal.com\/wp-content\/uploads\/2025\/05\/WhatsApp-Image-2025-05-28-at-12.10.50-AM.jpeg\",\"contentUrl\":\"https:\/\/elcardinal.com\/wp-content\/uploads\/2025\/05\/WhatsApp-Image-2025-05-28-at-12.10.50-AM.jpeg\",\"width\":1008,\"height\":687},{\"@type\":\"BreadcrumbList\",\"@id\":\"https:\/\/elcardinal.com\/?p=4628#breadcrumb\",\"itemListElement\":[{\"@type\":\"ListItem\",\"position\":1,\"name\":\"Inicio\",\"item\":\"https:\/\/elcardinal.com\/\"},{\"@type\":\"ListItem\",\"position\":2,\"name\":\"Gretchen Atilano refuerza seguridad y tr\u00e1nsito en Tizayuca con acciones integrales y enfoque humano\"}]},{\"@type\":\"WebSite\",\"@id\":\"https:\/\/elcardinal.com\/#website\",\"url\":\"https:\/\/elcardinal.com\/\",\"name\":\"El Cardinal\",\"description\":\"Periodismo honesto, con valor, sentido humano, a veces sarc\u00e1stico y divertido.\",\"publisher\":{\"@id\":\"https:\/\/elcardinal.com\/#organization\"},\"alternateName\":\"El Cardinal Noticias\",\"potentialAction\":[{\"@type\":\"SearchAction\",\"target\":{\"@type\":\"EntryPoint\",\"urlTemplate\":\"https:\/\/elcardinal.com\/?s={search_term_string}\"},\"query-input\":{\"@type\":\"PropertyValueSpecification\",\"valueRequired\":true,\"valueName\":\"search_term_string\"}}],\"inLanguage\":\"es\"},{\"@type\":\"Organization\",\"@id\":\"https:\/\/elcardinal.com\/#organization\",\"name\":\"El Cardinal\",\"url\":\"https:\/\/elcardinal.com\/\",\"logo\":{\"@type\":\"ImageObject\",\"inLanguage\":\"es\",\"@id\":\"https:\/\/elcardinal.com\/#\/schema\/logo\/image\/\",\"url\":\"https:\/\/elcardinal.com\/wp-content\/uploads\/2025\/04\/LOGO-EL-CARDINAL-Periodismo-con-valor.png\",\"contentUrl\":\"https:\/\/elcardinal.com\/wp-content\/uploads\/2025\/04\/LOGO-EL-CARDINAL-Periodismo-con-valor.png\",\"width\":755,\"height\":636,\"caption\":\"El Cardinal\"},\"image\":{\"@id\":\"https:\/\/elcardinal.com\/#\/schema\/logo\/image\/\"},\"sameAs\":[\"https:\/\/www.facebook.com\/profile.php?id=100063093107011\",\"https:\/\/x.com\/ElCardinal_Mx\"]},{\"@type\":\"Person\",\"@id\":\"https:\/\/elcardinal.com\/#\/schema\/person\/3c352ec0a33987fe275c0e8a2ea69f8b\",\"name\":\"Antonio Alcaraz\",\"image\":{\"@type\":\"ImageObject\",\"inLanguage\":\"es\",\"@id\":\"https:\/\/elcardinal.com\/#\/schema\/person\/image\/\",\"url\":\"https:\/\/elcardinal.com\/wp-content\/uploads\/2025\/05\/cropped-TONO-96x96.jpg\",\"contentUrl\":\"https:\/\/elcardinal.com\/wp-content\/uploads\/2025\/05\/cropped-TONO-96x96.jpg\",\"caption\":\"Antonio Alcaraz\"},\"url\":\"https:\/\/elcardinal.com\/?author=2\"}]}<\/script>\n<!-- \/ Yoast SEO plugin. -->","yoast_head_json":{"title":"Gretchen Atilano refuerza seguridad y tr\u00e1nsito en Tizayuca con acciones integrales y enfoque humano - El Cardinal","robots":{"index":"index","follow":"follow","max-snippet":"max-snippet:-1","max-image-preview":"max-image-preview:large","max-video-preview":"max-video-preview:-1"},"canonical":"https:\/\/elcardinal.com\/?p=4628","og_locale":"es_MX","og_type":"article","og_title":"Gretchen Atilano refuerza seguridad y tr\u00e1nsito en Tizayuca con acciones integrales y enfoque humano - El Cardinal","og_description":"&nbsp; Por: Jos\u00e9 Antonio Alcaraz Su\u00e1rez Tizayuca, Hgo. \u2013 La presidenta municipal Gretchen Atilano encabez\u00f3 una conferencia para presentar avances en dos ejes estrat\u00e9gicos de su administraci\u00f3n: la dignificaci\u00f3n del cuerpo policial y el control de tr\u00e1nsito municipal, ambos integrados en el Plan Municipal de Desarrollo 2024-2027 como parte del acuerdo n\u00famero tres, &#8220;Consolidaci\u00f3n de","og_url":"https:\/\/elcardinal.com\/?p=4628","og_site_name":"El Cardinal","article_publisher":"https:\/\/www.facebook.com\/profile.php?id=100063093107011","article_published_time":"2025-05-28T06:16:22+00:00","og_image":[{"width":1008,"height":687,"url":"https:\/\/elcardinal.com\/wp-content\/uploads\/2025\/05\/WhatsApp-Image-2025-05-28-at-12.10.50-AM.jpeg","type":"image\/jpeg"}],"author":"Antonio Alcaraz","twitter_card":"summary_large_image","twitter_creator":"@ElCardinal_Mx","twitter_site":"@ElCardinal_Mx","twitter_misc":{"Escrito por":"Antonio Alcaraz","Tiempo de lectura":"2 minutos"},"schema":{"@context":"https:\/\/schema.org","@graph":[{"@type":"Article","@id":"https:\/\/elcardinal.com\/?p=4628#article","isPartOf":{"@id":"https:\/\/elcardinal.com\/?p=4628"},"author":{"name":"Antonio Alcaraz","@id":"https:\/\/elcardinal.com\/#\/schema\/person\/3c352ec0a33987fe275c0e8a2ea69f8b"},"headline":"Gretchen Atilano refuerza seguridad y tr\u00e1nsito en Tizayuca con acciones integrales y enfoque humano","datePublished":"2025-05-28T06:16:22+00:00","mainEntityOfPage":{"@id":"https:\/\/elcardinal.com\/?p=4628"},"wordCount":344,"commentCount":0,"publisher":{"@id":"https:\/\/elcardinal.com\/#organization"},"image":{"@id":"https:\/\/elcardinal.com\/?p=4628#primaryimage"},"thumbnailUrl":"https:\/\/elcardinal.com\/wp-content\/uploads\/2025\/05\/WhatsApp-Image-2025-05-28-at-12.10.50-AM.jpeg","keywords":["Gretchen Atilano","Tizayuca"],"articleSection":["Minuto a Minuto","Regiones","Seguridad"],"inLanguage":"es","potentialAction":[{"@type":"CommentAction","name":"Comment","target":["https:\/\/elcardinal.com\/?p=4628#respond"]}]},{"@type":"WebPage","@id":"https:\/\/elcardinal.com\/?p=4628","url":"https:\/\/elcardinal.com\/?p=4628","name":"Gretchen Atilano refuerza seguridad y tr\u00e1nsito en Tizayuca con acciones integrales y enfoque humano - El Cardinal","isPartOf":{"@id":"https:\/\/elcardinal.com\/#website"},"primaryImageOfPage":{"@id":"https:\/\/elcardinal.com\/?p=4628#primaryimage"},"image":{"@id":"https:\/\/elcardinal.com\/?p=4628#primaryimage"},"thumbnailUrl":"https:\/\/elcardinal.com\/wp-content\/uploads\/2025\/05\/WhatsApp-Image-2025-05-28-at-12.10.50-AM.jpeg","datePublished":"2025-05-28T06:16:22+00:00","breadcrumb":{"@id":"https:\/\/elcardinal.com\/?p=4628#breadcrumb"},"inLanguage":"es","potentialAction":[{"@type":"ReadAction","target":["https:\/\/elcardinal.com\/?p=4628"]}]},{"@type":"ImageObject","inLanguage":"es","@id":"https:\/\/elcardinal.com\/?p=4628#primaryimage","url":"https:\/\/elcardinal.com\/wp-content\/uploads\/2025\/05\/WhatsApp-Image-2025-05-28-at-12.10.50-AM.jpeg","contentUrl":"https:\/\/elcardinal.com\/wp-content\/uploads\/2025\/05\/WhatsApp-Image-2025-05-28-at-12.10.50-AM.jpeg","width":1008,"height":687},{"@type":"BreadcrumbList","@id":"https:\/\/elcardinal.com\/?p=4628#breadcrumb","itemListElement":[{"@type":"ListItem","position":1,"name":"Inicio","item":"https:\/\/elcardinal.com\/"},{"@type":"ListItem","position":2,"name":"Gretchen Atilano refuerza seguridad y tr\u00e1nsito en Tizayuca con acciones integrales y enfoque humano"}]},{"@type":"WebSite","@id":"https:\/\/elcardinal.com\/#website","url":"https:\/\/elcardinal.com\/","name":"El Cardinal","description":"Periodismo honesto, con valor, sentido humano, a veces sarc\u00e1stico y divertido.","publisher":{"@id":"https:\/\/elcardinal.com\/#organization"},"alternateName":"El Cardinal Noticias","potentialAction":[{"@type":"SearchAction","target":{"@type":"EntryPoint","urlTemplate":"https:\/\/elcardinal.com\/?s={search_term_string}"},"query-input":{"@type":"PropertyValueSpecification","valueRequired":true,"valueName":"search_term_string"}}],"inLanguage":"es"},{"@type":"Organization","@id":"https:\/\/elcardinal.com\/#organization","name":"El Cardinal","url":"https:\/\/elcardinal.com\/","logo":{"@type":"ImageObject","inLanguage":"es","@id":"https:\/\/elcardinal.com\/#\/schema\/logo\/image\/","url":"https:\/\/elcardinal.com\/wp-content\/uploads\/2025\/04\/LOGO-EL-CARDINAL-Periodismo-con-valor.png","contentUrl":"https:\/\/elcardinal.com\/wp-content\/uploads\/2025\/04\/LOGO-EL-CARDINAL-Periodismo-con-valor.png","width":755,"height":636,"caption":"El Cardinal"},"image":{"@id":"https:\/\/elcardinal.com\/#\/schema\/logo\/image\/"},"sameAs":["https:\/\/www.facebook.com\/profile.php?id=100063093107011","https:\/\/x.com\/ElCardinal_Mx"]},{"@type":"Person","@id":"https:\/\/elcardinal.com\/#\/schema\/person\/3c352ec0a33987fe275c0e8a2ea69f8b","name":"Antonio Alcaraz","image":{"@type":"ImageObject","inLanguage":"es","@id":"https:\/\/elcardinal.com\/#\/schema\/person\/image\/","url":"https:\/\/elcardinal.com\/wp-content\/uploads\/2025\/05\/cropped-TONO-96x96.jpg","contentUrl":"https:\/\/elcardinal.com\/wp-content\/uploads\/2025\/05\/cropped-TONO-96x96.jpg","caption":"Antonio Alcaraz"},"url":"https:\/\/elcardinal.com\/?author=2"}]}},"_links":{"self":[{"href":"https:\/\/elcardinal.com\/index.php?rest_route=\/wp\/v2\/posts\/4628","targetHints":{"allow":["GET"]}}],"collection":[{"href":"https:\/\/elcardinal.com\/index.php?rest_route=\/wp\/v2\/posts"}],"about":[{"href":"https:\/\/elcardinal.com\/index.php?rest_route=\/wp\/v2\/types\/post"}],"author":[{"embeddable":true,"href":"https:\/\/elcardinal.com\/index.php?rest_route=\/wp\/v2\/users\/2"}],"replies":[{"embeddable":true,"href":"https:\/\/elcardinal.com\/index.php?rest_route=%2Fwp%2Fv2%2Fcomments&post=4628"}],"version-history":[{"count":1,"href":"https:\/\/elcardinal.com\/index.php?rest_route=\/wp\/v2\/posts\/4628\/revisions"}],"predecessor-version":[{"id":4630,"href":"https:\/\/elcardinal.com\/index.php?rest_route=\/wp\/v2\/posts\/4628\/revisions\/4630"}],"wp:featuredmedia":[{"embeddable":true,"href":"https:\/\/elcardinal.com\/index.php?rest_route=\/wp\/v2\/media\/4629"}],"wp:attachment":[{"href":"https:\/\/elcardinal.com\/index.php?rest_route=%2Fwp%2Fv2%2Fmedia&parent=4628"}],"wp:term":[{"taxonomy":"category","embeddable":true,"href":"https:\/\/elcardinal.com\/index.php?rest_route=%2Fwp%2Fv2%2Fcategories&post=4628"},{"taxonomy":"post_tag","embeddable":true,"href":"https:\/\/elcardinal.com\/index.php?rest_route=%2Fwp%2Fv2%2Ftags&post=4628"}],"curies":[{"name":"wp","href":"https:\/\/api.w.org\/{rel}","templated":true}]}}