{"id":4631,"date":"2025-05-28T00:26:06","date_gmt":"2025-05-28T06:26:06","guid":{"rendered":"https:\/\/elcardinal.com\/?p=4631"},"modified":"2025-05-28T00:26:06","modified_gmt":"2025-05-28T06:26:06","slug":"congreso-de-hidalgo-firma-carta-compromiso-con-fes-acatlan-para-capacitacion-a-servidores-publicos","status":"publish","type":"post","link":"https:\/\/elcardinal.com\/?p=4631","title":{"rendered":"Congreso de Hidalgo firma carta compromiso con FES Acatl\u00e1n para capacitaci\u00f3n a servidores p\u00fablicos"},"content":{"rendered":"<p>Redacci\u00f3n<\/p>\n<p><span style=\"font-weight: 400;\">El <\/span><b>Congreso del Estado Libre y Soberano de Hidalgo <\/b><span style=\"font-weight: 400;\">y la Facultad de Estudios Superiores (FES) Acatl\u00e1n de la Universidad Nacional Aut\u00f3noma de M\u00e9xico (UNAM) firmaron una carta compromiso, con el objetivo de sumar esfuerzos y recursos en la realizaci\u00f3n de actividades conjuntas para la capacitaci\u00f3n y actualizaci\u00f3n a servidores p\u00fablicos.<\/span><\/p>\n<p><span style=\"font-weight: 400;\">Adem\u00e1s, se buscar\u00e1 establecer eventos de inter\u00e9s, an\u00e1lisis, planes, programas, organizaci\u00f3n y administraci\u00f3n, dise\u00f1o de pol\u00edticas p\u00fablicas y evaluaci\u00f3n de los mismos, sobre las problem\u00e1ticas estatales y municipales actuales.<\/span><\/p>\n<p><span style=\"font-weight: 400;\">El presidente de la Junta de Gobierno, diputado <\/span><b>Andr\u00e9s Vel\u00e1zquez V\u00e1zquez <\/b><span style=\"font-weight: 400;\">celebr\u00f3 la alianza y mencion\u00f3 que la transformaci\u00f3n verdadera radica en la preparaci\u00f3n constante, en la profesionalizaci\u00f3n del servidor p\u00fablico, \u201cporque esa es la mejor estrategia para servir con excelencia a nuestro pueblo. Desde la Legislatura de la Transformaci\u00f3n estamos comprometidos en escuchar las necesidades ciudadanas, legislar con responsabilidad y transformar realidades con justicia y equidad\u201d.<\/span><\/p>\n<p><span style=\"font-weight: 400;\">La diputada <\/span><b>Hilda Miranda Miranda<\/b><span style=\"font-weight: 400;\">, presidenta de la Comisi\u00f3n de Asuntos Urbanos y Metropolitanos, recalc\u00f3 que este acuerdo es un puente entre la academia, legisladores y gobiernos municipales, una alianza que representa para el Congreso y los municipios capacitaci\u00f3n que ayudar\u00e1 con estudios aplicados y el respaldo de expertos a solucionar los retos urbanos y metropolitanos de la entidad.<\/span><\/p>\n<p><span style=\"font-weight: 400;\">La maestra<\/span><b> Nora del<\/b> <b>Consuelo Goris Mayans<\/b><span style=\"font-weight: 400;\">, directora de la FES Acatl\u00e1n, puso a disposici\u00f3n de las y los diputados, as\u00ed como las y los ediles, su conocimiento, experiencia y compromiso con el estado para mejorar la calidad de vida de las y los hidalguenses. \u201cTodas nuestras actividades acad\u00e9micas se dise\u00f1an con el objetivo de aportar nuestros conocimientos y experiencias en beneficio de la poblaci\u00f3n\u201d.<\/span><\/p>\n<p><span style=\"font-weight: 400;\">El doctor<\/span><b> Alfonso Navarrete Prida<\/b><span style=\"font-weight: 400;\">, coordinador del Centro de Estudios Municipales y Metropolitanos de la FES Acatl\u00e1n, asegur\u00f3 a diputadas y diputados, que esta relaci\u00f3n institucional ser\u00e1 fruct\u00edfera y de enormes beneficios, \u201csobre todo para los hidalguenses que tendr\u00e1n un Poder Legislativo m\u00e1s capacitado y profesional, iniciativas de ley y dict\u00e1menes m\u00e1s s\u00f3lidos y mejor documentados\u201d.<\/span><\/p>\n<p><span style=\"font-weight: 400;\">En el evento tambi\u00e9n estuvieron presentes las diputadas <\/span><b>Cynthia Citlali Delgado Mendoza<\/b><span style=\"font-weight: 400;\">,<\/span><b> Diana Rangel Z\u00fa\u00f1iga<\/b><span style=\"font-weight: 400;\">,<\/span><b> Yarabi Gonz\u00e1lez Mart\u00ednez<\/b><span style=\"font-weight: 400;\"> y <\/span><b>Karla Perales Arrieta<\/b><span style=\"font-weight: 400;\">, as\u00ed como los diputados <\/span><b>Jos\u00e9 Mar\u00eda Alejandro P\u00e9rez Ram\u00edrez<\/b><span style=\"font-weight: 400;\">, presidente de la mesa directiva, <\/span><b>Arturo G\u00f3mez Canales<\/b><span style=\"font-weight: 400;\">,<\/span><b> Juli\u00e1n Nochebuena Hern\u00e1ndez<\/b><span style=\"font-weight: 400;\">,<\/span><b> Miguel \u00c1ngel Morena Zamora, Juan Pablo Escalante Urb\u00e1n<\/b><span style=\"font-weight: 400;\">,<\/span><b> Jorge Arg\u00fcelles Salazar<\/b><span style=\"font-weight: 400;\">,<\/span><b> Francisco Javier T\u00e9llez S\u00e1nchez <\/b><span style=\"font-weight: 400;\">y<\/span><b> Avelino Tovar Iglesias; <\/b><span style=\"font-weight: 400;\">adem\u00e1s la doctora <\/span><b>Ericka Arias Guzm\u00e1n<\/b><span style=\"font-weight: 400;\">, secretaria general de la FES Acatl\u00e1n, y presidentes municipales.<\/span><\/p>\n","protected":false},"excerpt":{"rendered":"<p>Redacci\u00f3n El Congreso del Estado Libre y Soberano de Hidalgo y la Facultad de Estudios Superiores (FES) Acatl\u00e1n de la Universidad Nacional Aut\u00f3noma de M\u00e9xico (UNAM) firmaron una carta compromiso, con el objetivo de sumar esfuerzos y recursos en la realizaci\u00f3n de actividades conjuntas para la capacitaci\u00f3n y actualizaci\u00f3n a servidores p\u00fablicos. Adem\u00e1s, se buscar\u00e1<\/p>\n","protected":false},"author":2,"featured_media":4632,"comment_status":"open","ping_status":"open","sticky":false,"template":"","format":"standard","meta":{"footnotes":""},"categories":[31,44,39],"tags":[70,62],"class_list":{"0":"post-4631","1":"post","2":"type-post","3":"status-publish","4":"format-standard","5":"has-post-thumbnail","7":"category-hidalgo","8":"category-minuto-a-minuto","9":"category-politica","10":"tag-andres-velazquez","11":"tag-congreso-de-hidalgo"},"yoast_head":"<!-- This site is optimized with the Yoast SEO plugin v26.1.1 - https:\/\/yoast.com\/wordpress\/plugins\/seo\/ -->\n<title>Congreso de Hidalgo firma carta compromiso con FES Acatl\u00e1n para capacitaci\u00f3n a servidores p\u00fablicos - El Cardinal<\/title>\n<meta name=\"robots\" content=\"index, follow, max-snippet:-1, max-image-preview:large, max-video-preview:-1\" \/>\n<link rel=\"canonical\" href=\"https:\/\/elcardinal.com\/?p=4631\" \/>\n<meta property=\"og:locale\" content=\"es_MX\" \/>\n<meta property=\"og:type\" content=\"article\" \/>\n<meta property=\"og:title\" content=\"Congreso de Hidalgo firma carta compromiso con FES Acatl\u00e1n para capacitaci\u00f3n a servidores p\u00fablicos - El Cardinal\" \/>\n<meta property=\"og:description\" content=\"Redacci\u00f3n El Congreso del Estado Libre y Soberano de Hidalgo y la Facultad de Estudios Superiores (FES) Acatl\u00e1n de la Universidad Nacional Aut\u00f3noma de M\u00e9xico (UNAM) firmaron una carta compromiso, con el objetivo de sumar esfuerzos y recursos en la realizaci\u00f3n de actividades conjuntas para la capacitaci\u00f3n y actualizaci\u00f3n a servidores p\u00fablicos. Adem\u00e1s, se buscar\u00e1\" \/>\n<meta property=\"og:url\" content=\"https:\/\/elcardinal.com\/?p=4631\" \/>\n<meta property=\"og:site_name\" content=\"El Cardinal\" \/>\n<meta property=\"article:publisher\" content=\"https:\/\/www.facebook.com\/profile.php?id=100063093107011\" \/>\n<meta property=\"article:published_time\" content=\"2025-05-28T06:26:06+00:00\" \/>\n<meta property=\"og:image\" content=\"https:\/\/elcardinal.com\/wp-content\/uploads\/2025\/05\/DSC_3589-scaled.jpg\" \/>\n\t<meta property=\"og:image:width\" content=\"2560\" \/>\n\t<meta property=\"og:image:height\" content=\"1707\" \/>\n\t<meta property=\"og:image:type\" content=\"image\/jpeg\" \/>\n<meta name=\"author\" content=\"Antonio Alcaraz\" \/>\n<meta name=\"twitter:card\" content=\"summary_large_image\" \/>\n<meta name=\"twitter:creator\" content=\"@ElCardinal_Mx\" \/>\n<meta name=\"twitter:site\" content=\"@ElCardinal_Mx\" \/>\n<meta name=\"twitter:label1\" content=\"Escrito por\" \/>\n\t<meta name=\"twitter:data1\" content=\"Antonio Alcaraz\" \/>\n\t<meta name=\"twitter:label2\" content=\"Tiempo de lectura\" \/>\n\t<meta name=\"twitter:data2\" content=\"3 minutos\" \/>\n<script type=\"application\/ld+json\" class=\"yoast-schema-graph\">{\"@context\":\"https:\/\/schema.org\",\"@graph\":[{\"@type\":\"Article\",\"@id\":\"https:\/\/elcardinal.com\/?p=4631#article\",\"isPartOf\":{\"@id\":\"https:\/\/elcardinal.com\/?p=4631\"},\"author\":{\"name\":\"Antonio Alcaraz\",\"@id\":\"https:\/\/elcardinal.com\/#\/schema\/person\/3c352ec0a33987fe275c0e8a2ea69f8b\"},\"headline\":\"Congreso de Hidalgo firma carta compromiso con FES Acatl\u00e1n para capacitaci\u00f3n a servidores p\u00fablicos\",\"datePublished\":\"2025-05-28T06:26:06+00:00\",\"mainEntityOfPage\":{\"@id\":\"https:\/\/elcardinal.com\/?p=4631\"},\"wordCount\":479,\"commentCount\":0,\"publisher\":{\"@id\":\"https:\/\/elcardinal.com\/#organization\"},\"image\":{\"@id\":\"https:\/\/elcardinal.com\/?p=4631#primaryimage\"},\"thumbnailUrl\":\"https:\/\/elcardinal.com\/wp-content\/uploads\/2025\/05\/DSC_3589-scaled.jpg\",\"keywords\":[\"Andr\u00e9s Vel\u00e1zquez\",\"Congreso de Hidalgo\"],\"articleSection\":[\"Hidalgo\",\"Minuto a Minuto\",\"Pol\u00edtica\"],\"inLanguage\":\"es\",\"potentialAction\":[{\"@type\":\"CommentAction\",\"name\":\"Comment\",\"target\":[\"https:\/\/elcardinal.com\/?p=4631#respond\"]}]},{\"@type\":\"WebPage\",\"@id\":\"https:\/\/elcardinal.com\/?p=4631\",\"url\":\"https:\/\/elcardinal.com\/?p=4631\",\"name\":\"Congreso de Hidalgo firma carta compromiso con FES Acatl\u00e1n para capacitaci\u00f3n a servidores p\u00fablicos - El Cardinal\",\"isPartOf\":{\"@id\":\"https:\/\/elcardinal.com\/#website\"},\"primaryImageOfPage\":{\"@id\":\"https:\/\/elcardinal.com\/?p=4631#primaryimage\"},\"image\":{\"@id\":\"https:\/\/elcardinal.com\/?p=4631#primaryimage\"},\"thumbnailUrl\":\"https:\/\/elcardinal.com\/wp-content\/uploads\/2025\/05\/DSC_3589-scaled.jpg\",\"datePublished\":\"2025-05-28T06:26:06+00:00\",\"breadcrumb\":{\"@id\":\"https:\/\/elcardinal.com\/?p=4631#breadcrumb\"},\"inLanguage\":\"es\",\"potentialAction\":[{\"@type\":\"ReadAction\",\"target\":[\"https:\/\/elcardinal.com\/?p=4631\"]}]},{\"@type\":\"ImageObject\",\"inLanguage\":\"es\",\"@id\":\"https:\/\/elcardinal.com\/?p=4631#primaryimage\",\"url\":\"https:\/\/elcardinal.com\/wp-content\/uploads\/2025\/05\/DSC_3589-scaled.jpg\",\"contentUrl\":\"https:\/\/elcardinal.com\/wp-content\/uploads\/2025\/05\/DSC_3589-scaled.jpg\",\"width\":2560,\"height\":1707},{\"@type\":\"BreadcrumbList\",\"@id\":\"https:\/\/elcardinal.com\/?p=4631#breadcrumb\",\"itemListElement\":[{\"@type\":\"ListItem\",\"position\":1,\"name\":\"Inicio\",\"item\":\"https:\/\/elcardinal.com\/\"},{\"@type\":\"ListItem\",\"position\":2,\"name\":\"Congreso de Hidalgo firma carta compromiso con FES Acatl\u00e1n para capacitaci\u00f3n a servidores p\u00fablicos\"}]},{\"@type\":\"WebSite\",\"@id\":\"https:\/\/elcardinal.com\/#website\",\"url\":\"https:\/\/elcardinal.com\/\",\"name\":\"El Cardinal\",\"description\":\"Periodismo honesto, con valor, sentido humano, a veces sarc\u00e1stico y divertido.\",\"publisher\":{\"@id\":\"https:\/\/elcardinal.com\/#organization\"},\"alternateName\":\"El Cardinal Noticias\",\"potentialAction\":[{\"@type\":\"SearchAction\",\"target\":{\"@type\":\"EntryPoint\",\"urlTemplate\":\"https:\/\/elcardinal.com\/?s={search_term_string}\"},\"query-input\":{\"@type\":\"PropertyValueSpecification\",\"valueRequired\":true,\"valueName\":\"search_term_string\"}}],\"inLanguage\":\"es\"},{\"@type\":\"Organization\",\"@id\":\"https:\/\/elcardinal.com\/#organization\",\"name\":\"El Cardinal\",\"url\":\"https:\/\/elcardinal.com\/\",\"logo\":{\"@type\":\"ImageObject\",\"inLanguage\":\"es\",\"@id\":\"https:\/\/elcardinal.com\/#\/schema\/logo\/image\/\",\"url\":\"https:\/\/elcardinal.com\/wp-content\/uploads\/2025\/04\/LOGO-EL-CARDINAL-Periodismo-con-valor.png\",\"contentUrl\":\"https:\/\/elcardinal.com\/wp-content\/uploads\/2025\/04\/LOGO-EL-CARDINAL-Periodismo-con-valor.png\",\"width\":755,\"height\":636,\"caption\":\"El Cardinal\"},\"image\":{\"@id\":\"https:\/\/elcardinal.com\/#\/schema\/logo\/image\/\"},\"sameAs\":[\"https:\/\/www.facebook.com\/profile.php?id=100063093107011\",\"https:\/\/x.com\/ElCardinal_Mx\"]},{\"@type\":\"Person\",\"@id\":\"https:\/\/elcardinal.com\/#\/schema\/person\/3c352ec0a33987fe275c0e8a2ea69f8b\",\"name\":\"Antonio Alcaraz\",\"image\":{\"@type\":\"ImageObject\",\"inLanguage\":\"es\",\"@id\":\"https:\/\/elcardinal.com\/#\/schema\/person\/image\/\",\"url\":\"https:\/\/elcardinal.com\/wp-content\/uploads\/2025\/05\/cropped-TONO-96x96.jpg\",\"contentUrl\":\"https:\/\/elcardinal.com\/wp-content\/uploads\/2025\/05\/cropped-TONO-96x96.jpg\",\"caption\":\"Antonio Alcaraz\"},\"url\":\"https:\/\/elcardinal.com\/?author=2\"}]}<\/script>\n<!-- \/ Yoast SEO plugin. -->","yoast_head_json":{"title":"Congreso de Hidalgo firma carta compromiso con FES Acatl\u00e1n para capacitaci\u00f3n a servidores p\u00fablicos - El Cardinal","robots":{"index":"index","follow":"follow","max-snippet":"max-snippet:-1","max-image-preview":"max-image-preview:large","max-video-preview":"max-video-preview:-1"},"canonical":"https:\/\/elcardinal.com\/?p=4631","og_locale":"es_MX","og_type":"article","og_title":"Congreso de Hidalgo firma carta compromiso con FES Acatl\u00e1n para capacitaci\u00f3n a servidores p\u00fablicos - El Cardinal","og_description":"Redacci\u00f3n El Congreso del Estado Libre y Soberano de Hidalgo y la Facultad de Estudios Superiores (FES) Acatl\u00e1n de la Universidad Nacional Aut\u00f3noma de M\u00e9xico (UNAM) firmaron una carta compromiso, con el objetivo de sumar esfuerzos y recursos en la realizaci\u00f3n de actividades conjuntas para la capacitaci\u00f3n y actualizaci\u00f3n a servidores p\u00fablicos. Adem\u00e1s, se buscar\u00e1","og_url":"https:\/\/elcardinal.com\/?p=4631","og_site_name":"El Cardinal","article_publisher":"https:\/\/www.facebook.com\/profile.php?id=100063093107011","article_published_time":"2025-05-28T06:26:06+00:00","og_image":[{"width":2560,"height":1707,"url":"https:\/\/elcardinal.com\/wp-content\/uploads\/2025\/05\/DSC_3589-scaled.jpg","type":"image\/jpeg"}],"author":"Antonio Alcaraz","twitter_card":"summary_large_image","twitter_creator":"@ElCardinal_Mx","twitter_site":"@ElCardinal_Mx","twitter_misc":{"Escrito por":"Antonio Alcaraz","Tiempo de lectura":"3 minutos"},"schema":{"@context":"https:\/\/schema.org","@graph":[{"@type":"Article","@id":"https:\/\/elcardinal.com\/?p=4631#article","isPartOf":{"@id":"https:\/\/elcardinal.com\/?p=4631"},"author":{"name":"Antonio Alcaraz","@id":"https:\/\/elcardinal.com\/#\/schema\/person\/3c352ec0a33987fe275c0e8a2ea69f8b"},"headline":"Congreso de Hidalgo firma carta compromiso con FES Acatl\u00e1n para capacitaci\u00f3n a servidores p\u00fablicos","datePublished":"2025-05-28T06:26:06+00:00","mainEntityOfPage":{"@id":"https:\/\/elcardinal.com\/?p=4631"},"wordCount":479,"commentCount":0,"publisher":{"@id":"https:\/\/elcardinal.com\/#organization"},"image":{"@id":"https:\/\/elcardinal.com\/?p=4631#primaryimage"},"thumbnailUrl":"https:\/\/elcardinal.com\/wp-content\/uploads\/2025\/05\/DSC_3589-scaled.jpg","keywords":["Andr\u00e9s Vel\u00e1zquez","Congreso de Hidalgo"],"articleSection":["Hidalgo","Minuto a Minuto","Pol\u00edtica"],"inLanguage":"es","potentialAction":[{"@type":"CommentAction","name":"Comment","target":["https:\/\/elcardinal.com\/?p=4631#respond"]}]},{"@type":"WebPage","@id":"https:\/\/elcardinal.com\/?p=4631","url":"https:\/\/elcardinal.com\/?p=4631","name":"Congreso de Hidalgo firma carta compromiso con FES Acatl\u00e1n para capacitaci\u00f3n a servidores p\u00fablicos - El Cardinal","isPartOf":{"@id":"https:\/\/elcardinal.com\/#website"},"primaryImageOfPage":{"@id":"https:\/\/elcardinal.com\/?p=4631#primaryimage"},"image":{"@id":"https:\/\/elcardinal.com\/?p=4631#primaryimage"},"thumbnailUrl":"https:\/\/elcardinal.com\/wp-content\/uploads\/2025\/05\/DSC_3589-scaled.jpg","datePublished":"2025-05-28T06:26:06+00:00","breadcrumb":{"@id":"https:\/\/elcardinal.com\/?p=4631#breadcrumb"},"inLanguage":"es","potentialAction":[{"@type":"ReadAction","target":["https:\/\/elcardinal.com\/?p=4631"]}]},{"@type":"ImageObject","inLanguage":"es","@id":"https:\/\/elcardinal.com\/?p=4631#primaryimage","url":"https:\/\/elcardinal.com\/wp-content\/uploads\/2025\/05\/DSC_3589-scaled.jpg","contentUrl":"https:\/\/elcardinal.com\/wp-content\/uploads\/2025\/05\/DSC_3589-scaled.jpg","width":2560,"height":1707},{"@type":"BreadcrumbList","@id":"https:\/\/elcardinal.com\/?p=4631#breadcrumb","itemListElement":[{"@type":"ListItem","position":1,"name":"Inicio","item":"https:\/\/elcardinal.com\/"},{"@type":"ListItem","position":2,"name":"Congreso de Hidalgo firma carta compromiso con FES Acatl\u00e1n para capacitaci\u00f3n a servidores p\u00fablicos"}]},{"@type":"WebSite","@id":"https:\/\/elcardinal.com\/#website","url":"https:\/\/elcardinal.com\/","name":"El Cardinal","description":"Periodismo honesto, con valor, sentido humano, a veces sarc\u00e1stico y divertido.","publisher":{"@id":"https:\/\/elcardinal.com\/#organization"},"alternateName":"El Cardinal Noticias","potentialAction":[{"@type":"SearchAction","target":{"@type":"EntryPoint","urlTemplate":"https:\/\/elcardinal.com\/?s={search_term_string}"},"query-input":{"@type":"PropertyValueSpecification","valueRequired":true,"valueName":"search_term_string"}}],"inLanguage":"es"},{"@type":"Organization","@id":"https:\/\/elcardinal.com\/#organization","name":"El Cardinal","url":"https:\/\/elcardinal.com\/","logo":{"@type":"ImageObject","inLanguage":"es","@id":"https:\/\/elcardinal.com\/#\/schema\/logo\/image\/","url":"https:\/\/elcardinal.com\/wp-content\/uploads\/2025\/04\/LOGO-EL-CARDINAL-Periodismo-con-valor.png","contentUrl":"https:\/\/elcardinal.com\/wp-content\/uploads\/2025\/04\/LOGO-EL-CARDINAL-Periodismo-con-valor.png","width":755,"height":636,"caption":"El Cardinal"},"image":{"@id":"https:\/\/elcardinal.com\/#\/schema\/logo\/image\/"},"sameAs":["https:\/\/www.facebook.com\/profile.php?id=100063093107011","https:\/\/x.com\/ElCardinal_Mx"]},{"@type":"Person","@id":"https:\/\/elcardinal.com\/#\/schema\/person\/3c352ec0a33987fe275c0e8a2ea69f8b","name":"Antonio Alcaraz","image":{"@type":"ImageObject","inLanguage":"es","@id":"https:\/\/elcardinal.com\/#\/schema\/person\/image\/","url":"https:\/\/elcardinal.com\/wp-content\/uploads\/2025\/05\/cropped-TONO-96x96.jpg","contentUrl":"https:\/\/elcardinal.com\/wp-content\/uploads\/2025\/05\/cropped-TONO-96x96.jpg","caption":"Antonio Alcaraz"},"url":"https:\/\/elcardinal.com\/?author=2"}]}},"_links":{"self":[{"href":"https:\/\/elcardinal.com\/index.php?rest_route=\/wp\/v2\/posts\/4631","targetHints":{"allow":["GET"]}}],"collection":[{"href":"https:\/\/elcardinal.com\/index.php?rest_route=\/wp\/v2\/posts"}],"about":[{"href":"https:\/\/elcardinal.com\/index.php?rest_route=\/wp\/v2\/types\/post"}],"author":[{"embeddable":true,"href":"https:\/\/elcardinal.com\/index.php?rest_route=\/wp\/v2\/users\/2"}],"replies":[{"embeddable":true,"href":"https:\/\/elcardinal.com\/index.php?rest_route=%2Fwp%2Fv2%2Fcomments&post=4631"}],"version-history":[{"count":1,"href":"https:\/\/elcardinal.com\/index.php?rest_route=\/wp\/v2\/posts\/4631\/revisions"}],"predecessor-version":[{"id":4633,"href":"https:\/\/elcardinal.com\/index.php?rest_route=\/wp\/v2\/posts\/4631\/revisions\/4633"}],"wp:featuredmedia":[{"embeddable":true,"href":"https:\/\/elcardinal.com\/index.php?rest_route=\/wp\/v2\/media\/4632"}],"wp:attachment":[{"href":"https:\/\/elcardinal.com\/index.php?rest_route=%2Fwp%2Fv2%2Fmedia&parent=4631"}],"wp:term":[{"taxonomy":"category","embeddable":true,"href":"https:\/\/elcardinal.com\/index.php?rest_route=%2Fwp%2Fv2%2Fcategories&post=4631"},{"taxonomy":"post_tag","embeddable":true,"href":"https:\/\/elcardinal.com\/index.php?rest_route=%2Fwp%2Fv2%2Ftags&post=4631"}],"curies":[{"name":"wp","href":"https:\/\/api.w.org\/{rel}","templated":true}]}}